{"id":12247,"date":"2026-01-23T06:00:21","date_gmt":"2026-01-23T09:00:21","guid":{"rendered":"http:\/\/metropoleemfoco.com.br\/?p=12247"},"modified":"2026-01-25T19:23:41","modified_gmt":"2026-01-25T22:23:41","slug":"festival-gratuito-sabores-dos-bairros-celebra-o-aniversario-de-sao-paulo","status":"publish","type":"post","link":"http:\/\/metropoleemfoco.com.br\/?p=12247","title":{"rendered":"Festival gratuito"},"content":{"rendered":"<header class=\"group\/header group mx-auto box-border flex w-full max-w-full flex-col gap-4 pb-4 md:border-b md:border-neutral-200 [&amp;_.gallery]:-mx-4 [&amp;_.gallery]:outline [&amp;_.gallery]:outline-2 [&amp;_.gallery]:outline-neutral-950 [&amp;_.gallery]:lg:-mx-0 [&amp;_.gallery]:lg:outline-none\">\n<div class=\"flex w-full flex-col gap-4\">\n<div class=\"border-b pb-4 lg:border-b-0 lg:pb-0\" tabindex=\"1\">\n<h1 class=\"font-bold text-3xl lg:text-4xl\">Festival gratuito Sabores dos Bairros celebra o anivers\u00e1rio de S\u00e3o Paulo<\/h1>\n<\/div>\n<div tabindex=\"2\">\n<h2 class=\"text-lg font-normal group-[.isActiveSource]:text-xl\" data-single-excerpt=\"true\">Evento re\u00fane mais de 50 expositores, m\u00fasica e comidas t\u00edpicas de bairros paulistanos<\/h2>\n<\/div>\n<\/div>\n<div class=\"flex w-full flex-col gap-1\" data-single-author=\"true\"><span class=\"text-sm font-normal\"><a class=\"text-sm underline\" href=\"https:\/\/www.cnnbrasil.com.br\/viagemegastronomia\/autor\/cnn-viagem-gastronomia\/\" target=\"_self\"><span class=\"text-sm font-medium\">CNN Viagem &amp; Gastronomia<\/span><\/a>, do Viagem &amp; Gastronomia<\/span><time class=\"text-sm font-normal text-neutral-400\" datetime=\"2026-01-21T11:43:13Z\"><\/time><\/div>\n<div class=\"h-auto w-fit cursor-pointer group-has-[.featuredImage]:w-full group-has-[.gallery]:w-full group-has-[.mosaic-large]:w-full group-has-[.mosaic-small]:w-fit [#gut-square_&amp;]:w-full [#gut-square_&amp;]:lg:w-fit [#gut-trio_&amp;]:w-full [#manchete-section-one_&amp;]:h-full [#manchete-section-one_&amp;]:w-full\">\n<div class=\"group\/featureImage featuredImage relative w-full\" data-image=\"true\">\n<figure class=\"group\/featureImage featuredImage relative z-10 mb-4 flex shrink flex-col gap-2\">\n<div class=\"featuredImage--image z-10 -mx-4 flex items-center justify-center bg-neutral-950 lg:mx-0 lg:overflow-hidden lg:rounded-lg\"><picture class=\"flex object-cover overflow-clip w-full aspect-video\"><source srcset=\"https:\/\/viagem.cnnbrasil.com.br\/wp-content\/uploads\/sites\/5\/2026\/01\/SCHIACCIATA-.jpg?w=1200&amp;h=900&amp;crop=0\" media=\"(min-width: 1024px)\" \/><source srcset=\"https:\/\/viagem.cnnbrasil.com.br\/wp-content\/uploads\/sites\/5\/2026\/01\/SCHIACCIATA-.jpg?w=849&amp;h=477&amp;crop=0\" media=\"(min-width: 768px)\" \/><img loading=\"lazy\" decoding=\"async\" class=\"flex size-full object-cover\" src=\"https:\/\/viagem.cnnbrasil.com.br\/wp-content\/uploads\/sites\/5\/2026\/01\/SCHIACCIATA-.jpg?w=419&amp;h=283&amp;crop=0\" alt=\"festival sabores dos bairros re\u00fane gastronomia e m\u00fasica no anivers\u00e1rio de SP\" width=\"419\" height=\"283\" \/><\/picture><\/div><figcaption class=\"featuredImage--caption text-neutral-500\"><span class=\"text-sm font-medium featuredImage--subtitle\">Festival Sabores dos Bairros re\u00fane gastronomia e m\u00fasica no anivers\u00e1rio de SP<\/span><span class=\"text-xs font-normal featuredImage--credits\">\u00a0 \u2022 Divulga\u00e7\u00e3o<\/span><\/figcaption><\/figure>\n<\/div>\n<\/div>\n<\/header>\n<div class=\"text-lg w-full pt-6 font-light text-neutral-800 group-[.isActiveSource&gt;*]:text-xl md:pt-10 [&amp;&gt;*:not(.single-product)]:mx-auto [&amp;&gt;*:not(.single-product)]:max-w-2xl [&amp;_.gallery]:mb-4 [&amp;_p]:my-4 first:[&amp;_p]:mt-0 [&amp;_strong]:font-medium\" data-single-content=\"true\">\n<p class=\"my-5 break-words group-[.isActiveSource]:text-xl\">O evento<strong class=\"group-[.isActiveSource]:text-xl group-[.isActiveSource]:font-bold\">\u00a0Sabores dos Bairros<\/strong>\u00a0chega \u00e0 sua segunda edi\u00e7\u00e3o em clima de celebra\u00e7\u00e3o pelo\u00a0<strong class=\"group-[.isActiveSource]:text-xl group-[.isActiveSource]:font-bold\">anivers\u00e1rio de 472 anos de S\u00e3o Paulo<\/strong>. Gratuito,\u00a0<strong class=\"group-[.isActiveSource]:text-xl group-[.isActiveSource]:font-bold\">pet-friendly<\/strong> e voltado para toda a fam\u00edlia, o festival acontece no s\u00e1bado e domingo, na Avenida Professor Frederico Hermann J\u00fanior, em frente \u00e0 Subprefeitura de Pinheiros, ao lado da Esta\u00e7\u00e3o de Trem de Pinheiros.<\/p>\n<p class=\"my-5 break-words group-[.isActiveSource]:text-xl\">Promovido pelo Cola em Sampa, plataforma digital especializada em gastronomia, o evento\u00a0<strong class=\"group-[.isActiveSource]:text-xl group-[.isActiveSource]:font-bold\">re\u00fane mais de 50 expositores de comidas e bebidas<\/strong>\u00a0e prop\u00f5e valorizar a<a class=\"text-red-600 underline hover:text-red-500 font-medium break-words group-[.isActiveSource]:text-xl\" href=\"http:\/\/cnnbrasil.com.br\/viagemegastronomia\/gastronomia\/sabores-e-encontros-restaurantes-e-bares-essenciais-do-centro-paulistano\/\" target=\"_blank\" rel=\"noopener noreferrer\">\u00a0identidade paulistana por meio da comida de bairro<\/a>, da diversidade cultural e da ocupa\u00e7\u00e3o criativa do espa\u00e7o urbano. Os\u00a0<strong class=\"group-[.isActiveSource]:text-xl group-[.isActiveSource]:font-bold\">pratos custam a partir de R$ 15<\/strong> e incluem op\u00e7\u00f5es populares como pastel, espetinhos e receitas tradicionais de diferentes culturas.<\/p>\n<p class=\"my-5 break-words group-[.isActiveSource]:text-xl\">A curadoria gastron\u00f4mica destaca sabores de seis bairros tradicionais da capital. A\u00a0<a class=\"text-red-600 underline hover:text-red-500 font-medium break-words group-[.isActiveSource]:text-xl\" href=\"https:\/\/www.cnnbrasil.com.br\/viagemegastronomia\/viagem\/bairro-da-liberdade-esta-entre-os-melhores-destinos-para-conhecer-em-2026\/\" target=\"_blank\" rel=\"noopener noreferrer\">Liberdade<\/a>\u00a0marca presen\u00e7a com refer\u00eancias da\u00a0<a class=\"text-red-600 underline hover:text-red-500 font-medium break-words group-[.isActiveSource]:text-xl\" href=\"https:\/\/www.cnnbrasil.com.br\/viagemegastronomia\/viagem\/10-conceitos-para-entender-a-cultura-japonesa-da-comida-a-hospitalidade\/\" target=\"_blank\" rel=\"noopener noreferrer\"><strong class=\"group-[.isActiveSource]:text-xl group-[.isActiveSource]:font-bold\">culin\u00e1ria japonesa<\/strong><\/a>, como yakisoba, takoyaki e mochi. O Centro aparece com \u00edcones da comida urbana paulistana, como lanche de mortadela, pastel e hamb\u00farguer. A\u00a0<a class=\"text-red-600 underline hover:text-red-500 font-medium break-words group-[.isActiveSource]:text-xl\" href=\"https:\/\/www.cnnbrasil.com.br\/viagemegastronomia\/gastronomia\/onde-os-chefs-comem-com-fellipe-zanuto-da-pizza-da-mooca-em-milao\/\" target=\"_blank\" rel=\"noopener noreferrer\">Mooca<\/a>\u00a0representa a\u00a0<strong class=\"group-[.isActiveSource]:text-xl group-[.isActiveSource]:font-bold\">heran\u00e7a italiana<\/strong>\u00a0com pizza, schiacciata e cannoli. O Bom Retiro traz pratos da\u00a0<strong class=\"group-[.isActiveSource]:text-xl group-[.isActiveSource]:font-bold\">culin\u00e1ria coreana<\/strong>, como tteokbokki, corn dog e bulgogi. O Br\u00e1s apresenta receitas de\u00a0<strong class=\"group-[.isActiveSource]:text-xl group-[.isActiveSource]:font-bold\">influ\u00eancia \u00e1rabe<\/strong>, como shawarma, quibe e a busa \u00e1rabe. J\u00e1 Santa Cec\u00edlia aparece com sabores que dialogam com o Brasil e a Am\u00e9rica Latina, como bai\u00e3o de dois, torresmo e pupusa de El Salvador.<\/p>\n<p class=\"my-5 break-words group-[.isActiveSource]:text-xl\">Al\u00e9m da gastronomia, o Sabores dos Bairros conta com atividades infantis e uma programa\u00e7\u00e3o musical variada, que inclui forr\u00f3 p\u00e9 de serra, samba, pop rock e DJ com brasilidades. Entre os destaques est\u00e3o o grupo Samba do Tatu, do Tatuap\u00e9, e a banda paulistana Forreggae K\u2019NOA.<\/p>\n<p class=\"my-5 break-words group-[.isActiveSource]:text-xl\">Segundo os organizadores, a proposta \u00e9 consolidar o evento como parte do calend\u00e1rio de comemora\u00e7\u00f5es do anivers\u00e1rio da cidade, celebrando S\u00e3o Paulo como um dos maiores polos de diversidade cultural e gastron\u00f4mica do mundo.<\/p>\n<h2 class=\"text-2xl my-5 font-bold break-words\">Sabores dos Bairros 2\u00aa edi\u00e7\u00e3o Especial Anivers\u00e1rio de S\u00e3o Paulo<\/h2>\n<p class=\"my-5 break-words group-[.isActiveSource]:text-xl\">Data: s\u00e1bado (24) e domingo (25), das 11h \u00e0s 21h<br \/>\nLocal: Avenida Professor Frederico Hermann J\u00fanior, Pinheiros, em frente \u00e0 Subprefeitura de Pinheiros<br \/>\nEntrada gratuita | Pet-friendly<br \/>\nInforma\u00e7\u00f5es:<a class=\"text-red-600 underline hover:text-red-500 font-medium break-words group-[.isActiveSource]:text-xl\" href=\"https:\/\/www.instagram.com\/colaemsampa\/\" target=\"_blank\" rel=\"noopener noreferrer\">\u00a0@colaemsampa<\/a><\/p>\n<p>Fonte: CNN<\/p>\n<\/div>\n","protected":false},"excerpt":{"rendered":"<p>Festival gratuito Sabores dos Bairros celebra o anivers\u00e1rio de S\u00e3o Paulo Evento re\u00fane mais de 50 expositores, m\u00fasica e comidas<\/p>\n","protected":false},"author":1,"featured_media":12384,"comment_status":"open","ping_status":"open","sticky":false,"template":"","format":"standard","meta":{"colormag_page_container_layout":"default_layout","colormag_page_sidebar_layout":"default_layout","footnotes":""},"categories":[97],"tags":[],"class_list":["post-12247","post","type-post","status-publish","format-standard","has-post-thumbnail","hentry","category-gastronomia"],"_links":{"self":[{"href":"http:\/\/metropoleemfoco.com.br\/index.php?rest_route=\/wp\/v2\/posts\/12247","targetHints":{"allow":["GET"]}}],"collection":[{"href":"http:\/\/metropoleemfoco.com.br\/index.php?rest_route=\/wp\/v2\/posts"}],"about":[{"href":"http:\/\/metropoleemfoco.com.br\/index.php?rest_route=\/wp\/v2\/types\/post"}],"author":[{"embeddable":true,"href":"http:\/\/metropoleemfoco.com.br\/index.php?rest_route=\/wp\/v2\/users\/1"}],"replies":[{"embeddable":true,"href":"http:\/\/metropoleemfoco.com.br\/index.php?rest_route=%2Fwp%2Fv2%2Fcomments&post=12247"}],"version-history":[{"count":3,"href":"http:\/\/metropoleemfoco.com.br\/index.php?rest_route=\/wp\/v2\/posts\/12247\/revisions"}],"predecessor-version":[{"id":12385,"href":"http:\/\/metropoleemfoco.com.br\/index.php?rest_route=\/wp\/v2\/posts\/12247\/revisions\/12385"}],"wp:featuredmedia":[{"embeddable":true,"href":"http:\/\/metropoleemfoco.com.br\/index.php?rest_route=\/wp\/v2\/media\/12384"}],"wp:attachment":[{"href":"http:\/\/metropoleemfoco.com.br\/index.php?rest_route=%2Fwp%2Fv2%2Fmedia&parent=12247"}],"wp:term":[{"taxonomy":"category","embeddable":true,"href":"http:\/\/metropoleemfoco.com.br\/index.php?rest_route=%2Fwp%2Fv2%2Fcategories&post=12247"},{"taxonomy":"post_tag","embeddable":true,"href":"http:\/\/metropoleemfoco.com.br\/index.php?rest_route=%2Fwp%2Fv2%2Ftags&post=12247"}],"curies":[{"name":"wp","href":"https:\/\/api.w.org\/{rel}","templated":true}]}}