{"id":12246,"date":"2026-01-23T06:00:19","date_gmt":"2026-01-23T09:00:19","guid":{"rendered":"http:\/\/metropoleemfoco.com.br\/?p=12246"},"modified":"2026-01-25T19:26:37","modified_gmt":"2026-01-25T22:26:37","slug":"programa-mariana-sustentavel-remunera-quem-protege-o-meio-ambiente","status":"publish","type":"post","link":"http:\/\/metropoleemfoco.com.br\/?p=12246","title":{"rendered":"Programa Mariana"},"content":{"rendered":"<div class=\"ArticlePage-lede\">\n<div class=\"ArticlePage-lede-content\">\n<h1 class=\"Page-headline\">Programa Mariana Sustent\u00e1vel remunera quem protege o meio ambiente<\/h1>\n<h2 class=\"Page-subHeadline\"><b><\/b>Iniciativa valoriza produtores que cuidam das nascentes e da vegeta\u00e7\u00e3o nativa<\/h2>\n<div class=\"ArticlePage-actions-wrapper\">\n<div class=\"Page-byline\">\n<div class=\"Page-datePublished\"><\/div>\n<div class=\"Page-authors\"><a class=\"Link\" title=\"Mychelle Santos\" href=\"https:\/\/www.itatiaia.com.br\/autores\/mychelle-santos\" rel=\"author\">Mychelle Santos<\/a><\/div>\n<\/div>\n<div class=\"Page-actions\">\n<div class=\"ActionBar\">\n<div class=\"ActionLink-message\"><\/div>\n<\/div>\n<\/div>\n<\/div>\n<\/div>\n<\/div>\n<div class=\"Page-lead\">\n<p><button class=\"containerImg\"><\/button><button class=\"containerImg\"><picture><source srcset=\"https:\/\/medias.itatiaia.com.br\/dims4\/default\/e34c7b8\/2147483647\/strip\/true\/crop\/1117x629+41+0\/resize\/568x320!\/format\/webp\/quality\/90\/?url=https%3A%2F%2Fk2-prod-radio-itatiaia.s3.us-east-1.amazonaws.com%2Fbrightspot%2F25%2Fc5%2Fa80a6e1d49e984cbb014b798b6e0%2Fmariana-mg.webp 568w,https:\/\/medias.itatiaia.com.br\/dims4\/default\/d20b524\/2147483647\/strip\/true\/crop\/1117x629+41+0\/resize\/768x432!\/format\/webp\/quality\/90\/?url=https%3A%2F%2Fk2-prod-radio-itatiaia.s3.us-east-1.amazonaws.com%2Fbrightspot%2F25%2Fc5%2Fa80a6e1d49e984cbb014b798b6e0%2Fmariana-mg.webp 768w,https:\/\/medias.itatiaia.com.br\/dims4\/default\/69437d4\/2147483647\/strip\/true\/crop\/1117x629+41+0\/resize\/1000x563!\/format\/webp\/quality\/90\/?url=https%3A%2F%2Fk2-prod-radio-itatiaia.s3.us-east-1.amazonaws.com%2Fbrightspot%2F25%2Fc5%2Fa80a6e1d49e984cbb014b798b6e0%2Fmariana-mg.webp 1000w\" type=\"image\/webp\" \/><source srcset=\"https:\/\/medias.itatiaia.com.br\/dims4\/default\/8c6ab9a\/2147483647\/strip\/true\/crop\/1117x629+41+0\/resize\/1000x563!\/quality\/90\/?url=https%3A%2F%2Fk2-prod-radio-itatiaia.s3.us-east-1.amazonaws.com%2Fbrightspot%2F25%2Fc5%2Fa80a6e1d49e984cbb014b798b6e0%2Fmariana-mg.webp\" \/><img loading=\"lazy\" decoding=\"async\" class=\"Image\" src=\"https:\/\/medias.itatiaia.com.br\/dims4\/default\/8c6ab9a\/2147483647\/strip\/true\/crop\/1117x629+41+0\/resize\/1000x563!\/quality\/90\/?url=https%3A%2F%2Fk2-prod-radio-itatiaia.s3.us-east-1.amazonaws.com%2Fbrightspot%2F25%2Fc5%2Fa80a6e1d49e984cbb014b798b6e0%2Fmariana-mg.webp\" alt=\".\" width=\"1000\" height=\"563\" \/><\/picture><\/button><\/p>\n<div class=\"Figure-credit\">\n<p>Reprodu\u00e7\u00e3o\/Bahia.ws<\/p>\n<\/div>\n<\/div>\n<div class=\"Page-articleBody\">\n<div class=\"RichTextArticleBody RichTextBody\">\n<p>A Prefeitura de Mariana est\u00e1 finalizando a estrutura\u00e7\u00e3o de um novo programa ambiental voltado \u00e0 prote\u00e7\u00e3o dos recursos naturais do munic\u00edpio. A iniciativa, chamada \u201cMariana Sustent\u00e1vel: Conservando para o Futuro\u201d, tem como objetivo incentivar a preserva\u00e7\u00e3o ambiental aliada ao desenvolvimento do meio rural.<\/p>\n<p>O programa faz parte de uma pol\u00edtica p\u00fablica que pretende valorizar produtores rurais e agricultores familiares que adotam pr\u00e1ticas sustent\u00e1veis em suas propriedades, especialmente aquelas voltadas \u00e0 prote\u00e7\u00e3o de nascentes, matas ciliares e \u00e1reas de preserva\u00e7\u00e3o permanente. A proposta tamb\u00e9m busca fortalecer a seguran\u00e7a h\u00eddrica e criar novas fontes de renda no campo.<\/p>\n<p>Nesta primeira fase, poder\u00e3o participar propriet\u00e1rios rurais que j\u00e1 fizeram parte do Projeto Produtor de \u00c1guas, uma a\u00e7\u00e3o ambiental j\u00e1 desenvolvida no munic\u00edpio. Atualmente, mais de 80 propriedades rurais est\u00e3o aptas a integrar essa etapa inicial.<\/p>\n<p>A iniciativa segue os princ\u00edpios da Pol\u00edtica Nacional de Pagamento por Servi\u00e7os Ambientais e se baseia em experi\u00eancias que j\u00e1 apresentaram resultados positivos em outras regi\u00f5es de Minas Gerais. Mariana ocupa uma posi\u00e7\u00e3o estrat\u00e9gica na Bacia do Rio Doce e enfrenta, h\u00e1 anos, desafios ambientais intensificados ap\u00f3s o rompimento da barragem de Fund\u00e3o, em 2015. Diante desse contexto, o programa surge como uma alternativa para estimular a conserva\u00e7\u00e3o e reconhecer financeiramente quem protege o territ\u00f3rio.<\/p>\n<p>Os participantes poder\u00e3o receber pagamentos e outros tipos de incentivos por a\u00e7\u00f5es como prote\u00e7\u00e3o de nascentes, conserva\u00e7\u00e3o da vegeta\u00e7\u00e3o nativa, recupera\u00e7\u00e3o de \u00e1reas degradadas, reflorestamento com esp\u00e9cies nativas e manejo sustent\u00e1vel do solo. Al\u00e9m do apoio financeiro, o programa prev\u00ea assist\u00eancia t\u00e9cnica, capacita\u00e7\u00f5es, fornecimento de insumos e incentivos n\u00e3o financeiros, como selos e certifica\u00e7\u00f5es ambientais.<\/p>\n<p>O Programa de Pagamento por Servi\u00e7os Ambientais ser\u00e1 criado por meio de uma legisla\u00e7\u00e3o espec\u00edfica, garantindo seguran\u00e7a jur\u00eddica e continuidade. A gest\u00e3o contar\u00e1 com um comit\u00ea formado por representantes do poder p\u00fablico, \u00f3rg\u00e3os ambientais e entidades t\u00e9cnicas, assegurando acompanhamento e controle social.<\/p>\n<p>Entre os crit\u00e9rios para ades\u00e3o est\u00e3o a regulariza\u00e7\u00e3o do Cadastro Ambiental Rural, participa\u00e7\u00e3o volunt\u00e1ria e o compromisso com pr\u00e1ticas ambientais respons\u00e1veis, com prioridade para \u00e1reas consideradas estrat\u00e9gicas para o abastecimento de \u00e1gua do munic\u00edpio.<\/p>\n<p>A expectativa \u00e9 que o programa contribua para a recupera\u00e7\u00e3o de \u00e1reas degradadas, amplia\u00e7\u00e3o da cobertura vegetal, redu\u00e7\u00e3o da eros\u00e3o do solo e prote\u00e7\u00e3o de nascentes, al\u00e9m de gerar renda complementar para produtores rurais.<\/p>\n<p>O lan\u00e7amento oficial do programa deve ocorrer em breve, em um evento direcionado aos propriet\u00e1rios rurais habilitados.<\/p>\n<p>Fonte: Radio Itatiaia<\/p>\n<\/div>\n<\/div>\n","protected":false},"excerpt":{"rendered":"<p>Programa Mariana Sustent\u00e1vel remunera quem protege o meio ambiente Iniciativa valoriza produtores que cuidam das nascentes e da vegeta\u00e7\u00e3o nativa<\/p>\n","protected":false},"author":1,"featured_media":12390,"comment_status":"open","ping_status":"open","sticky":false,"template":"","format":"standard","meta":{"colormag_page_container_layout":"default_layout","colormag_page_sidebar_layout":"default_layout","footnotes":""},"categories":[98],"tags":[],"class_list":["post-12246","post","type-post","status-publish","format-standard","has-post-thumbnail","hentry","category-meio-ambiente"],"_links":{"self":[{"href":"http:\/\/metropoleemfoco.com.br\/index.php?rest_route=\/wp\/v2\/posts\/12246","targetHints":{"allow":["GET"]}}],"collection":[{"href":"http:\/\/metropoleemfoco.com.br\/index.php?rest_route=\/wp\/v2\/posts"}],"about":[{"href":"http:\/\/metropoleemfoco.com.br\/index.php?rest_route=\/wp\/v2\/types\/post"}],"author":[{"embeddable":true,"href":"http:\/\/metropoleemfoco.com.br\/index.php?rest_route=\/wp\/v2\/users\/1"}],"replies":[{"embeddable":true,"href":"http:\/\/metropoleemfoco.com.br\/index.php?rest_route=%2Fwp%2Fv2%2Fcomments&post=12246"}],"version-history":[{"count":3,"href":"http:\/\/metropoleemfoco.com.br\/index.php?rest_route=\/wp\/v2\/posts\/12246\/revisions"}],"predecessor-version":[{"id":12375,"href":"http:\/\/metropoleemfoco.com.br\/index.php?rest_route=\/wp\/v2\/posts\/12246\/revisions\/12375"}],"wp:featuredmedia":[{"embeddable":true,"href":"http:\/\/metropoleemfoco.com.br\/index.php?rest_route=\/wp\/v2\/media\/12390"}],"wp:attachment":[{"href":"http:\/\/metropoleemfoco.com.br\/index.php?rest_route=%2Fwp%2Fv2%2Fmedia&parent=12246"}],"wp:term":[{"taxonomy":"category","embeddable":true,"href":"http:\/\/metropoleemfoco.com.br\/index.php?rest_route=%2Fwp%2Fv2%2Fcategories&post=12246"},{"taxonomy":"post_tag","embeddable":true,"href":"http:\/\/metropoleemfoco.com.br\/index.php?rest_route=%2Fwp%2Fv2%2Ftags&post=12246"}],"curies":[{"name":"wp","href":"https:\/\/api.w.org\/{rel}","templated":true}]}}