{"id":12236,"date":"2026-01-23T06:00:24","date_gmt":"2026-01-23T09:00:24","guid":{"rendered":"http:\/\/metropoleemfoco.com.br\/?p=12236"},"modified":"2026-01-22T22:17:48","modified_gmt":"2026-01-23T01:17:48","slug":"goias-vence-jf-volei-e-sobe-na-tabela-da-superliga-masculina","status":"publish","type":"post","link":"http:\/\/metropoleemfoco.com.br\/?p=12236","title":{"rendered":"Goi\u00e1s vence JF V\u00f4lei e sobe na tabela da Superliga Masculina"},"content":{"rendered":"<div class=\"mc-article-header\">\n<div class=\"row content-head mc-column non-featured \">\n<div class=\"title\" data-block-type=\"title\" data-block-id=\"0\">\n<h1 class=\"content-head__title\">Goi\u00e1s vence JF V\u00f4lei e sobe na tabela da Superliga Masculina<\/h1>\n<\/div>\n<div class=\"medium-centered subtitle\">\n<h2 class=\"content-head__subtitle\">Esmeraldino faz 3 sets a 0, em Juiz de Fora, e chega ao 4\u00ba lugar na tabela<\/h2>\n<\/div>\n<\/div>\n<div class=\"content__signa-share mc-column\">\n<div class=\"content__signature\">\n<div class=\"content-publication-data\">\n<div class=\"content-publication-data__text\">\n<p class=\"content-publication-data__from\" title=\"Reda\u00e7\u00e3o do ge\">Por Reda\u00e7\u00e3o do ge \u2014 Juiz de Fora, MG<\/p>\n<\/div>\n<\/div>\n<\/div>\n<\/div>\n<div class=\"glb-share-bar content__share-bar\">\n<div class=\"glb-share-bar_icons\">\n<div class=\"glb-share-bar_button-img\"><\/div>\n<div class=\"glb-share-bar_button-img\"><\/div>\n<\/div>\n<\/div>\n<hr class=\"content__divider \" \/>\n<\/div>\n<div class=\"mc-article-body\">\n<article>\n<div id=\"chunk-fcrq0\">\n<div class=\"mc-column mc-side-item__container\" data-block-type=\"ads\" data-block-id=\"2\">\n<div class=\"mc-side-item mc-side-item--right content-ads content-ads--side-ad\">\n<div id=\"banner_materia1\">\n<div id=\"google_ads_iframe_\/95377733\/tvg_GE\/Sua_Regiao&gt;Sudeste&gt;Minas_Gerais_(Centro-Oeste)\/Internas_3__container__\"><\/div>\n<\/div>\n<\/div>\n<\/div>\n<\/div>\n<div id=\"chunk-1mhsn\">\n<div class=\"mc-column content-text active-extra-styles active-capital-letter\" data-block-type=\"unstyled\" data-block-weight=\"53\" data-block-id=\"1\">\n<p class=\" content-text__container theme-color-primary-first-letter\" data-track-category=\"Link no Texto\" data-track-links=\"\">O Goi\u00e1s pegou o elevador da Superliga Masculina. Depois de vencer o Campinas, o time Esmeraldino venceu o JF V\u00f4lei, na noite desta quinta-feira, no gin\u00e1sio Municipal, em Juiz de Fora, pela 3\u00aa rodada do returno da competi\u00e7\u00e3o. A equipe goiana venceu por 3 sets a 0, parciais de 25\/23, 25\/20 e 25\/21.<\/p>\n<\/div>\n<\/div>\n<div class=\"wall protected-content\">\n<div id=\"chunk-b5s87\">\n<div class=\"mc-column content-text active-extra-styles \" data-block-type=\"unstyled\" data-block-weight=\"48\" data-block-id=\"3\">\n<p class=\" content-text__container \" data-track-category=\"Link no Texto\" data-track-links=\"\">Com a vit\u00f3ria, o Goi\u00e1s chegou a 24 pontos e assumiu a 4\u00aa posi\u00e7\u00e3o na tabela da Superliga. O JF V\u00f4lei, por sua vez, segue o calv\u00e1rio na competi\u00e7\u00e3o. O time mineiro sofreu a 13\u00aa derrota em 14 jogos e segue na lanterna da competi\u00e7\u00e3o com dois pontos.<\/p>\n<\/div>\n<\/div>\n<div id=\"chunk-5lr85\">\n<div class=\"row medium-uncollapsed content-media content-photo\" data-block-type=\"backstage-photo\" data-block-id=\"4\">\n<div class=\" mc-column  content-media__container\">\n<div class=\"content-media-container glb-skeleton-box\">\n<figure class=\"content-media-figure\"><img decoding=\"async\" class=\"i-amphtml-fill-content i-amphtml-replaced-content\" src=\"https:\/\/s2-ge.glbimg.com\/LYFokyqzpwi4Mx1DNcSDTv8Gi4I=\/0x400:1004x1170\/984x0\/smart\/filters:strip_icc()\/i.s3.glbimg.com\/v1\/AUTH_bc8228b6673f488aa253bbcb03c80ec5\/internal_photos\/bs\/2026\/t\/n\/c4q8YESNOvjEJmCwBGbQ\/whatsapp-image-2026-01-22-at-20.38.16.jpeg\" sizes=\"(max-width: 1600px) 648px, 100vw\" srcset=\"https:\/\/s2-ge.glbimg.com\/kFEW5TLgGlJQxL3qC9-MJMVYzpw=\/0x400:1004x1170\/1000x0\/smart\/filters:strip_icc()\/i.s3.glbimg.com\/v1\/AUTH_bc8228b6673f488aa253bbcb03c80ec5\/internal_photos\/bs\/2026\/t\/n\/c4q8YESNOvjEJmCwBGbQ\/whatsapp-image-2026-01-22-at-20.38.16.jpeg 1000w, https:\/\/s2-ge.glbimg.com\/LYFokyqzpwi4Mx1DNcSDTv8Gi4I=\/0x400:1004x1170\/984x0\/smart\/filters:strip_icc()\/i.s3.glbimg.com\/v1\/AUTH_bc8228b6673f488aa253bbcb03c80ec5\/internal_photos\/bs\/2026\/t\/n\/c4q8YESNOvjEJmCwBGbQ\/whatsapp-image-2026-01-22-at-20.38.16.jpeg 984w, https:\/\/s2-ge.glbimg.com\/j7yTITmyagFQxudJSd7I_aRKelE=\/0x400:1004x1170\/640x0\/smart\/filters:strip_icc()\/i.s3.glbimg.com\/v1\/AUTH_bc8228b6673f488aa253bbcb03c80ec5\/internal_photos\/bs\/2026\/t\/n\/c4q8YESNOvjEJmCwBGbQ\/whatsapp-image-2026-01-22-at-20.38.16.jpeg 640w, https:\/\/s2-ge.glbimg.com\/Yh0PHaKmdqI3zYcGfC_ud6n-7CM=\/0x400:1004x1170\/600x0\/smart\/filters:strip_icc()\/i.s3.glbimg.com\/v1\/AUTH_bc8228b6673f488aa253bbcb03c80ec5\/internal_photos\/bs\/2026\/t\/n\/c4q8YESNOvjEJmCwBGbQ\/whatsapp-image-2026-01-22-at-20.38.16.jpeg 600w\" alt=\"JF V\u00f4lei, Goi\u00e1s, Supelriga Masculina \u2014 Foto: xfotofotografia\/JF volei\" \/><\/figure>\n<\/div>\n<p class=\"content-media__description  \">JF V\u00f4lei, Goi\u00e1s, Supelriga Masculina \u2014 Foto: xfotofotografia\/JF volei<\/p>\n<\/div>\n<\/div>\n<\/div>\n<div id=\"chunk-fcugu\">\n<div class=\"mc-column content-text active-extra-styles \" data-block-type=\"unstyled\" data-block-weight=\"35\" data-block-id=\"6\">\n<p class=\" content-text__container \" data-track-category=\"Link no Texto\" data-track-links=\"\">O ponteiro Henrique Batagim, do Goi\u00e1s, foi eleito o melhor do jogo e levou para casa o Trof\u00e9u Viva V\u00f4lei. O oposto do JF V\u00f4lei, Raje Alleyne, foi o maior pontuador com 19 pontos marcados.<\/p>\n<\/div>\n<\/div>\n<div id=\"chunk-cqcga\">\n<div class=\"mc-column content-text active-extra-styles \" data-block-type=\"unstyled\" data-block-weight=\"43\" data-block-id=\"7\">\n<p class=\" content-text__container \" data-track-category=\"Link no Texto\" data-track-links=\"\">As duas equipes s\u00f3 volta \u00e0 quadra no dia 1\u00ba de fevereiro pela Superliga Masculina. O JF V\u00f4lei vai at\u00e9 o Teatr\u00e3o enfrentar o S\u00e3o Jos\u00e9, pen\u00faltimo colocado da Superliga Masculina. A partida est\u00e1 marcada para as 17h30 com transmiss\u00e3o do sportv.<\/p>\n<\/div>\n<\/div>\n<div data-track-category=\"multicontent\" data-track-action=\"multicontent\" data-track-noninteraction=\"false\" data-track-scroll=\"ultimo chunk conteudo\" data-track-value=\"view\">\n<div id=\"chunk-426ns\">\n<div class=\"mc-column content-text active-extra-styles \" data-block-type=\"unstyled\" data-block-weight=\"41\" data-block-id=\"8\">\n<p class=\" content-text__container \" data-track-category=\"Link no Texto\" data-track-links=\"\">No mesmo dia, \u00e0s 18h30, o Goi\u00e1s recebe o Monte Carmelo no gin\u00e1sio Rio Vermelho. Antes, por\u00e9m, a equipe Esmeraldina entra em quadra pela Copa Brasil. Enfrenta o Minas na pr\u00f3xima quarta-feira, \u00e0s 18h30, fora de casa, pelas quartas de final.<\/p>\n<\/div>\n<\/div>\n<\/div>\n<\/div>\n<\/article>\n<div id=\"banner_touch_point_subcontent\" class=\"banner_touch_point_subcontent--hide\">\n<div id=\"google_ads_iframe_\/95377733\/touchPoint\/subcontent\/ge_0__container__\">Fonte: Ge<\/div>\n<\/div>\n<\/div>\n","protected":false},"excerpt":{"rendered":"<p>Goi\u00e1s vence JF V\u00f4lei e sobe na tabela da Superliga Masculina Esmeraldino faz 3 sets a 0, em Juiz de<\/p>\n","protected":false},"author":1,"featured_media":12242,"comment_status":"open","ping_status":"open","sticky":false,"template":"","format":"standard","meta":{"colormag_page_container_layout":"default_layout","colormag_page_sidebar_layout":"default_layout","footnotes":""},"categories":[93],"tags":[],"class_list":["post-12236","post","type-post","status-publish","format-standard","has-post-thumbnail","hentry","category-volei"],"_links":{"self":[{"href":"http:\/\/metropoleemfoco.com.br\/index.php?rest_route=\/wp\/v2\/posts\/12236","targetHints":{"allow":["GET"]}}],"collection":[{"href":"http:\/\/metropoleemfoco.com.br\/index.php?rest_route=\/wp\/v2\/posts"}],"about":[{"href":"http:\/\/metropoleemfoco.com.br\/index.php?rest_route=\/wp\/v2\/types\/post"}],"author":[{"embeddable":true,"href":"http:\/\/metropoleemfoco.com.br\/index.php?rest_route=\/wp\/v2\/users\/1"}],"replies":[{"embeddable":true,"href":"http:\/\/metropoleemfoco.com.br\/index.php?rest_route=%2Fwp%2Fv2%2Fcomments&post=12236"}],"version-history":[{"count":1,"href":"http:\/\/metropoleemfoco.com.br\/index.php?rest_route=\/wp\/v2\/posts\/12236\/revisions"}],"predecessor-version":[{"id":12243,"href":"http:\/\/metropoleemfoco.com.br\/index.php?rest_route=\/wp\/v2\/posts\/12236\/revisions\/12243"}],"wp:featuredmedia":[{"embeddable":true,"href":"http:\/\/metropoleemfoco.com.br\/index.php?rest_route=\/wp\/v2\/media\/12242"}],"wp:attachment":[{"href":"http:\/\/metropoleemfoco.com.br\/index.php?rest_route=%2Fwp%2Fv2%2Fmedia&parent=12236"}],"wp:term":[{"taxonomy":"category","embeddable":true,"href":"http:\/\/metropoleemfoco.com.br\/index.php?rest_route=%2Fwp%2Fv2%2Fcategories&post=12236"},{"taxonomy":"post_tag","embeddable":true,"href":"http:\/\/metropoleemfoco.com.br\/index.php?rest_route=%2Fwp%2Fv2%2Ftags&post=12236"}],"curies":[{"name":"wp","href":"https:\/\/api.w.org\/{rel}","templated":true}]}}