{"id":12235,"date":"2026-01-23T06:00:23","date_gmt":"2026-01-23T09:00:23","guid":{"rendered":"http:\/\/metropoleemfoco.com.br\/?p=12235"},"modified":"2026-01-22T22:16:38","modified_gmt":"2026-01-23T01:16:38","slug":"lbf-anuncia-participantes-de-2026-com-sampaio-basquete-na-disputa","status":"publish","type":"post","link":"http:\/\/metropoleemfoco.com.br\/?p=12235","title":{"rendered":"LBF anuncia participantes de 2026, com Sampaio Basquete na disputa"},"content":{"rendered":"<div class=\"mc-article-header\">\n<div class=\"row content-head mc-column non-featured \">\n<div class=\"title\" data-block-type=\"title\" data-block-id=\"0\">\n<h1 class=\"content-head__title\">LBF anuncia participantes de 2026, com Sampaio Basquete na disputa<\/h1>\n<\/div>\n<div class=\"medium-centered subtitle\">\n<h2 class=\"content-head__subtitle\">A edi\u00e7\u00e3o deste ano tem estreia marcada para 8 de mar\u00e7o, data que coincide com o Dia Internacional da Mulher<\/h2>\n<\/div>\n<\/div>\n<div class=\"content__signa-share mc-column\">\n<div class=\"content__signature\">\n<div class=\"content-publication-data\">\n<div class=\"content-publication-data__text\">\n<p class=\"content-publication-data__from\" title=\"Reda\u00e7\u00e3o do ge \">Por Reda\u00e7\u00e3o do ge\u00a0\u2014 S\u00e3o Lu\u00eds, MA<\/p>\n<\/div>\n<\/div>\n<\/div>\n<\/div>\n<div class=\"glb-share-bar content__share-bar\">\n<div class=\"glb-share-bar_icons\">\n<div class=\"glb-share-bar_button-img\"><\/div>\n<div class=\"glb-share-bar_button-img\"><\/div>\n<div class=\"glb-share-bar_button-img\"><\/div>\n<\/div>\n<\/div>\n<hr class=\"content__divider \" \/>\n<\/div>\n<div class=\"mc-article-body\">\n<article>\n<div id=\"chunk-7p39v\">\n<div class=\"cxm-block-video content-media mc-column \" data-block-type=\"backstage-video\" data-block-id=\"1\">\n<div class=\"cxm-block-video__container \">\n<div class=\"cxm-block-video__player-fixer\">\n<article class=\"cxm-block-video__player-wrapper\">\n<section class=\"cxm-block-video__player\">\n<div class=\"cxm-block-video__placeholder\" data-video-id=\"13858083\"><img decoding=\"async\" class=\"cxm-block-video__thumb\" title=\"Sesi Araraquara vence Sampaio e conquista o tri da LBF\" src=\"https:\/\/s04.video.glbimg.com\/x240\/13858083.jpg\" alt=\"Sesi Araraquara vence Sampaio e conquista o tri da LBF\" \/><\/div>\n<\/section>\n<\/article>\n<\/div>\n<div class=\"cxm-block-video__caption-container\">\n<p class=\"codex-caption codex-caption--small\">Sesi Araraquara vence Sampaio e conquista o tri da LBF<\/p>\n<\/div>\n<\/div>\n<\/div>\n<\/div>\n<div id=\"chunk-d36aq\">\n<div class=\"mc-column content-text active-extra-styles \" data-block-type=\"unstyled\" data-block-weight=\"42\" data-block-id=\"2\">\n<p class=\" content-text__container \" data-track-category=\"Link no Texto\" data-track-links=\"\">A Liga de Basquete Feminino divulgou os clubes que ir\u00e3o disputar a temporada 2026 do Campeonato Brasileiro. Ao todo, 11 equipes est\u00e3o confirmadas, incluindo \u2014 pela primeira vez \u2014 tr\u00eas representantes do Nordeste: Salvador Basket, Sport e o Sampaio Basquete, tricampe\u00e3o nacional.<\/p>\n<\/div>\n<\/div>\n<div class=\"wall protected-content\">\n<div id=\"chunk-5g1tr\">\n<div class=\"row medium-uncollapsed content-media content-photo\" data-block-type=\"backstage-photo\" data-block-id=\"4\">\n<div class=\" mc-column  content-media__container\">\n<div class=\"content-media-container glb-skeleton-box\">\n<figure class=\"content-media-figure\"><img decoding=\"async\" class=\"i-amphtml-fill-content i-amphtml-replaced-content\" src=\"https:\/\/s2-ge.glbimg.com\/qfMAZkbTdEf7hqLMrdJFZsRvDWE=\/0x0:3676x2451\/984x0\/smart\/filters:strip_icc()\/i.s3.glbimg.com\/v1\/AUTH_bc8228b6673f488aa253bbcb03c80ec5\/internal_photos\/bs\/2025\/1\/r\/wzO1hJSDKFfobVH449yg\/z50-6758.jpg\" sizes=\"(max-width: 1600px) 648px, 100vw\" srcset=\"https:\/\/s2-ge.glbimg.com\/L4-u2vlZmdRH1mq7r2mRxLJWqTc=\/0x0:3676x2451\/1000x0\/smart\/filters:strip_icc()\/i.s3.glbimg.com\/v1\/AUTH_bc8228b6673f488aa253bbcb03c80ec5\/internal_photos\/bs\/2025\/1\/r\/wzO1hJSDKFfobVH449yg\/z50-6758.jpg 1000w, https:\/\/s2-ge.glbimg.com\/qfMAZkbTdEf7hqLMrdJFZsRvDWE=\/0x0:3676x2451\/984x0\/smart\/filters:strip_icc()\/i.s3.glbimg.com\/v1\/AUTH_bc8228b6673f488aa253bbcb03c80ec5\/internal_photos\/bs\/2025\/1\/r\/wzO1hJSDKFfobVH449yg\/z50-6758.jpg 984w, https:\/\/s2-ge.glbimg.com\/DRKNP-FvES4IMVYcEVNea72WzOs=\/0x0:3676x2451\/640x0\/smart\/filters:strip_icc()\/i.s3.glbimg.com\/v1\/AUTH_bc8228b6673f488aa253bbcb03c80ec5\/internal_photos\/bs\/2025\/1\/r\/wzO1hJSDKFfobVH449yg\/z50-6758.jpg 640w, https:\/\/s2-ge.glbimg.com\/F5L3uz6TrT6zFYicLPLaoe2m1oE=\/0x0:3676x2451\/600x0\/smart\/filters:strip_icc()\/i.s3.glbimg.com\/v1\/AUTH_bc8228b6673f488aa253bbcb03c80ec5\/internal_photos\/bs\/2025\/1\/r\/wzO1hJSDKFfobVH449yg\/z50-6758.jpg 600w\" alt=\"Sesi Araraquara x Sampaio Basquete - jogo 4 - final da LBF \u2014 Foto: Jo\u00e3o Pires\/LBF\" \/><\/figure>\n<\/div>\n<p class=\"content-media__description  \">Sesi Araraquara x Sampaio Basquete &#8211; jogo 4 &#8211; final da LBF \u2014 Foto: Jo\u00e3o Pires\/LBF<\/p>\n<\/div>\n<\/div>\n<\/div>\n<div id=\"chunk-pvsd\">\n<div class=\"mc-column content-text active-extra-styles \" data-block-type=\"unstyled\" data-block-weight=\"49\" data-block-id=\"6\">\n<p class=\" content-text__container \" data-track-category=\"Link no Texto\" data-track-links=\"\">\u2014 Estamos muito felizes com os resultados do nosso planejamento de longo prazo. Ter tr\u00eas estados nordestinos na LBF em uma mesma edi\u00e7\u00e3o mostra que o basquete feminino brasileiro est\u00e1 crescendo em todas as regi\u00f5es e ganhando novas torcidas e talentos \u2014 afirmou o presidente da LBF, Valter Ferreira.<\/p>\n<\/div>\n<\/div>\n<div id=\"chunk-bevuk\">\n<div class=\"mc-column content-text active-extra-styles \" data-block-type=\"unstyled\" data-block-weight=\"45\" data-block-id=\"7\">\n<p class=\" content-text__container \" data-track-category=\"Link no Texto\" data-track-links=\"\">Al\u00e9m dos times nordestinos, a Liga contar\u00e1 com mais oito equipes: o atual tricampe\u00e3o Sesi Araraquara, S\u00e3o Jos\u00e9, Campinas, Santo Andr\u00e9, Mesquita-RJ, Maring\u00e1-PR e Cerrado-DF. A edi\u00e7\u00e3o deste ano tem estreia marcada para 8 de mar\u00e7o, data que coincide com o Dia Internacional da Mulher.<\/p>\n<\/div>\n<\/div>\n<div id=\"chunk-4cong\">\n<div class=\"mc-column content-text active-extra-styles\" data-block-type=\"raw\" data-block-weight=\"5\" data-block-id=\"8\">\n<div class=\"content-intertitle\">\n<h2>Clubes confirmados na LBF 2026<\/h2>\n<\/div>\n<\/div>\n<\/div>\n<div data-track-category=\"multicontent\" data-track-action=\"multicontent\" data-track-noninteraction=\"false\" data-track-scroll=\"ultimo chunk conteudo\" data-track-value=\"view\">\n<div id=\"chunk-8coja\">\n<div class=\"mc-column content-text active-extra-styles\" data-block-type=\"raw\" data-block-weight=\"24\" data-block-id=\"9\">\n<ul class=\"content-unordered-list\">\n<li>Sesi Araraquara (SP);<\/li>\n<li>Sampaio Basquete (MA);<\/li>\n<li>S\u00e3o Jos\u00e9 (SP);<\/li>\n<li>Campinas (SP)<\/li>\n<li>Mesquita (RJ);<\/li>\n<li>Cerrado (DF);<\/li>\n<li>Santo Andr\u00e9 (SP);<\/li>\n<li>Maring\u00e1 (PR);<\/li>\n<li>Sport (PE);<\/li>\n<li>Salvador (BA).<\/li>\n<\/ul>\n<p>Fonte: Ge<\/p>\n<\/div>\n<\/div>\n<\/div>\n<\/div>\n<\/article>\n<\/div>\n","protected":false},"excerpt":{"rendered":"<p>LBF anuncia participantes de 2026, com Sampaio Basquete na disputa A edi\u00e7\u00e3o deste ano tem estreia marcada para 8 de<\/p>\n","protected":false},"author":1,"featured_media":12240,"comment_status":"open","ping_status":"open","sticky":false,"template":"","format":"standard","meta":{"colormag_page_container_layout":"default_layout","colormag_page_sidebar_layout":"default_layout","footnotes":""},"categories":[94],"tags":[],"class_list":["post-12235","post","type-post","status-publish","format-standard","has-post-thumbnail","hentry","category-basquete"],"_links":{"self":[{"href":"http:\/\/metropoleemfoco.com.br\/index.php?rest_route=\/wp\/v2\/posts\/12235","targetHints":{"allow":["GET"]}}],"collection":[{"href":"http:\/\/metropoleemfoco.com.br\/index.php?rest_route=\/wp\/v2\/posts"}],"about":[{"href":"http:\/\/metropoleemfoco.com.br\/index.php?rest_route=\/wp\/v2\/types\/post"}],"author":[{"embeddable":true,"href":"http:\/\/metropoleemfoco.com.br\/index.php?rest_route=\/wp\/v2\/users\/1"}],"replies":[{"embeddable":true,"href":"http:\/\/metropoleemfoco.com.br\/index.php?rest_route=%2Fwp%2Fv2%2Fcomments&post=12235"}],"version-history":[{"count":1,"href":"http:\/\/metropoleemfoco.com.br\/index.php?rest_route=\/wp\/v2\/posts\/12235\/revisions"}],"predecessor-version":[{"id":12241,"href":"http:\/\/metropoleemfoco.com.br\/index.php?rest_route=\/wp\/v2\/posts\/12235\/revisions\/12241"}],"wp:featuredmedia":[{"embeddable":true,"href":"http:\/\/metropoleemfoco.com.br\/index.php?rest_route=\/wp\/v2\/media\/12240"}],"wp:attachment":[{"href":"http:\/\/metropoleemfoco.com.br\/index.php?rest_route=%2Fwp%2Fv2%2Fmedia&parent=12235"}],"wp:term":[{"taxonomy":"category","embeddable":true,"href":"http:\/\/metropoleemfoco.com.br\/index.php?rest_route=%2Fwp%2Fv2%2Fcategories&post=12235"},{"taxonomy":"post_tag","embeddable":true,"href":"http:\/\/metropoleemfoco.com.br\/index.php?rest_route=%2Fwp%2Fv2%2Ftags&post=12235"}],"curies":[{"name":"wp","href":"https:\/\/api.w.org\/{rel}","templated":true}]}}