{"id":12225,"date":"2026-01-23T06:00:48","date_gmt":"2026-01-23T09:00:48","guid":{"rendered":"http:\/\/metropoleemfoco.com.br\/?p=12225"},"modified":"2026-01-22T22:13:15","modified_gmt":"2026-01-23T01:13:15","slug":"vertiponto-na-zona-norte-de-sp-promete-aquecer-mercado-imobiliario","status":"publish","type":"post","link":"http:\/\/metropoleemfoco.com.br\/?p=12225","title":{"rendered":"&#8216;Vertiponto&#8217; na zona Norte de SP promete aquecer mercado imobili\u00e1rio"},"content":{"rendered":"<section class=\"single-header\" data-flash-single-header=\"1\">\n<div class=\"container-xl px-4 xl:px-0\">\n<div class=\"single-head grid\">\n<div class=\"g-col-12\">\n<h1 class=\"single-head-title font-base fw-bold fs-8 lg:fs-12 line-compact letter-tight\">&#8216;Vertiponto&#8217; na zona Norte de SP promete aquecer mercado imobili\u00e1rio<\/h1>\n<h2 class=\"single-head-description font-alt fw-normal fs-3 lg:fs-5 line-normal letter-normal\">Projeto de &#8220;carros voadores&#8221; e novo parque municipal de 406 mil m\u00b2 tem potencial para valorizar regi\u00e3o com investimentos de R$ 202 milh\u00f5es<\/h2>\n<\/div>\n<\/div>\n<div class=\"single-head-bottom grid gap-2 align-content-center\">\n<div class=\"g-col-12 lg:g-col-4 single-head-bottom-left d-flex flex-column align-items-start flex-wrap gap-3 align-items-center justify-content-start\">\n<div class=\"addon-authors single-author chip-multi-v1 d-flex flex-wrap gap-2 w-100\">\n<div class=\"single-author-imgs d-flex flex-wrap\"><a class=\"d-flex align-items-center rounded-circle\" title=\"Marcela Guimar\u00e3es\" href=\"https:\/\/portas.com.br\/autor\/marcela-guimaraes\/\"><img loading=\"lazy\" decoding=\"async\" class=\"w-40 h-auto aspect-1x1 fit-cover rounded-circle border border-white\" title=\"Marcela Guimaraes\" src=\"https:\/\/grabjtn1ayky.compat.objectstorage.sa-saopaulo-1.oraclecloud.com\/uploads.portas.com.br\/2025\/09\/Marcela-Guimaraes-140x140.png\" sizes=\"auto, 100vw\" srcset=\"https:\/\/grabjtn1ayky.compat.objectstorage.sa-saopaulo-1.oraclecloud.com\/uploads.portas.com.br\/2025\/09\/Marcela-Guimaraes-140x140.png 1200w\" alt=\"Marcela Guimaraes\" width=\"40\" height=\"40\" \/><\/a><\/div>\n<div class=\"single-author-body d-flex flex-1 flex-column justify-content-center\">\n<p class=\"single-author-name font-base fw-bolder fs-1 line-fixed letter-fixed d-inline\"><a class=\"text-decoration-none d-inline single-author-name font-base fw-bolder fs-1 line-fixed letter-fixed \" title=\"Marcela Guimar\u00e3es\" href=\"https:\/\/portas.com.br\/autor\/marcela-guimaraes\/\">Marcela Guimar\u00e3es<\/a><\/p>\n<\/div>\n<\/div>\n<\/div>\n<div class=\"g-col-12 lg:g-col-4 single-head-bottom-center d-flex flex-wrap gap-3 align-items-center justify-content-start lg:justify-content-end\">\n<div class=\"d-flex gap-2 align-items-center justify-content-start lg:justify-content-center\"><\/div>\n<div class=\"addon-yoast single-reading-time mb-0 d-flex\"><span class=\"single-datetime-text font-base fw-normal fs-1 line-fixed letter-fixed d-flex justify-content-center align-items-center gap-1\" title=\"Tempo m\u00e9dio de leitura\"><i class=\"single-datetime-icon d-flex\"><\/i>Leitura:3Minutos<\/span><\/div>\n<\/div>\n<div class=\"g-col-12 lg:g-col-4 single-head-bottom-right d-flex flex-wrap gap-3 align-items-center justify-content-start lg:justify-content-end\">\n<div class=\"social-share social-share-default w-100 is-desktop d-none lg:d-flex\">\n<p>&nbsp;<\/p>\n<\/div>\n<\/div>\n<\/div>\n<\/div>\n<\/section>\n<section class=\"single-body container-xl px-4 xl:px-0\" data-flash-single-body=\"1\">\n<div class=\"grid\">\n<article id=\"content\" class=\"g-col-12 lg:g-col-8 xl:g-col-8\" role=\"main\">\n<section class=\"single-body-thumbnail m-negative-1 lg:mx-0\">\n<figure class=\"wp-caption alignnone img-fluid\"><img loading=\"lazy\" decoding=\"async\" class=\"img-fluid w-100 lg:rounded-1\" title=\"vertiporto no Campo de Marte\" src=\"https:\/\/grabjtn1ayky.compat.objectstorage.sa-saopaulo-1.oraclecloud.com\/uploads.portas.com.br\/2026\/01\/Vertiponto-na-zona-Norte-de-SP-promete-aquecer-mercado-imobiliario-1152x768.jpg\" sizes=\"auto, 100vw\" srcset=\"https:\/\/grabjtn1ayky.compat.objectstorage.sa-saopaulo-1.oraclecloud.com\/uploads.portas.com.br\/2026\/01\/Vertiponto-na-zona-Norte-de-SP-promete-aquecer-mercado-imobiliario-548x365.jpg 440w, https:\/\/grabjtn1ayky.compat.objectstorage.sa-saopaulo-1.oraclecloud.com\/uploads.portas.com.br\/2026\/01\/Vertiponto-na-zona-Norte-de-SP-promete-aquecer-mercado-imobiliario-1152x768.jpg 1200w\" alt=\"vertiporto no Campo de Marte\" width=\"830\" height=\"553\" \/><figcaption class=\"wp-caption-text\">Avenida Braz Leme, na zona Norte de SP | Imagem: Luiz Barrionuevo\/iStock<\/figcaption><\/figure>\n<\/section>\n<div class=\"single-content\">\n<p>O aeroporto\u00a0<strong>Campo de Marte<\/strong>, na zona Norte de S\u00e3o Paulo, est\u00e1 prestes a se tornar um polo da mobilidade a\u00e9rea urbana no Brasil. A concession\u00e1ria\u00a0<strong>PAX Aeroportos<\/strong>\u00a0firmou parceria com a\u00a0<strong>UrbanV<\/strong>\u00a0para desenvolver infraestrutura necess\u00e1ria \u00e0 opera\u00e7\u00e3o de \u201ccarros voadores\u201d \u2013 aeronaves el\u00e9tricas de decolagem e pouso vertical, chamados\u00a0<strong>eVTOLs<\/strong>.<\/p>\n<p>Os primeiros\u00a0<strong>vertiportos urbanos<\/strong>\u00a0do pa\u00eds est\u00e3o projetados para o Campo de Marte e para o aeroporto de\u00a0<strong>Jacarepagu\u00e1<\/strong>, no Rio de Janeiro. A iniciativa integra o\u00a0<strong>sandbox regulat\u00f3rio<\/strong>\u00a0conduzido pela\u00a0<strong>Anac (Ag\u00eancia Nacional de Avia\u00e7\u00e3o Civil)<\/strong>.<\/p>\n<p>Na zona Norte de S\u00e3o Paulo, o projeto tem potencial de impulsionar o mercado imobili\u00e1rio em torno do Campo de Marte e ao longo da movimentada avenida Braz Leme. A novidade se soma ainda \u00e0 implanta\u00e7\u00e3o do\u00a0<strong>Parque Municipal Campo de Marte<\/strong>, projeto da prefeitura.<\/p>\n<p>\u201cEstamos construindo as bases para futuras redes de mobilidade a\u00e9rea no Brasil, a partir de aeroportos que j\u00e1 desempenham papel central na avia\u00e7\u00e3o urbana\u201d, afirmou CEO da PAX,\u00a0<strong>Rog\u00e9rio Augusto Prado<\/strong>, \u00e0 Exame. Para ele a parceria com a\u00a0<strong>UrbanV<\/strong>\u00a0permite ainda a cria\u00e7\u00e3o de futuros hubs de\u00a0<strong>Mobilidade A\u00e9rea Avan\u00e7ada (AAM)<\/strong>\u00a0no Brasil.<\/p>\n<h2 id=\"h-incorporadoras-apostam-na-valorizacao-da-regiao\" class=\"wp-block-heading\">Incorporadoras apostam na valoriza\u00e7\u00e3o da regi\u00e3o<\/h2>\n<p>A nova fun\u00e7\u00e3o do Campo de Marte pode ter efeito direto sobre o mercado imobili\u00e1rio da z<strong>ona Norte<\/strong>.\u00a0<strong>Claudio Carvalho<\/strong>, s\u00f3cio da incorporadora\u00a0<strong>AW Realty<\/strong>, afirma que a implanta\u00e7\u00e3o do vertiporto deve fomentar ainda mais o setor.<\/p>\n<p>\u201cSe ocorrer de fato, a opera\u00e7\u00e3o de eVTOLs possibilitar\u00e1 conex\u00e3o com outros aeroportos e com a\u00a0<strong><a href=\"https:\/\/portas.com.br\/noticias\/faria-lima-deve-ter-predios-mistos-apos-leilao-de-cepacs\/\">Faria Lima<\/a><\/strong>. A zona Norte vem passando por avan\u00e7os importantes, como a revitaliza\u00e7\u00e3o da\u00a0<strong>Braz Leme<\/strong>\u201c, diz.<\/p>\n<p>A\u00a0<strong>AW Realty<\/strong>\u00a0iniciou vendas do\u00a0<strong>Union Braz Leme<\/strong>, projeto com\u00a0<strong>VGV (valor geral de vendas)<\/strong>\u00a0de\u00a0<strong>R$ 130 milh\u00f5es<\/strong>. O metro quadrado ser\u00e1 vendido por\u00a0<strong>R$ 16 mil<\/strong>\u00a0em empreendimento que inclui apartamentos, escrit\u00f3rios e lojas.<\/p>\n<h2 id=\"h-parque-municipal-de-r-202-milhoes-transforma-area\" class=\"wp-block-heading\">Parque municipal de R$ 202 milh\u00f5es transforma \u00e1rea<\/h2>\n<p>A regi\u00e3o tamb\u00e9m passar\u00e1 por transforma\u00e7\u00e3o urbana com a implanta\u00e7\u00e3o do\u00a0<strong>Parque Municipal Campo de Marte<\/strong>. O parque ocupar\u00e1 cerca de\u00a0<strong>406 mil metros quadrados<\/strong>, equivalentes a\u00a0<strong>20%<\/strong>\u00a0do terreno total.<\/p>\n<p>Segundo a prefeitura, a concess\u00e3o foi assinada em\u00a0<strong>janeiro de 2025<\/strong>\u00a0pelo prefeito\u00a0<strong>Ricardo Nunes<\/strong>\u00a0com o\u00a0<strong>Cons\u00f3rcio C\u00e2ntaro SP<\/strong>, respons\u00e1vel pela implanta\u00e7\u00e3o e opera\u00e7\u00e3o do espa\u00e7o por\u00a0<strong>35 anos<\/strong>. O investimento estimado \u00e9 de\u00a0<strong>R$ 202 milh\u00f5es<\/strong>, sem uso de recursos p\u00fablicos.<\/p>\n<p>Do total da \u00e1rea,\u00a0<strong>60%<\/strong>\u00a0ser\u00e3o destinados \u00e0 preserva\u00e7\u00e3o da vegeta\u00e7\u00e3o e atividades ao ar livre. As obras ser\u00e3o entregues em duas fases: primeira at\u00e9\u00a0<strong>18 meses<\/strong>\u00a0e conclus\u00e3o total at\u00e9\u00a0<strong>48 meses<\/strong>.<\/p>\n<p><em>*Com informa\u00e7\u00f5es de\u00a0<a href=\"https:\/\/exame.com\/mercado-imobiliario\/carros-voadores-prometem-aquecer-mercado-imobiliario-na-zona-norte-de-sp\/?utm_source=copiaecola&amp;utm_medium=compartilhamento\">Exame<\/a><\/em><\/p>\n<p>Fonte: Portas.com.br<\/p>\n<\/div>\n<\/article>\n<\/div>\n<\/section>\n","protected":false},"excerpt":{"rendered":"<p>&#8216;Vertiponto&#8217; na zona Norte de SP promete aquecer mercado imobili\u00e1rio Projeto de &#8220;carros voadores&#8221; e novo parque municipal de 406<\/p>\n","protected":false},"author":1,"featured_media":12232,"comment_status":"open","ping_status":"open","sticky":false,"template":"","format":"standard","meta":{"colormag_page_container_layout":"default_layout","colormag_page_sidebar_layout":"default_layout","footnotes":""},"categories":[18],"tags":[],"class_list":["post-12225","post","type-post","status-publish","format-standard","has-post-thumbnail","hentry","category-zona-norte"],"_links":{"self":[{"href":"http:\/\/metropoleemfoco.com.br\/index.php?rest_route=\/wp\/v2\/posts\/12225","targetHints":{"allow":["GET"]}}],"collection":[{"href":"http:\/\/metropoleemfoco.com.br\/index.php?rest_route=\/wp\/v2\/posts"}],"about":[{"href":"http:\/\/metropoleemfoco.com.br\/index.php?rest_route=\/wp\/v2\/types\/post"}],"author":[{"embeddable":true,"href":"http:\/\/metropoleemfoco.com.br\/index.php?rest_route=\/wp\/v2\/users\/1"}],"replies":[{"embeddable":true,"href":"http:\/\/metropoleemfoco.com.br\/index.php?rest_route=%2Fwp%2Fv2%2Fcomments&post=12225"}],"version-history":[{"count":1,"href":"http:\/\/metropoleemfoco.com.br\/index.php?rest_route=\/wp\/v2\/posts\/12225\/revisions"}],"predecessor-version":[{"id":12233,"href":"http:\/\/metropoleemfoco.com.br\/index.php?rest_route=\/wp\/v2\/posts\/12225\/revisions\/12233"}],"wp:featuredmedia":[{"embeddable":true,"href":"http:\/\/metropoleemfoco.com.br\/index.php?rest_route=\/wp\/v2\/media\/12232"}],"wp:attachment":[{"href":"http:\/\/metropoleemfoco.com.br\/index.php?rest_route=%2Fwp%2Fv2%2Fmedia&parent=12225"}],"wp:term":[{"taxonomy":"category","embeddable":true,"href":"http:\/\/metropoleemfoco.com.br\/index.php?rest_route=%2Fwp%2Fv2%2Fcategories&post=12225"},{"taxonomy":"post_tag","embeddable":true,"href":"http:\/\/metropoleemfoco.com.br\/index.php?rest_route=%2Fwp%2Fv2%2Ftags&post=12225"}],"curies":[{"name":"wp","href":"https:\/\/api.w.org\/{rel}","templated":true}]}}