{"id":12224,"date":"2026-01-23T06:00:46","date_gmt":"2026-01-23T09:00:46","guid":{"rendered":"http:\/\/metropoleemfoco.com.br\/?p=12224"},"modified":"2026-01-22T22:10:46","modified_gmt":"2026-01-23T01:10:46","slug":"manifestantes-protestam-em-frente-a-sede-do-banco-master-no-itaim-bibi-zona-oeste-de-sp","status":"publish","type":"post","link":"http:\/\/metropoleemfoco.com.br\/?p=12224","title":{"rendered":"Manifestantes protestam em frente \u00e0 sede do Banco Master no Itaim Bibi, Zona Oeste de SP"},"content":{"rendered":"<div class=\"mc-article-header\">\n<div class=\"row content-head mc-column non-featured \">\n<div class=\"title\" data-block-type=\"title\" data-block-id=\"0\">\n<h1 class=\"content-head__title\">Manifestantes protestam em frente \u00e0 sede do Banco Master no Itaim Bibi, Zona Oeste de SP<\/h1>\n<\/div>\n<div class=\"medium-centered subtitle\">\n<h2 class=\"content-head__subtitle\">Ato foi organizado pelo Movimento Brasil Livre nas redes sociais; objetivo \u00e9 pedir mais transpar\u00eancia e o afastamento do ministro Dias Toffoli, do STF, da investiga\u00e7\u00e3o do caso.<\/h2>\n<\/div>\n<\/div>\n<div class=\"content__signa-share mc-column\">\n<div class=\"content__signature\">\n<div class=\"content-publication-data\">\n<div class=\"content-publication-data__text\">\n<p class=\"content-publication-data__from\" title=\"Paola Patriarca\">Por\u00a0<a class=\"multi_signatures\" href=\"https:\/\/g1.globo.com\/autores\/paola-patriarca\/\">Paola Patriarca<\/a>, g1 SP\u00a0\u2014 S\u00e3o Paulo<\/p>\n<\/div>\n<\/div>\n<\/div>\n<\/div>\n<div class=\"glb-share-bar content__share-bar\">\n<div class=\"glb-share-bar_icons\">\n<div class=\"glb-share-bar_button-img\"><\/div>\n<div class=\"glb-share-bar_button-img\"><\/div>\n<div class=\"glb-share-bar_button-img\"><\/div>\n<\/div>\n<\/div>\n<div class=\"mc-summary mc-column\" data-block-type=\"summary\" data-block-id=\"1\">\n<details class=\"mc-summary-card bs-block--exclude-chunk-children\">\n<div class=\"mc-summary-card__summary-container\"><\/div>\n<div class=\"mc-summary-card__content\">\n<ul class=\"mc-summary-card__list\">\n<li class=\"mc-summary-card__item\">\n<div id=\"chunk-8f0an\">\n<div class=\"mc-column content-text active-extra-styles \" data-block-type=\"unstyled\" data-block-weight=\"\">\n<p class=\" content-text__container \" data-track-category=\"Link no Texto\" data-track-links=\"\" data-mrf-recirculation=\"Mat\u00e9ria - Links no Texto\">Manifestantes se reuniram em frente \u00e0 sede do Banco Master, no Itaim Bibi, Zona Oeste de S\u00e3o Paulo, no come\u00e7o da noite desta quinta-feira (22).<\/p>\n<\/div>\n<\/div>\n<\/li>\n<li class=\"mc-summary-card__item\">\n<div id=\"chunk-5ktue\">\n<div class=\"mc-column content-text active-extra-styles \" data-block-type=\"unstyled\" data-block-weight=\"\">\n<p class=\" content-text__container \" data-track-category=\"Link no Texto\" data-track-links=\"\" data-mrf-recirculation=\"Mat\u00e9ria - Links no Texto\">A sede est\u00e1 cercada de tapumes desde quarta-feira (21), o que bloqueou o acesso do grupo \u00e0 fachada.<\/p>\n<\/div>\n<\/div>\n<\/li>\n<li class=\"mc-summary-card__item\">\n<div id=\"chunk-84jk7\">\n<div class=\"mc-column content-text active-extra-styles \" data-block-type=\"unstyled\" data-block-weight=\"\">\n<p class=\" content-text__container \" data-track-category=\"Link no Texto\" data-track-links=\"\" data-mrf-recirculation=\"Mat\u00e9ria - Links no Texto\">O protesto foi organizado pelo Movimento Brasil Livre nas redes sociais. O objetivo, segundo organizadores, \u00e9 pedir mais transpar\u00eancia e o afastamento do ministro Dias Toffoli, do Supremo Tribunal Federal (STF), da investiga\u00e7\u00e3o do caso.<\/p>\n<\/div>\n<\/div>\n<\/li>\n<li class=\"mc-summary-card__item\">\n<div id=\"chunk-2nf1u\">\n<div class=\"mc-column content-text active-extra-styles \" data-block-type=\"unstyled\" data-block-weight=\"\">\n<p class=\" content-text__container \" data-track-category=\"Link no Texto\" data-track-links=\"\" data-mrf-recirculation=\"Mat\u00e9ria - Links no Texto\">A apura\u00e7\u00e3o criminal do caso do Banco Master chegou ao Supremo por decis\u00e3o de Dias Toffoli, que assumiu a relatoria e determinou a concentra\u00e7\u00e3o das medidas judiciais no STF, suspendendo procedimentos em inst\u00e2ncias inferiores.<\/p>\n<\/div>\n<\/div>\n<\/li>\n<\/ul>\n<\/div>\n<\/details>\n<\/div>\n<\/div>\n<div class=\"mc-article-body\">\n<article>\n<div id=\"chunk-cqfni\">\n<div class=\"cxm-block-video content-media mc-column \" data-block-type=\"backstage-video\" data-block-id=\"2\">\n<div class=\"cxm-block-video__container cxm-block-video__container--fallback cxm-block-video__container--vertical\">\n<div class=\"cxm-block-video__player-fixer\">\n<article class=\"cxm-block-video__player-wrapper\">\n<section class=\"cxm-block-video__player\">\n<div class=\"cxm-block-video__placeholder\" data-video-id=\"14279035\"><img decoding=\"async\" class=\"cxm-block-video__thumb\" title=\"Manifestantes protestam em frente \u00e0 sede do Banco Master no Itaim Bibi, Zona Oeste de SP\" src=\"https:\/\/s04.video.glbimg.com\/x240\/14279035.jpg\" alt=\"Manifestantes protestam em frente \u00e0 sede do Banco Master no Itaim Bibi, Zona Oeste de SP\" \/><\/div>\n<\/section>\n<\/article>\n<\/div>\n<div class=\"cxm-block-video__caption-container\">\n<p class=\"codex-caption codex-caption--small\">Manifestantes protestam em frente \u00e0 sede do Banco Master no Itaim Bibi, Zona Oeste de SP<\/p>\n<\/div>\n<\/div>\n<\/div>\n<\/div>\n<div id=\"chunk-8cir3\">\n<div class=\"mc-column content-text active-extra-styles \" data-block-type=\"unstyled\" data-block-weight=\"49\" data-block-id=\"3\">\n<p class=\" content-text__container \" data-track-category=\"Link no Texto\" data-track-links=\"\" data-mrf-recirculation=\"Mat\u00e9ria - Links no Texto\">Manifestantes se reuniram em frente \u00e0 sede do Banco Master, localizado na Rua Elvira Ferraz, no Itaim Bibi, Zona Oeste de S\u00e3o Paulo, no come\u00e7o da noite desta quinta-feira (22). A sede est\u00e1 cercada de tapumes desde quarta-feira (21), o que bloqueou o acesso do grupo \u00e0 fachada.<\/p>\n<\/div>\n<\/div>\n<div class=\"wall protected-content\">\n<div id=\"chunk-3dvp6\">\n<div class=\"mc-column content-text active-extra-styles \" data-block-type=\"unstyled\" data-block-weight=\"36\" data-block-id=\"5\">\n<p class=\" content-text__container \" data-track-category=\"Link no Texto\" data-track-links=\"\" data-mrf-recirculation=\"Mat\u00e9ria - Links no Texto\">O protesto foi organizado pelo Movimento Brasil Livre nas redes sociais. O objetivo, segundo organizadores, \u00e9 pedir mais transpar\u00eancia e o afastamento do ministro Dias Toffoli, do Supremo Tribunal Federal (STF), da investiga\u00e7\u00e3o do caso.<\/p>\n<\/div>\n<\/div>\n<div id=\"chunk-bkb7i\">\n<div class=\"mc-column content-text active-extra-styles \" data-block-type=\"unstyled\" data-block-weight=\"47\" data-block-id=\"6\">\n<p class=\" content-text__container \" data-track-category=\"Link no Texto\" data-track-links=\"\" data-mrf-recirculation=\"Mat\u00e9ria - Links no Texto\">Durante o ato, os manifestantes gritaram: &#8220;Ei Vorcaro, cad\u00ea a dela\u00e7\u00e3o?&#8221;. Tamb\u00e9m colocaram nos tapumes fotos dos investigados e faixas, entre elas a frase: &#8220;Basta, fora Vorcaro&#8221;. Uma equipe da Pol\u00edcia Militar foi acionada para acompanhar o protesto, que seguia pac\u00edfico at\u00e9 a \u00faltima atualiza\u00e7\u00e3o desta reportagem.<\/p>\n<\/div>\n<\/div>\n<div id=\"chunk-8394k\">\n<div class=\"row medium-uncollapsed content-media content-photo\" data-block-type=\"backstage-photo\" data-block-id=\"8\">\n<div class=\" mc-column  content-media__container\">\n<div class=\"content-media-container glb-skeleton-box\">\n<figure class=\"content-media-figure\"><img decoding=\"async\" class=\"i-amphtml-fill-content i-amphtml-replaced-content\" src=\"https:\/\/s2-g1.glbimg.com\/lobTAlXmNK0AcOLmfzOXXQNTBgs=\/0x0:5808x3872\/984x0\/smart\/filters:strip_icc()\/i.s3.glbimg.com\/v1\/AUTH_59edd422c0c84a879bd37670ae4f538a\/internal_photos\/bs\/2026\/r\/E\/eOai5AQ1WALxbxXwpnhA\/age20260122020.jpg\" sizes=\"(max-width: 1600px) 648px, 100vw\" srcset=\"https:\/\/s2-g1.glbimg.com\/nqgX9C9TdeK9jYPYxhhyBhZFMDE=\/0x0:5808x3872\/1000x0\/smart\/filters:strip_icc()\/i.s3.glbimg.com\/v1\/AUTH_59edd422c0c84a879bd37670ae4f538a\/internal_photos\/bs\/2026\/r\/E\/eOai5AQ1WALxbxXwpnhA\/age20260122020.jpg 1000w, https:\/\/s2-g1.glbimg.com\/lobTAlXmNK0AcOLmfzOXXQNTBgs=\/0x0:5808x3872\/984x0\/smart\/filters:strip_icc()\/i.s3.glbimg.com\/v1\/AUTH_59edd422c0c84a879bd37670ae4f538a\/internal_photos\/bs\/2026\/r\/E\/eOai5AQ1WALxbxXwpnhA\/age20260122020.jpg 984w, https:\/\/s2-g1.glbimg.com\/rk43qM6BLO9F_Y3nRWt9Zc1q31M=\/0x0:5808x3872\/640x0\/smart\/filters:strip_icc()\/i.s3.glbimg.com\/v1\/AUTH_59edd422c0c84a879bd37670ae4f538a\/internal_photos\/bs\/2026\/r\/E\/eOai5AQ1WALxbxXwpnhA\/age20260122020.jpg 640w, https:\/\/s2-g1.glbimg.com\/-iKKx-wo1amhz0vngqr-1YOl7Tc=\/0x0:5808x3872\/600x0\/smart\/filters:strip_icc()\/i.s3.glbimg.com\/v1\/AUTH_59edd422c0c84a879bd37670ae4f538a\/internal_photos\/bs\/2026\/r\/E\/eOai5AQ1WALxbxXwpnhA\/age20260122020.jpg 600w\" alt=\"Manifestantes pedem transpar\u00eancia em investiga\u00e7\u00e3o no caso do Banco Master \u2014 Foto: TIAGO QUEIROZ\/ESTAD\u00c3O CONTE\u00daDO\" \/><\/figure>\n<\/div>\n<p class=\"content-media__description  \">Manifestantes pedem transpar\u00eancia em investiga\u00e7\u00e3o no caso do Banco Master \u2014 Foto: TIAGO QUEIROZ\/ESTAD\u00c3O CONTE\u00daDO<\/p>\n<\/div>\n<\/div>\n<\/div>\n<div id=\"chunk-djpi1\">\n<div class=\"mc-column content-text active-extra-styles \" data-block-type=\"unstyled\" data-block-weight=\"34\" data-block-id=\"9\">\n<p class=\" content-text__container \" data-track-category=\"Link no Texto\" data-track-links=\"\" data-mrf-recirculation=\"Mat\u00e9ria - Links no Texto\"><a class=\"\" href=\"https:\/\/g1.globo.com\/politica\/blog\/andreia-sadi\/post\/2025\/12\/03\/toffoli-caso-banco-master.ghtml\" data-mrf-link=\"https:\/\/g1.globo.com\/politica\/blog\/andreia-sadi\/post\/2025\/12\/03\/toffoli-caso-banco-master.ghtml\">A apura\u00e7\u00e3o criminal do caso do Banco Master chegou ao Supremo por decis\u00e3o de Dias Toffoli<\/a>, que assumiu a relatoria e determinou a concentra\u00e7\u00e3o das medidas judiciais no STF, suspendendo procedimentos em inst\u00e2ncias inferiores.<\/p>\n<\/div>\n<\/div>\n<div id=\"chunk-ene2i\">\n<div class=\"mc-column content-text active-extra-styles \" data-block-type=\"unstyled\" data-block-weight=\"30\" data-block-id=\"10\">\n<p class=\" content-text__container \" data-track-category=\"Link no Texto\" data-track-links=\"\" data-mrf-recirculation=\"Mat\u00e9ria - Links no Texto\">A justificativa apresentada foi a exist\u00eancia de informa\u00e7\u00f5es econ\u00f4micas sens\u00edveis, com potencial de gerar impactos sobre o sistema financeiro. Desde ent\u00e3o, Toffoli passou a centralizar as decis\u00f5es relacionadas ao caso.<\/p>\n<\/div>\n<\/div>\n<div id=\"chunk-1r95n\">\n<div class=\"mc-column content-text active-extra-styles \" data-block-type=\"unstyled\" data-block-weight=\"38\" data-block-id=\"11\">\n<p class=\" content-text__container \" data-track-category=\"Link no Texto\" data-track-links=\"\" data-mrf-recirculation=\"Mat\u00e9ria - Links no Texto\">Entre as medidas est\u00e3o a decreta\u00e7\u00e3o de sigilo sobre partes do inqu\u00e9rito e a autoriza\u00e7\u00e3o de atos como acarea\u00e7\u00f5es. O ministro tamb\u00e9m apontou urg\u00eancia na condu\u00e7\u00e3o do processo, argumentando que a exposi\u00e7\u00e3o dos fatos poderia afetar o mercado.<\/p>\n<\/div>\n<\/div>\n<div id=\"chunk-4sptu\">\n<div class=\"mc-column content-text active-extra-styles \" data-block-type=\"unstyled\" data-block-weight=\"4\" data-block-id=\"13\">\n<p class=\" content-text__container \" data-track-category=\"Link no Texto\" data-track-links=\"\" data-mrf-recirculation=\"Mat\u00e9ria - Links no Texto\"><strong>Veja fotos do protesto:<\/strong><\/p>\n<\/div>\n<\/div>\n<div id=\"chunk-1v3qc\">\n<div class=\"row medium-uncollapsed content-media content-photo\" data-block-type=\"backstage-photo\" data-block-id=\"14\">\n<div class=\" mc-column  content-media__container\">\n<div class=\"content-media-container glb-skeleton-box\">\n<figure class=\"content-media-figure\"><img decoding=\"async\" class=\"i-amphtml-fill-content i-amphtml-replaced-content\" src=\"https:\/\/s2-g1.glbimg.com\/Lq2ysrYMZQVKebYAKL1gI9sqXmc=\/0x0:1920x1080\/984x0\/smart\/filters:strip_icc()\/i.s3.glbimg.com\/v1\/AUTH_59edd422c0c84a879bd37670ae4f538a\/internal_photos\/bs\/2026\/3\/F\/0qDcAxQPGjKviPM11CeA\/gnews-protesto-banco-master-20260122-1759-frame-89232.jpeg\" sizes=\"(max-width: 1600px) 648px, 100vw\" srcset=\"https:\/\/s2-g1.glbimg.com\/zAU6MJbGW6IW0_78FuEbRQYmBsk=\/0x0:1920x1080\/1000x0\/smart\/filters:strip_icc()\/i.s3.glbimg.com\/v1\/AUTH_59edd422c0c84a879bd37670ae4f538a\/internal_photos\/bs\/2026\/3\/F\/0qDcAxQPGjKviPM11CeA\/gnews-protesto-banco-master-20260122-1759-frame-89232.jpeg 1000w, https:\/\/s2-g1.glbimg.com\/Lq2ysrYMZQVKebYAKL1gI9sqXmc=\/0x0:1920x1080\/984x0\/smart\/filters:strip_icc()\/i.s3.glbimg.com\/v1\/AUTH_59edd422c0c84a879bd37670ae4f538a\/internal_photos\/bs\/2026\/3\/F\/0qDcAxQPGjKviPM11CeA\/gnews-protesto-banco-master-20260122-1759-frame-89232.jpeg 984w, https:\/\/s2-g1.glbimg.com\/T3rHWsqBTiHDRM_TnAjxdVAUbpQ=\/0x0:1920x1080\/640x0\/smart\/filters:strip_icc()\/i.s3.glbimg.com\/v1\/AUTH_59edd422c0c84a879bd37670ae4f538a\/internal_photos\/bs\/2026\/3\/F\/0qDcAxQPGjKviPM11CeA\/gnews-protesto-banco-master-20260122-1759-frame-89232.jpeg 640w, https:\/\/s2-g1.glbimg.com\/QXfl45xza-oS4KM9hXx724TfoKU=\/0x0:1920x1080\/600x0\/smart\/filters:strip_icc()\/i.s3.glbimg.com\/v1\/AUTH_59edd422c0c84a879bd37670ae4f538a\/internal_photos\/bs\/2026\/3\/F\/0qDcAxQPGjKviPM11CeA\/gnews-protesto-banco-master-20260122-1759-frame-89232.jpeg 600w\" alt=\"Manifestantes pedem transpar\u00eancia em investiga\u00e7\u00e3o no caso do Banco Master \u2014 Foto: GloboNews\" \/><\/figure>\n<\/div>\n<p class=\"content-media__description  \">Manifestantes pedem transpar\u00eancia em investiga\u00e7\u00e3o no caso do Banco Master \u2014 Foto: GloboNews<\/p>\n<\/div>\n<\/div>\n<\/div>\n<div id=\"chunk-2g0vs\">\n<div class=\"row medium-uncollapsed content-media content-photo\" data-block-type=\"backstage-photo\" data-block-id=\"15\">\n<div class=\" mc-column  content-media__container\">\n<div class=\"content-media-container glb-skeleton-box\">\n<figure class=\"content-media-figure\"><img decoding=\"async\" class=\"i-amphtml-fill-content i-amphtml-replaced-content\" src=\"https:\/\/s2-g1.glbimg.com\/EUbNAw_EDt0D7OjiGilLLk5duxc=\/0x0:1920x1080\/984x0\/smart\/filters:strip_icc()\/i.s3.glbimg.com\/v1\/AUTH_59edd422c0c84a879bd37670ae4f538a\/internal_photos\/bs\/2026\/3\/v\/CbrJxfQwqfPxpp8vBAVA\/gnews-protesto-banco-master-20260122-1759-frame-62065.jpeg\" sizes=\"(max-width: 1600px) 648px, 100vw\" srcset=\"https:\/\/s2-g1.glbimg.com\/m2JscpsCwVo4C1IN-xHKCTNryBc=\/0x0:1920x1080\/1000x0\/smart\/filters:strip_icc()\/i.s3.glbimg.com\/v1\/AUTH_59edd422c0c84a879bd37670ae4f538a\/internal_photos\/bs\/2026\/3\/v\/CbrJxfQwqfPxpp8vBAVA\/gnews-protesto-banco-master-20260122-1759-frame-62065.jpeg 1000w, https:\/\/s2-g1.glbimg.com\/EUbNAw_EDt0D7OjiGilLLk5duxc=\/0x0:1920x1080\/984x0\/smart\/filters:strip_icc()\/i.s3.glbimg.com\/v1\/AUTH_59edd422c0c84a879bd37670ae4f538a\/internal_photos\/bs\/2026\/3\/v\/CbrJxfQwqfPxpp8vBAVA\/gnews-protesto-banco-master-20260122-1759-frame-62065.jpeg 984w, https:\/\/s2-g1.glbimg.com\/juWvuS45wEXU4ZCrtbx8Ts5MEUo=\/0x0:1920x1080\/640x0\/smart\/filters:strip_icc()\/i.s3.glbimg.com\/v1\/AUTH_59edd422c0c84a879bd37670ae4f538a\/internal_photos\/bs\/2026\/3\/v\/CbrJxfQwqfPxpp8vBAVA\/gnews-protesto-banco-master-20260122-1759-frame-62065.jpeg 640w, https:\/\/s2-g1.glbimg.com\/Okym_2r78YZd85CBKrp3ca_xOq4=\/0x0:1920x1080\/600x0\/smart\/filters:strip_icc()\/i.s3.glbimg.com\/v1\/AUTH_59edd422c0c84a879bd37670ae4f538a\/internal_photos\/bs\/2026\/3\/v\/CbrJxfQwqfPxpp8vBAVA\/gnews-protesto-banco-master-20260122-1759-frame-62065.jpeg 600w\" alt=\"Manifestantes pedem transpar\u00eancia em investiga\u00e7\u00e3o no caso do Banco Master \u2014 Foto: GloboNews\" \/><\/figure>\n<\/div>\n<p class=\"content-media__description  \">Manifestantes pedem transpar\u00eancia em investiga\u00e7\u00e3o no caso do Banco Master \u2014 Foto: GloboNews<\/p>\n<\/div>\n<\/div>\n<\/div>\n<div id=\"chunk-4ocq2\">\n<div class=\"row medium-uncollapsed content-media content-photo\" data-block-type=\"backstage-photo\" data-block-id=\"17\">\n<div class=\" mc-column  content-media__container\">\n<div class=\"content-media-container glb-skeleton-box\">\n<figure class=\"content-media-figure\"><img decoding=\"async\" class=\"i-amphtml-fill-content i-amphtml-replaced-content\" src=\"https:\/\/s2-g1.glbimg.com\/MAInWpCPIVEWNUTZIC7Gir4JPtA=\/0x0:1920x1080\/984x0\/smart\/filters:strip_icc()\/i.s3.glbimg.com\/v1\/AUTH_59edd422c0c84a879bd37670ae4f538a\/internal_photos\/bs\/2026\/e\/D\/BLPxVIRAyVhABVKTOiFw\/gnews-protesto-banco-master-20260122-1759-frame-67327.jpeg\" sizes=\"(max-width: 1600px) 648px, 100vw\" srcset=\"https:\/\/s2-g1.glbimg.com\/JMwcaKZdIY6vSiOm4GF1nIPHIF4=\/0x0:1920x1080\/1000x0\/smart\/filters:strip_icc()\/i.s3.glbimg.com\/v1\/AUTH_59edd422c0c84a879bd37670ae4f538a\/internal_photos\/bs\/2026\/e\/D\/BLPxVIRAyVhABVKTOiFw\/gnews-protesto-banco-master-20260122-1759-frame-67327.jpeg 1000w, https:\/\/s2-g1.glbimg.com\/MAInWpCPIVEWNUTZIC7Gir4JPtA=\/0x0:1920x1080\/984x0\/smart\/filters:strip_icc()\/i.s3.glbimg.com\/v1\/AUTH_59edd422c0c84a879bd37670ae4f538a\/internal_photos\/bs\/2026\/e\/D\/BLPxVIRAyVhABVKTOiFw\/gnews-protesto-banco-master-20260122-1759-frame-67327.jpeg 984w, https:\/\/s2-g1.glbimg.com\/xmi6P-x37RPFw7qv_KZeadgwZPs=\/0x0:1920x1080\/640x0\/smart\/filters:strip_icc()\/i.s3.glbimg.com\/v1\/AUTH_59edd422c0c84a879bd37670ae4f538a\/internal_photos\/bs\/2026\/e\/D\/BLPxVIRAyVhABVKTOiFw\/gnews-protesto-banco-master-20260122-1759-frame-67327.jpeg 640w, https:\/\/s2-g1.glbimg.com\/KOWBuMnTNibHjJrIGYACSA-oJrs=\/0x0:1920x1080\/600x0\/smart\/filters:strip_icc()\/i.s3.glbimg.com\/v1\/AUTH_59edd422c0c84a879bd37670ae4f538a\/internal_photos\/bs\/2026\/e\/D\/BLPxVIRAyVhABVKTOiFw\/gnews-protesto-banco-master-20260122-1759-frame-67327.jpeg 600w\" alt=\"Manifestantes pedem transpar\u00eancia em investiga\u00e7\u00e3o no caso do Banco Master \u2014 Foto: GloboNews\" \/><\/figure>\n<\/div>\n<p class=\"content-media__description  \">Manifestantes pedem transpar\u00eancia em investiga\u00e7\u00e3o no caso do Banco Master \u2014 Foto: GloboNews<\/p>\n<\/div>\n<\/div>\n<\/div>\n<div id=\"chunk-3saqh\">\n<div class=\"row medium-uncollapsed content-media content-photo\" data-block-type=\"backstage-photo\" data-block-id=\"18\">\n<div class=\" mc-column  content-media__container\">\n<div class=\"content-media-container glb-skeleton-box\">\n<figure class=\"content-media-figure\"><img decoding=\"async\" class=\"i-amphtml-fill-content i-amphtml-replaced-content\" src=\"https:\/\/s2-g1.glbimg.com\/ZUgX1NT3YyiNJSGYb0Cro00t-vc=\/0x0:1920x1080\/984x0\/smart\/filters:strip_icc()\/i.s3.glbimg.com\/v1\/AUTH_59edd422c0c84a879bd37670ae4f538a\/internal_photos\/bs\/2026\/B\/B\/ybwcdmSMqT5IuRyacCrg\/gnews-protesto-banco-master-20260122-1759-frame-110191.jpeg\" sizes=\"(max-width: 1600px) 648px, 100vw\" srcset=\"https:\/\/s2-g1.glbimg.com\/oHWpTjpKz7x0k3pSAplhUlAWD9g=\/0x0:1920x1080\/1000x0\/smart\/filters:strip_icc()\/i.s3.glbimg.com\/v1\/AUTH_59edd422c0c84a879bd37670ae4f538a\/internal_photos\/bs\/2026\/B\/B\/ybwcdmSMqT5IuRyacCrg\/gnews-protesto-banco-master-20260122-1759-frame-110191.jpeg 1000w, https:\/\/s2-g1.glbimg.com\/ZUgX1NT3YyiNJSGYb0Cro00t-vc=\/0x0:1920x1080\/984x0\/smart\/filters:strip_icc()\/i.s3.glbimg.com\/v1\/AUTH_59edd422c0c84a879bd37670ae4f538a\/internal_photos\/bs\/2026\/B\/B\/ybwcdmSMqT5IuRyacCrg\/gnews-protesto-banco-master-20260122-1759-frame-110191.jpeg 984w, https:\/\/s2-g1.glbimg.com\/GV_z4y5h_OF8o-N9Kwk8BD7uYfY=\/0x0:1920x1080\/640x0\/smart\/filters:strip_icc()\/i.s3.glbimg.com\/v1\/AUTH_59edd422c0c84a879bd37670ae4f538a\/internal_photos\/bs\/2026\/B\/B\/ybwcdmSMqT5IuRyacCrg\/gnews-protesto-banco-master-20260122-1759-frame-110191.jpeg 640w, https:\/\/s2-g1.glbimg.com\/kuHhMNsR2IeZlFxxdBRwn2951JQ=\/0x0:1920x1080\/600x0\/smart\/filters:strip_icc()\/i.s3.glbimg.com\/v1\/AUTH_59edd422c0c84a879bd37670ae4f538a\/internal_photos\/bs\/2026\/B\/B\/ybwcdmSMqT5IuRyacCrg\/gnews-protesto-banco-master-20260122-1759-frame-110191.jpeg 600w\" alt=\"Manifestantes pedem transpar\u00eancia em investiga\u00e7\u00e3o no caso do Banco Master \u2014 Foto: GloboNews\" \/><\/figure>\n<\/div>\n<p class=\"content-media__description  \">Manifestantes pedem transpar\u00eancia em investiga\u00e7\u00e3o no caso do Banco Master \u2014 Foto: GloboNews<\/p>\n<\/div>\n<\/div>\n<\/div>\n<div id=\"chunk-3n858\">\n<div class=\"row medium-uncollapsed content-media content-photo\" data-block-type=\"backstage-photo\" data-block-id=\"20\">\n<div class=\" mc-column  content-media__container\">\n<div class=\"content-media-container glb-skeleton-box\">\n<figure class=\"content-media-figure\"><img decoding=\"async\" class=\"i-amphtml-fill-content i-amphtml-replaced-content\" src=\"https:\/\/s2-g1.glbimg.com\/Y5zfPKCsTDw32a9c6LhVtfTRNw4=\/0x0:2048x1366\/984x0\/smart\/filters:strip_icc()\/i.s3.glbimg.com\/v1\/AUTH_59edd422c0c84a879bd37670ae4f538a\/internal_photos\/bs\/2026\/F\/1\/UVLH9QR3e42aOd0vTgUQ\/ato20260122134.jpg\" sizes=\"(max-width: 1600px) 648px, 100vw\" srcset=\"https:\/\/s2-g1.glbimg.com\/ARecet10jlWWg4gU2ZOuMBma2Gk=\/0x0:2048x1366\/1000x0\/smart\/filters:strip_icc()\/i.s3.glbimg.com\/v1\/AUTH_59edd422c0c84a879bd37670ae4f538a\/internal_photos\/bs\/2026\/F\/1\/UVLH9QR3e42aOd0vTgUQ\/ato20260122134.jpg 1000w, https:\/\/s2-g1.glbimg.com\/Y5zfPKCsTDw32a9c6LhVtfTRNw4=\/0x0:2048x1366\/984x0\/smart\/filters:strip_icc()\/i.s3.glbimg.com\/v1\/AUTH_59edd422c0c84a879bd37670ae4f538a\/internal_photos\/bs\/2026\/F\/1\/UVLH9QR3e42aOd0vTgUQ\/ato20260122134.jpg 984w, https:\/\/s2-g1.glbimg.com\/fU2mvA56I46w4_eOlBl28Pf-oJ8=\/0x0:2048x1366\/640x0\/smart\/filters:strip_icc()\/i.s3.glbimg.com\/v1\/AUTH_59edd422c0c84a879bd37670ae4f538a\/internal_photos\/bs\/2026\/F\/1\/UVLH9QR3e42aOd0vTgUQ\/ato20260122134.jpg 640w, https:\/\/s2-g1.glbimg.com\/E_37BZrBIPl1YCJgldBF4ttUmyU=\/0x0:2048x1366\/600x0\/smart\/filters:strip_icc()\/i.s3.glbimg.com\/v1\/AUTH_59edd422c0c84a879bd37670ae4f538a\/internal_photos\/bs\/2026\/F\/1\/UVLH9QR3e42aOd0vTgUQ\/ato20260122134.jpg 600w\" alt=\"Protesto em frente ao Banco Master em S\u00e3o Paulo \u2014 Foto: NINO CIRENZA\/ATO PRESS\/ESTAD\u00c3O CONTE\u00daDO\" \/><\/figure>\n<\/div>\n<p class=\"content-media__description  \">Protesto em frente ao Banco Master em S\u00e3o Paulo \u2014 Foto: NINO CIRENZA\/ATO PRESS\/ESTAD\u00c3O CONTE\u00daDO<\/p>\n<\/div>\n<\/div>\n<\/div>\n<div id=\"chunk-7fj3k\">\n<div class=\"row medium-uncollapsed content-media content-photo\" data-block-type=\"backstage-photo\" data-block-id=\"21\">\n<div class=\" mc-column  content-media__container\">\n<div class=\"content-media-container glb-skeleton-box\">\n<figure class=\"content-media-figure\"><img decoding=\"async\" class=\"i-amphtml-fill-content i-amphtml-replaced-content\" src=\"https:\/\/s2-g1.glbimg.com\/lQt-cjtR6jQVm0j4kruV5gMGuMs=\/0x0:1920x1080\/984x0\/smart\/filters:strip_icc()\/i.s3.glbimg.com\/v1\/AUTH_59edd422c0c84a879bd37670ae4f538a\/internal_photos\/bs\/2026\/0\/m\/yNYN4VRvyDpPe6DZVmuA\/gnews-protesto-banco-master-20260122-1759-frame-154363.jpeg\" sizes=\"(max-width: 1600px) 648px, 100vw\" srcset=\"https:\/\/s2-g1.glbimg.com\/cr3Y_yS9ZBrHEG1na7bINmlGKpw=\/0x0:1920x1080\/1000x0\/smart\/filters:strip_icc()\/i.s3.glbimg.com\/v1\/AUTH_59edd422c0c84a879bd37670ae4f538a\/internal_photos\/bs\/2026\/0\/m\/yNYN4VRvyDpPe6DZVmuA\/gnews-protesto-banco-master-20260122-1759-frame-154363.jpeg 1000w, https:\/\/s2-g1.glbimg.com\/lQt-cjtR6jQVm0j4kruV5gMGuMs=\/0x0:1920x1080\/984x0\/smart\/filters:strip_icc()\/i.s3.glbimg.com\/v1\/AUTH_59edd422c0c84a879bd37670ae4f538a\/internal_photos\/bs\/2026\/0\/m\/yNYN4VRvyDpPe6DZVmuA\/gnews-protesto-banco-master-20260122-1759-frame-154363.jpeg 984w, https:\/\/s2-g1.glbimg.com\/xgnqHCSQKdJfjp0pphj7_Sqapa0=\/0x0:1920x1080\/640x0\/smart\/filters:strip_icc()\/i.s3.glbimg.com\/v1\/AUTH_59edd422c0c84a879bd37670ae4f538a\/internal_photos\/bs\/2026\/0\/m\/yNYN4VRvyDpPe6DZVmuA\/gnews-protesto-banco-master-20260122-1759-frame-154363.jpeg 640w, https:\/\/s2-g1.glbimg.com\/mgzDkxB64EYj7lJop2tS7t000Uo=\/0x0:1920x1080\/600x0\/smart\/filters:strip_icc()\/i.s3.glbimg.com\/v1\/AUTH_59edd422c0c84a879bd37670ae4f538a\/internal_photos\/bs\/2026\/0\/m\/yNYN4VRvyDpPe6DZVmuA\/gnews-protesto-banco-master-20260122-1759-frame-154363.jpeg 600w\" alt=\"Manifestantes pedem transpar\u00eancia em investiga\u00e7\u00e3o no caso do Banco Master \u2014 Foto: GloboNews\" \/><\/figure>\n<\/div>\n<p class=\"content-media__description  \">Manifestantes pedem transpar\u00eancia em investiga\u00e7\u00e3o no caso do Banco Master \u2014 Foto: GloboNews<\/p>\n<\/div>\n<\/div>\n<\/div>\n<div id=\"chunk-ek0o7\">\n<div class=\"mc-column content-text active-extra-styles\" data-block-type=\"raw\" data-block-weight=\"6\" data-block-id=\"23\">\n<div class=\"content-intertitle\">\n<h2>Entenda o caso do Banco Master<\/h2>\n<\/div>\n<\/div>\n<\/div>\n<div id=\"chunk-7qm52\">\n<div class=\"cxm-block-video content-media mc-column \" data-block-type=\"backstage-video\" data-block-id=\"24\">\n<div class=\"cxm-block-video__container cxm-block-video__container--fallback cxm-block-video__container--vertical\">\n<div class=\"cxm-block-video__player-fixer\">\n<article class=\"cxm-block-video__player-wrapper\">\n<section class=\"cxm-block-video__player\">\n<div class=\"cxm-block-video__placeholder\" data-video-id=\"14252298\"><img decoding=\"async\" class=\"cxm-block-video__thumb\" title=\"PF faz buscas em endere\u00e7os de Daniel Vorcaro e parentes dele\" src=\"https:\/\/s03.video.glbimg.com\/x240\/14252298.jpg\" alt=\"PF faz buscas em endere\u00e7os de Daniel Vorcaro e parentes dele\" \/><\/div>\n<\/section>\n<\/article>\n<\/div>\n<div class=\"cxm-block-video__caption-container\">\n<p class=\"codex-caption codex-caption--small\">PF faz buscas em endere\u00e7os de Daniel Vorcaro e parentes dele<\/p>\n<\/div>\n<\/div>\n<\/div>\n<\/div>\n<div id=\"chunk-1gs94\">\n<div class=\"mc-column content-text active-extra-styles \" data-block-type=\"unstyled\" data-block-weight=\"53\" data-block-id=\"25\">\n<p class=\" content-text__container \" data-track-category=\"Link no Texto\" data-track-links=\"\" data-mrf-recirculation=\"Mat\u00e9ria - Links no Texto\">A Pol\u00edcia Federal deflagrou no dia 14 de janeiro uma\u00a0<a class=\"\" href=\"https:\/\/g1.globo.com\/sp\/sao-paulo\/noticia\/2026\/01\/14\/pf-faz-buscas-em-enderecos-de-daniel-vorcaro-e-parentes-dele.ghtml\" data-mrf-link=\"https:\/\/g1.globo.com\/sp\/sao-paulo\/noticia\/2026\/01\/14\/pf-faz-buscas-em-enderecos-de-daniel-vorcaro-e-parentes-dele.ghtml\">nova etapa da opera\u00e7\u00e3o\u00a0<\/a>que apura irregularidades envolvendo o Banco Master, recolocando o caso no centro do notici\u00e1rio.\u00a0<a class=\"\" href=\"https:\/\/g1.globo.com\/economia\/noticia\/2026\/01\/14\/do-banco-central-ao-stf-entenda-caso-banco-master.ghtml\" data-mrf-link=\"https:\/\/g1.globo.com\/economia\/noticia\/2026\/01\/14\/do-banco-central-ao-stf-entenda-caso-banco-master.ghtml\">A investiga\u00e7\u00e3o foi ampliada e passou a alcan\u00e7ar familiares do controlador da institui\u00e7\u00e3o, o banqueiro Daniel Vorcaro, al\u00e9m de outros nomes ligados ao mercado financeiro.<\/a><\/p>\n<\/div>\n<\/div>\n<div id=\"chunk-302j9\">\n<div class=\"mc-column content-text active-extra-styles \" data-block-type=\"unstyled\" data-block-weight=\"32\" data-block-id=\"26\">\n<p class=\" content-text__container \" data-track-category=\"Link no Texto\" data-track-links=\"\" data-mrf-recirculation=\"Mat\u00e9ria - Links no Texto\">Nos \u00faltimos meses, o Banco Master esteve no centro de decis\u00f5es e questionamentos que mobilizaram o Banco Central (BC), o Tribunal de Contas da Uni\u00e3o (TCU) e o Supremo Tribunal Federal (STF).<\/p>\n<\/div>\n<\/div>\n<div id=\"chunk-duatp\">\n<div class=\"mc-column content-text active-extra-styles \" data-block-type=\"unstyled\" data-block-weight=\"40\" data-block-id=\"29\">\n<p class=\" content-text__container \" data-track-category=\"Link no Texto\" data-track-links=\"\" data-mrf-recirculation=\"Mat\u00e9ria - Links no Texto\">A crise teve in\u00edcio com suspeitas relacionadas a opera\u00e7\u00f5es financeiras realizadas pela institui\u00e7\u00e3o, que levaram o BC a decretar a liquida\u00e7\u00e3o extrajudicial do banco. A medida, no entanto, passou a ser contestada, abrindo espa\u00e7o para novas an\u00e1lises sobre seus fundamentos.<\/p>\n<\/div>\n<\/div>\n<div id=\"chunk-dr0s0\">\n<div class=\"mc-column content-text active-extra-styles\" data-block-type=\"raw\" data-block-weight=\"45\" data-block-id=\"30\">\n<blockquote class=\"content-blockquote theme-border-color-primary-before\"><p>\ud83d\udd0e O avan\u00e7o das apura\u00e7\u00f5es ocorre em um momento em que o epis\u00f3dio deixou de se restringir ao campo policial. O caso passou a envolver discuss\u00f5es sobre a estabilidade do sistema financeiro, o papel dos \u00f3rg\u00e3os reguladores e a atua\u00e7\u00e3o de diferentes inst\u00e2ncias do Estado.<\/p><\/blockquote>\n<\/div>\n<\/div>\n<div id=\"chunk-37jm3\">\n<div class=\"mc-column content-text active-extra-styles \" data-block-type=\"unstyled\" data-block-weight=\"30\" data-block-id=\"31\">\n<p class=\" content-text__container \" data-track-category=\"Link no Texto\" data-track-links=\"\" data-mrf-recirculation=\"Mat\u00e9ria - Links no Texto\">Desde ent\u00e3o, as investiga\u00e7\u00f5es avan\u00e7aram para apurar poss\u00edveis fraudes, desvios de recursos e eventuais tentativas de interfer\u00eancia em decis\u00f5es regulat\u00f3rias. Parte desses desdobramentos passou a tramitar sob sigilo no STF.<\/p>\n<\/div>\n<\/div>\n<div id=\"chunk-2caki\">\n<div class=\"mc-column content-text active-extra-styles \" data-block-type=\"unstyled\" data-block-weight=\"35\" data-block-id=\"32\">\n<p class=\" content-text__container \" data-track-category=\"Link no Texto\" data-track-links=\"\" data-mrf-recirculation=\"Mat\u00e9ria - Links no Texto\">Nesta etapa da opera\u00e7\u00e3o Compliance Zero, foram cumpridos 42 mandados de busca e apreens\u00e3o, determinados pelo ministro Dias Toffoli, al\u00e9m de medidas de sequestro e bloqueio de bens e valores que superam R$ 5,7 bilh\u00f5es.<\/p>\n<\/div>\n<\/div>\n<div id=\"chunk-ab6cu\">\n<div class=\"row medium-uncollapsed content-media content-photo\" data-block-type=\"backstage-photo\" data-block-id=\"33\">\n<div class=\" mc-column  content-media__container\">\n<div class=\"content-media-container glb-skeleton-box\">\n<figure class=\"content-media-figure\"><img decoding=\"async\" class=\"i-amphtml-fill-content i-amphtml-replaced-content\" src=\"https:\/\/s2-g1.glbimg.com\/ddNHmdSSmmrpdQgYvIob4hrp37o=\/0x0:1200x7386\/984x0\/smart\/filters:strip_icc()\/i.s3.glbimg.com\/v1\/AUTH_59edd422c0c84a879bd37670ae4f538a\/internal_photos\/bs\/2025\/t\/z\/1J0bsIS96kzIGfJ4zjGQ\/251118-info-banco-master-1-.jpg\" sizes=\"(max-width: 1600px) 648px, 100vw\" srcset=\"https:\/\/s2-g1.glbimg.com\/FS6KYN2_0W3unau6zpBWvd1mXvI=\/0x0:1200x7386\/1000x0\/smart\/filters:strip_icc()\/i.s3.glbimg.com\/v1\/AUTH_59edd422c0c84a879bd37670ae4f538a\/internal_photos\/bs\/2025\/t\/z\/1J0bsIS96kzIGfJ4zjGQ\/251118-info-banco-master-1-.jpg 1000w, https:\/\/s2-g1.glbimg.com\/ddNHmdSSmmrpdQgYvIob4hrp37o=\/0x0:1200x7386\/984x0\/smart\/filters:strip_icc()\/i.s3.glbimg.com\/v1\/AUTH_59edd422c0c84a879bd37670ae4f538a\/internal_photos\/bs\/2025\/t\/z\/1J0bsIS96kzIGfJ4zjGQ\/251118-info-banco-master-1-.jpg 984w, https:\/\/s2-g1.glbimg.com\/wh7UN2VhPFatE7jT1uk-DhLdTq8=\/0x0:1200x7386\/640x0\/smart\/filters:strip_icc()\/i.s3.glbimg.com\/v1\/AUTH_59edd422c0c84a879bd37670ae4f538a\/internal_photos\/bs\/2025\/t\/z\/1J0bsIS96kzIGfJ4zjGQ\/251118-info-banco-master-1-.jpg 640w, https:\/\/s2-g1.glbimg.com\/A7SSQ98YvHIo2wy7I2lp0agB8gU=\/0x0:1200x7386\/600x0\/smart\/filters:strip_icc()\/i.s3.glbimg.com\/v1\/AUTH_59edd422c0c84a879bd37670ae4f538a\/internal_photos\/bs\/2025\/t\/z\/1J0bsIS96kzIGfJ4zjGQ\/251118-info-banco-master-1-.jpg 600w\" alt=\"Infogr\u00e1fico - Entenda a pol\u00eamica dos CDBs do Banco Master \u2014 Foto: Arte\/g1\" \/><\/figure>\n<\/div>\n<p class=\"content-media__description  \">Infogr\u00e1fico &#8211; Entenda a pol\u00eamica dos CDBs do Banco Master \u2014 Foto: Arte\/g1<\/p>\n<p>Fonte: G1<\/p>\n<\/div>\n<\/div>\n<\/div>\n<\/div>\n<\/article>\n<\/div>\n","protected":false},"excerpt":{"rendered":"<p>Manifestantes protestam em frente \u00e0 sede do Banco Master no Itaim Bibi, Zona Oeste de SP Ato foi organizado pelo<\/p>\n","protected":false},"author":1,"featured_media":12230,"comment_status":"open","ping_status":"open","sticky":false,"template":"","format":"standard","meta":{"colormag_page_container_layout":"default_layout","colormag_page_sidebar_layout":"default_layout","footnotes":""},"categories":[19],"tags":[],"class_list":["post-12224","post","type-post","status-publish","format-standard","has-post-thumbnail","hentry","category-zona-oeste"],"_links":{"self":[{"href":"http:\/\/metropoleemfoco.com.br\/index.php?rest_route=\/wp\/v2\/posts\/12224","targetHints":{"allow":["GET"]}}],"collection":[{"href":"http:\/\/metropoleemfoco.com.br\/index.php?rest_route=\/wp\/v2\/posts"}],"about":[{"href":"http:\/\/metropoleemfoco.com.br\/index.php?rest_route=\/wp\/v2\/types\/post"}],"author":[{"embeddable":true,"href":"http:\/\/metropoleemfoco.com.br\/index.php?rest_route=\/wp\/v2\/users\/1"}],"replies":[{"embeddable":true,"href":"http:\/\/metropoleemfoco.com.br\/index.php?rest_route=%2Fwp%2Fv2%2Fcomments&post=12224"}],"version-history":[{"count":1,"href":"http:\/\/metropoleemfoco.com.br\/index.php?rest_route=\/wp\/v2\/posts\/12224\/revisions"}],"predecessor-version":[{"id":12231,"href":"http:\/\/metropoleemfoco.com.br\/index.php?rest_route=\/wp\/v2\/posts\/12224\/revisions\/12231"}],"wp:featuredmedia":[{"embeddable":true,"href":"http:\/\/metropoleemfoco.com.br\/index.php?rest_route=\/wp\/v2\/media\/12230"}],"wp:attachment":[{"href":"http:\/\/metropoleemfoco.com.br\/index.php?rest_route=%2Fwp%2Fv2%2Fmedia&parent=12224"}],"wp:term":[{"taxonomy":"category","embeddable":true,"href":"http:\/\/metropoleemfoco.com.br\/index.php?rest_route=%2Fwp%2Fv2%2Fcategories&post=12224"},{"taxonomy":"post_tag","embeddable":true,"href":"http:\/\/metropoleemfoco.com.br\/index.php?rest_route=%2Fwp%2Fv2%2Ftags&post=12224"}],"curies":[{"name":"wp","href":"https:\/\/api.w.org\/{rel}","templated":true}]}}