{"id":12223,"date":"2026-01-23T06:00:44","date_gmt":"2026-01-23T09:00:44","guid":{"rendered":"http:\/\/metropoleemfoco.com.br\/?p=12223"},"modified":"2026-01-22T22:08:41","modified_gmt":"2026-01-23T01:08:41","slug":"carnaval-de-rua-de-sao-paulo-2026","status":"publish","type":"post","link":"http:\/\/metropoleemfoco.com.br\/?p=12223","title":{"rendered":"Carnaval de Rua de S\u00e3o Paulo 2026"},"content":{"rendered":"<header class=\"entry-header-outer\">\n<div class=\"entry-header\">\n<h1 class=\"post-title entry-title\">Carnaval de Rua de S\u00e3o Paulo 2026<\/h1>\n<\/div>\n<\/header>\n<div class=\"featured-area\">\n<figure class=\"single-featured-image\"><img loading=\"lazy\" decoding=\"async\" class=\"attachment-jannah-image-post size-jannah-image-post wp-post-image\" title=\"Carnaval de Rua de S\u00e3o Paulo 2026 1\" src=\"https:\/\/i0.wp.com\/www.agitossp.com.br\/wp-content\/uploads\/2026\/01\/carnaval-f-1.webp?resize=780%2C470&amp;ssl=1\" alt=\"carnaval f 1\" width=\"780\" height=\"470\" \/><\/figure>\n<\/div>\n<div class=\"entry-content entry clearfix\">\n<h3>Acad\u00eamicos do Baixo Augusta<\/h3>\n<p><strong>Quando:<\/strong>\u00a0Domingo de pr\u00e9-carnaval (08\/02\/2026), \u00e0 tarde<br \/>\n<strong>Onde:<\/strong>\u00a0Concentra\u00e7\u00e3o na Rua da Consola\u00e7\u00e3o (regi\u00e3o do Baixo Augusta \u2013 Centro)<\/p>\n<h3>Tarado Ni Voc\u00ea<\/h3>\n<p><strong>Quando:<\/strong>\u00a0S\u00e1bado de carnaval (14\/02\/2026), pela manh\u00e3<br \/>\n<strong>Onde:<\/strong>\u00a0Concentra\u00e7\u00e3o no cruzamento da Av. Ipiranga com Av. S\u00e3o Jo\u00e3o (Centro)\u200d<\/p>\n<h3>Agrada Gregos<\/h3>\n<p><strong>Quando:<\/strong>\u00a0S\u00e1bado de carnaval (14\/02\/2026), \u00e0 tarde<br \/>\n<strong>Onde:<\/strong>\u00a0Av. Pedro \u00c1lvares Cabral \u2013 regi\u00e3o do Parque Ibirapuera (Zona Sul)\u200d<\/p>\n<h3>MinhoQueens<\/h3>\n<p><strong>Quando:<\/strong>\u00a0Domingo de pr\u00e9-carnaval (08\/02\/2026)<br \/>\n<strong>Onde:<\/strong>\u00a0Regi\u00e3o central, com trajeto tradicional passando pelo entorno do Minhoc\u00e3o, Av. Ipiranga e Pra\u00e7a da Rep\u00fablica\u200d<\/p>\n<h3>Casa Comigo<\/h3>\n<p><strong>Quando:<\/strong>\u00a0S\u00e1bado de pr\u00e9-carnaval (07\/02\/2026), a partir do meio-dia<br \/>\n<strong>Onde:<\/strong>\u00a0Av. Henrique Schaumann \u2013 bairro de Pinheiros (Zona Oeste)\u200d<\/p>\n<h3>Monobloco<\/h3>\n<p><strong>Quando:<\/strong>\u00a0Domingo de pr\u00e9-carnaval (08\/02\/2026)<br \/>\n<strong>Onde:<\/strong>\u00a0Regi\u00e3o do Parque Ibirapuera (Zona Sul)\u200d<\/p>\n<h3>Bloco da Pabllo<\/h3>\n<p><strong>Quando:<\/strong>\u00a0Segunda-feira de carnaval (16\/02\/2026), \u00e0 tarde<br \/>\n<strong>Onde:<\/strong>\u00a0Av. Pedro \u00c1lvares Cabral \u2013 Parque Ibirapuera (Zona Sul)\u200d<\/p>\n<h3>Bicho Maluco Beleza<\/h3>\n<p><strong>Quando:<\/strong>\u00a0S\u00e1bado de pr\u00e9-carnaval (07\/02\/2026), pela manh\u00e3<br \/>\n<strong>Onde:<\/strong>\u00a0Regi\u00e3o do Parque Ibirapuera (Zona Sul)\u200d<\/p>\n<h3>Navio Pirata (BaianaSystem)<\/h3>\n<p><strong>Quando:<\/strong>\u00a0S\u00e1bado p\u00f3s-carnaval (21\/02\/2026)<br \/>\n<strong>Onde:<\/strong>\u00a0Av. Pedro \u00c1lvares Cabral \u2013 Parque Ibirapuera (Zona Sul)\u200d<\/p>\n<h3>Sargento Pimenta<\/h3>\n<p><strong>Quando:<\/strong>\u00a0Segunda-feira p\u00f3s-carnaval (23\/02\/2026), pela manh\u00e3<br \/>\n<strong>Onde:<\/strong>\u00a0Av. Pedro \u00c1lvares Cabral \u2013 entre o Obelisco e o Monumento \u00e0s Bandeiras (Zona Sul)\u200d<\/p>\n<h3>Bloco Bem Sertanejo<\/h3>\n<p><strong>Quando:<\/strong>\u00a0Domingo de carnaval (15\/02\/2026)<br \/>\n<strong>Onde:<\/strong>\u00a0Regi\u00e3o do Parque Ibirapuera (Zona Sul)<\/p>\n<h3><strong>Bloco do Abrava<\/strong><\/h3>\n<p><strong>Quando:<\/strong>\u00a0Domingo de carnaval (07\/02\/2026)<br \/>\n<strong>Onde:<\/strong>\u00a0Avenida Faria Lima, 4150<\/p>\n<h3><strong>Bloco da Carnalau<\/strong><\/h3>\n<p><strong>Quando:<\/strong>\u00a0Domingo de carnaval (14\/02\/2026)<br \/>\n<strong>Onde:<\/strong>\u00a0Parque Ibirapuera, S\u00e3o Paulo (SP).<\/p>\n<p>Fonte: AgitosSp<\/p>\n<\/div>\n","protected":false},"excerpt":{"rendered":"<p>Carnaval de Rua de S\u00e3o Paulo 2026 Acad\u00eamicos do Baixo Augusta Quando:\u00a0Domingo de pr\u00e9-carnaval (08\/02\/2026), \u00e0 tarde Onde:\u00a0Concentra\u00e7\u00e3o na Rua<\/p>\n","protected":false},"author":1,"featured_media":12228,"comment_status":"open","ping_status":"open","sticky":false,"template":"","format":"standard","meta":{"colormag_page_container_layout":"default_layout","colormag_page_sidebar_layout":"default_layout","footnotes":""},"categories":[100],"tags":[],"class_list":["post-12223","post","type-post","status-publish","format-standard","has-post-thumbnail","hentry","category-centro"],"_links":{"self":[{"href":"http:\/\/metropoleemfoco.com.br\/index.php?rest_route=\/wp\/v2\/posts\/12223","targetHints":{"allow":["GET"]}}],"collection":[{"href":"http:\/\/metropoleemfoco.com.br\/index.php?rest_route=\/wp\/v2\/posts"}],"about":[{"href":"http:\/\/metropoleemfoco.com.br\/index.php?rest_route=\/wp\/v2\/types\/post"}],"author":[{"embeddable":true,"href":"http:\/\/metropoleemfoco.com.br\/index.php?rest_route=\/wp\/v2\/users\/1"}],"replies":[{"embeddable":true,"href":"http:\/\/metropoleemfoco.com.br\/index.php?rest_route=%2Fwp%2Fv2%2Fcomments&post=12223"}],"version-history":[{"count":1,"href":"http:\/\/metropoleemfoco.com.br\/index.php?rest_route=\/wp\/v2\/posts\/12223\/revisions"}],"predecessor-version":[{"id":12229,"href":"http:\/\/metropoleemfoco.com.br\/index.php?rest_route=\/wp\/v2\/posts\/12223\/revisions\/12229"}],"wp:featuredmedia":[{"embeddable":true,"href":"http:\/\/metropoleemfoco.com.br\/index.php?rest_route=\/wp\/v2\/media\/12228"}],"wp:attachment":[{"href":"http:\/\/metropoleemfoco.com.br\/index.php?rest_route=%2Fwp%2Fv2%2Fmedia&parent=12223"}],"wp:term":[{"taxonomy":"category","embeddable":true,"href":"http:\/\/metropoleemfoco.com.br\/index.php?rest_route=%2Fwp%2Fv2%2Fcategories&post=12223"},{"taxonomy":"post_tag","embeddable":true,"href":"http:\/\/metropoleemfoco.com.br\/index.php?rest_route=%2Fwp%2Fv2%2Ftags&post=12223"}],"curies":[{"name":"wp","href":"https:\/\/api.w.org\/{rel}","templated":true}]}}