{"id":12222,"date":"2026-01-23T06:00:43","date_gmt":"2026-01-23T09:00:43","guid":{"rendered":"http:\/\/metropoleemfoco.com.br\/?p=12222"},"modified":"2026-01-22T22:07:32","modified_gmt":"2026-01-23T01:07:32","slug":"homem-alvo-de-golpe-do-amor-fica-2-dias-sequestrado-policia-prende-tres-criminosos-na-zona-leste-de-sp","status":"publish","type":"post","link":"http:\/\/metropoleemfoco.com.br\/?p=12222","title":{"rendered":"Homem alvo de &#8216;golpe do amor&#8217; fica 2 dias sequestrado; pol\u00edcia prende tr\u00eas criminosos na Zona Leste de SP"},"content":{"rendered":"<div class=\"mc-article-header\">\n<div class=\"row content-head mc-column non-featured \">\n<div class=\"title\" data-block-type=\"title\" data-block-id=\"0\">\n<h1 class=\"content-head__title\">Homem alvo de &#8216;golpe do amor&#8217; fica 2 dias sequestrado; pol\u00edcia prende tr\u00eas criminosos na Zona Leste de SP<\/h1>\n<\/div>\n<div class=\"medium-centered subtitle\">\n<h2 class=\"content-head__subtitle\">Em depoimento, ele contou que tinha ido encontro de uma mulher que havia conhecido por meio de um app quando foi surpreendido por criminosos.<\/h2>\n<\/div>\n<\/div>\n<div class=\"content__signa-share mc-column\">\n<div class=\"content__signature\">\n<div class=\"content-publication-data\">\n<div class=\"content-publication-data__text\">\n<p class=\"content-publication-data__from\" title=\"Reda\u00e7\u00e3o g1 SP e TV Globo\">Por Reda\u00e7\u00e3o g1 SP e TV Globo\u00a0\u2014 S\u00e3o Paulo<\/p>\n<\/div>\n<\/div>\n<\/div>\n<\/div>\n<div class=\"glb-share-bar content__share-bar\">\n<div class=\"glb-share-bar_icons\">\n<div class=\"glb-share-bar_button-img\"><\/div>\n<div class=\"glb-share-bar_button-img\"><\/div>\n<div class=\"glb-share-bar_button-img\"><\/div>\n<\/div>\n<\/div>\n<\/div>\n<div class=\"mc-article-body\">\n<article>\n<div id=\"chunk-8rsik\">\n<div class=\"row medium-uncollapsed content-media content-photo\" data-block-type=\"backstage-photo\" data-block-id=\"1\">\n<div class=\" mc-column  content-media__container\">\n<div class=\"content-media-container glb-skeleton-box\">\n<figure class=\"content-media-figure\"><img decoding=\"async\" class=\"i-amphtml-fill-content i-amphtml-replaced-content\" src=\"https:\/\/s2-g1.glbimg.com\/OOB6pfcZIGcLmXmHlB7xnF8ZXVc=\/0x0:1890x1299\/984x0\/smart\/filters:strip_icc()\/i.s3.glbimg.com\/v1\/AUTH_59edd422c0c84a879bd37670ae4f538a\/internal_photos\/bs\/2024\/L\/0\/bJ0AtGRzuTqUtpHeGIMg\/5123841722-9e729f930f-k.jpg\" sizes=\"(max-width: 1600px) 648px, 100vw\" srcset=\"https:\/\/s2-g1.glbimg.com\/alhMOm0zVuloydHoEGyzgvGUHOM=\/0x0:1890x1299\/1000x0\/smart\/filters:strip_icc()\/i.s3.glbimg.com\/v1\/AUTH_59edd422c0c84a879bd37670ae4f538a\/internal_photos\/bs\/2024\/L\/0\/bJ0AtGRzuTqUtpHeGIMg\/5123841722-9e729f930f-k.jpg 1000w, https:\/\/s2-g1.glbimg.com\/OOB6pfcZIGcLmXmHlB7xnF8ZXVc=\/0x0:1890x1299\/984x0\/smart\/filters:strip_icc()\/i.s3.glbimg.com\/v1\/AUTH_59edd422c0c84a879bd37670ae4f538a\/internal_photos\/bs\/2024\/L\/0\/bJ0AtGRzuTqUtpHeGIMg\/5123841722-9e729f930f-k.jpg 984w, https:\/\/s2-g1.glbimg.com\/spuGpeYYEeztrWxv4UXVHIaI2VI=\/0x0:1890x1299\/640x0\/smart\/filters:strip_icc()\/i.s3.glbimg.com\/v1\/AUTH_59edd422c0c84a879bd37670ae4f538a\/internal_photos\/bs\/2024\/L\/0\/bJ0AtGRzuTqUtpHeGIMg\/5123841722-9e729f930f-k.jpg 640w, https:\/\/s2-g1.glbimg.com\/IVh-m3ThJRF3zJ_6riFvcXYkqds=\/0x0:1890x1299\/600x0\/smart\/filters:strip_icc()\/i.s3.glbimg.com\/v1\/AUTH_59edd422c0c84a879bd37670ae4f538a\/internal_photos\/bs\/2024\/L\/0\/bJ0AtGRzuTqUtpHeGIMg\/5123841722-9e729f930f-k.jpg 600w\" alt=\"Viatura da Pol\u00edcia Civil de S\u00e3o Paulo. \u2014 Foto: Ciete Silv\u00e9rio\/GESP\" \/><\/figure>\n<\/div>\n<p class=\"content-media__description  \">Viatura da Pol\u00edcia Civil de S\u00e3o Paulo. \u2014 Foto: Ciete Silv\u00e9rio\/GESP<\/p>\n<\/div>\n<\/div>\n<\/div>\n<div id=\"chunk-fh5h\">\n<div class=\"mc-column content-text active-extra-styles \" data-block-type=\"unstyled\" data-block-weight=\"38\" data-block-id=\"2\">\n<p class=\" content-text__container \" data-track-category=\"Link no Texto\" data-track-links=\"\" data-mrf-recirculation=\"Mat\u00e9ria - Links no Texto\">Um homem de 53 anos ficou cerca de dois dias sequestrado ap\u00f3s ser v\u00edtima do chamado &#8220;golpe do amor&#8221;, quando criminosos criam perfis falsos em aplicativos de relacionamento, na regi\u00e3o de Cidade Tiradentes, Zona Leste de\u00a0<a class=\"\" href=\"https:\/\/g1.globo.com\/sp\/sao-paulo\/cidade\/sao-paulo\/\" data-mrf-link=\"https:\/\/g1.globo.com\/sp\/sao-paulo\/cidade\/sao-paulo\/\">S\u00e3o Paulo<\/a>.<\/p>\n<\/div>\n<\/div>\n<div class=\"wall protected-content\">\n<div id=\"chunk-1ioto\">\n<div class=\"mc-column content-text active-extra-styles \" data-block-type=\"unstyled\" data-block-weight=\"32\" data-block-id=\"4\">\n<p class=\" content-text__container \" data-track-category=\"Link no Texto\" data-track-links=\"\" data-mrf-recirculation=\"Mat\u00e9ria - Links no Texto\">Ele procurou a delegacia na noite de ter\u00e7a-feira (20) e relatou que tinha ficado em c\u00e1rcere privado e sofrido extors\u00f5es. Na tarde de quarta (21), a Pol\u00edcia Civil prendeu tr\u00eas criminosos.<\/p>\n<\/div>\n<\/div>\n<div id=\"chunk-arnrb\">\n<div class=\"mc-column content-text active-extra-styles \" data-block-type=\"unstyled\" data-block-weight=\"24\" data-block-id=\"5\">\n<p class=\" content-text__container \" data-track-category=\"Link no Texto\" data-track-links=\"\" data-mrf-recirculation=\"Mat\u00e9ria - Links no Texto\">Em depoimento, ele contou que tinha ido encontro de uma mulher que havia conhecido por meio de um app quando foi surpreendido por criminosos.<\/p>\n<\/div>\n<\/div>\n<div id=\"chunk-bol39\">\n<div class=\"mc-column content-text active-extra-styles \" data-block-type=\"unstyled\" data-block-weight=\"47\" data-block-id=\"6\">\n<p class=\" content-text__container \" data-track-category=\"Link no Texto\" data-track-links=\"\" data-mrf-recirculation=\"Mat\u00e9ria - Links no Texto\">O grupo assumiu a dire\u00e7\u00e3o do seu carro e o obrigou a permanecer no banco do passageiro. Em seguida, a v\u00edtima foi levada a dois cativeiros distintos, onde foi for\u00e7ada a realizar diversas transa\u00e7\u00f5es banc\u00e1rias. Ele foi liberado na ter\u00e7a com o ve\u00edculo, mas sem o celular.<\/p>\n<\/div>\n<\/div>\n<div id=\"chunk-e6j4k\">\n<div class=\"mc-column content-text active-extra-styles \" data-block-type=\"unstyled\" data-block-weight=\"29\" data-block-id=\"8\">\n<p class=\" content-text__container \" data-track-category=\"Link no Texto\" data-track-links=\"\" data-mrf-recirculation=\"Mat\u00e9ria - Links no Texto\">O caso foi registrado como extors\u00e3o mediante sequestro no 16\u00ba Distrito Policial (Vila Clementino) e \u00e9 investigado pela 2\u00aa Central Especializada de Repress\u00e3o a Crimes e Ocorr\u00eancias Diversas (Cerco).<\/p>\n<\/div>\n<\/div>\n<div id=\"chunk-1mqqr\">\n<div class=\"mc-column content-text active-extra-styles\" data-block-type=\"raw\" data-block-weight=\"2\" data-block-id=\"9\">\n<div class=\"content-intertitle\">\n<h2>Outros casos<\/h2>\n<\/div>\n<\/div>\n<\/div>\n<div id=\"chunk-bkq9k\">\n<div class=\"cxm-block-video content-media mc-column \" data-block-type=\"backstage-video\" data-block-id=\"10\">\n<div class=\"cxm-block-video__container cxm-block-video__container--fallback \">\n<div class=\"cxm-block-video__player-fixer\">\n<article class=\"cxm-block-video__player-wrapper\">\n<section class=\"cxm-block-video__player\">\n<div class=\"cxm-block-video__placeholder\" data-video-id=\"14270551\"><img decoding=\"async\" class=\"cxm-block-video__thumb\" title=\"Juiz \u00e9 sequestrado na Av. Rebou\u00e7as, em SP, e libertado ap\u00f3s mais de 30 horas em Osasco\" src=\"https:\/\/s04.video.glbimg.com\/x240\/14270551.jpg\" alt=\"Juiz \u00e9 sequestrado na Av. Rebou\u00e7as, em SP, e libertado ap\u00f3s mais de 30 horas em Osasco\" \/><\/div>\n<\/section>\n<\/article>\n<\/div>\n<div class=\"cxm-block-video__caption-container\">\n<p class=\"codex-caption codex-caption--small\">Juiz \u00e9 sequestrado na Av. Rebou\u00e7as, em SP, e libertado ap\u00f3s mais de 30 horas em Osasco<\/p>\n<\/div>\n<\/div>\n<\/div>\n<\/div>\n<div id=\"chunk-oghp\">\n<div class=\"mc-column content-text active-extra-styles \" data-block-type=\"unstyled\" data-block-weight=\"36\" data-block-id=\"11\">\n<p class=\" content-text__container \" data-track-category=\"Link no Texto\" data-track-links=\"\" data-mrf-recirculation=\"Mat\u00e9ria - Links no Texto\">Na ter\u00e7a-feira (20), um juiz de impostos e taxas\u00a0<a class=\"\" href=\"https:\/\/g1.globo.com\/sp\/sao-paulo\/noticia\/2026\/01\/20\/policia-liberta-de-cativeiro-um-juiz-do-tribunal-de-impostos-e-taxas-de-sp.ghtml\" data-mrf-link=\"https:\/\/g1.globo.com\/sp\/sao-paulo\/noticia\/2026\/01\/20\/policia-liberta-de-cativeiro-um-juiz-do-tribunal-de-impostos-e-taxas-de-sp.ghtml\">tamb\u00e9m foi libertado pela pol\u00edcia ap\u00f3s ter sido sequestro na Avenida Rebou\u00e7as, no bairro dos Jardins, Zona Sul de S\u00e3o Paulo, na noite do domingo (18).<\/a><\/p>\n<\/div>\n<\/div>\n<div id=\"chunk-qkun\">\n<div class=\"mc-column content-text active-extra-styles \" data-block-type=\"unstyled\" data-block-weight=\"24\" data-block-id=\"12\">\n<p class=\" content-text__container \" data-track-category=\"Link no Texto\" data-track-links=\"\" data-mrf-recirculation=\"Mat\u00e9ria - Links no Texto\">Ele ficou mais de 30 horas em poder dos criminosos at\u00e9 ser libertado em um cativeiro na cidade de Osasco, na Grande SP.<\/p>\n<p>Fonte: G1<\/p>\n<\/div>\n<\/div>\n<\/div>\n<\/article>\n<\/div>\n","protected":false},"excerpt":{"rendered":"<p>Homem alvo de &#8216;golpe do amor&#8217; fica 2 dias sequestrado; pol\u00edcia prende tr\u00eas criminosos na Zona Leste de SP Em<\/p>\n","protected":false},"author":1,"featured_media":12226,"comment_status":"open","ping_status":"open","sticky":false,"template":"","format":"standard","meta":{"colormag_page_container_layout":"default_layout","colormag_page_sidebar_layout":"default_layout","footnotes":""},"categories":[20],"tags":[],"class_list":["post-12222","post","type-post","status-publish","format-standard","has-post-thumbnail","hentry","category-zona-leste"],"_links":{"self":[{"href":"http:\/\/metropoleemfoco.com.br\/index.php?rest_route=\/wp\/v2\/posts\/12222","targetHints":{"allow":["GET"]}}],"collection":[{"href":"http:\/\/metropoleemfoco.com.br\/index.php?rest_route=\/wp\/v2\/posts"}],"about":[{"href":"http:\/\/metropoleemfoco.com.br\/index.php?rest_route=\/wp\/v2\/types\/post"}],"author":[{"embeddable":true,"href":"http:\/\/metropoleemfoco.com.br\/index.php?rest_route=\/wp\/v2\/users\/1"}],"replies":[{"embeddable":true,"href":"http:\/\/metropoleemfoco.com.br\/index.php?rest_route=%2Fwp%2Fv2%2Fcomments&post=12222"}],"version-history":[{"count":1,"href":"http:\/\/metropoleemfoco.com.br\/index.php?rest_route=\/wp\/v2\/posts\/12222\/revisions"}],"predecessor-version":[{"id":12227,"href":"http:\/\/metropoleemfoco.com.br\/index.php?rest_route=\/wp\/v2\/posts\/12222\/revisions\/12227"}],"wp:featuredmedia":[{"embeddable":true,"href":"http:\/\/metropoleemfoco.com.br\/index.php?rest_route=\/wp\/v2\/media\/12226"}],"wp:attachment":[{"href":"http:\/\/metropoleemfoco.com.br\/index.php?rest_route=%2Fwp%2Fv2%2Fmedia&parent=12222"}],"wp:term":[{"taxonomy":"category","embeddable":true,"href":"http:\/\/metropoleemfoco.com.br\/index.php?rest_route=%2Fwp%2Fv2%2Fcategories&post=12222"},{"taxonomy":"post_tag","embeddable":true,"href":"http:\/\/metropoleemfoco.com.br\/index.php?rest_route=%2Fwp%2Fv2%2Ftags&post=12222"}],"curies":[{"name":"wp","href":"https:\/\/api.w.org\/{rel}","templated":true}]}}