{"id":12215,"date":"2026-01-23T06:00:38","date_gmt":"2026-01-23T09:00:38","guid":{"rendered":"http:\/\/metropoleemfoco.com.br\/?p=12215"},"modified":"2026-01-22T22:03:35","modified_gmt":"2026-01-23T01:03:35","slug":"aniversario-de-sp-mais-de-200-atracoes-gratuitas-espalhadas-pela-cidade","status":"publish","type":"post","link":"http:\/\/metropoleemfoco.com.br\/?p=12215","title":{"rendered":"Anivers\u00e1rio de SP: mais de 200 atra\u00e7\u00f5es gratuitas espalhadas pela cidade"},"content":{"rendered":"<div class=\"mc-article-header\">\n<div class=\"row content-head mc-column non-featured \">\n<div class=\"title\" data-block-type=\"title\" data-block-id=\"0\">\n<h1 class=\"content-head__title\">Anivers\u00e1rio de SP: mais de 200 atra\u00e7\u00f5es gratuitas espalhadas pela cidade<\/h1>\n<\/div>\n<div class=\"medium-centered subtitle\">\n<h2 class=\"content-head__subtitle\">Programa\u00e7\u00e3o conta com apresenta\u00e7\u00f5es nos Centros Culturais, teatros municipais, museus e casas de cultura.<\/h2>\n<\/div>\n<\/div>\n<div class=\"content__signa-share mc-column\">\n<div class=\"content__signature\">\n<div class=\"content-publication-data\">\n<div class=\"content-publication-data__text\">\n<p class=\"content-publication-data__from\" title=\"Reda\u00e7\u00e3o TV Globo e g1 SP\">Por\u00a0<a class=\"multi_signatures\" href=\"https:\/\/g1.globo.com\/autores\/redacao-tv-globo-e-g1-sp\/\">Reda\u00e7\u00e3o TV Globo e g1 SP<\/a><\/p>\n<\/div>\n<\/div>\n<\/div>\n<\/div>\n<div class=\"glb-share-bar content__share-bar\">\n<div class=\"glb-share-bar_icons\">\n<div class=\"glb-share-bar_button-img\"><\/div>\n<div class=\"glb-share-bar_button-img\"><\/div>\n<div class=\"glb-share-bar_button-img\"><\/div>\n<\/div>\n<\/div>\n<div class=\"mc-summary mc-column\" data-block-type=\"summary\" data-block-id=\"1\">\n<details class=\"mc-summary-card bs-block--exclude-chunk-children\">\n<div class=\"mc-summary-card__summary-container\"><\/div>\n<div class=\"mc-summary-card__content\">\n<ul class=\"mc-summary-card__list\">\n<li class=\"mc-summary-card__item\">\n<div id=\"chunk-7lqrv\">\n<div class=\"mc-column content-text active-extra-styles \" data-block-type=\"unstyled\" data-block-weight=\"\">\n<p class=\" content-text__container \" data-track-category=\"Link no Texto\" data-track-links=\"\" data-mrf-recirculation=\"Mat\u00e9ria - Links no Texto\">A cidade de S\u00e3o Paulo comemora 472 anos no pr\u00f3ximo domingo (25) e, para celebrar, vai contar com uma programa\u00e7\u00e3o especial que re\u00fane mais de 200 atra\u00e7\u00f5es gratuitas em todas as regi\u00f5es.<\/p>\n<\/div>\n<\/div>\n<\/li>\n<li class=\"mc-summary-card__item\">\n<div id=\"chunk-80lap\">\n<div class=\"mc-column content-text active-extra-styles \" data-block-type=\"unstyled\" data-block-weight=\"\">\n<p class=\" content-text__container \" data-track-category=\"Link no Texto\" data-track-links=\"\" data-mrf-recirculation=\"Mat\u00e9ria - Links no Texto\">Um dos destaques da programa\u00e7\u00e3o \u00e9 o concerto \u201cMitos Sonoros \u2013 FilarM\u00f4nica\u201d, em homenagem aos 90 anos do quadrinista Maur\u00edcio de Sousa, criador da Turma da M\u00f4nica.<\/p>\n<\/div>\n<\/div>\n<\/li>\n<li class=\"mc-summary-card__item\">\n<div id=\"chunk-csggu\">\n<div class=\"mc-column content-text active-extra-styles \" data-block-type=\"unstyled\" data-block-weight=\"\">\n<p class=\" content-text__container \" data-track-category=\"Link no Texto\" data-track-links=\"\" data-mrf-recirculation=\"Mat\u00e9ria - Links no Texto\">As 29 salas do Circuito Spcine ter\u00e3o sess\u00f5es gratuitas ao longo do dia 25, entre 11h e 19h30.<\/p>\n<\/div>\n<\/div>\n<\/li>\n<\/ul>\n<\/div>\n<\/details>\n<\/div>\n<\/div>\n<div class=\"mc-article-body\">\n<article>\n<div id=\"chunk-70dp3\">\n<div class=\"row medium-uncollapsed content-media content-photo\" data-block-type=\"backstage-photo\" data-block-id=\"2\">\n<div class=\" mc-column  content-media__container\">\n<div class=\"content-media-container glb-skeleton-box\">\n<figure class=\"content-media-figure\"><img decoding=\"async\" class=\"i-amphtml-fill-content i-amphtml-replaced-content\" src=\"https:\/\/s2-g1.glbimg.com\/-tzXm8sKoQa1dKfHZtZqlMx68ZA=\/0x0:3000x2000\/984x0\/smart\/filters:strip_icc()\/i.s3.glbimg.com\/v1\/AUTH_59edd422c0c84a879bd37670ae4f538a\/internal_photos\/bs\/2019\/F\/A\/lmNKcaQXiEIuvPA43caQ\/theatro-municipal-teatro-sao-paulo-f99a2128-celso-tavares-g1-.jpg\" sizes=\"(max-width: 1600px) 648px, 100vw\" srcset=\"https:\/\/s2-g1.glbimg.com\/1jFXRN5tyaFud3N5djujffArRAc=\/0x0:3000x2000\/1000x0\/smart\/filters:strip_icc()\/i.s3.glbimg.com\/v1\/AUTH_59edd422c0c84a879bd37670ae4f538a\/internal_photos\/bs\/2019\/F\/A\/lmNKcaQXiEIuvPA43caQ\/theatro-municipal-teatro-sao-paulo-f99a2128-celso-tavares-g1-.jpg 1000w, https:\/\/s2-g1.glbimg.com\/-tzXm8sKoQa1dKfHZtZqlMx68ZA=\/0x0:3000x2000\/984x0\/smart\/filters:strip_icc()\/i.s3.glbimg.com\/v1\/AUTH_59edd422c0c84a879bd37670ae4f538a\/internal_photos\/bs\/2019\/F\/A\/lmNKcaQXiEIuvPA43caQ\/theatro-municipal-teatro-sao-paulo-f99a2128-celso-tavares-g1-.jpg 984w, https:\/\/s2-g1.glbimg.com\/lPJycxberkleOMzx_FNygGMpMSU=\/0x0:3000x2000\/640x0\/smart\/filters:strip_icc()\/i.s3.glbimg.com\/v1\/AUTH_59edd422c0c84a879bd37670ae4f538a\/internal_photos\/bs\/2019\/F\/A\/lmNKcaQXiEIuvPA43caQ\/theatro-municipal-teatro-sao-paulo-f99a2128-celso-tavares-g1-.jpg 640w, https:\/\/s2-g1.glbimg.com\/GwXxQqKWkpNrS2BVz2FEZoxqqfg=\/0x0:3000x2000\/600x0\/smart\/filters:strip_icc()\/i.s3.glbimg.com\/v1\/AUTH_59edd422c0c84a879bd37670ae4f538a\/internal_photos\/bs\/2019\/F\/A\/lmNKcaQXiEIuvPA43caQ\/theatro-municipal-teatro-sao-paulo-f99a2128-celso-tavares-g1-.jpg 600w\" alt=\"Theatro Municipal de S\u00e3o Paulo tem programa\u00e7\u00e3o de anivers\u00e1rio da cidade \u2014 Foto: Celso Tavares\/G1\" \/><\/figure>\n<\/div>\n<p class=\"content-media__description  \">Theatro Municipal de S\u00e3o Paulo tem programa\u00e7\u00e3o de anivers\u00e1rio da cidade \u2014 Foto: Celso Tavares\/G1<\/p>\n<\/div>\n<\/div>\n<\/div>\n<div id=\"chunk-5uvfd\">\n<div class=\"mc-column content-text active-extra-styles \" data-block-type=\"unstyled\" data-block-weight=\"46\" data-block-id=\"3\">\n<p class=\" content-text__container \" data-track-category=\"Link no Texto\" data-track-links=\"\" data-mrf-recirculation=\"Mat\u00e9ria - Links no Texto\">A cidade de\u00a0<a class=\"\" href=\"https:\/\/g1.globo.com\/sp\/sao-paulo\/cidade\/sao-paulo\/\" data-mrf-link=\"https:\/\/g1.globo.com\/sp\/sao-paulo\/cidade\/sao-paulo\/\">S\u00e3o Paulo<\/a>\u00a0comemora\u00a0<strong>472 anos<\/strong>\u00a0no pr\u00f3ximo domingo (25) e, para celebrar, vai contar com uma\u00a0<strong>programa\u00e7\u00e3o especial que re\u00fane mais de 200 atra\u00e7\u00f5es gratuitas<\/strong> em todas as regi\u00f5es. S\u00e3o shows, cinema, visitas guiadas, espet\u00e1culos, atividades para as crian\u00e7as, exposi\u00e7\u00f5es e a\u00e7\u00f5es liter\u00e1rias.<\/p>\n<\/div>\n<\/div>\n<div class=\"wall protected-content\">\n<div id=\"chunk-699ft\">\n<div class=\"mc-column content-text active-extra-styles\" data-block-type=\"raw\" data-block-weight=\"3\" data-block-id=\"5\">\n<div class=\"content-intertitle\">\n<h2>Confira a programa\u00e7\u00e3o:<\/h2>\n<\/div>\n<\/div>\n<\/div>\n<div id=\"chunk-88tbr\">\n<div class=\"mc-column content-text active-extra-styles\" data-block-type=\"raw\" data-block-weight=\"8\" data-block-id=\"6\">\n<div class=\"content-intertitle\">\n<h2>Homenagem a Maur\u00edcio de Sousa no Theatro Municipal<\/h2>\n<\/div>\n<\/div>\n<\/div>\n<div id=\"chunk-8845f\">\n<div class=\"mc-column content-text active-extra-styles \" data-block-type=\"unstyled\" data-block-weight=\"27\" data-block-id=\"7\">\n<p class=\" content-text__container \" data-track-category=\"Link no Texto\" data-track-links=\"\" data-mrf-recirculation=\"Mat\u00e9ria - Links no Texto\">Um dos destaques da programa\u00e7\u00e3o \u00e9 o concerto<strong>\u00a0\u201cMitos Sonoros \u2013 FilarM\u00f4nica\u201d<\/strong>, em homenagem aos 90 anos do quadrinista Maur\u00edcio de Sousa, criador da Turma da M\u00f4nica.<\/p>\n<\/div>\n<\/div>\n<div id=\"chunk-3qsqh\">\n<div class=\"mc-column content-text active-extra-styles \" data-block-type=\"unstyled\" data-block-weight=\"35\" data-block-id=\"8\">\n<p class=\" content-text__container \" data-track-category=\"Link no Texto\" data-track-links=\"\" data-mrf-recirculation=\"Mat\u00e9ria - Links no Texto\">A apresenta\u00e7\u00e3o acontece no\u00a0<strong>dia 25, \u00e0s 17h<\/strong>, no Theatro Municipal, com a Orquestra Experimental de Repert\u00f3rio sob reg\u00eancia de Wagner Polistchuk. O espet\u00e1culo mistura trilhas cl\u00e1ssicas dos personagens com as m\u00fasicas favoritas do artista.<\/p>\n<\/div>\n<\/div>\n<div id=\"chunk-n002\">\n<div class=\"mc-column content-text active-extra-styles\" data-block-type=\"raw\" data-block-weight=\"30\" data-block-id=\"10\">\n<blockquote class=\"content-blockquote theme-border-color-primary-before\"><p>A entrada \u00e9 de gra\u00e7a, com retirada de ingressos a partir das 12h do dia 23, no site do teatro, ou duas horas antes da sess\u00e3o na bilheteria, conforme disponibilidade.<\/p><\/blockquote>\n<\/div>\n<\/div>\n<div id=\"chunk-7ftl4\">\n<div class=\"mc-column content-text active-extra-styles\" data-block-type=\"raw\" data-block-weight=\"11\" data-block-id=\"12\">\n<div class=\"content-intertitle\">\n<h2>Spcine exibe filmes gr\u00e1tis, incluindo o vencedor do Globo de Ouro<\/h2>\n<\/div>\n<\/div>\n<\/div>\n<div id=\"chunk-f2lb6\">\n<div class=\"mc-column content-text active-extra-styles \" data-block-type=\"unstyled\" data-block-weight=\"23\" data-block-id=\"13\">\n<p class=\" content-text__container \" data-track-category=\"Link no Texto\" data-track-links=\"\" data-mrf-recirculation=\"Mat\u00e9ria - Links no Texto\">As 29 salas do Circuito Spcine ter\u00e3o sess\u00f5es gratuitas ao longo do dia 25, entre 11h e 19h30. Entre os t\u00edtulos exibidos est\u00e3o:<\/p>\n<\/div>\n<\/div>\n<div id=\"chunk-3q2gk\">\n<div class=\"mc-column content-text active-extra-styles\" data-block-type=\"raw\" data-block-weight=\"6\" data-block-id=\"14\">\n<ul class=\"content-unordered-list\" data-mrf-recirculation=\"Mat\u00e9ria - Leia Tamb\u00e9m (Lista)\">\n<li><strong>\u201cO Agente Secreto\u201d<\/strong><\/li>\n<li><strong>\u201cWicked: Parte 2\u201d<\/strong><\/li>\n<\/ul>\n<\/div>\n<\/div>\n<div id=\"chunk-1aqo3\">\n<div class=\"mc-column content-text active-extra-styles \" data-block-type=\"unstyled\" data-block-weight=\"13\" data-block-id=\"15\">\n<p class=\" content-text__container \" data-track-category=\"Link no Texto\" data-track-links=\"\" data-mrf-recirculation=\"Mat\u00e9ria - Links no Texto\">A retirada de ingressos deve ser feita uma hora antes de cada sess\u00e3o.<\/p>\n<\/div>\n<\/div>\n<div id=\"chunk-eonl8\">\n<div class=\"mc-column content-text active-extra-styles \" data-block-type=\"unstyled\" data-block-weight=\"28\" data-block-id=\"16\">\n<p class=\" content-text__container \" data-track-category=\"Link no Texto\" data-track-links=\"\" data-mrf-recirculation=\"Mat\u00e9ria - Links no Texto\">No Centro Cultural S\u00e3o Paulo, vai haver uma sess\u00e3o especial ao ar livre, \u00e0s 19h, com capacidade para 200 pessoas. V\u00e3o ser exibidos \u201cAmarela\u201d e \u201cO Agente Secreto\u201d.<\/p>\n<\/div>\n<\/div>\n<div id=\"chunk-fd3ti\">\n<div class=\"mc-column content-text active-extra-styles\" data-block-type=\"raw\" data-block-weight=\"10\" data-block-id=\"18\">\n<div class=\"content-intertitle\">\n<h2>Museus e Arquivo Hist\u00f3rico t\u00eam entrada gratuita e visitas especiais<\/h2>\n<\/div>\n<\/div>\n<\/div>\n<div id=\"chunk-9d67k\">\n<div class=\"mc-column content-text active-extra-styles \" data-block-type=\"unstyled\" data-block-weight=\"15\" data-block-id=\"19\">\n<p class=\" content-text__container \" data-track-category=\"Link no Texto\" data-track-links=\"\" data-mrf-recirculation=\"Mat\u00e9ria - Links no Texto\">No anivers\u00e1rio, museus municipais e estaduais ter\u00e3o acesso livre e, em alguns casos, atividades extras:<\/p>\n<\/div>\n<\/div>\n<div id=\"chunk-7cuq1\">\n<div class=\"mc-column content-text active-extra-styles \" data-block-type=\"unstyled\" data-block-weight=\"6\" data-block-id=\"20\">\n<p class=\" content-text__container \" data-track-category=\"Link no Texto\" data-track-links=\"\" data-mrf-recirculation=\"Mat\u00e9ria - Links no Texto\"><strong>Museu da Cidade de S\u00e3o Paulo<\/strong><\/p>\n<\/div>\n<\/div>\n<div id=\"chunk-2rlm9\">\n<div class=\"mc-column content-text active-extra-styles\" data-block-type=\"raw\" data-block-weight=\"25\" data-block-id=\"21\">\n<ul class=\"content-unordered-list\" data-mrf-recirculation=\"Mat\u00e9ria - Leia Tamb\u00e9m (Lista)\">\n<li>Visita guiada \u201cEntre a V\u00e1rzea do Carmo e o distrito da Gl\u00f3ria\u201d \u2013 24\/1, 10h<\/li>\n<li>\u201cDos Bailes Black aos Bailes da Marquesa\u201d \u2013 25\/1, 13h<\/li>\n<\/ul>\n<\/div>\n<\/div>\n<div id=\"chunk-6hcaa\">\n<div class=\"mc-column content-text active-extra-styles \" data-block-type=\"unstyled\" data-block-weight=\"3\" data-block-id=\"22\">\n<p class=\" content-text__container \" data-track-category=\"Link no Texto\" data-track-links=\"\" data-mrf-recirculation=\"Mat\u00e9ria - Links no Texto\"><strong>Arquivo Hist\u00f3rico Municipal<\/strong><\/p>\n<\/div>\n<\/div>\n<div id=\"chunk-b00lq\">\n<div class=\"mc-column content-text active-extra-styles\" data-block-type=\"raw\" data-block-weight=\"16\" data-block-id=\"23\">\n<ul class=\"content-unordered-list\" data-mrf-recirculation=\"Mat\u00e9ria - Leia Tamb\u00e9m (Lista)\">\n<li>Visita guiada pelo pr\u00e9dio do AHM \u2013 24\/1, 10h<\/li>\n<li>Oficina \u201cTecnologias da Terra\u201d \u2013 24\/1, 14h<\/li>\n<\/ul>\n<\/div>\n<\/div>\n<div id=\"chunk-2cs2p\">\n<div class=\"mc-column content-text active-extra-styles \" data-block-type=\"unstyled\" data-block-weight=\"3\" data-block-id=\"24\">\n<p class=\" content-text__container \" data-track-category=\"Link no Texto\" data-track-links=\"\" data-mrf-recirculation=\"Mat\u00e9ria - Links no Texto\"><strong>Museus com gratuidade<\/strong><\/p>\n<\/div>\n<\/div>\n<div id=\"chunk-4tkre\">\n<div class=\"mc-column content-text active-extra-styles\" data-block-type=\"raw\" data-block-weight=\"24\" data-block-id=\"25\">\n<ul class=\"content-unordered-list\" data-mrf-recirculation=\"Mat\u00e9ria - Leia Tamb\u00e9m (Lista)\">\n<li>Museu da L\u00edngua Portuguesa<\/li>\n<li>Museu Catavento<\/li>\n<li>Pinacoteca<\/li>\n<li>Museu das Culturas Ind\u00edgenas<\/li>\n<li>Museus Casa<\/li>\n<li>Museu da Imigra\u00e7\u00e3o<\/li>\n<li>MIS, com gratuidade para as mostras de fotografia<\/li>\n<\/ul>\n<\/div>\n<\/div>\n<div id=\"chunk-2qki6\">\n<div class=\"mc-column content-text active-extra-styles\" data-block-type=\"raw\" data-block-weight=\"8\" data-block-id=\"26\">\n<div class=\"content-intertitle\">\n<h2><strong>Bibliotecas t\u00eam programa\u00e7\u00e3o especial e distribui\u00e7\u00e3o de livros<\/strong><\/h2>\n<\/div>\n<\/div>\n<\/div>\n<div id=\"chunk-60q3a\">\n<div class=\"mc-column content-text active-extra-styles \" data-block-type=\"unstyled\" data-block-weight=\"16\" data-block-id=\"27\">\n<p class=\" content-text__container \" data-track-category=\"Link no Texto\" data-track-links=\"\" data-mrf-recirculation=\"Mat\u00e9ria - Links no Texto\">At\u00e9 o dia 31 de janeiro, o programa Biblioteca Viva promove 56 atividades nas unidades, incluindo:<\/p>\n<\/div>\n<\/div>\n<div id=\"chunk-a4p1k\">\n<div class=\"mc-column content-text active-extra-styles\" data-block-type=\"raw\" data-block-weight=\"29\" data-block-id=\"28\">\n<ul class=\"content-unordered-list\" data-mrf-recirculation=\"Mat\u00e9ria - Leia Tamb\u00e9m (Lista)\">\n<li>Conta\u00e7\u00e3o de hist\u00f3rias sobre Carolina Maria de Jesus e M\u00e1rio de Andrade<\/li>\n<li>Apresenta\u00e7\u00f5es musicais interativas<\/li>\n<li>Teatro infantil<\/li>\n<li>Oficina de escrita com Nicole Zatz (24\/1, 10h30, Biblioteca Alceu Amoroso Lima)<\/li>\n<\/ul>\n<\/div>\n<\/div>\n<div id=\"chunk-cfn9k\">\n<div class=\"mc-column content-text active-extra-styles \" data-block-type=\"unstyled\" data-block-weight=\"28\" data-block-id=\"29\">\n<p class=\" content-text__container \" data-track-category=\"Link no Texto\" data-track-links=\"\" data-mrf-recirculation=\"Mat\u00e9ria - Links no Texto\">No dia 23 de janeiro, a partir das 10h, haver\u00e1 distribui\u00e7\u00e3o de livros em seis bibliotecas, al\u00e9m de feira de troca no Bosque de Leitura do Parque Ibirapuera.<\/p>\n<\/div>\n<\/div>\n<div id=\"chunk-dd5jk\">\n<div class=\"mc-column content-text active-extra-styles \" data-block-type=\"unstyled\" data-block-weight=\"16\" data-block-id=\"30\">\n<p class=\" content-text__container \" data-track-category=\"Link no Texto\" data-track-links=\"\" data-mrf-recirculation=\"Mat\u00e9ria - Links no Texto\"><strong>Na Biblioteca M\u00e1rio de Andrade, que tamb\u00e9m celebra seu centen\u00e1rio, tem programa\u00e7\u00e3o especial no dia 25:<\/strong><\/p>\n<\/div>\n<\/div>\n<div id=\"chunk-35vvj\">\n<div class=\"mc-column content-text active-extra-styles\" data-block-type=\"raw\" data-block-weight=\"43\" data-block-id=\"31\">\n<ul class=\"content-unordered-list\" data-mrf-recirculation=\"Mat\u00e9ria - Leia Tamb\u00e9m (Lista)\">\n<li>DJ set \u201cKombi do DJ\u201d \u2013 11h e 14h<\/li>\n<li>Tor\u00e9 do Povo Pankararu \u2013 12h<\/li>\n<li>Xadrez no Jardim \u2013 12h \u00e0s 16h<\/li>\n<li>Show de Brisa Flow \u2013 15h<\/li>\n<li>Visita mediada \u201cEntre p\u00e1ginas e ruas: M\u00e1rio de Andrade e sua S\u00e3o Paulo\u201d \u2013 14h<\/li>\n<\/ul>\n<\/div>\n<\/div>\n<div id=\"chunk-9k94\">\n<div class=\"mc-column content-text active-extra-styles\" data-block-type=\"raw\" data-block-weight=\"9\" data-block-id=\"33\">\n<div class=\"content-intertitle\">\n<h2>Centros Culturais e teatros: m\u00fasica, circo e espet\u00e1culos gratuitos<\/h2>\n<\/div>\n<\/div>\n<\/div>\n<div id=\"chunk-f69os\">\n<div class=\"mc-column content-text active-extra-styles \" data-block-type=\"unstyled\" data-block-weight=\"12\" data-block-id=\"34\">\n<p class=\" content-text__container \" data-track-category=\"Link no Texto\" data-track-links=\"\" data-mrf-recirculation=\"Mat\u00e9ria - Links no Texto\">A rede de Centros Culturais da cidade ter\u00e1 programa\u00e7\u00e3o variada no domingo:<\/p>\n<\/div>\n<\/div>\n<div id=\"chunk-b642b\">\n<div class=\"mc-column content-text active-extra-styles \" data-block-type=\"unstyled\" data-block-weight=\"4\" data-block-id=\"35\">\n<p class=\" content-text__container \" data-track-category=\"Link no Texto\" data-track-links=\"\" data-mrf-recirculation=\"Mat\u00e9ria - Links no Texto\"><strong>Centro Cultural da Penha<\/strong><\/p>\n<\/div>\n<\/div>\n<div id=\"chunk-cm4s1\">\n<div class=\"mc-column content-text active-extra-styles\" data-block-type=\"raw\" data-block-weight=\"12\" data-block-id=\"36\">\n<ul class=\"content-unordered-list\" data-mrf-recirculation=\"Mat\u00e9ria - Leia Tamb\u00e9m (Lista)\">\n<li>Viv\u00eancia circense \u00e0s 15h<\/li>\n<li>Show do grupo L\u00edngua de Trapo \u00e0s 19h<\/li>\n<\/ul>\n<\/div>\n<\/div>\n<div id=\"chunk-dsadm\">\n<div class=\"mc-column content-text active-extra-styles \" data-block-type=\"unstyled\" data-block-weight=\"3\" data-block-id=\"37\">\n<p class=\" content-text__container \" data-track-category=\"Link no Texto\" data-track-links=\"\" data-mrf-recirculation=\"Mat\u00e9ria - Links no Texto\"><strong>Ch\u00e1cara do Jockey<\/strong><\/p>\n<\/div>\n<\/div>\n<div id=\"chunk-985gp\">\n<div class=\"mc-column content-text active-extra-styles\" data-block-type=\"raw\" data-block-weight=\"12\" data-block-id=\"38\">\n<ul class=\"content-unordered-list\" data-mrf-recirculation=\"Mat\u00e9ria - Leia Tamb\u00e9m (Lista)\">\n<li>Roda de capoeira contempor\u00e2nea \u00e0s 11h<\/li>\n<li>Festa \u201cS\u00f3 Disco Salva\u201d \u00e0s 13h<\/li>\n<\/ul>\n<\/div>\n<\/div>\n<div id=\"chunk-1cvno\">\n<div class=\"mc-column content-text active-extra-styles \" data-block-type=\"unstyled\" data-block-weight=\"4\" data-block-id=\"39\">\n<p class=\" content-text__container \" data-track-category=\"Link no Texto\" data-track-links=\"\" data-mrf-recirculation=\"Mat\u00e9ria - Links no Texto\"><strong>Centro de Culturas Negras<\/strong><\/p>\n<\/div>\n<\/div>\n<div id=\"chunk-aj0i8\">\n<div class=\"mc-column content-text active-extra-styles\" data-block-type=\"raw\" data-block-weight=\"13\" data-block-id=\"40\">\n<ul class=\"content-unordered-list\" data-mrf-recirculation=\"Mat\u00e9ria - Leia Tamb\u00e9m (Lista)\">\n<li>Encontro de Bambas com roda de samba e conta\u00e7\u00e3o de hist\u00f3rias \u00e0s 16h<\/li>\n<\/ul>\n<\/div>\n<\/div>\n<div id=\"chunk-e0d6u\">\n<div class=\"mc-column content-text active-extra-styles \" data-block-type=\"unstyled\" data-block-weight=\"2\" data-block-id=\"41\">\n<p class=\" content-text__container \" data-track-category=\"Link no Texto\" data-track-links=\"\" data-mrf-recirculation=\"Mat\u00e9ria - Links no Texto\"><strong>Vila Itoror\u00f3<\/strong><\/p>\n<\/div>\n<\/div>\n<div id=\"chunk-3srid\">\n<div class=\"mc-column content-text active-extra-styles\" data-block-type=\"raw\" data-block-weight=\"9\" data-block-id=\"42\">\n<ul class=\"content-unordered-list\" data-mrf-recirculation=\"Mat\u00e9ria - Leia Tamb\u00e9m (Lista)\">\n<li>Show de Ana Ca\u00f1as cantando Rita Lee \u00e0s 18h<\/li>\n<\/ul>\n<\/div>\n<\/div>\n<div id=\"chunk-4l0nq\">\n<div class=\"mc-column content-text active-extra-styles \" data-block-type=\"unstyled\" data-block-weight=\"4\" data-block-id=\"43\">\n<p class=\" content-text__container \" data-track-category=\"Link no Texto\" data-track-links=\"\" data-mrf-recirculation=\"Mat\u00e9ria - Links no Texto\"><strong>Centro Cultural S\u00e3o Paulo<\/strong><\/p>\n<\/div>\n<\/div>\n<div id=\"chunk-3d1pi\">\n<div class=\"mc-column content-text active-extra-styles\" data-block-type=\"raw\" data-block-weight=\"18\" data-block-id=\"44\">\n<ul class=\"content-unordered-list\" data-mrf-recirculation=\"Mat\u00e9ria - Leia Tamb\u00e9m (Lista)\">\n<li>Cida Moreira (24\/1, 18h)<\/li>\n<li>Roberto Riberti (24\/1, 19h)<\/li>\n<li>Bandas Made in Brazil e 365 (25\/1, 17h e 19h)<\/li>\n<\/ul>\n<\/div>\n<\/div>\n<div id=\"chunk-bqt4m\">\n<div class=\"mc-column content-text active-extra-styles \" data-block-type=\"unstyled\" data-block-weight=\"2\" data-block-id=\"45\">\n<p class=\" content-text__container \" data-track-category=\"Link no Texto\" data-track-links=\"\" data-mrf-recirculation=\"Mat\u00e9ria - Links no Texto\"><strong>Teatros Municipais<\/strong><\/p>\n<\/div>\n<\/div>\n<div id=\"chunk-7ipbj\">\n<div class=\"mc-column content-text active-extra-styles \" data-block-type=\"unstyled\" data-block-weight=\"16\" data-block-id=\"46\">\n<p class=\" content-text__container \" data-track-category=\"Link no Texto\" data-track-links=\"\" data-mrf-recirculation=\"Mat\u00e9ria - Links no Texto\">Nos dias 22 e 24, os Teatros Arthur Azevedo e Alfredo Mesquita apresentam pe\u00e7as gratuitas, incluindo:<\/p>\n<\/div>\n<\/div>\n<div id=\"chunk-6agka\">\n<div class=\"mc-column content-text active-extra-styles\" data-block-type=\"raw\" data-block-weight=\"32\" data-block-id=\"47\">\n<ul class=\"content-unordered-list\" data-mrf-recirculation=\"Mat\u00e9ria - Leia Tamb\u00e9m (Lista)\">\n<li>\u201cAs Pedras de Javier\u201d \u2013 24\/1, 16h<\/li>\n<li>\u201cEntre a Cruz e os Canibais\u201d \u2013 24\/1, 20h<\/li>\n<li>\u201cBom Dia, Eternidade\u201d \u2013 22\/1, 20h<\/li>\n<li>\u201cO Bonde Ocupa \u2013 Trilogia da Morte\u201d \u2013 24\/1, 16h<\/li>\n<\/ul>\n<\/div>\n<\/div>\n<div id=\"chunk-3dn8s\">\n<div class=\"mc-column content-text active-extra-styles\" data-block-type=\"raw\" data-block-weight=\"8\" data-block-id=\"48\">\n<div class=\"content-intertitle\">\n<h2>Casas de Cultura t\u00eam f\u00e9rias culturais para crian\u00e7as<\/h2>\n<\/div>\n<\/div>\n<\/div>\n<div id=\"chunk-e1oh9\">\n<div class=\"mc-column content-text active-extra-styles \" data-block-type=\"unstyled\" data-block-weight=\"8\" data-block-id=\"49\">\n<p class=\" content-text__container \" data-track-category=\"Link no Texto\" data-track-links=\"\" data-mrf-recirculation=\"Mat\u00e9ria - Links no Texto\">S\u00e3o mais de\u00a0<strong>60 atividades<\/strong>, com destaque para:<\/p>\n<\/div>\n<\/div>\n<div id=\"chunk-si4c\">\n<div class=\"mc-column content-text active-extra-styles\" data-block-type=\"raw\" data-block-weight=\"30\" data-block-id=\"50\">\n<ul class=\"content-unordered-list\" data-mrf-recirculation=\"Mat\u00e9ria - Leia Tamb\u00e9m (Lista)\">\n<li>A\u00e7\u00f5es de rap, hip-hop e dan\u00e7a urbana na Casa de Cultura Hip-Hop Sul<\/li>\n<li>Workshop de teclado na Casa de Cultura Trememb\u00e9<\/li>\n<li>Festival Internacional de Monobandas na Casa de Cultura Butant\u00e3<\/li>\n<\/ul>\n<p>Fonte: G1<\/p>\n<\/div>\n<\/div>\n<\/div>\n<\/article>\n<\/div>\n","protected":false},"excerpt":{"rendered":"<p>Anivers\u00e1rio de SP: mais de 200 atra\u00e7\u00f5es gratuitas espalhadas pela cidade Programa\u00e7\u00e3o conta com apresenta\u00e7\u00f5es nos Centros Culturais, teatros municipais,<\/p>\n","protected":false},"author":1,"featured_media":12220,"comment_status":"open","ping_status":"open","sticky":false,"template":"","format":"standard","meta":{"colormag_page_container_layout":"default_layout","colormag_page_sidebar_layout":"default_layout","footnotes":""},"categories":[99],"tags":[],"class_list":["post-12215","post","type-post","status-publish","format-standard","has-post-thumbnail","hentry","category-sp"],"_links":{"self":[{"href":"http:\/\/metropoleemfoco.com.br\/index.php?rest_route=\/wp\/v2\/posts\/12215","targetHints":{"allow":["GET"]}}],"collection":[{"href":"http:\/\/metropoleemfoco.com.br\/index.php?rest_route=\/wp\/v2\/posts"}],"about":[{"href":"http:\/\/metropoleemfoco.com.br\/index.php?rest_route=\/wp\/v2\/types\/post"}],"author":[{"embeddable":true,"href":"http:\/\/metropoleemfoco.com.br\/index.php?rest_route=\/wp\/v2\/users\/1"}],"replies":[{"embeddable":true,"href":"http:\/\/metropoleemfoco.com.br\/index.php?rest_route=%2Fwp%2Fv2%2Fcomments&post=12215"}],"version-history":[{"count":1,"href":"http:\/\/metropoleemfoco.com.br\/index.php?rest_route=\/wp\/v2\/posts\/12215\/revisions"}],"predecessor-version":[{"id":12221,"href":"http:\/\/metropoleemfoco.com.br\/index.php?rest_route=\/wp\/v2\/posts\/12215\/revisions\/12221"}],"wp:featuredmedia":[{"embeddable":true,"href":"http:\/\/metropoleemfoco.com.br\/index.php?rest_route=\/wp\/v2\/media\/12220"}],"wp:attachment":[{"href":"http:\/\/metropoleemfoco.com.br\/index.php?rest_route=%2Fwp%2Fv2%2Fmedia&parent=12215"}],"wp:term":[{"taxonomy":"category","embeddable":true,"href":"http:\/\/metropoleemfoco.com.br\/index.php?rest_route=%2Fwp%2Fv2%2Fcategories&post=12215"},{"taxonomy":"post_tag","embeddable":true,"href":"http:\/\/metropoleemfoco.com.br\/index.php?rest_route=%2Fwp%2Fv2%2Ftags&post=12215"}],"curies":[{"name":"wp","href":"https:\/\/api.w.org\/{rel}","templated":true}]}}