{"id":12214,"date":"2026-01-23T06:00:37","date_gmt":"2026-01-23T09:00:37","guid":{"rendered":"http:\/\/metropoleemfoco.com.br\/?p=12214"},"modified":"2026-01-24T23:09:08","modified_gmt":"2026-01-25T02:09:08","slug":"assassinatos-no-brasil-como-a-guerra-entre-faccoes-explica-cenarios-tao-diferentes-entre-estados-segundo-especialistas","status":"publish","type":"post","link":"http:\/\/metropoleemfoco.com.br\/?p=12214","title":{"rendered":"Assassinatos no Brasil: como a guerra entre fac\u00e7\u00f5es explica cen\u00e1rios t\u00e3o diferentes entre estados, segundo especialistas"},"content":{"rendered":"<div class=\"mc-article-header\">\n<div class=\"row content-head mc-column non-featured \">\n<div class=\"title\" data-block-type=\"title\" data-block-id=\"0\">\n<h1 class=\"content-head__title\">Assassinatos no Brasil: como a guerra entre fac\u00e7\u00f5es explica cen\u00e1rios t\u00e3o diferentes entre estados, segundo especialistas<\/h1>\n<\/div>\n<div class=\"medium-centered subtitle\">\n<h2 class=\"content-head__subtitle\">Dados divulgados pelo Minist\u00e9rio da Justi\u00e7a indicam mais uma queda nos n\u00fameros nacionais, a quinta seguida. Mas h\u00e1 estados que contrariam essa tend\u00eancia.<\/h2>\n<\/div>\n<\/div>\n<div class=\"content__signa-share mc-column\">\n<div class=\"content__signature\">\n<div class=\"content-publication-data\">\n<div class=\"content-publication-data__text\">\n<p class=\"content-publication-data__from\" title=\"Arthur Stabile\">Por\u00a0<a class=\"multi_signatures\" href=\"https:\/\/g1.globo.com\/autores\/arthur-stabile\/\">Arthur Stabile<\/a>, g1\u00a0\u2014 S\u00e3o Paulo<\/p>\n<\/div>\n<\/div>\n<\/div>\n<\/div>\n<div class=\"glb-share-bar content__share-bar\">\n<div class=\"glb-share-bar_icons\">\n<div class=\"glb-share-bar_button-img\"><\/div>\n<div class=\"glb-share-bar_button-img\"><\/div>\n<div class=\"glb-share-bar_button-img\"><\/div>\n<\/div>\n<\/div>\n<div class=\"mc-summary mc-column\" data-block-type=\"summary\" data-block-id=\"1\">\n<details class=\"mc-summary-card bs-block--exclude-chunk-children\">\n<div class=\"mc-summary-card__summary-container\"><\/div>\n<div class=\"mc-summary-card__content\">\n<ul class=\"mc-summary-card__list\">\n<li class=\"mc-summary-card__item\">\n<div id=\"chunk-4gg9p\">\n<div class=\"mc-column content-text active-extra-styles \" data-block-type=\"unstyled\" data-block-weight=\"\">\n<p class=\" content-text__container \" data-track-category=\"Link no Texto\" data-track-links=\"\" data-mrf-recirculation=\"Mat\u00e9ria - Links no Texto\">O Brasil registrou queda nas mortes violentas pelo quinto ano seguido: foram 34.086 casos em 2025, contra 38.374 em 2024. O resultado representa uma taxa nacional de 16 mortes por 100 mil habitantes, enquanto era de 18 em 2024.<\/p>\n<\/div>\n<\/div>\n<\/li>\n<li class=\"mc-summary-card__item\">\n<div id=\"chunk-dt2hg\">\n<div class=\"mc-column content-text active-extra-styles \" data-block-type=\"unstyled\" data-block-weight=\"\">\n<p class=\" content-text__container \" data-track-category=\"Link no Texto\" data-track-links=\"\" data-mrf-recirculation=\"Mat\u00e9ria - Links no Texto\">Entre os estados, Cear\u00e1 (32,6), Pernambuco (31,6) e Alagoas (29,4) encabe\u00e7am o ranking das maiores taxas de mortes violentas a cada grupo de 100 mil habitantes. J\u00e1 S\u00e3o Paulo (5,4), Santa Catarina (6,4) e Distrito Federal (8,8) t\u00eam as menores taxas.<\/p>\n<\/div>\n<\/div>\n<\/li>\n<li class=\"mc-summary-card__item\">\n<div id=\"chunk-dbdnp\">\n<div class=\"mc-column content-text active-extra-styles \" data-block-type=\"unstyled\" data-block-weight=\"\">\n<p class=\" content-text__container \" data-track-category=\"Link no Texto\" data-track-links=\"\" data-mrf-recirculation=\"Mat\u00e9ria - Links no Texto\">Em varia\u00e7\u00e3o, o Amazonas teve a maior queda de 2024 para 2025: recuo de 33% nos assassinatos. Por outro lado, o Tocantins registrou a maior alta, com 17%.<\/p>\n<\/div>\n<\/div>\n<\/li>\n<li class=\"mc-summary-card__item\">\n<div id=\"chunk-2mep6\">\n<div class=\"mc-column content-text active-extra-styles \" data-block-type=\"unstyled\" data-block-weight=\"\">\n<p class=\" content-text__container \" data-track-category=\"Link no Texto\" data-track-links=\"\" data-mrf-recirculation=\"Mat\u00e9ria - Links no Texto\">Segundo os n\u00fameros computados pelos estados at\u00e9 ter\u00e7a-feira (20) e divulgados pelo Minist\u00e9rio da Justi\u00e7a e Seguran\u00e7a P\u00fablica, houve uma redu\u00e7\u00e3o de 11%.<\/p>\n<\/div>\n<\/div>\n<\/li>\n<li class=\"mc-summary-card__item\">\n<div id=\"chunk-59vfm\">\n<div class=\"mc-column content-text active-extra-styles \" data-block-type=\"unstyled\" data-block-weight=\"\">\n<p class=\" content-text__container \" data-track-category=\"Link no Texto\" data-track-links=\"\" data-mrf-recirculation=\"Mat\u00e9ria - Links no Texto\">O n\u00famero de 34.086 n\u00e3o inclui os dados referentes ao m\u00eas de dezembro nos estados de S\u00e3o Paulo e Para\u00edba, que n\u00e3o entraram no sistema do governo ainda.<\/p>\n<\/div>\n<\/div>\n<\/li>\n<\/ul>\n<\/div>\n<\/details>\n<\/div>\n<\/div>\n<div class=\"mc-article-body\">\n<article>\n<div id=\"chunk-a0klq\">\n<div class=\"cxm-block-video content-media mc-column \" data-block-type=\"backstage-video\" data-block-id=\"2\">\n<div class=\"cxm-block-video__container cxm-block-video__container--fallback cxm-block-video__container--vertical\">\n<div class=\"cxm-block-video__player-fixer\">\n<article class=\"cxm-block-video__player-wrapper\">\n<section class=\"cxm-block-video__player\">\n<div class=\"cxm-block-video__placeholder\" data-video-id=\"14271892\"><img decoding=\"async\" class=\"cxm-block-video__thumb\" title=\"Brasil tem queda nas mortes violentas intencionais, mas feminic\u00eddios batem recorde em 2025\" src=\"https:\/\/s01.video.glbimg.com\/x240\/14271892.jpg\" alt=\"Brasil tem queda nas mortes violentas intencionais, mas feminic\u00eddios batem recorde em 2025\" \/><\/div>\n<\/section>\n<\/article>\n<\/div>\n<div class=\"cxm-block-video__caption-container\">\n<p class=\"codex-caption codex-caption--small\">Brasil tem queda nas mortes violentas intencionais, mas feminic\u00eddios batem recorde em 2025<\/p>\n<\/div>\n<\/div>\n<\/div>\n<\/div>\n<div id=\"chunk-1o901\">\n<div class=\"mc-column content-text active-extra-styles \" data-block-type=\"unstyled\" data-block-weight=\"38\" data-block-id=\"3\">\n<p class=\" content-text__container \" data-track-category=\"Link no Texto\" data-track-links=\"\" data-mrf-recirculation=\"Mat\u00e9ria - Links no Texto\">O Brasil registrou queda nos assassinatos pelo quinto ano seguido: foram 34.086 casos em 2025, contra 38.374 em 2024. Segundo os n\u00fameros computados at\u00e9 ter\u00e7a-feira (20) pelo Minist\u00e9rio da Justi\u00e7a e Seguran\u00e7a P\u00fablica,\u00a0<strong><span class=\"highlight highlighted\">houve uma redu\u00e7\u00e3o de 11%.<\/span><\/strong><\/p>\n<\/div>\n<\/div>\n<div class=\"wall protected-content\">\n<div id=\"chunk-9a8v\">\n<div class=\"mc-column content-text active-extra-styles \" data-block-type=\"unstyled\" data-block-weight=\"35\" data-block-id=\"5\">\n<p class=\" content-text__container \" data-track-category=\"Link no Texto\" data-track-links=\"\" data-mrf-recirculation=\"Mat\u00e9ria - Links no Texto\">A grande maioria dos estados teve menos mortes violentas no ano passado, seguindo o padr\u00e3o nacional. No Amazonas, essa queda foi de 33%. Por outro lado, em cinco estados e no DF, houve aumento.<\/p>\n<\/div>\n<\/div>\n<div id=\"chunk-2pqve\">\n<div class=\"mc-column content-text active-extra-styles \" data-block-type=\"unstyled\" data-block-weight=\"37\" data-block-id=\"6\">\n<p class=\" content-text__container \" data-track-category=\"Link no Texto\" data-track-links=\"\" data-mrf-recirculation=\"Mat\u00e9ria - Links no Texto\">O que explica essa diferen\u00e7a de cen\u00e1rios, segundo especialistas ouvidos pelo\u00a0<strong>g1<\/strong>, \u00e9 a din\u00e2mica local do crime organizado. Nos momentos de maior conflito entre fac\u00e7\u00f5es, as mortes tendem a subir. No Tocantins, os assassinatos aumentaram 17%.<\/p>\n<\/div>\n<\/div>\n<div id=\"chunk-e867s\">\n<div class=\"mc-column content-text active-extra-styles\" data-block-type=\"raw\" data-block-weight=\"8\" data-block-id=\"9\">\n<div class=\"content-intertitle\">\n<h2>Varia\u00e7\u00f5es em um ano no n\u00famero de mortos<\/h2>\n<\/div>\n<\/div>\n<\/div>\n<div id=\"chunk-foib\">\n<div class=\"mc-column content-text active-extra-styles \" data-block-type=\"unstyled\" data-block-weight=\"42\" data-block-id=\"10\">\n<p class=\" content-text__container \" data-track-category=\"Link no Texto\" data-track-links=\"\" data-mrf-recirculation=\"Mat\u00e9ria - Links no Texto\">A queda nacional nas mortes violentas ocorreu em 21 das 27 unidades federativas, com destaque para o Amazonas, com redu\u00e7\u00e3o de 33%. Em seguida aparecem o Mato Grosso do Sul (-28%), Paran\u00e1 e Rio Grande do Sul (ambos com recuo de 24%).<\/p>\n<\/div>\n<\/div>\n<div id=\"chunk-a61gf\">\n<div class=\"mc-column content-text active-extra-styles \" data-block-type=\"unstyled\" data-block-weight=\"31\" data-block-id=\"11\">\n<p class=\" content-text__container \" data-track-category=\"Link no Texto\" data-track-links=\"\" data-mrf-recirculation=\"Mat\u00e9ria - Links no Texto\">O pesquisador Aiala Couto, da Universidade do Estado do Par\u00e1 e do F\u00f3rum Brasileiro de Seguran\u00e7a P\u00fablica, afirma que h\u00e1 um controle do crime por parte do Comando Vermelho no Amazonas.<\/p>\n<\/div>\n<\/div>\n<div id=\"chunk-8r3k\">\n<div class=\"mc-column content-text active-extra-styles\" data-block-type=\"raw\" data-block-weight=\"44\" data-block-id=\"12\">\n<blockquote class=\"content-blockquote theme-border-color-primary-before\"><p>&#8220;Se for pegar um mapa das fac\u00e7\u00f5es no Amazonas, o Comando Vermelho praticamente eliminou as fac\u00e7\u00f5es rivais, no caso a Fam\u00edlia do Norte. Voc\u00ea tem uma diminui\u00e7\u00e3o [das mortes]. Os homic\u00eddios caem nesse momento em que o CV se torna hegem\u00f4nico&#8221;, afirma o especialista.<\/p><\/blockquote>\n<\/div>\n<\/div>\n<div id=\"chunk-3ovo4\">\n<div class=\"mc-column content-text active-extra-styles \" data-block-type=\"unstyled\" data-block-weight=\"41\" data-block-id=\"13\">\n<p class=\" content-text__container \" data-track-category=\"Link no Texto\" data-track-links=\"\" data-mrf-recirculation=\"Mat\u00e9ria - Links no Texto\">Cinco estados e o DF v\u00e3o contra a tend\u00eancia nacional de queda nos homic\u00eddios e registraram alta de 2024 para 2025: Tocantins (17%), Rio Grande do Norte (14%), Roraima (9%), Acre (6%), Distrito Federal (5%) e Rio de Janeiro (2%).<\/p>\n<\/div>\n<\/div>\n<div id=\"chunk-eqnr4\">\n<div class=\"mc-column content-text active-extra-styles \" data-block-type=\"unstyled\" data-block-weight=\"14\" data-block-id=\"14\">\n<p class=\" content-text__container \" data-track-category=\"Link no Texto\" data-track-links=\"\" data-mrf-recirculation=\"Mat\u00e9ria - Links no Texto\">Tanto TO quanto RN enfrentam guerras de fac\u00e7\u00f5es, segundo especialistas ouvidos pelo\u00a0<strong>g1<\/strong>.<\/p>\n<\/div>\n<\/div>\n<div id=\"chunk-ch7t2\">\n<div class=\"mc-column content-text active-extra-styles \" data-block-type=\"unstyled\" data-block-weight=\"27\" data-block-id=\"15\">\n<p class=\" content-text__container \" data-track-category=\"Link no Texto\" data-track-links=\"\" data-mrf-recirculation=\"Mat\u00e9ria - Links no Texto\">Aiala Couto afirma que, no Tocantins, a alta ocorre pelo conflito entre Comando Vermelho (CV) e Primeiro Comando da Capital (PCC), a fac\u00e7\u00e3o dominante em S\u00e3o Paulo.<\/p>\n<\/div>\n<\/div>\n<div id=\"chunk-f87cb\">\n<div class=\"mc-column content-text active-extra-styles\" data-block-type=\"raw\" data-block-weight=\"50\" data-block-id=\"17\">\n<blockquote class=\"content-blockquote theme-border-color-primary-before\"><p>&#8220;O PCC estava no estado, o Comando Vermelho chegou e isso estimulou o conflito e tem tornado o estado bastante violento. O Tocantins est\u00e1 no centro da conex\u00e3o do transporte de drogas&#8221;, afirma o pesquisador, ao citar a rota de entorpecentes da Amaz\u00f4nia at\u00e9 os portos com destino \u00e0 Europa.<\/p><\/blockquote>\n<\/div>\n<\/div>\n<div id=\"chunk-4thcr\">\n<div class=\"mc-column content-text active-extra-styles \" data-block-type=\"unstyled\" data-block-weight=\"31\" data-block-id=\"18\">\n<p class=\" content-text__container \" data-track-category=\"Link no Texto\" data-track-links=\"\" data-mrf-recirculation=\"Mat\u00e9ria - Links no Texto\">Segundo a antrop\u00f3loga Juliana Melo, pesquisadora e professora da Universidade Federal do Rio Grande do Norte (UFRN), a alta no estado ocorre ap\u00f3s o CV romper parceria com uma fac\u00e7\u00e3o local.<\/p>\n<\/div>\n<\/div>\n<div id=\"chunk-30bdl\">\n<div class=\"mc-column content-text active-extra-styles\" data-block-type=\"raw\" data-block-weight=\"69\" data-block-id=\"19\">\n<blockquote class=\"content-blockquote theme-border-color-primary-before\"><p>&#8220;No estado, acontece um movimento de disputa por fac\u00e7\u00f5es: o Comando Vermelho, que antes era aliado a uma fac\u00e7\u00e3o local chamada Sindicado do Crime (SDC), que \u00e9 rival do PCC, agora virou inimigo desse grupo. As duas est\u00e3o em disputa. E existem a\u00e7\u00f5es de novo canga\u00e7o, que tem entrado nessa disputa com o CV e o SDC, e isso tem aumentado bastante as mortes nas periferias, em especial&#8221;, afirma.<\/p><\/blockquote>\n<\/div>\n<\/div>\n<div id=\"chunk-4a9fv\">\n<div class=\"mc-column content-text active-extra-styles \" data-block-type=\"unstyled\" data-block-weight=\"40\" data-block-id=\"20\">\n<p class=\" content-text__container \" data-track-category=\"Link no Texto\" data-track-links=\"\" data-mrf-recirculation=\"Mat\u00e9ria - Links no Texto\">O nome novo canga\u00e7o \u00e9 uma refer\u00eancia a grupos criminosos fortemente armados que atacam cidades para roubar grandes quantidades de dinheiro. Geralmente, s\u00e3o a\u00e7\u00f5es coordenadas que envolvem o bloqueio de ruas e uso de armas de grosso calibre, incluindo explosivos.<\/p>\n<\/div>\n<\/div>\n<div id=\"chunk-2oqir\">\n<div class=\"mc-column content-text active-extra-styles\" data-block-type=\"raw\" data-block-weight=\"9\" data-block-id=\"21\">\n<div class=\"content-intertitle\">\n<h2>As maiores e as menores taxas de mortes violentas<\/h2>\n<\/div>\n<\/div>\n<\/div>\n<div id=\"chunk-4nld1\">\n<div class=\"mc-column content-text active-extra-styles \" data-block-type=\"unstyled\" data-block-weight=\"48\" data-block-id=\"22\">\n<p class=\" content-text__container \" data-track-category=\"Link no Texto\" data-track-links=\"\" data-mrf-recirculation=\"Mat\u00e9ria - Links no Texto\">O Brasil teve em 2025 uma taxa nacional de 16 mortes por 100 mil habitantes. Em 2025, eram 18 mortes. Cear\u00e1 (32,6), Pernambuco (31,6) e Alagoas (29,4) encabe\u00e7am o ranking das maiores taxas. Enquanto S\u00e3o Paulo (5,4), Santa Catarina (6,4) e Distrito Federal (8,8) registraram as menores.<\/p>\n<\/div>\n<\/div>\n<div id=\"chunk-4p8mo\">\n<div class=\"mc-column content-text active-extra-styles \" data-block-type=\"unstyled\" data-block-weight=\"11\" data-block-id=\"24\">\n<p class=\" content-text__container \" data-track-category=\"Link no Texto\" data-track-links=\"\" data-mrf-recirculation=\"Mat\u00e9ria - Links no Texto\"><strong>Veja no mapa abaixo qual foi a taxa no seu estado:<\/strong><\/p>\n<\/div>\n<\/div>\n<div id=\"chunk-cbbfr\">\n<div class=\"show-flourish-embed-block\" data-mrf-recirculation=\"Mat\u00e9ria - Flourish\">\n<div class=\"show-flourish-embed-block__container show-flourish-embed-block__container--visualization\" data-flourish-embed=\"\" data-flourish-content-type=\"visualization\">\n<div class=\"flourish-embed flourish-embed--visualization flourish-background\" data-src=\"visualisation\/27299808\" data-width=\"100%\"><iframe title=\"Interactive or visual content\" src=\"https:\/\/flo.uri.sh\/visualisation\/27299808\/embed?auto=1\" frameborder=\"0\" scrolling=\"no\" sandbox=\"allow-same-origin allow-forms allow-scripts allow-downloads allow-popups allow-popups-to-escape-sandbox allow-top-navigation-by-user-activation\" data-mce-fragment=\"1\"><\/iframe><\/div>\n<\/div>\n<\/div>\n<\/div>\n<div id=\"chunk-61rlt\">\n<div class=\"mc-column content-text active-extra-styles\" data-block-type=\"raw\" data-block-weight=\"4\" data-block-id=\"25\">\n<div class=\"content-intertitle\">\n<h2>Mortes violentas por regi\u00f5es<\/h2>\n<\/div>\n<\/div>\n<\/div>\n<div id=\"chunk-4oau4\">\n<div class=\"mc-column content-text active-extra-styles \" data-block-type=\"unstyled\" data-block-weight=\"13\" data-block-id=\"26\">\n<p class=\" content-text__container \" data-track-category=\"Link no Texto\" data-track-links=\"\" data-mrf-recirculation=\"Mat\u00e9ria - Links no Texto\">Considerando a divis\u00e3o do pa\u00eds em regi\u00f5es, houve queda em todas as cinco.<\/p>\n<\/div>\n<\/div>\n<div id=\"chunk-f9qbo\">\n<div class=\"mc-column content-text active-extra-styles\" data-block-type=\"raw\" data-block-weight=\"43\" data-block-id=\"27\">\n<ul class=\"content-unordered-list\" data-mrf-recirculation=\"Mat\u00e9ria - Leia Tamb\u00e9m (Lista)\">\n<li><strong>Sul<\/strong>: &#8211; 22% (passou de 3.935 mortes violentas em 2024 para 3.055 em 2025);<\/li>\n<li><strong>Centro Oeste<\/strong>: &#8211; 18% (de 2.682 para 2.204);<\/li>\n<li><strong>Norte<\/strong>: &#8211; 11% (de 4.304 para 3.829);<\/li>\n<li><strong>Nordeste<\/strong>: &#8211; 10% (de 17.052 para 15.412);<\/li>\n<li><strong>Sudeste<\/strong>: &#8211; 8% (de 10.401 para 9.586).<\/li>\n<\/ul>\n<\/div>\n<\/div>\n<div id=\"chunk-d306l\">\n<div class=\"mc-column content-text active-extra-styles\" data-block-type=\"raw\" data-block-weight=\"5\" data-block-id=\"28\">\n<div class=\"content-intertitle\">\n<h2><strong>Redu\u00e7\u00e3o de assassinatos \u00e9 tend\u00eancia<\/strong><\/h2>\n<\/div>\n<\/div>\n<\/div>\n<div id=\"chunk-d0k0h\">\n<div class=\"mc-column content-text active-extra-styles \" data-block-type=\"unstyled\" data-block-weight=\"28\" data-block-id=\"29\">\n<p class=\" content-text__container \" data-track-category=\"Link no Texto\" data-track-links=\"\" data-mrf-recirculation=\"Mat\u00e9ria - Links no Texto\">J\u00e1 s\u00e3o cinco anos consecutivos de redu\u00e7\u00e3o nas mortes violentas, de 2021 a 2025, e uma\u00a0<strong><span class=\"highlight highlighted\">queda acumulada de 25% desde 2020<\/span><\/strong>, primeiro ano da pandemia de Covid-19.<\/p>\n<\/div>\n<\/div>\n<div id=\"chunk-db451\">\n<div class=\"mc-column content-text active-extra-styles \" data-block-type=\"unstyled\" data-block-weight=\"36\" data-block-id=\"31\">\n<p class=\" content-text__container \" data-track-category=\"Link no Texto\" data-track-links=\"\" data-mrf-recirculation=\"Mat\u00e9ria - Links no Texto\">O recorde registrado na s\u00e9rie hist\u00f3rica \u00e9 de 2017, com mais de 60 mil assassinatos. Depois desse pico, os n\u00fameros ca\u00edram em 2018 e 2019, e voltaram a subir em 2020. Desde ent\u00e3o, s\u00f3 houve quedas.<\/p>\n<\/div>\n<\/div>\n<div id=\"chunk-aqo2e\">\n<div class=\"mc-column content-text active-extra-styles \" data-block-type=\"unstyled\" data-block-weight=\"30\" data-block-id=\"32\">\n<p class=\" content-text__container \" data-track-category=\"Link no Texto\" data-track-links=\"\" data-mrf-recirculation=\"Mat\u00e9ria - Links no Texto\">Rafael Alcadipani, professor da Funda\u00e7\u00e3o Get\u00falio Vargas (FGV) e integrante do F\u00f3rum Brasileiro de Seguran\u00e7a P\u00fablica, explica que houve mudan\u00e7as nas din\u00e2micas das fac\u00e7\u00f5es criminosas, sem tantas guerras por territ\u00f3rios<\/p>\n<\/div>\n<\/div>\n<div id=\"chunk-71fkc\">\n<div class=\"mc-column content-text active-extra-styles \" data-block-type=\"unstyled\" data-block-weight=\"42\" data-block-id=\"33\">\n<p class=\" content-text__container \" data-track-category=\"Link no Texto\" data-track-links=\"\" data-mrf-recirculation=\"Mat\u00e9ria - Links no Texto\">&#8220;Foi um ano em que o crime organizado esteve, digamos assim, mais tranquilo em termos de briga do que anteriormente. Tem pol\u00edticas p\u00fablicas tamb\u00e9m. Estamos perto da elei\u00e7\u00e3o e algumas a\u00e7\u00f5es na seguran\u00e7a s\u00e3o tomadas. S\u00e3o todos fatores que podem explicar&#8221;, afirma.<\/p>\n<\/div>\n<\/div>\n<div id=\"chunk-581ak\">\n<div class=\"mc-column content-text active-extra-styles \" data-block-type=\"unstyled\" data-block-weight=\"37\" data-block-id=\"34\">\n<p class=\" content-text__container \" data-track-category=\"Link no Texto\" data-track-links=\"\" data-mrf-recirculation=\"Mat\u00e9ria - Links no Texto\">Silvia Ramos, coordenadora do Centro de Estudos de Seguran\u00e7a e Cidadania (CESeC), segue a linha de que a diminui\u00e7\u00e3o de enfrentamentos entre fac\u00e7\u00f5es, com a defini\u00e7\u00e3o de controles em determinados territ\u00f3rios, contribui para que haja menos assassinatos.<\/p>\n<\/div>\n<\/div>\n<div id=\"chunk-1kr10\">\n<div class=\"mc-column content-text active-extra-styles \" data-block-type=\"unstyled\" data-block-weight=\"18\" data-block-id=\"35\">\n<p class=\" content-text__container \" data-track-category=\"Link no Texto\" data-track-links=\"\" data-mrf-recirculation=\"Mat\u00e9ria - Links no Texto\">&#8220;Como regra geral, quedas de mortes intencionais s\u00e3o resultantes de arranjos de fac\u00e7\u00f5es, mil\u00edcias e grupos armados&#8221;, diz.<\/p>\n<\/div>\n<\/div>\n<div id=\"chunk-dchcv\">\n<div class=\"mc-column content-text active-extra-styles \" data-block-type=\"unstyled\" data-block-weight=\"36\" data-block-id=\"36\">\n<p class=\" content-text__container \" data-track-category=\"Link no Texto\" data-track-links=\"\" data-mrf-recirculation=\"Mat\u00e9ria - Links no Texto\">Samira Bueno, diretora-executiva do F\u00f3rum Brasileiro de Seguran\u00e7a P\u00fablica, lembra que a tend\u00eancia de queda vem desde antes da pandemia, com a exce\u00e7\u00e3o de 2020.\u00a0<a class=\"\" href=\"https:\/\/g1.globo.com\/monitor-da-violencia\/noticia\/2021\/02\/12\/brasil-tem-aumento-de-5percent-nos-assassinatos-em-2020-ano-marcado-pela-pandemia-do-novo-coronavirus-alta-e-puxada-pela-regiao-nordeste.ghtml\" data-mrf-link=\"https:\/\/g1.globo.com\/monitor-da-violencia\/noticia\/2021\/02\/12\/brasil-tem-aumento-de-5percent-nos-assassinatos-em-2020-ano-marcado-pela-pandemia-do-novo-coronavirus-alta-e-puxada-pela-regiao-nordeste.ghtml\">Naquele ano, o aumento de assassinatos foi puxado pela regi\u00e3o Nordeste<\/a>.<\/p>\n<\/div>\n<\/div>\n<div id=\"chunk-e5rg6\">\n<div class=\"mc-column content-text active-extra-styles \" data-block-type=\"unstyled\" data-block-weight=\"30\" data-block-id=\"37\">\n<p class=\" content-text__container \" data-track-category=\"Link no Texto\" data-track-links=\"\" data-mrf-recirculation=\"Mat\u00e9ria - Links no Texto\">&#8220;\u00c9 uma tend\u00eancia de queda que foi inaugurada em 2018 e, de l\u00e1 para c\u00e1, s\u00f3 em um ano tivemos alta. \u00c9 bom manter e sustentar a queda&#8221;, afirma.<\/p>\n<\/div>\n<\/div>\n<div id=\"chunk-fqs7i\">\n<div class=\"mc-column content-text active-extra-styles\" data-block-type=\"raw\" data-block-weight=\"5\" data-block-id=\"39\">\n<div class=\"content-intertitle\">\n<h2>Recorde nos feminic\u00eddios em 2025<\/h2>\n<\/div>\n<\/div>\n<\/div>\n<div id=\"chunk-2ho9h\">\n<div class=\"mc-column content-text active-extra-styles \" data-block-type=\"unstyled\" data-block-weight=\"35\" data-block-id=\"40\">\n<p class=\" content-text__container \" data-track-category=\"Link no Texto\" data-track-links=\"\" data-mrf-recirculation=\"Mat\u00e9ria - Links no Texto\"><a class=\"\" href=\"https:\/\/g1.globo.com\/politica\/noticia\/2026\/01\/20\/brasil-registra-recorde-historicos-de-feminicidios-em-2025-quatro-mulheres-sao-assassinadas-por-dia-no-pais.ghtml\" data-mrf-link=\"https:\/\/g1.globo.com\/politica\/noticia\/2026\/01\/20\/brasil-registra-recorde-historicos-de-feminicidios-em-2025-quatro-mulheres-sao-assassinadas-por-dia-no-pais.ghtml\">J\u00e1 o n\u00famero de feminic\u00eddios bateu recorde em 2025<\/a>: foram 1.470 casos de janeiro a dezembro, conforme os dados do minist\u00e9rio. O total supera os 1.464 registros de 2024, a maior marca at\u00e9 ent\u00e3o.<\/p>\n<\/div>\n<\/div>\n<div id=\"chunk-f21gj\">\n<div class=\"mc-column content-text active-extra-styles \" data-block-type=\"unstyled\" data-block-weight=\"11\" data-block-id=\"41\">\n<p class=\" content-text__container \" data-track-category=\"Link no Texto\" data-track-links=\"\" data-mrf-recirculation=\"Mat\u00e9ria - Links no Texto\">Foram ao menos quatro mulheres mortas por dia no ano passado.<\/p>\n<\/div>\n<\/div>\n<div id=\"chunk-49vbj\">\n<div class=\"mc-column content-text active-extra-styles \" data-block-type=\"unstyled\" data-block-weight=\"21\" data-block-id=\"42\">\n<p class=\" content-text__container \" data-track-category=\"Link no Texto\" data-track-links=\"\" data-mrf-recirculation=\"Mat\u00e9ria - Links no Texto\">A tipifica\u00e7\u00e3o de feminic\u00eddio foi criada em 2015. O crime ocorre quando uma mulher \u00e9 assassinada pelo fato de ser mulher.<\/p>\n<\/div>\n<\/div>\n<div id=\"chunk-32sv0\">\n<div class=\"mc-column content-text active-extra-styles \" data-block-type=\"unstyled\" data-block-weight=\"30\" data-block-id=\"43\">\n<p class=\" content-text__container \" data-track-category=\"Link no Texto\" data-track-links=\"\" data-mrf-recirculation=\"Mat\u00e9ria - Links no Texto\">Em 2024, o presidente Luiz In\u00e1cio Lula da Silva assinou uma lei que aumentou as penas para quem comete feminic\u00eddios, que podem variar de 20 a 40 anos de pris\u00e3o.<\/p>\n<\/div>\n<\/div>\n<div id=\"chunk-52cd2\">\n<div class=\"row medium-uncollapsed content-media content-photo\" data-block-type=\"backstage-photo\" data-block-id=\"44\">\n<div class=\" mc-column content-media__container\">\n<div class=\"content-media-container glb-skeleton-box\">\n<figure class=\"content-media-figure\"><img decoding=\"async\" class=\"i-amphtml-fill-content i-amphtml-replaced-content\" src=\"https:\/\/s2-g1.glbimg.com\/i35sAdZOiwW8-seEQrVV8a5mf4k=\/0x0:1920x1080\/984x0\/smart\/filters:strip_icc()\/i.s3.glbimg.com\/v1\/AUTH_59edd422c0c84a879bd37670ae4f538a\/internal_photos\/bs\/2025\/X\/r\/nl3yV6T8ORWmRkIbW9TQ\/academia-do-tiro-camera-lenta-img-luiz-gabriel-franco.00-13-58-16.quadro013-1.jpg\" sizes=\"(max-width: 1600px) 648px, 100vw\" srcset=\"https:\/\/s2-g1.glbimg.com\/BVNL2CXXNrB6P-jrZBiC2npF1_E=\/0x0:1920x1080\/1000x0\/smart\/filters:strip_icc()\/i.s3.glbimg.com\/v1\/AUTH_59edd422c0c84a879bd37670ae4f538a\/internal_photos\/bs\/2025\/X\/r\/nl3yV6T8ORWmRkIbW9TQ\/academia-do-tiro-camera-lenta-img-luiz-gabriel-franco.00-13-58-16.quadro013-1.jpg 1000w, https:\/\/s2-g1.glbimg.com\/i35sAdZOiwW8-seEQrVV8a5mf4k=\/0x0:1920x1080\/984x0\/smart\/filters:strip_icc()\/i.s3.glbimg.com\/v1\/AUTH_59edd422c0c84a879bd37670ae4f538a\/internal_photos\/bs\/2025\/X\/r\/nl3yV6T8ORWmRkIbW9TQ\/academia-do-tiro-camera-lenta-img-luiz-gabriel-franco.00-13-58-16.quadro013-1.jpg 984w, https:\/\/s2-g1.glbimg.com\/wV9TBIP8DrWmnEmUBdcsMFRx4qU=\/0x0:1920x1080\/640x0\/smart\/filters:strip_icc()\/i.s3.glbimg.com\/v1\/AUTH_59edd422c0c84a879bd37670ae4f538a\/internal_photos\/bs\/2025\/X\/r\/nl3yV6T8ORWmRkIbW9TQ\/academia-do-tiro-camera-lenta-img-luiz-gabriel-franco.00-13-58-16.quadro013-1.jpg 640w, https:\/\/s2-g1.glbimg.com\/5AtkNJLLudfTsrcFq0848jPnVL0=\/0x0:1920x1080\/600x0\/smart\/filters:strip_icc()\/i.s3.glbimg.com\/v1\/AUTH_59edd422c0c84a879bd37670ae4f538a\/internal_photos\/bs\/2025\/X\/r\/nl3yV6T8ORWmRkIbW9TQ\/academia-do-tiro-camera-lenta-img-luiz-gabriel-franco.00-13-58-16.quadro013-1.jpg 600w\" alt=\"Disparo com rev\u00f3lver 38 em estande de tiro de S\u00e3o Paulo \u2014 Foto: Luiz Gabriel Franco\/g1\" \/><\/figure>\n<\/div>\n<p class=\"content-media__description \">Disparo com rev\u00f3lver 38 em estande de tiro de S\u00e3o Paulo \u2014 Foto: Luiz Gabriel Franco\/g1<\/p>\n<\/div>\n<\/div>\n<\/div>\n<div id=\"chunk-2ej1h\">\n<div class=\"content-ads content-ads--reveal\" data-block-type=\"ads\" data-block-id=\"45\">\n<div id=\"banner_materia__1e36efa9-964e-451e-8778-525aa13e4230\">\n<div id=\"google_ads_iframe_\/95377733\/tvg_G1\/Politica_8__container__\">Fonte: G1<\/div>\n<\/div>\n<\/div>\n<\/div>\n<\/div>\n<\/article>\n<\/div>\n","protected":false},"excerpt":{"rendered":"<p>Assassinatos no Brasil: como a guerra entre fac\u00e7\u00f5es explica cen\u00e1rios t\u00e3o diferentes entre estados, segundo especialistas Dados divulgados pelo Minist\u00e9rio<\/p>\n","protected":false},"author":1,"featured_media":12312,"comment_status":"open","ping_status":"open","sticky":false,"template":"","format":"standard","meta":{"colormag_page_container_layout":"default_layout","colormag_page_sidebar_layout":"default_layout","footnotes":""},"categories":[90],"tags":[],"class_list":["post-12214","post","type-post","status-publish","format-standard","has-post-thumbnail","hentry","category-brasil"],"_links":{"self":[{"href":"http:\/\/metropoleemfoco.com.br\/index.php?rest_route=\/wp\/v2\/posts\/12214","targetHints":{"allow":["GET"]}}],"collection":[{"href":"http:\/\/metropoleemfoco.com.br\/index.php?rest_route=\/wp\/v2\/posts"}],"about":[{"href":"http:\/\/metropoleemfoco.com.br\/index.php?rest_route=\/wp\/v2\/types\/post"}],"author":[{"embeddable":true,"href":"http:\/\/metropoleemfoco.com.br\/index.php?rest_route=\/wp\/v2\/users\/1"}],"replies":[{"embeddable":true,"href":"http:\/\/metropoleemfoco.com.br\/index.php?rest_route=%2Fwp%2Fv2%2Fcomments&post=12214"}],"version-history":[{"count":1,"href":"http:\/\/metropoleemfoco.com.br\/index.php?rest_route=\/wp\/v2\/posts\/12214\/revisions"}],"predecessor-version":[{"id":12219,"href":"http:\/\/metropoleemfoco.com.br\/index.php?rest_route=\/wp\/v2\/posts\/12214\/revisions\/12219"}],"wp:featuredmedia":[{"embeddable":true,"href":"http:\/\/metropoleemfoco.com.br\/index.php?rest_route=\/wp\/v2\/media\/12312"}],"wp:attachment":[{"href":"http:\/\/metropoleemfoco.com.br\/index.php?rest_route=%2Fwp%2Fv2%2Fmedia&parent=12214"}],"wp:term":[{"taxonomy":"category","embeddable":true,"href":"http:\/\/metropoleemfoco.com.br\/index.php?rest_route=%2Fwp%2Fv2%2Fcategories&post=12214"},{"taxonomy":"post_tag","embeddable":true,"href":"http:\/\/metropoleemfoco.com.br\/index.php?rest_route=%2Fwp%2Fv2%2Ftags&post=12214"}],"curies":[{"name":"wp","href":"https:\/\/api.w.org\/{rel}","templated":true}]}}