{"id":12213,"date":"2026-01-23T06:00:36","date_gmt":"2026-01-23T09:00:36","guid":{"rendered":"http:\/\/metropoleemfoco.com.br\/?p=12213"},"modified":"2026-01-24T23:50:55","modified_gmt":"2026-01-25T02:50:55","slug":"atrito-entre-trump-e-ue-reflete-nova-ordem-mundial-e-acende-alerta-para-o-brasil","status":"publish","type":"post","link":"http:\/\/metropoleemfoco.com.br\/?p=12213","title":{"rendered":"Atrito entre Trump e UE"},"content":{"rendered":"<div class=\"mc-article-header\">\n<div class=\"row content-head mc-column non-featured \">\n<div class=\"title\" data-block-type=\"title\" data-block-id=\"0\">\n<h1 class=\"content-head__title\">Atrito entre Trump e UE reflete nova ordem mundial e acende alerta para o Brasil<\/h1>\n<\/div>\n<div class=\"medium-centered subtitle\">\n<h2 class=\"content-head__subtitle\">Insist\u00eancia dos EUA em incorporar a Groenl\u00e2ndia coloca em risco unidade do Ocidente e deve servir de alerta a outros pa\u00edses, dizem especialistas \u00e0 DW.<\/h2>\n<\/div>\n<\/div>\n<div class=\"content__signa-share mc-column\">\n<div class=\"content__signature\">\n<div class=\"content-publication-data\">\n<div class=\"content-publication-data__logo\"><a href=\"https:\/\/www.dw.com\/pt-br\/not%C3%ADcias\/s-7111\" target=\"_blank\" rel=\"noopener\"><img decoding=\"async\" class=\"i-amphtml-fill-content i-amphtml-replaced-content\" src=\"https:\/\/s2-g1.glbimg.com\/N_tlLSNKeW-4BeBV-W2BSppZ3N8=\/48x48\/smart\/filters:strip_icc()\/s2.glbimg.com\/JInmNEuQ1XuvpzCoVX926PPggkk%3D\/200x0\/filters%3Aquality%2870%29\/i.s3.glbimg.com\/v1\/AUTH_59edd422c0c84a879bd37670ae4f538a\/internal_photos\/bs\/2016\/I\/7\/WLv6J7Tr2soveXjEP66g\/dw-150x150.jpg\" alt=\"TOPO\" \/><\/a><\/div>\n<div class=\"content-publication-data__text\">\n<p class=\"content-publication-data__from\" title=\"Deutsche Welle\">Por Deutsche Welle<\/p>\n<\/div>\n<\/div>\n<\/div>\n<\/div>\n<div class=\"glb-share-bar content__share-bar\">\n<div class=\"glb-share-bar_icons\">\n<div class=\"glb-share-bar_button-img\"><\/div>\n<div class=\"glb-share-bar_button-img\"><\/div>\n<div class=\"glb-share-bar_button-img\"><\/div>\n<\/div>\n<\/div>\n<\/div>\n<div class=\"mc-article-body\">\n<article>\n<div id=\"chunk-a5h3l\">\n<div class=\"cxm-block-video content-media mc-column \" data-block-type=\"backstage-video\" data-block-id=\"1\">\n<div class=\"cxm-block-video__container cxm-block-video__container--fallback \">\n<div class=\"cxm-block-video__player-fixer\">\n<article class=\"cxm-block-video__player-wrapper\">\n<section class=\"cxm-block-video__player\">\n<div class=\"cxm-block-video__placeholder\" data-video-id=\"14278021\"><img decoding=\"async\" class=\"cxm-block-video__thumb\" title=\"EUA est\u00e3o negociando 'acesso total' \u00e0 Groenl\u00e2ndia, diz Trump\" src=\"https:\/\/s02.video.glbimg.com\/x240\/14278021.jpg\" alt=\"EUA est\u00e3o negociando 'acesso total' \u00e0 Groenl\u00e2ndia, diz Trump\" \/><\/div>\n<\/section>\n<\/article>\n<\/div>\n<div class=\"cxm-block-video__caption-container\">\n<p class=\"codex-caption codex-caption--small\">EUA est\u00e3o negociando &#8216;acesso total&#8217; \u00e0 Groenl\u00e2ndia, diz Trump<\/p>\n<\/div>\n<\/div>\n<\/div>\n<\/div>\n<div id=\"chunk-13u16\">\n<div class=\"mc-column content-text active-extra-styles \" data-block-type=\"unstyled\" data-block-weight=\"40\" data-block-id=\"2\">\n<p class=\" content-text__container \" data-track-category=\"Link no Texto\" data-track-links=\"\">O presidente americano,\u00a0<a class=\"\" href=\"https:\/\/g1.globo.com\/tudo-sobre\/donald-trump\/\">Donald Trump<\/a>, cruzou o Oceano Atl\u00e2ntico nesta quarta-feira (21) para, da cidade su\u00ed\u00e7a de Davos, questionar de forma contundente os pa\u00edses europeus e a alian\u00e7a transatl\u00e2ntica entre\u00a0<a class=\"\" href=\"https:\/\/g1.globo.com\/tudo-sobre\/estados-unidos\/\">Estados Unidos<\/a> e Europa, estabelecida ap\u00f3s a Segunda Guerra Mundial.<\/p>\n<\/div>\n<\/div>\n<div class=\"wall protected-content\">\n<div id=\"chunk-8b50f\">\n<div class=\"mc-column content-text active-extra-styles \" data-block-type=\"unstyled\" data-block-weight=\"41\" data-block-id=\"5\">\n<p class=\" content-text__container \" data-track-category=\"Link no Texto\" data-track-links=\"\">O chefe da Casa Branca reafirmou que deseja ver a\u00a0<a class=\"\" href=\"https:\/\/g1.globo.com\/tudo-sobre\/groenlandia\/\">Groenl\u00e2ndia<\/a>, um territ\u00f3rio aut\u00f4nomo da\u00a0<a class=\"\" href=\"https:\/\/g1.globo.com\/tudo-sobre\/dinamarca\/\">Dinamarca<\/a>, incorporada aos\u00a0<a class=\"\" href=\"https:\/\/g1.globo.com\/tudo-sobre\/estados-unidos\/\">Estados Unidos<\/a>\u00a0\u2013 apesar do recha\u00e7o do governo dinamarqu\u00eas e de outros pa\u00edses da Uni\u00e3o Europeia (UE), parceiros de alian\u00e7a militar na\u00a0<a class=\"\" href=\"https:\/\/g1.globo.com\/tudo-sobre\/otan\/\">Otan<\/a>.<\/p>\n<\/div>\n<\/div>\n<div id=\"chunk-7boaa\">\n<div class=\"mc-column content-text active-extra-styles \" data-block-type=\"unstyled\" data-block-weight=\"55\" data-block-id=\"6\">\n<p class=\" content-text__container \" data-track-category=\"Link no Texto\" data-track-links=\"\">Em discurso no F\u00f3rum Econ\u00f4mico Mundial,\u00a0<a class=\"\" href=\"https:\/\/g1.globo.com\/mundo\/noticia\/2026\/01\/21\/trump-discursa-em-davos.ghtml\">o presidente americano disse que n\u00e3o pretende usar a for\u00e7a para anexar o territ\u00f3rio<\/a>, chamou a\u00a0<a class=\"\" href=\"https:\/\/g1.globo.com\/tudo-sobre\/dinamarca\/\">Dinamarca<\/a>\u00a0de &#8220;ingrata&#8221;, minimizou a quest\u00e3o como um &#8220;pequeno pedido&#8221; e argumentou que uma aquisi\u00e7\u00e3o n\u00e3o representaria uma amea\u00e7a \u00e0\u00a0<a class=\"\" href=\"https:\/\/g1.globo.com\/tudo-sobre\/otan\/\">Otan<\/a> \u2013 que, segundo ele, custa muito para Washington e oferece pouco retorno.<\/p>\n<\/div>\n<\/div>\n<div id=\"chunk-3dgkv\">\n<div class=\"row medium-uncollapsed content-media content-photo\" data-block-type=\"backstage-photo\" data-block-id=\"8\">\n<div class=\" mc-column content-media__container\">\n<div class=\"content-media-container glb-skeleton-box\">\n<figure class=\"content-media-figure\"><img decoding=\"async\" class=\"i-amphtml-fill-content i-amphtml-replaced-content\" src=\"https:\/\/s2-g1.glbimg.com\/RESMndvLgGXe-xptdJxrOb7f-6I=\/0x0:2415x1610\/984x0\/smart\/filters:strip_icc()\/i.s3.glbimg.com\/v1\/AUTH_59edd422c0c84a879bd37670ae4f538a\/internal_photos\/bs\/2026\/0\/A\/4L88XSROA9QlooESlIMQ\/2026-01-21t183035z-1273000345-rc2u5ja5j0ao-rtrmadp-3-davos-meeting-trump.jpg\" sizes=\"(max-width: 1600px) 648px, 100vw\" srcset=\"https:\/\/s2-g1.glbimg.com\/IU1H8WA2Si_HVtUPlHHuRG4cg2M=\/0x0:2415x1610\/1000x0\/smart\/filters:strip_icc()\/i.s3.glbimg.com\/v1\/AUTH_59edd422c0c84a879bd37670ae4f538a\/internal_photos\/bs\/2026\/0\/A\/4L88XSROA9QlooESlIMQ\/2026-01-21t183035z-1273000345-rc2u5ja5j0ao-rtrmadp-3-davos-meeting-trump.jpg 1000w, https:\/\/s2-g1.glbimg.com\/RESMndvLgGXe-xptdJxrOb7f-6I=\/0x0:2415x1610\/984x0\/smart\/filters:strip_icc()\/i.s3.glbimg.com\/v1\/AUTH_59edd422c0c84a879bd37670ae4f538a\/internal_photos\/bs\/2026\/0\/A\/4L88XSROA9QlooESlIMQ\/2026-01-21t183035z-1273000345-rc2u5ja5j0ao-rtrmadp-3-davos-meeting-trump.jpg 984w, https:\/\/s2-g1.glbimg.com\/Mrd-o8UgZc7HRlpMmbx3R6pnWrE=\/0x0:2415x1610\/640x0\/smart\/filters:strip_icc()\/i.s3.glbimg.com\/v1\/AUTH_59edd422c0c84a879bd37670ae4f538a\/internal_photos\/bs\/2026\/0\/A\/4L88XSROA9QlooESlIMQ\/2026-01-21t183035z-1273000345-rc2u5ja5j0ao-rtrmadp-3-davos-meeting-trump.jpg 640w, https:\/\/s2-g1.glbimg.com\/1tXC8o16buGDqHGmBVmfaWD_AXE=\/0x0:2415x1610\/600x0\/smart\/filters:strip_icc()\/i.s3.glbimg.com\/v1\/AUTH_59edd422c0c84a879bd37670ae4f538a\/internal_photos\/bs\/2026\/0\/A\/4L88XSROA9QlooESlIMQ\/2026-01-21t183035z-1273000345-rc2u5ja5j0ao-rtrmadp-3-davos-meeting-trump.jpg 600w\" alt=\"O presidente dos Estados Unidos, Donald Trump, durante reuni\u00e3o com o secret\u00e1rio-geral da Otan, em 21 de janeiro de 2026 \u2014 Foto: REUTERS\/Jonathan Ernst\" \/><\/figure>\n<\/div>\n<p class=\"content-media__description \">O presidente dos Estados Unidos, Donald Trump, durante reuni\u00e3o com o secret\u00e1rio-geral da Otan, em 21 de janeiro de 2026 \u2014 Foto: REUTERS\/Jonathan Ernst<\/p>\n<\/div>\n<\/div>\n<\/div>\n<div id=\"chunk-dr1ss\">\n<div class=\"mc-column content-text active-extra-styles \" data-block-type=\"unstyled\" data-block-weight=\"40\" data-block-id=\"9\">\n<p class=\" content-text__container \" data-track-category=\"Link no Texto\" data-track-links=\"\">O discurso foi salpicado de outras cr\u00edticas ao continente. O presidente americano disse que a Europa &#8220;n\u00e3o est\u00e1 indo na dire\u00e7\u00e3o certa&#8221;, que seu foco em energias renov\u00e1veis \u00e9 equivocado e que &#8220;a migra\u00e7\u00e3o em massa feriu&#8221; os pa\u00edses europeus.<\/p>\n<\/div>\n<\/div>\n<div id=\"chunk-9a130\">\n<div class=\"mc-column content-text active-extra-styles \" data-block-type=\"unstyled\" data-block-weight=\"46\" data-block-id=\"10\">\n<p class=\" content-text__container \" data-track-category=\"Link no Texto\" data-track-links=\"\">Horas depois veio o recuo: ap\u00f3s um &#8220;encontro muito produtivo&#8221; com o secret\u00e1rio-geral da\u00a0<a class=\"\" href=\"https:\/\/g1.globo.com\/tudo-sobre\/otan\/\">Otan<\/a>, Mark Rutte,\u00a0<a class=\"\" href=\"https:\/\/g1.globo.com\/mundo\/noticia\/2026\/01\/21\/trump-diz-que-eua-e-otan-definiram-estrutura-de-futuro-acordo-sobre-groenlandia-e-artico.ghtml\">Trump disse que ambos definiram &#8220;o quadro geral de um futuro acordo em rela\u00e7\u00e3o \u00e0 Groenl\u00e2ndia&#8221;<\/a> e que, diante disso, as novas tarifas comerciais aos aliados europeus estavam canceladas.<\/p>\n<\/div>\n<\/div>\n<div id=\"chunk-ea4q5\">\n<div class=\"mc-column content-text active-extra-styles\" data-block-type=\"raw\" data-block-weight=\"5\" data-block-id=\"11\">\n<div class=\"content-intertitle\">\n<h2>Abalo \u00e0 no\u00e7\u00e3o de Ocidente<\/h2>\n<\/div>\n<\/div>\n<\/div>\n<div id=\"chunk-2v94s\">\n<div class=\"mc-column content-text active-extra-styles \" data-block-type=\"unstyled\" data-block-weight=\"54\" data-block-id=\"12\">\n<p class=\" content-text__container \" data-track-category=\"Link no Texto\" data-track-links=\"\">A fala de Trump n\u00e3o trouxe grandes novidades em rela\u00e7\u00e3o ao que ele e seus assessores j\u00e1 vinham dizendo sobre a Europa. Em fevereiro de 2025, no in\u00edcio do segundo mandato do republicano, seu vice, JD Vance, j\u00e1 fizera duras cr\u00edticas \u00e0 Europa num discurso de teor semelhante na Confer\u00eancia de Seguran\u00e7a de Munique.<\/p>\n<\/div>\n<\/div>\n<div id=\"chunk-7jhh6\">\n<div class=\"mc-column content-text active-extra-styles \" data-block-type=\"unstyled\" data-block-weight=\"65\" data-block-id=\"14\">\n<p class=\" content-text__container \" data-track-category=\"Link no Texto\" data-track-links=\"\">Mas a insist\u00eancia em anexar a\u00a0<a class=\"\" href=\"https:\/\/g1.globo.com\/tudo-sobre\/groenlandia\/\">Groenl\u00e2ndia<\/a>, territ\u00f3rio da aliada\u00a0<a class=\"\" href=\"https:\/\/g1.globo.com\/tudo-sobre\/dinamarca\/\">Dinamarca<\/a>, \u00e9 um forte abalo \u00e0 pr\u00f3pria no\u00e7\u00e3o de Ocidente, afirma \u00e0 DW o professor de rela\u00e7\u00f5es internacionais Vinicius Vieira, da FAAP, e representa &#8220;o potencial fim de uma categoria pol\u00edtica que, para o bem ou para o mal, serviu de baliza para uma s\u00e9rie de decis\u00f5es internacionais at\u00e9 mesmo antes da Segunda Guerra Mundial&#8221;.<\/p>\n<\/div>\n<\/div>\n<div id=\"chunk-1p4jq\">\n<div class=\"mc-column content-text active-extra-styles\" data-block-type=\"raw\" data-block-weight=\"69\" data-block-id=\"15\">\n<blockquote class=\"content-blockquote theme-border-color-primary-before\"><p>&#8220;A no\u00e7\u00e3o de Ocidente como um bloco \u00fanico de superioridade em rela\u00e7\u00e3o ao mundo fez com que houvesse uma esp\u00e9cie de unidade pol\u00edtico-cultural&#8221; entre\u00a0<a class=\"\" href=\"https:\/\/g1.globo.com\/tudo-sobre\/estados-unidos\/\">Estados Unidos<\/a>, de um lado do Atl\u00e2ntico Norte, e os pa\u00edses europeus, do outro. Agora, a pol\u00edtica externa de Trump trata a Europa, &#8220;na pr\u00e1tica, como um quintal dos\u00a0<a class=\"\" href=\"https:\/\/g1.globo.com\/tudo-sobre\/estados-unidos\/\">Estados Unidos<\/a>, tal como ironicamente os\u00a0<a class=\"\" href=\"https:\/\/g1.globo.com\/tudo-sobre\/estados-unidos\/\">Estados Unidos<\/a>\u00a0sempre fizeram com a Am\u00e9rica Latina&#8221;, diz Vieira.<\/p><\/blockquote>\n<\/div>\n<\/div>\n<div id=\"chunk-8vtbu\">\n<div class=\"mc-column content-text active-extra-styles \" data-block-type=\"unstyled\" data-block-weight=\"61\" data-block-id=\"16\">\n<p class=\" content-text__container \" data-track-category=\"Link no Texto\" data-track-links=\"\">Ele v\u00ea a poss\u00edvel emerg\u00eancia de uma &#8220;nova era&#8221;, na qual a Europa deixaria de ser vista como uma parceira estrat\u00e9gica dos\u00a0<a class=\"\" href=\"https:\/\/g1.globo.com\/tudo-sobre\/estados-unidos\/\">Estados Unidos<\/a>\u00a0e estaria numa posi\u00e7\u00e3o de subordina\u00e7\u00e3o. &#8220;De qualquer forma, ser\u00e1 um mundo novo, porque\u00a0<span class=\"highlight\">a Europa, que sempre foi um exemplo de direitos humanos, de direitos sociais, ter\u00e1 menos recursos para isso porque vai precisar se rearmar<\/span>.&#8221;<\/p>\n<\/div>\n<\/div>\n<div id=\"chunk-9u8bc\">\n<div class=\"mc-column content-text active-extra-styles \" data-block-type=\"unstyled\" data-block-weight=\"54\" data-block-id=\"17\">\n<p class=\" content-text__container \" data-track-category=\"Link no Texto\" data-track-links=\"\">Ao tratar a aquisi\u00e7\u00e3o de um territ\u00f3rio aut\u00f4nomo pertencente a um pa\u00eds europeu como algo leg\u00edtimo, ainda que sob a ret\u00f3rica da compra, Trump rompe abertamente com princ\u00edpios centrais das rela\u00e7\u00f5es transatl\u00e2nticas, refor\u00e7a a pesquisadora Neusa Bojikian, da Unicamp e do Instituto Nacional de Ci\u00eancia e Tecnologia para Estudos sobre os\u00a0<a class=\"\" href=\"https:\/\/g1.globo.com\/tudo-sobre\/estados-unidos\/\">Estados Unidos<\/a> (INCT-INEU).<\/p>\n<\/div>\n<\/div>\n<div id=\"chunk-6ceoa\">\n<div class=\"mc-column content-text active-extra-styles\" data-block-type=\"raw\" data-block-weight=\"48\" data-block-id=\"19\">\n<blockquote class=\"content-blockquote theme-border-color-primary-before\"><p>Segundo ela, isso \u00e9 particularmente preocupante para a Europa, que por um bom tempo &#8220;se apoiou justamente na defesa de que regras, institui\u00e7\u00f5es e interdepend\u00eancia econ\u00f4mica funcionariam como amortecedores de conflitos e aplacariam os arroubos de determinados governantes voluntariosos e as cl\u00e1ssicas investidas de pol\u00edtica de poder duro&#8221;.<\/p><\/blockquote>\n<\/div>\n<\/div>\n<div id=\"chunk-7qufm\">\n<div class=\"mc-column content-text active-extra-styles \" data-block-type=\"unstyled\" data-block-weight=\"66\" data-block-id=\"20\">\n<p class=\" content-text__container \" data-track-category=\"Link no Texto\" data-track-links=\"\">Bojikian ressalta que essa era uma realidade j\u00e1 conhecida de muitos pa\u00edses e regi\u00f5es, mas n\u00e3o dos europeus continentais, do Reino Unido, do Canad\u00e1, que eram os principais aliados e pareciam estar seguros de sua inviolabilidade territorial. &#8220;Agora esses aliados hist\u00f3ricos est\u00e3o testemunhando, de forma dura, que as regras est\u00e3o sendo aplicadas de maneira seletiva e que nenhum pa\u00eds est\u00e1 resguardado com base no direito internacional.&#8221;<\/p>\n<\/div>\n<\/div>\n<div id=\"chunk-ajlaf\">\n<div class=\"cxm-block-video content-media mc-column \" data-block-type=\"backstage-video\" data-block-id=\"21\">\n<div class=\"cxm-block-video__container cxm-block-video__container--fallback \">\n<div class=\"cxm-block-video__player-fixer\">\n<article class=\"cxm-block-video__player-wrapper\">\n<section class=\"cxm-block-video__player\">\n<div class=\"cxm-block-video__placeholder\" data-video-id=\"14271265\"><img decoding=\"async\" class=\"cxm-block-video__thumb\" title=\"Entenda o que \u00e9 a a alian\u00e7a dos pa\u00edses do ocidente, a OTAN\" src=\"https:\/\/s02.video.glbimg.com\/x240\/14271265.jpg\" alt=\"Entenda o que \u00e9 a a alian\u00e7a dos pa\u00edses do ocidente, a OTAN\" \/><\/div>\n<\/section>\n<\/article>\n<\/div>\n<div class=\"cxm-block-video__caption-container\">\n<p class=\"codex-caption codex-caption--small\">Entenda o que \u00e9 a a alian\u00e7a dos pa\u00edses do ocidente, a OTAN<\/p>\n<\/div>\n<\/div>\n<\/div>\n<\/div>\n<div id=\"chunk-dkjac\">\n<div class=\"mc-column content-text active-extra-styles\" data-block-type=\"raw\" data-block-weight=\"5\" data-block-id=\"23\">\n<div class=\"content-intertitle\">\n<h2>Palco para a extrema direita<\/h2>\n<\/div>\n<\/div>\n<\/div>\n<div id=\"chunk-1rh39\">\n<div class=\"mc-column content-text active-extra-styles \" data-block-type=\"unstyled\" data-block-weight=\"56\" data-block-id=\"24\">\n<p class=\" content-text__container \" data-track-category=\"Link no Texto\" data-track-links=\"\">Quando Trump critica o pesado investimento feito pela Europa em energias renov\u00e1veis e diz que o continente foi &#8220;ferido&#8221; pela migra\u00e7\u00e3o, Vieira pontua que ele est\u00e1 dando vaz\u00e3o a posi\u00e7\u00f5es racistas da extrema direita mundial, inclusive da europeia, que acredita na teoria da conspira\u00e7\u00e3o da &#8220;grande substitui\u00e7\u00e3o&#8221; da popula\u00e7\u00e3o branca crist\u00e3 por estrangeiros, em especial mu\u00e7ulmanos.<\/p>\n<\/div>\n<\/div>\n<div id=\"chunk-2mju6\">\n<div class=\"mc-column content-text active-extra-styles \" data-block-type=\"unstyled\" data-block-weight=\"33\" data-block-id=\"25\">\n<p class=\" content-text__container \" data-track-category=\"Link no Texto\" data-track-links=\"\">O especialista considera que o presidente americano possa estar interessado, na verdade, em desmantelar a Uni\u00e3o Europeia, ou qualquer unidade europeia, e estabelecer la\u00e7os com pol\u00edticos e governos mais alinhados aos seus interesses.<\/p>\n<\/div>\n<\/div>\n<div id=\"chunk-agn0b\">\n<div class=\"mc-column content-text active-extra-styles\" data-block-type=\"raw\" data-block-weight=\"42\" data-block-id=\"26\">\n<blockquote class=\"content-blockquote theme-border-color-primary-before\"><p>Ao atacar a transi\u00e7\u00e3o energ\u00e9tica europeia, Trump tamb\u00e9m tenta desqualificar a agenda clim\u00e1tica como pilar da governan\u00e7a global, acrescenta Bojikian. &#8220;Para um continente que tenta conciliar urgentemente crescimento econ\u00f4mico, sustentabilidade e seguran\u00e7a energ\u00e9tica, esse tipo de ataque atua como fator desestabiliza\u00e7\u00e3o&#8221;, diz.<\/p><\/blockquote>\n<\/div>\n<\/div>\n<div id=\"chunk-5aveq\">\n<div class=\"mc-column content-text active-extra-styles\" data-block-type=\"raw\" data-block-weight=\"4\" data-block-id=\"27\">\n<div class=\"content-intertitle\">\n<h2>Riscos para o Brasil<\/h2>\n<\/div>\n<\/div>\n<\/div>\n<div id=\"chunk-5p4b7\">\n<div class=\"mc-column content-text active-extra-styles \" data-block-type=\"unstyled\" data-block-weight=\"48\" data-block-id=\"28\">\n<p class=\" content-text__container \" data-track-category=\"Link no Texto\" data-track-links=\"\">A disposi\u00e7\u00e3o de Trump de fazer bullying com a Europa, um aliado tradicional dos\u00a0<a class=\"\" href=\"https:\/\/g1.globo.com\/tudo-sobre\/estados-unidos\/\">Estados Unidos<\/a>, para obter a\u00a0<a class=\"\" href=\"https:\/\/g1.globo.com\/tudo-sobre\/groenlandia\/\">Groenl\u00e2ndia<\/a>\u00a0envia um sinal ruim tamb\u00e9m para outros aliados, como o Brasil, ou qualquer outro pa\u00eds rico em recursos naturais ou com territ\u00f3rios de valor geopol\u00edtico estrat\u00e9gico, avalia Vieira.<\/p>\n<\/div>\n<\/div>\n<div id=\"chunk-ttoj\">\n<div class=\"mc-column content-text active-extra-styles \" data-block-type=\"unstyled\" data-block-weight=\"50\" data-block-id=\"29\">\n<p class=\" content-text__container \" data-track-category=\"Link no Texto\" data-track-links=\"\"><span class=\"highlight highlighted\">Essa percep\u00e7\u00e3o \u00e9 refor\u00e7ada pela nova estrat\u00e9gia de seguran\u00e7a dos EUA para o Hemisf\u00e9rio Ocidental \u2013 que inclui o aumento da presen\u00e7a militar dos EUA e a disposi\u00e7\u00e3o de realizar opera\u00e7\u00f5es com uso de for\u00e7a militar, como a que capturou o presidente da Venezuela, Nicol\u00e1s Maduro, no in\u00edcio do ano.<\/span><\/p>\n<\/div>\n<\/div>\n<div id=\"chunk-c9oop\">\n<div class=\"mc-column content-text active-extra-styles\" data-block-type=\"raw\" data-block-weight=\"64\" data-block-id=\"31\">\n<blockquote class=\"content-blockquote theme-border-color-primary-before\"><p>Vieira diz que, em meios militares brasileiros, circulam temores relacionados \u00e0s ilhas mar\u00edtimas brasileiras \u2013 incluindo Fernando de Noronha \u2013 e \u00e0 Base A\u00e9rea de Natal, no Rio Grande do Norte, constru\u00edda em parceria com os EUA e usada pelos Aliados durante a Segunda Guerra. &#8220;Algo que seria muito f\u00e1cil num [futuro] governo de direita, mais pr\u00f3ximo \u00e0 vis\u00e3o de mundo do Trump&#8221;, observa.<\/p><\/blockquote>\n<\/div>\n<\/div>\n<div id=\"chunk-49dko\">\n<div class=\"mc-column content-text active-extra-styles \" data-block-type=\"unstyled\" data-block-weight=\"28\" data-block-id=\"32\">\n<p class=\" content-text__container \" data-track-category=\"Link no Texto\" data-track-links=\"\">Vieira lembra que, durante a Segunda Guerra Mundial, os\u00a0<a class=\"\" href=\"https:\/\/g1.globo.com\/tudo-sobre\/estados-unidos\/\">Estados Unidos<\/a>\u00a0tinham planos para ocupar partes do Nordeste e do Norte brasileiros para assegurar o fornecimento de borracha.<\/p>\n<\/div>\n<\/div>\n<div id=\"chunk-2n919\">\n<div class=\"mc-column content-text active-extra-styles \" data-block-type=\"unstyled\" data-block-weight=\"27\" data-block-id=\"33\">\n<p class=\" content-text__container \" data-track-category=\"Link no Texto\" data-track-links=\"\">A revaloriza\u00e7\u00e3o expl\u00edcita das zonas de influ\u00eancia, como fizeram os\u00a0<a class=\"\" href=\"https:\/\/g1.globo.com\/tudo-sobre\/estados-unidos\/\">Estados Unidos<\/a>\u00a0em rela\u00e7\u00e3o \u00e0 Am\u00e9rica Latina em sua nova estrat\u00e9gia de seguran\u00e7a, estimula temores como esses.<\/p>\n<\/div>\n<\/div>\n<div id=\"chunk-7mlhf\">\n<div class=\"mc-column content-text active-extra-styles \" data-block-type=\"unstyled\" data-block-weight=\"31\" data-block-id=\"34\">\n<p class=\" content-text__container \" data-track-category=\"Link no Texto\" data-track-links=\"\">Ao mesmo tempo reduz a margem de manobra de pa\u00edses como o Brasil para adotar estrat\u00e9gias de desenvolvimento que combinem crescimento econ\u00f4mico, inclus\u00e3o social e transi\u00e7\u00e3o ecol\u00f3gica, afirma Bojikian, do INCT-INEU.<\/p>\n<\/div>\n<\/div>\n<div id=\"chunk-86uh5\">\n<div class=\"mc-column content-text active-extra-styles\" data-block-type=\"raw\" data-block-weight=\"5\" data-block-id=\"35\">\n<div class=\"content-intertitle\">\n<h2>Efeito positivo para o Mercosul<\/h2>\n<\/div>\n<\/div>\n<\/div>\n<div id=\"chunk-b7pec\">\n<div class=\"mc-column content-text active-extra-styles \" data-block-type=\"unstyled\" data-block-weight=\"52\" data-block-id=\"36\">\n<p class=\" content-text__container \" data-track-category=\"Link no Texto\" data-track-links=\"\">Por outro lado, Bojikian avalia que as amea\u00e7as de Trump contra a Europa funcionam como um choque externo para os governos europeus e os for\u00e7am a buscar alternativas para reduzir sua vulnerabilidade estrat\u00e9gica. &#8220;Por exemplo retomando o acordo com o Mercosul&#8221; como parte de uma estrat\u00e9gia defensiva de diversifica\u00e7\u00e3o de parceiros, diz.<\/p>\n<\/div>\n<\/div>\n<div id=\"chunk-6qj5i\">\n<div class=\"mc-column content-text active-extra-styles \" data-block-type=\"unstyled\" data-block-weight=\"74\" data-block-id=\"38\">\n<p class=\" content-text__container \" data-track-category=\"Link no Texto\" data-track-links=\"\">De fato, em entrevista \u00e0 DW, o presidente do Paraguai, Santiago Pe\u00f1a, n\u00e3o se furtou de agradecer a Trump pelo acordo entre o Mercosul e a UE. &#8220;Um grande agradecimento ao presidente Trump, \u00e9 claro, porque ele veio com essa nova agenda sobre tarifas, o que assustou muitos pa\u00edses europeus. Ent\u00e3o, eles acharam que seria bom assinar um acordo com outras regi\u00f5es&#8221;, disse Pe\u00f1a \u00e0 DW em Assun\u00e7\u00e3o, no dia da assinatura do acordo.<\/p>\n<p>Fonte: G1<\/p>\n<\/div>\n<\/div>\n<\/div>\n<\/article>\n<\/div>\n","protected":false},"excerpt":{"rendered":"<p>Atrito entre Trump e UE reflete nova ordem mundial e acende alerta para o Brasil Insist\u00eancia dos EUA em incorporar<\/p>\n","protected":false},"author":1,"featured_media":12216,"comment_status":"open","ping_status":"open","sticky":false,"template":"","format":"standard","meta":{"colormag_page_container_layout":"default_layout","colormag_page_sidebar_layout":"default_layout","footnotes":""},"categories":[91],"tags":[],"class_list":["post-12213","post","type-post","status-publish","format-standard","has-post-thumbnail","hentry","category-mundo"],"_links":{"self":[{"href":"http:\/\/metropoleemfoco.com.br\/index.php?rest_route=\/wp\/v2\/posts\/12213","targetHints":{"allow":["GET"]}}],"collection":[{"href":"http:\/\/metropoleemfoco.com.br\/index.php?rest_route=\/wp\/v2\/posts"}],"about":[{"href":"http:\/\/metropoleemfoco.com.br\/index.php?rest_route=\/wp\/v2\/types\/post"}],"author":[{"embeddable":true,"href":"http:\/\/metropoleemfoco.com.br\/index.php?rest_route=\/wp\/v2\/users\/1"}],"replies":[{"embeddable":true,"href":"http:\/\/metropoleemfoco.com.br\/index.php?rest_route=%2Fwp%2Fv2%2Fcomments&post=12213"}],"version-history":[{"count":2,"href":"http:\/\/metropoleemfoco.com.br\/index.php?rest_route=\/wp\/v2\/posts\/12213\/revisions"}],"predecessor-version":[{"id":12324,"href":"http:\/\/metropoleemfoco.com.br\/index.php?rest_route=\/wp\/v2\/posts\/12213\/revisions\/12324"}],"wp:featuredmedia":[{"embeddable":true,"href":"http:\/\/metropoleemfoco.com.br\/index.php?rest_route=\/wp\/v2\/media\/12216"}],"wp:attachment":[{"href":"http:\/\/metropoleemfoco.com.br\/index.php?rest_route=%2Fwp%2Fv2%2Fmedia&parent=12213"}],"wp:term":[{"taxonomy":"category","embeddable":true,"href":"http:\/\/metropoleemfoco.com.br\/index.php?rest_route=%2Fwp%2Fv2%2Fcategories&post=12213"},{"taxonomy":"post_tag","embeddable":true,"href":"http:\/\/metropoleemfoco.com.br\/index.php?rest_route=%2Fwp%2Fv2%2Ftags&post=12213"}],"curies":[{"name":"wp","href":"https:\/\/api.w.org\/{rel}","templated":true}]}}