{"id":12083,"date":"2026-01-19T13:53:58","date_gmt":"2026-01-19T16:53:58","guid":{"rendered":"http:\/\/metropoleemfoco.com.br\/?p=12083"},"modified":"2026-01-19T13:53:58","modified_gmt":"2026-01-19T16:53:58","slug":"o-peso-da-retirada-dos-eua-dos-pactos-climaticos","status":"publish","type":"post","link":"http:\/\/metropoleemfoco.com.br\/?p=12083","title":{"rendered":"O peso da retirada dos EUA dos pactos clim\u00e1ticos"},"content":{"rendered":"<div class=\"mc-article-header\">\n<div class=\"row content-head mc-column non-featured \">\n<div class=\"title\" data-block-type=\"title\" data-block-id=\"0\">\n<h1 class=\"content-head__title\">O peso da retirada dos EUA dos pactos clim\u00e1ticos<\/h1>\n<\/div>\n<div class=\"medium-centered subtitle\">\n<h2 class=\"content-head__subtitle\">Falta de apoio de Washington dificulta coopera\u00e7\u00e3o para enfrentar crise clim\u00e1tica \u2013 mas Casa Branca est\u00e1 isolada, e novas alian\u00e7as e investimentos mant\u00eam expans\u00e3o de energias renov\u00e1veis.<\/h2>\n<\/div>\n<\/div>\n<div class=\"content__signa-share mc-column\">\n<div class=\"content__signature\">\n<div class=\"content-publication-data\">\n<div class=\"content-publication-data__logo\"><a href=\"https:\/\/www.dw.com\/pt-br\/not%C3%ADcias\/s-7111\" target=\"_blank\" rel=\"noopener\"><img decoding=\"async\" class=\"i-amphtml-fill-content i-amphtml-replaced-content\" src=\"https:\/\/s2-g1.glbimg.com\/N_tlLSNKeW-4BeBV-W2BSppZ3N8=\/48x48\/smart\/filters:strip_icc()\/s2.glbimg.com\/JInmNEuQ1XuvpzCoVX926PPggkk%3D\/200x0\/filters%3Aquality%2870%29\/i.s3.glbimg.com\/v1\/AUTH_59edd422c0c84a879bd37670ae4f538a\/internal_photos\/bs\/2016\/I\/7\/WLv6J7Tr2soveXjEP66g\/dw-150x150.jpg\" alt=\"TOPO\" \/><\/a><\/div>\n<div class=\"content-publication-data__text\">\n<p class=\"content-publication-data__from\" title=\"Deutsche Welle\">Por Deutsche Welle<\/p>\n<\/div>\n<\/div>\n<\/div>\n<\/div>\n<div class=\"glb-share-bar content__share-bar\">\n<div class=\"glb-share-bar_icons\">\n<div class=\"glb-share-bar_button-img\"><\/div>\n<div class=\"glb-share-bar_button-img\"><\/div>\n<div class=\"glb-share-bar_button-img\"><\/div>\n<\/div>\n<\/div>\n<\/div>\n<div class=\"mc-article-body\">\n<article>\n<div id=\"chunk-bjn8q\">\n<div class=\"row medium-uncollapsed content-media content-photo\" data-block-type=\"backstage-photo\" data-block-id=\"1\">\n<div class=\" mc-column  content-media__container\">\n<div class=\"content-media-container glb-skeleton-box\">\n<figure class=\"content-media-figure\"><img decoding=\"async\" class=\"i-amphtml-fill-content i-amphtml-replaced-content\" src=\"https:\/\/s2-g1.glbimg.com\/J8GOdxbENIu8GVeDOloJzMHZuo8=\/0x0:9000x6000\/984x0\/smart\/filters:strip_icc()\/i.s3.glbimg.com\/v1\/AUTH_59edd422c0c84a879bd37670ae4f538a\/internal_photos\/bs\/2026\/b\/E\/OjyLx7SgmLRGEibDSuhA\/beautiful-shot-waving-american-flag-white-pole-with-amazing-cloudy-sky-1-.jpg\" sizes=\"(max-width: 1600px) 648px, 100vw\" srcset=\"https:\/\/s2-g1.glbimg.com\/3m5juALUzrIxS9MW4Xhhqm0KWn4=\/0x0:9000x6000\/1000x0\/smart\/filters:strip_icc()\/i.s3.glbimg.com\/v1\/AUTH_59edd422c0c84a879bd37670ae4f538a\/internal_photos\/bs\/2026\/b\/E\/OjyLx7SgmLRGEibDSuhA\/beautiful-shot-waving-american-flag-white-pole-with-amazing-cloudy-sky-1-.jpg 1000w, https:\/\/s2-g1.glbimg.com\/J8GOdxbENIu8GVeDOloJzMHZuo8=\/0x0:9000x6000\/984x0\/smart\/filters:strip_icc()\/i.s3.glbimg.com\/v1\/AUTH_59edd422c0c84a879bd37670ae4f538a\/internal_photos\/bs\/2026\/b\/E\/OjyLx7SgmLRGEibDSuhA\/beautiful-shot-waving-american-flag-white-pole-with-amazing-cloudy-sky-1-.jpg 984w, https:\/\/s2-g1.glbimg.com\/0iE2Z8XS7RcLB8UUpDzc6XzVfEE=\/0x0:9000x6000\/640x0\/smart\/filters:strip_icc()\/i.s3.glbimg.com\/v1\/AUTH_59edd422c0c84a879bd37670ae4f538a\/internal_photos\/bs\/2026\/b\/E\/OjyLx7SgmLRGEibDSuhA\/beautiful-shot-waving-american-flag-white-pole-with-amazing-cloudy-sky-1-.jpg 640w, https:\/\/s2-g1.glbimg.com\/LK4NeJlimBe9wLmyVvcSOt1pRDM=\/0x0:9000x6000\/600x0\/smart\/filters:strip_icc()\/i.s3.glbimg.com\/v1\/AUTH_59edd422c0c84a879bd37670ae4f538a\/internal_photos\/bs\/2026\/b\/E\/OjyLx7SgmLRGEibDSuhA\/beautiful-shot-waving-american-flag-white-pole-with-amazing-cloudy-sky-1-.jpg 600w\" alt=\"Entre as entidades ambientais na lista est\u00e3o a Uni\u00e3o Internacional para a Conserva\u00e7\u00e3o da Natureza, a Ag\u00eancia Internacional de Energia Renov\u00e1vel e o Painel Intergovernamental sobre Mudan\u00e7as Clim\u00e1ticas.  \u2014 Foto: Freepik\" \/><\/figure>\n<\/div>\n<p class=\"content-media__description  \">Entre as entidades ambientais na lista est\u00e3o a Uni\u00e3o Internacional para a Conserva\u00e7\u00e3o da Natureza, a Ag\u00eancia Internacional de Energia Renov\u00e1vel e o Painel Intergovernamental sobre Mudan\u00e7as Clim\u00e1ticas. \u2014 Foto: Freepik<\/p>\n<\/div>\n<\/div>\n<\/div>\n<div id=\"chunk-27jon\">\n<div class=\"mc-column content-text active-extra-styles \" data-block-type=\"unstyled\" data-block-weight=\"49\" data-block-id=\"2\">\n<p class=\" content-text__container \" data-track-category=\"Link no Texto\" data-track-links=\"\" data-mrf-recirculation=\"Mat\u00e9ria - Links no Texto\">&#8220;Um novo patamar de retrocesso&#8221;. Assim descreveu a organiza\u00e7\u00e3o sem fins lucrativos americana Union of Concerned Scientists (UCS) sobre o plano de Donald Trump de retirar o pa\u00eds de 66 organiza\u00e7\u00f5es, conven\u00e7\u00f5es e tratados internacionais, sob a alega\u00e7\u00e3o de que eles n\u00e3o atendem mais aos interesses dos Estados Unidos.<\/p>\n<\/div>\n<\/div>\n<div class=\"wall protected-content\">\n<div id=\"chunk-o9f5\">\n<div class=\"mc-column content-text active-extra-styles \" data-block-type=\"unstyled\" data-block-weight=\"60\" data-block-id=\"4\">\n<p class=\" content-text__container \" data-track-category=\"Link no Texto\" data-track-links=\"\" data-mrf-recirculation=\"Mat\u00e9ria - Links no Texto\">Al\u00e9m de cortar financiamento e v\u00ednculos com iniciativas para a defesa da democracia e dos direitos humanos, como o Fundo das Na\u00e7\u00f5es Unidas para a Democracia, a ONU Mulheres e o F\u00f3rum Global sobre Migra\u00e7\u00e3o e Desenvolvimento, h\u00e1 um claro tom contra a defesa do meio ambiente e o enfrentamento das mudan\u00e7as clim\u00e1ticas na mais recente medida da Casa Branca.<\/p>\n<\/div>\n<\/div>\n<div id=\"chunk-d1ind\">\n<div class=\"mc-column content-text active-extra-styles \" data-block-type=\"unstyled\" data-block-weight=\"56\" data-block-id=\"6\">\n<p class=\" content-text__container \" data-track-category=\"Link no Texto\" data-track-links=\"\" data-mrf-recirculation=\"Mat\u00e9ria - Links no Texto\">Entre as entidades ambientais na lista est\u00e3o a Uni\u00e3o Internacional para a Conserva\u00e7\u00e3o da Natureza, a Ag\u00eancia Internacional de Energia Renov\u00e1vel e o Painel Intergovernamental sobre Mudan\u00e7as Clim\u00e1ticas. Tamb\u00e9m figura a Conven\u00e7\u00e3o-Quadro das Na\u00e7\u00f5es Unidas sobre Mudan\u00e7a do Clima (UNFCCC), sediada na cidade alem\u00e3 de Bonn e respons\u00e1vel pela organiza\u00e7\u00e3o das confer\u00eancias clim\u00e1ticas anuais da ONU.<\/p>\n<\/div>\n<\/div>\n<div id=\"chunk-e3knq\">\n<div class=\"mc-column content-text active-extra-styles \" data-block-type=\"unstyled\" data-block-weight=\"51\" data-block-id=\"7\">\n<p class=\" content-text__container \" data-track-category=\"Link no Texto\" data-track-links=\"\" data-mrf-recirculation=\"Mat\u00e9ria - Links no Texto\">Em 2015, os pa\u00edses signat\u00e1rios dessa conven\u00e7\u00e3o aprovaram o Acordo de Paris, comprometendo-se a evitar o aquecimento descontrolado do planeta. Trump, que nunca escondeu seu apoio \u00e0 ind\u00fastria do petr\u00f3leo e j\u00e1 chamou as mudan\u00e7as clim\u00e1ticas de &#8220;farsa&#8221;, anunciou seus planos de sair do acordo logo ap\u00f3s assumir o segundo mandato.<\/p>\n<\/div>\n<\/div>\n<div id=\"chunk-2e4o8\">\n<div class=\"mc-column content-text active-extra-styles \" data-block-type=\"unstyled\" data-block-weight=\"58\" data-block-id=\"10\">\n<p class=\" content-text__container \" data-track-category=\"Link no Texto\" data-track-links=\"\" data-mrf-recirculation=\"Mat\u00e9ria - Links no Texto\">Em comunicado divulgado ap\u00f3s o an\u00fancio da Casa Branca na quarta-feira, Rachel Cleetus, diretora de pol\u00edticas e economista-chefe do Programa de Clima e Energia da UCS, afirmou que a sa\u00edda dos EUA da UNFCCC \u00e9 &#8220;mais um sinal de que esta administra\u00e7\u00e3o autorit\u00e1ria e antici\u00eancia est\u00e1 determinada a sacrificar o bem-estar das pessoas e desestabilizar a coopera\u00e7\u00e3o global&#8221;.<\/p>\n<\/div>\n<\/div>\n<div id=\"chunk-3rs25\">\n<div class=\"mc-column content-text active-extra-styles\" data-block-type=\"raw\" data-block-weight=\"4\" data-block-id=\"11\">\n<div class=\"content-intertitle\">\n<h2>Impactos e rea\u00e7\u00f5es internacionais<\/h2>\n<\/div>\n<\/div>\n<\/div>\n<div id=\"chunk-9e2a4\">\n<div class=\"mc-column content-text active-extra-styles \" data-block-type=\"unstyled\" data-block-weight=\"58\" data-block-id=\"12\">\n<p class=\" content-text__container \" data-track-category=\"Link no Texto\" data-track-links=\"\" data-mrf-recirculation=\"Mat\u00e9ria - Links no Texto\">Petter Lyd\u00e9n, co-diretor da divis\u00e3o de pol\u00edtica clim\u00e1tica internacional da ONG ambiental Germanwatch, disse que a medida \u00e9 ruim tanto pela perda do financiamento vindo dos EUA quanto pelo fato de que &#8220;chegar a um consenso sobre coopera\u00e7\u00e3o internacional para enfrentar a crise clim\u00e1tica se torna muito mais dif\u00edcil quando um pa\u00eds t\u00e3o grande est\u00e1 ausente das negocia\u00e7\u00f5es&#8221;.<\/p>\n<\/div>\n<\/div>\n<div id=\"chunk-6pstl\">\n<div class=\"mc-column content-text active-extra-styles \" data-block-type=\"unstyled\" data-block-weight=\"35\" data-block-id=\"13\">\n<p class=\" content-text__container \" data-track-category=\"Link no Texto\" data-track-links=\"\" data-mrf-recirculation=\"Mat\u00e9ria - Links no Texto\">Em resposta ao an\u00fancio, o chefe de pol\u00edtica clim\u00e1tica da Uni\u00e3o Europeia, Wopke Hoekstra, escreveu no LinkedIn que a UNFCCC &#8220;sustenta a a\u00e7\u00e3o clim\u00e1tica global&#8221;, acrescentando que a decis\u00e3o de &#8220;recuar \u00e9 lament\u00e1vel e infeliz&#8221;.<\/p>\n<\/div>\n<\/div>\n<div id=\"chunk-d8cmq\">\n<div class=\"mc-column content-text active-extra-styles \" data-block-type=\"unstyled\" data-block-weight=\"20\" data-block-id=\"14\">\n<p class=\" content-text__container \" data-track-category=\"Link no Texto\" data-track-links=\"\" data-mrf-recirculation=\"Mat\u00e9ria - Links no Texto\">Ele garantiu que a Europa &#8220;continuar\u00e1 apoiando de forma inequ\u00edvoca a pesquisa clim\u00e1tica internacional, base do nosso entendimento e trabalho&#8221;.<\/p>\n<\/div>\n<\/div>\n<div id=\"chunk-fid93\">\n<div class=\"mc-column content-text active-extra-styles \" data-block-type=\"unstyled\" data-block-weight=\"45\" data-block-id=\"15\">\n<p class=\" content-text__container \" data-track-category=\"Link no Texto\" data-track-links=\"\" data-mrf-recirculation=\"Mat\u00e9ria - Links no Texto\">O ministro do Meio Ambiente da Alemanha, Carsten Schneider, afirmou que a decis\u00e3o &#8220;n\u00e3o foi surpresa&#8221;. Referindo-se \u00e0 confer\u00eancia clim\u00e1tica da ONU realizada em Bel\u00e9m no fim do ano passado, disse que estava claro que os EUA estavam isolados em sua posi\u00e7\u00e3o sobre prote\u00e7\u00e3o clim\u00e1tica.<\/p>\n<\/div>\n<\/div>\n<div id=\"chunk-f9cnk\">\n<div class=\"mc-column content-text active-extra-styles \" data-block-type=\"unstyled\" data-block-weight=\"36\" data-block-id=\"17\">\n<p class=\" content-text__container \" data-track-category=\"Link no Texto\" data-track-links=\"\" data-mrf-recirculation=\"Mat\u00e9ria - Links no Texto\">Ele citou &#8220;numerosas novas alian\u00e7as&#8221; em mercados internacionais de carbono, acelera\u00e7\u00e3o da elimina\u00e7\u00e3o dos combust\u00edveis f\u00f3sseis e at\u00e9 combate \u00e0s fake news sobre quest\u00f5es clim\u00e1ticas como prova de que outros pa\u00edses est\u00e3o comprometidos com a a\u00e7\u00e3o.<\/p>\n<\/div>\n<\/div>\n<div id=\"chunk-3te5n\">\n<div class=\"mc-column content-text active-extra-styles \" data-block-type=\"unstyled\" data-block-weight=\"44\" data-block-id=\"18\">\n<p class=\" content-text__container \" data-track-category=\"Link no Texto\" data-track-links=\"\" data-mrf-recirculation=\"Mat\u00e9ria - Links no Texto\">Lyd\u00e9n ressaltou que a dire\u00e7\u00e3o tomada pelos EUA n\u00e3o muda o fato de que a transi\u00e7\u00e3o para um futuro de baixo carbono est\u00e1 em curso. &#8220;A expans\u00e3o das energias renov\u00e1veis vai continuar&#8221;, afirmou, acrescentando que pa\u00edses que adotam solu\u00e7\u00f5es clim\u00e1ticas est\u00e3o colhendo benef\u00edcios econ\u00f4micos.<\/p>\n<\/div>\n<\/div>\n<div id=\"chunk-81cj6\">\n<div class=\"mc-column content-text active-extra-styles\" data-block-type=\"raw\" data-block-weight=\"5\" data-block-id=\"19\">\n<div class=\"content-intertitle\">\n<h2>A\u00e7\u00e3o clim\u00e1tica nos EUA prejudicada?<\/h2>\n<\/div>\n<\/div>\n<\/div>\n<div id=\"chunk-e1hq2\">\n<div class=\"mc-column content-text active-extra-styles \" data-block-type=\"unstyled\" data-block-weight=\"13\" data-block-id=\"20\">\n<p class=\" content-text__container \" data-track-category=\"Link no Texto\" data-track-links=\"\" data-mrf-recirculation=\"Mat\u00e9ria - Links no Texto\">A mais recente jogada de Trump foi duramente criticada por l\u00edderes clim\u00e1ticos americanos.<\/p>\n<\/div>\n<\/div>\n<div id=\"chunk-c1g5n\">\n<div class=\"mc-column content-text active-extra-styles \" data-block-type=\"unstyled\" data-block-weight=\"36\" data-block-id=\"21\">\n<p class=\" content-text__container \" data-track-category=\"Link no Texto\" data-track-links=\"\" data-mrf-recirculation=\"Mat\u00e9ria - Links no Texto\">Gina McCarthy, primeira conselheira nacional de clima da Casa Branca sob o governo Biden e atual presidente da coaliz\u00e3o America Is All In (AIAI), classificou a sa\u00edda da UNFCCC como &#8220;uma decis\u00e3o m\u00edope, vergonhosa e tola&#8221;.<\/p>\n<\/div>\n<\/div>\n<div id=\"chunk-8pb1l\">\n<div class=\"mc-column content-text active-extra-styles \" data-block-type=\"unstyled\" data-block-weight=\"33\" data-block-id=\"22\">\n<p class=\" content-text__container \" data-track-category=\"Link no Texto\" data-track-links=\"\" data-mrf-recirculation=\"Mat\u00e9ria - Links no Texto\">Segundo ela, isso significa abrir m\u00e3o da &#8220;capacidade de influenciar trilh\u00f5es de d\u00f3lares em investimentos, pol\u00edticas e decis\u00f5es que poderiam impulsionar nossa economia e nos proteger de desastres caros que assolam o pa\u00eds&#8221;.<\/p>\n<\/div>\n<\/div>\n<div id=\"chunk-1179j\">\n<div class=\"mc-column content-text active-extra-styles \" data-block-type=\"unstyled\" data-block-weight=\"30\" data-block-id=\"23\">\n<p class=\" content-text__container \" data-track-category=\"Link no Texto\" data-track-links=\"\" data-mrf-recirculation=\"Mat\u00e9ria - Links no Texto\">McCarthy acrescentou que a coaliz\u00e3o AIAI, que re\u00fane governos locais, estados, empresas, universidades e outros atores, continuar\u00e1 comprometida com a colabora\u00e7\u00e3o internacional para cumprir as metas do Acordo de Paris.<\/p>\n<\/div>\n<\/div>\n<div id=\"chunk-1mave\">\n<div class=\"mc-column content-text active-extra-styles \" data-block-type=\"unstyled\" data-block-weight=\"47\" data-block-id=\"24\">\n<p class=\" content-text__container \" data-track-category=\"Link no Texto\" data-track-links=\"\" data-mrf-recirculation=\"Mat\u00e9ria - Links no Texto\">Lyd\u00e9n, da Germanwatch, acredita que seria dif\u00edcil para a Calif\u00f3rnia ou outros estados preencherem totalmente a lacuna deixada por um governo federal ausente. No entanto, disse que h\u00e1 muito acontecendo al\u00e9m das &#8220;decis\u00f5es formais&#8221;, onde &#8220;n\u00edveis locais e regionais podem at\u00e9 ter mais protagonismo que o federal&#8221;.<\/p>\n<\/div>\n<\/div>\n<div id=\"chunk-fegjd\">\n<div class=\"mc-column content-text active-extra-styles \" data-block-type=\"unstyled\" data-block-weight=\"40\" data-block-id=\"26\">\n<p class=\" content-text__container \" data-track-category=\"Link no Texto\" data-track-links=\"\" data-mrf-recirculation=\"Mat\u00e9ria - Links no Texto\">McCarthy afirmou que a AIAI ampliar\u00e1 seus esfor\u00e7os &#8220;para trabalhar no n\u00edvel local e construir esperan\u00e7a e oportunidades&#8221;, e n\u00e3o permitir\u00e1 que esta administra\u00e7\u00e3o negue aos americanos os &#8220;enormes benef\u00edcios de sa\u00fade, seguran\u00e7a e economia que a energia limpa proporciona&#8221;.<\/p>\n<\/div>\n<\/div>\n<div id=\"chunk-1gjt\">\n<div class=\"mc-column content-text active-extra-styles \" data-block-type=\"unstyled\" data-block-weight=\"46\" data-block-id=\"27\">\n<p class=\" content-text__container \" data-track-category=\"Link no Texto\" data-track-links=\"\" data-mrf-recirculation=\"Mat\u00e9ria - Links no Texto\">Rachel Cleetus tamb\u00e9m destacou que estados americanos com vis\u00e3o de futuro e o restante do mundo entendem a amea\u00e7a crescente das mudan\u00e7as clim\u00e1ticas e reconhecem que &#8220;a a\u00e7\u00e3o global coletiva continua sendo o \u00fanico caminho vi\u00e1vel para garantir um futuro habit\u00e1vel para nossos filhos e netos&#8221;.<\/p>\n<\/div>\n<\/div>\n<div data-track-category=\"multicontent\" data-track-action=\"multicontent\" data-track-noninteraction=\"false\" data-track-scroll=\"ultimo chunk conteudo\" data-track-value=\"view\">\n<div id=\"chunk-djs8o\">\n<div class=\"mc-column content-text active-extra-styles \" data-block-type=\"unstyled\" data-block-weight=\"3\" data-block-id=\"28\">\n<p class=\" content-text__container \" data-track-category=\"Link no Texto\" data-track-links=\"\" data-mrf-recirculation=\"Mat\u00e9ria - Links no Texto\"><em>Autor: Jeannette Cwienk<\/p>\n<p><\/em>Foonte: G1<\/p>\n<\/div>\n<\/div>\n<\/div>\n<\/div>\n<\/article>\n<\/div>\n","protected":false},"excerpt":{"rendered":"<p>O peso da retirada dos EUA dos pactos clim\u00e1ticos Falta de apoio de Washington dificulta coopera\u00e7\u00e3o para enfrentar crise clim\u00e1tica<\/p>\n","protected":false},"author":1,"featured_media":12088,"comment_status":"open","ping_status":"open","sticky":false,"template":"","format":"standard","meta":{"colormag_page_container_layout":"default_layout","colormag_page_sidebar_layout":"default_layout","footnotes":""},"categories":[98],"tags":[],"class_list":["post-12083","post","type-post","status-publish","format-standard","has-post-thumbnail","hentry","category-meio-ambiente"],"_links":{"self":[{"href":"http:\/\/metropoleemfoco.com.br\/index.php?rest_route=\/wp\/v2\/posts\/12083","targetHints":{"allow":["GET"]}}],"collection":[{"href":"http:\/\/metropoleemfoco.com.br\/index.php?rest_route=\/wp\/v2\/posts"}],"about":[{"href":"http:\/\/metropoleemfoco.com.br\/index.php?rest_route=\/wp\/v2\/types\/post"}],"author":[{"embeddable":true,"href":"http:\/\/metropoleemfoco.com.br\/index.php?rest_route=\/wp\/v2\/users\/1"}],"replies":[{"embeddable":true,"href":"http:\/\/metropoleemfoco.com.br\/index.php?rest_route=%2Fwp%2Fv2%2Fcomments&post=12083"}],"version-history":[{"count":1,"href":"http:\/\/metropoleemfoco.com.br\/index.php?rest_route=\/wp\/v2\/posts\/12083\/revisions"}],"predecessor-version":[{"id":12089,"href":"http:\/\/metropoleemfoco.com.br\/index.php?rest_route=\/wp\/v2\/posts\/12083\/revisions\/12089"}],"wp:featuredmedia":[{"embeddable":true,"href":"http:\/\/metropoleemfoco.com.br\/index.php?rest_route=\/wp\/v2\/media\/12088"}],"wp:attachment":[{"href":"http:\/\/metropoleemfoco.com.br\/index.php?rest_route=%2Fwp%2Fv2%2Fmedia&parent=12083"}],"wp:term":[{"taxonomy":"category","embeddable":true,"href":"http:\/\/metropoleemfoco.com.br\/index.php?rest_route=%2Fwp%2Fv2%2Fcategories&post=12083"},{"taxonomy":"post_tag","embeddable":true,"href":"http:\/\/metropoleemfoco.com.br\/index.php?rest_route=%2Fwp%2Fv2%2Ftags&post=12083"}],"curies":[{"name":"wp","href":"https:\/\/api.w.org\/{rel}","templated":true}]}}