{"id":10813,"date":"2025-12-09T23:47:45","date_gmt":"2025-12-10T02:47:45","guid":{"rendered":"http:\/\/metropoleemfoco.com.br\/?p=10813"},"modified":"2025-12-09T23:47:45","modified_gmt":"2025-12-10T02:47:45","slug":"alesp-aprova-lei-do-icms-educacao-para-valorizar-municipios-com-melhores-indicadores-escolares","status":"publish","type":"post","link":"http:\/\/metropoleemfoco.com.br\/?p=10813","title":{"rendered":"Alesp aprova lei do ICMS Educa\u00e7\u00e3o para valorizar munic\u00edpios com melhores indicadores escolares"},"content":{"rendered":"<div id=\"noticias-interna\" class=\"elementor-element elementor-element-c4536fa header-noticias-leitura e-flex e-con-boxed e-con e-parent e-lazyloaded\" data-id=\"c4536fa\" data-element_type=\"container\" data-settings=\"{&quot;_ha_eqh_enable&quot;:false}\">\n<div class=\"e-con-inner\">\n<div class=\"elementor-element elementor-element-2028351 elementor-widget__width-initial titulo-conteudo elementor-widget elementor-widget-theme-post-title elementor-page-title elementor-widget-heading\" data-id=\"2028351\" data-element_type=\"widget\" data-widget_type=\"theme-post-title.default\">\n<div class=\"elementor-widget-container\">\n<h1 class=\"elementor-heading-title elementor-size-default\">Alesp aprova lei do ICMS Educa\u00e7\u00e3o para valorizar munic\u00edpios com melhores indicadores escolares<\/h1>\n<\/div>\n<\/div>\n<div class=\"elementor-element elementor-element-4784657 elementor-widget__width-initial elementor-widget elementor-widget-theme-post-excerpt\" data-id=\"4784657\" data-element_type=\"widget\" data-widget_type=\"theme-post-excerpt.default\">\n<div class=\"elementor-widget-container\">Lei segue para san\u00e7\u00e3o do governador Tarc\u00edsio de Freitas; texto prop\u00f5e distribui\u00e7\u00e3o de recursos com base em desempenho educacional<\/div>\n<\/div>\n<div class=\"elementor-element elementor-element-2133f16 compartilhe e-con-full e-flex e-con e-child\" data-id=\"2133f16\" data-element_type=\"container\" data-settings=\"{&quot;_ha_eqh_enable&quot;:false}\">\n<div class=\"elementor-element elementor-element-a8be681 e-con-full e-flex e-con e-child\" data-id=\"a8be681\" data-element_type=\"container\" data-settings=\"{&quot;_ha_eqh_enable&quot;:false}\">\n<div class=\"elementor-element elementor-element-4b063fb elementor-widget elementor-widget-image\" data-id=\"4b063fb\" data-element_type=\"widget\" data-widget_type=\"image.default\"><\/div>\n<div class=\"elementor-element elementor-element-888f86d elementor-share-buttons--view-icon elementor-share-buttons--skin-framed elementor-share-buttons--shape-circle elementor-share-buttons--align-left elementor-share-buttons--color-custom elementor-grid-0 elementor-widget elementor-widget-share-buttons\" data-id=\"888f86d\" data-element_type=\"widget\" data-settings=\"{&quot;share_url&quot;:{&quot;url&quot;:&quot;https:\\\/\\\/www.agenciasp.sp.gov.br\\\/alesp-aprova-lei-do-icms-educacao-para-valorizar-municipios-com-melhores-indicadores-escolares\\\/&quot;,&quot;is_external&quot;:&quot;&quot;,&quot;nofollow&quot;:&quot;&quot;,&quot;custom_attributes&quot;:&quot;&quot;}}\" data-widget_type=\"share-buttons.default\">\n<div class=\"elementor-widget-container\">\n<div class=\"elementor-grid\">\n<div class=\"elementor-grid-item\">\n<div class=\"elementor-share-btn elementor-share-btn_x-twitter\" tabindex=\"0\" role=\"button\" aria-label=\"Compartilhar no x-twitter\"><\/div>\n<\/div>\n<div class=\"elementor-grid-item\">\n<div class=\"elementor-share-btn elementor-share-btn_email\" tabindex=\"0\" role=\"button\" aria-label=\"Compartilhar no email\"><\/div>\n<\/div>\n<\/div>\n<\/div>\n<\/div>\n<\/div>\n<\/div>\n<\/div>\n<\/div>\n<div class=\"elementor-element elementor-element-0e5ecd1 imagem-top-post e-flex e-con-boxed e-con e-parent e-lazyloaded\" data-id=\"0e5ecd1\" data-element_type=\"container\" data-settings=\"{&quot;background_background&quot;:&quot;classic&quot;,&quot;background_motion_fx_motion_fx_scrolling&quot;:&quot;yes&quot;,&quot;background_motion_fx_devices&quot;:[&quot;desktop&quot;,&quot;tablet&quot;,&quot;mobile&quot;],&quot;_ha_eqh_enable&quot;:false}\">\n<div class=\"e-con-inner\">\n<div class=\"elementor-element elementor-element-ced2435 elementor-widget__width-inherit capa-post elementor-widget elementor-widget-theme-post-featured-image elementor-widget-image\" data-id=\"ced2435\" data-element_type=\"widget\" data-widget_type=\"theme-post-featured-image.default\">\n<div class=\"elementor-widget-container\"><img loading=\"lazy\" decoding=\"async\" class=\"attachment-large size-large wp-image-43704\" src=\"https:\/\/www.agenciasp.sp.gov.br\/wp-content\/uploads\/2025\/02\/54327676745_96769e8195_k-1024x683.jpg\" sizes=\"auto, (max-width: 800px) 100vw, 800px\" srcset=\"https:\/\/www.agenciasp.sp.gov.br\/wp-content\/uploads\/2025\/02\/54327676745_96769e8195_k-1024x683.jpg 1024w, https:\/\/www.agenciasp.sp.gov.br\/wp-content\/uploads\/2025\/02\/54327676745_96769e8195_k-300x200.jpg 300w, https:\/\/www.agenciasp.sp.gov.br\/wp-content\/uploads\/2025\/02\/54327676745_96769e8195_k-768x512.jpg 768w, https:\/\/www.agenciasp.sp.gov.br\/wp-content\/uploads\/2025\/02\/54327676745_96769e8195_k-1536x1024.jpg 1536w, https:\/\/www.agenciasp.sp.gov.br\/wp-content\/uploads\/2025\/02\/54327676745_96769e8195_k.jpg 2048w\" alt=\"Escolas climatizadas\" width=\"800\" height=\"534\" \/><\/div>\n<\/div>\n<div class=\"elementor-element elementor-element-5c2830d elementor-align-center elementor-absolute tarja-categoria-leitura-materia elementor-widget elementor-widget-post-info\" data-id=\"5c2830d\" data-element_type=\"widget\" data-settings=\"{&quot;_position&quot;:&quot;absolute&quot;}\" data-widget_type=\"post-info.default\">\n<div class=\"elementor-widget-container\">\n<ul class=\"elementor-icon-list-items elementor-post-info\">\n<li class=\"elementor-icon-list-item elementor-repeater-item-78f4fb6\"><span class=\"elementor-icon-list-text elementor-post-info__item elementor-post-info__item--type-terms\"><span class=\"elementor-post-info__terms-list\"><a class=\"elementor-post-info__terms-list-item\" role=\"link\" href=\"https:\/\/www.agenciasp.sp.gov.br\/editoria\/educacao\/\">Educa\u00e7\u00e3o<\/a><\/span><\/span><\/li>\n<\/ul>\n<\/div>\n<\/div>\n<\/div>\n<\/div>\n<div class=\"elementor-element elementor-element-5c5279b noticias-content e-flex e-con-boxed e-con e-parent e-lazyloaded\" data-id=\"5c5279b\" data-element_type=\"container\" data-settings=\"{&quot;_ha_eqh_enable&quot;:false}\">\n<div class=\"e-con-inner\">\n<div class=\"elementor-element elementor-element-753696f legenda-fotos elementor-widget elementor-widget-text-editor\" data-id=\"753696f\" data-element_type=\"widget\" data-widget_type=\"text-editor.default\">\n<div class=\"elementor-widget-container\">Munic\u00edpios v\u00e3o receber mais de R$ 800 milh\u00f5es. Foto: Divulga\u00e7\u00e3o<\/div>\n<\/div>\n<div class=\"elementor-element elementor-element-cb76742 elementor-widget elementor-widget-post-info\" data-id=\"cb76742\" data-element_type=\"widget\" data-widget_type=\"post-info.default\">\n<div class=\"elementor-widget-container\">\n<ul class=\"elementor-inline-items elementor-icon-list-items elementor-post-info\">\n<li class=\"elementor-icon-list-item elementor-repeater-item-ca87380 elementor-inline-item\"><span class=\"elementor-icon-list-text elementor-post-info__item elementor-post-info__item--type-custom\">Ag\u00eancia SP<\/span><\/li>\n<\/ul>\n<\/div>\n<\/div>\n<div class=\"elementor-element elementor-element-8cc89f6 e-con-full e-flex e-con e-child\" data-id=\"8cc89f6\" data-element_type=\"container\" data-settings=\"{&quot;_ha_eqh_enable&quot;:false}\">\n<div class=\"elementor-element elementor-element-0b409b9 elementor-align-left data-atualizado elementor-widget elementor-widget-post-info\" data-id=\"0b409b9\" data-element_type=\"widget\" data-widget_type=\"post-info.default\">\n<div class=\"elementor-widget-container\"><\/div>\n<\/div>\n<div class=\"elementor-element elementor-element-d4b75ed data-atualizado elementor-widget elementor-widget-shortcode\" data-id=\"d4b75ed\" data-element_type=\"widget\" data-widget_type=\"shortcode.default\"><\/div>\n<\/div>\n<div class=\"elementor-element elementor-element-5a922b4 conteudo-post elementor-widget elementor-widget-theme-post-content\" data-id=\"5a922b4\" data-element_type=\"widget\" data-widget_type=\"theme-post-content.default\">\n<div class=\"elementor-widget-container\">\n<p>A Assembleia Legislativa do Estado de S\u00e3o Paulo (Alesp) aprovou nesta ter\u00e7a-feira (9) a lei que regulamenta o ICMS Educa\u00e7\u00e3o. Agora, a legisla\u00e7\u00e3o segue para san\u00e7\u00e3o do governador Tarc\u00edsio de Freitas. A proposta, elaborada pela Secretaria da Educa\u00e7\u00e3o do Estado (Seduc-SP), visa aperfei\u00e7oar a legisla\u00e7\u00e3o estadual e atender \u00e0s determina\u00e7\u00f5es da Emenda Constitucional n\u00ba 108\/2020 que definiu o Novo Fundeb e exige que parte da cota-parte do imposto sobre circula\u00e7\u00e3o de mercadorias e servi\u00e7os seja distribu\u00edda entre os munic\u00edpios com base em indicadores de aprendizagem e equidade. A estimativa \u00e9 que sejam redistribu\u00eddos mais de R$ 800 milh\u00f5es entre as cidades paulistas.<\/p>\n<p>At\u00e9 o momento, a Lei estadual n\u00ba 3.201\/1981, modificada pela Lei n\u00ba 17.575\/2022, definia que 13% da arrecada\u00e7\u00e3o do ICMS fossem destinados \u00e0 educa\u00e7\u00e3o. Por\u00e9m, apenas metade deste valor era distribu\u00edda conforme crit\u00e9rios de qualidade da educa\u00e7\u00e3o. A outra metade leva em conta o porte do munic\u00edpio.<\/p>\n<p>A legisla\u00e7\u00e3o proposta pela Seduc-SP corrige essa distor\u00e7\u00e3o e passa a vincular 100% dos recursos exclusivamente a indicadores educacionais de desempenho e equidade, em conformidade com a Constitui\u00e7\u00e3o. Com isso, S\u00e3o Paulo passa a incentivar a melhoria cont\u00ednua da educa\u00e7\u00e3o nos munic\u00edpios.<\/p>\n<p>\u201cO percentual continua sendo de 13% da arrecada\u00e7\u00e3o do ICMS, como previsto na legisla\u00e7\u00e3o vigente. O que muda \u00e9 a forma de distribui\u00e7\u00e3o desses recursos entre os munic\u00edpios. Ao vincular os repasses a indicadores de desempenho, incentivamos os munic\u00edpios a investir continuamente na qualidade da educa\u00e7\u00e3o e na cria\u00e7\u00e3o de uma cultura de excel\u00eancia e responsabilidade na gest\u00e3o educacional. Trata-se de um compromisso com a equidade e com o futuro das nossas crian\u00e7as\u201d, destacou o secret\u00e1rio da Educa\u00e7\u00e3o, Renato Feder.<\/p>\n<h2 class=\"wp-block-heading\">\u00cdndice de Qualidade da Educa\u00e7\u00e3o Municipal (IQEM)<\/h2>\n<p>Para a redistribui\u00e7\u00e3o do ICMS, entre os mecanismos da legisla\u00e7\u00e3o da Seduc-SP est\u00e1 a altera\u00e7\u00e3o do \u00cdndice de Qualidade da Educa\u00e7\u00e3o Municipal (IQEM). O IQEM, por sua vez, ser\u00e1 composto pelo resultado das avalia\u00e7\u00f5es do Sistema de Avalia\u00e7\u00e3o de Rendimento Escolar de S\u00e3o Paulo (Saresp) \u2014 principal ferramenta utilizada para medir o desempenho dos estudantes no 2\u00ba e 5\u00ba anos do Ensino Fundamental da rede estadual e tamb\u00e9m das redes municipais. Nesse sentido, a nova f\u00f3rmula de c\u00e1lculo prev\u00ea:<\/p>\n<ul class=\"wp-block-list\">\n<li>40% para desempenho em alfabetiza\u00e7\u00e3o (alunos do 2\u00ba ano do Ensino Fundamental);<\/li>\n<li>40% para desempenho em aprendizagem nos anos iniciais (alunos do 5\u00ba ano do Ensino Fundamental);<\/li>\n<li>10% para equidade, com base no n\u00edvel socioecon\u00f4mico dos estudantes;<\/li>\n<li>10% para percentual de matr\u00edculas em tempo integral, nos anos iniciais do Ensino Fundamental.<\/li>\n<\/ul>\n<p>As metas de melhoria ser\u00e3o definidas por munic\u00edpio, a depender da sua pr\u00f3pria evolu\u00e7\u00e3o e n\u00e3o entre pares. O c\u00e1lculo tamb\u00e9m garante que munic\u00edpios com maior percentual de alunos em situa\u00e7\u00e3o de vulnerabilidade entre os matriculados nos anos iniciais recebam incentivos adicionais.\u201d<\/p>\n<p>Para evitar mudan\u00e7as abruptas, o texto enviado \u00e0 Alesp estabelecia um per\u00edodo de transi\u00e7\u00e3o gradual entre os anos de 2026 e 2028.<\/p>\n<p>\u201cA iniciativa \u00e9 inspirada em boas pr\u00e1ticas adotadas por estados como o Cear\u00e1 e tem como objetivo estimular a melhoria cont\u00ednua das redes de ensino municipais, com foco em resultados concretos, especialmente na alfabetiza\u00e7\u00e3o na idade certa, aprendizagem nos anos iniciais e amplia\u00e7\u00e3o do tempo integral \u2014 sem preju\u00edzo \u00e0 autonomia dos entes federados\u201d, acrescentar Feder.<br \/>\nAnualmente, os resultados ser\u00e3o disponibilizados em um painel com relat\u00f3rios anuais. A Alesp acrescentou \u00e0 lei a possibilidade de que, ap\u00f3s os resultados, as prefeituras tenham 30 dias para a apresenta\u00e7\u00e3o de recursos.<\/p>\n<p>Fonte: AgenciaSpGov<\/p>\n<\/div>\n<\/div>\n<\/div>\n<\/div>\n","protected":false},"excerpt":{"rendered":"<p>Alesp aprova lei do ICMS Educa\u00e7\u00e3o para valorizar munic\u00edpios com melhores indicadores escolares Lei segue para san\u00e7\u00e3o do governador Tarc\u00edsio<\/p>\n","protected":false},"author":1,"featured_media":10829,"comment_status":"open","ping_status":"open","sticky":false,"template":"","format":"standard","meta":{"colormag_page_container_layout":"default_layout","colormag_page_sidebar_layout":"default_layout","footnotes":""},"categories":[1],"tags":[],"class_list":["post-10813","post","type-post","status-publish","format-standard","has-post-thumbnail","hentry","category-geral"],"_links":{"self":[{"href":"http:\/\/metropoleemfoco.com.br\/index.php?rest_route=\/wp\/v2\/posts\/10813","targetHints":{"allow":["GET"]}}],"collection":[{"href":"http:\/\/metropoleemfoco.com.br\/index.php?rest_route=\/wp\/v2\/posts"}],"about":[{"href":"http:\/\/metropoleemfoco.com.br\/index.php?rest_route=\/wp\/v2\/types\/post"}],"author":[{"embeddable":true,"href":"http:\/\/metropoleemfoco.com.br\/index.php?rest_route=\/wp\/v2\/users\/1"}],"replies":[{"embeddable":true,"href":"http:\/\/metropoleemfoco.com.br\/index.php?rest_route=%2Fwp%2Fv2%2Fcomments&post=10813"}],"version-history":[{"count":1,"href":"http:\/\/metropoleemfoco.com.br\/index.php?rest_route=\/wp\/v2\/posts\/10813\/revisions"}],"predecessor-version":[{"id":10830,"href":"http:\/\/metropoleemfoco.com.br\/index.php?rest_route=\/wp\/v2\/posts\/10813\/revisions\/10830"}],"wp:featuredmedia":[{"embeddable":true,"href":"http:\/\/metropoleemfoco.com.br\/index.php?rest_route=\/wp\/v2\/media\/10829"}],"wp:attachment":[{"href":"http:\/\/metropoleemfoco.com.br\/index.php?rest_route=%2Fwp%2Fv2%2Fmedia&parent=10813"}],"wp:term":[{"taxonomy":"category","embeddable":true,"href":"http:\/\/metropoleemfoco.com.br\/index.php?rest_route=%2Fwp%2Fv2%2Fcategories&post=10813"},{"taxonomy":"post_tag","embeddable":true,"href":"http:\/\/metropoleemfoco.com.br\/index.php?rest_route=%2Fwp%2Fv2%2Ftags&post=10813"}],"curies":[{"name":"wp","href":"https:\/\/api.w.org\/{rel}","templated":true}]}}