{"id":10812,"date":"2025-12-09T23:46:20","date_gmt":"2025-12-10T02:46:20","guid":{"rendered":"http:\/\/metropoleemfoco.com.br\/?p=10812"},"modified":"2025-12-09T23:46:20","modified_gmt":"2025-12-10T02:46:20","slug":"cidade-de-sao-paulo-conquista-certificacao-historica-no-programa-municipio-verdeazul","status":"publish","type":"post","link":"http:\/\/metropoleemfoco.com.br\/?p=10812","title":{"rendered":"Cidade de S\u00e3o Paulo conquista certifica\u00e7\u00e3o hist\u00f3rica no Programa Munic\u00edpio VerdeAzul"},"content":{"rendered":"<h1 class=\"psp-news-title mb-2\">Cidade de S\u00e3o Paulo conquista certifica\u00e7\u00e3o hist\u00f3rica no Programa Munic\u00edpio VerdeAzul<\/h1>\n<h2 class=\"psp-news-description mb-5\">Reconhecimento consolida o avan\u00e7o cont\u00ednuo da capital na agenda ambiental com iniciativas premiadas internacionalmente<\/h2>\n<div class=\"psp-news-text\">\n<p>A cidade de S\u00e3o Paulo alcan\u00e7ou o melhor desempenho de sua hist\u00f3ria no Programa Munic\u00edpio VerdeAzul (PMVA), do Governo do Estado, atingindo 96,5 pontos no ciclo 2024-2025. O resultado, divulgado nesta ter\u00e7a-feira (9), garantiu \u00e0 capital paulista n\u00e3o apenas a certifica\u00e7\u00e3o ambiental do Estado, mas tamb\u00e9m o primeiro lugar entre os munic\u00edpios com mais de 500 mil habitantes e, pela primeira vez, o Pr\u00eamio Governador Franco Montoro.<\/p>\n<p>Criado em 2007, o PMVA avalia anualmente a efici\u00eancia da gest\u00e3o ambiental dos munic\u00edpios paulistas com base em dez diretivas: Governan\u00e7a Ambiental, Adapta\u00e7\u00e3o \u00e0s Mudan\u00e7as Clim\u00e1ticas, Educa\u00e7\u00e3o Ambiental, Saneamento B\u00e1sico, Res\u00edduos S\u00f3lidos, Qualidade do Ar e Mitiga\u00e7\u00e3o de GEE, Biodiversidade, Arboriza\u00e7\u00e3o Urbana, Recursos H\u00eddricos e Zoneamento Ecol\u00f3gico-Econ\u00f4mico. Recebem a certifica\u00e7\u00e3o as cidades que atingem pelo menos 75 pontos. Neste ciclo, S\u00e3o Paulo alcan\u00e7ou nota m\u00e1xima em oito das dez diretivas.<\/p>\n<p>Durante a solenidade, o prefeito Ricardo Nunes destacou a import\u00e2ncia da premia\u00e7\u00e3o para a capital. \u201cEssa conquista \u00e9 o reconhecimento do trabalho de muita gente. Mais de mil \u00f4nibus el\u00e9tricos, 54% de \u00e1reas de cobertura vegetal, mais de 120 mil \u00e1rvores plantadas s\u00f3 neste ano, invent\u00e1rio arb\u00f3reo, tantas e tantas a\u00e7\u00f5es que n\u00f3s desenvolvemos, a amplia\u00e7\u00e3o dos parques, e a nossa cidade est\u00e1 premiada com a primeira coloca\u00e7\u00e3o\u201d, disse.<\/p>\n<p>A conquista consolida um avan\u00e7o cont\u00ednuo da capital na agenda ambiental. Entre 2019 e 2020, a cidade j\u00e1 havia cumprido a meta do seu Programa de Metas de subir 200 posi\u00e7\u00f5es no ranking \u2013 saltando da 459\u00aa para a 259\u00aa coloca\u00e7\u00e3o \u2013, mas ainda sem atingir a pontua\u00e7\u00e3o m\u00ednima para certifica\u00e7\u00e3o. Em 2024, o marco finalmente foi alcan\u00e7ado.<\/p>\n<p><strong>Reconhecimentos internacionais<\/strong><br \/>\nO desempenho de S\u00e3o Paulo n\u00e3o se limita ao PMVA. Em mar\u00e7o, pelo quarto ano consecutivo, o munic\u00edpio foi reconhecido pela ONU como \u201cCidade \u00c1rvore do Mundo\u201d (Tree Cities of the World), em parceria com a FAO e a Arbor Day Foundation. Em novembro, a cidade recebeu na COP30 o pr\u00eamio Local Leaders Awards, da Bloomberg Philanthropies, pelo programa de eletrifica\u00e7\u00e3o da frota de \u00f4nibus.<\/p>\n<p><strong>Coordena\u00e7\u00e3o intersecretarial<\/strong><br \/>\nA entrega do resultado reflete a articula\u00e7\u00e3o entre diversas \u00e1reas do munic\u00edpio. A Secretaria Municipal do Verde e do Meio Ambiente coordenou o processo, enviando 122 documentos comprobat\u00f3rios e articulando a\u00e7\u00f5es com a SP Regula e outras 12 secretarias, entre elas Gest\u00e3o, Mudan\u00e7as Clim\u00e1ticas, Planejamento, Subprefeituras, Infraestrutura Urbana e Obras, Mobilidade e Transporte, Seguran\u00e7a Urbana, Urbanismo e Licenciamento, Desenvolvimento Econ\u00f4mico e Sa\u00fade.<\/p>\n<p>Para o secret\u00e1rio Rodrigo Ashiuchi, o desempenho consolida S\u00e3o Paulo como refer\u00eancia ambiental. \u201cEsse resultado hist\u00f3rico demonstra o compromisso permanente da cidade com pol\u00edticas ambientais baseadas em planejamento, t\u00e9cnica e integra\u00e7\u00e3o entre as \u00e1reas da Prefeitura.\u201d<\/p>\n<p><strong>A\u00e7\u00f5es ambientais da Prefeitura de S\u00e3o Paulo<\/strong><br \/>\nA certifica\u00e7\u00e3o reconhece o conjunto de pol\u00edticas que v\u00eam sendo implementadas pela Prefeitura para tornar a cidade mais resiliente, verde e preparada para os efeitos das mudan\u00e7as clim\u00e1ticas. Entre os principais destaques est\u00e3o:<\/p>\n<p>* Mais de 50% do territ\u00f3rio da capital possui cobertura vegetal.<br \/>\n* \u00c1reas equivalentes a 11% do territ\u00f3rio foram declaradas de utilidade p\u00fablica para preserva\u00e7\u00e3o da vegeta\u00e7\u00e3o nativa. Mais de 500 hectares j\u00e1 foram desapropriados \u2013 4,4 vezes a \u00e1rea do Parque Ibirapuera.<br \/>\n* Doze novos parques foram entregues desde 2021; outros tr\u00eas est\u00e3o em obras. Quatro novas Unidades de Conserva\u00e7\u00e3o foram criadas, totalizando 14 na cidade.<br \/>\n* Aproximadamente 300 mil \u00e1rvores foram plantadas nos \u00faltimos anos; o programa S\u00e3o Paulo + Verde prev\u00ea o plantio de mais 200 mil.<br \/>\n* O novo Invent\u00e1rio Arb\u00f3reo, iniciado em setembro, utiliza tecnologia para catalogar e mapear exemplares, permitindo planejamento estrat\u00e9gico do manejo e novas \u00e1reas de plantio.<br \/>\n* O munic\u00edpio tem metas internacionais de redu\u00e7\u00e3o de emiss\u00f5es de carbono e j\u00e1 colocou em circula\u00e7\u00e3o mais de 1.000 \u00f4nibus sustent\u00e1veis e 200 caminh\u00f5es de coleta movidos a biometano.<br \/>\n* O Or\u00e7amento Clim\u00e1tico incorpora a agenda ambiental ao planejamento fiscal, com R$ 122 bilh\u00f5es previstos para o quadri\u00eanio.<br \/>\n* O PlanClima SP, lan\u00e7ado em 2021, contabiliza 86% das a\u00e7\u00f5es em andamento e 57% dos indicadores com avan\u00e7os.<\/p>\n<p>Fonte: PrefeituraSpGov<\/p>\n<\/div>\n","protected":false},"excerpt":{"rendered":"<p>Cidade de S\u00e3o Paulo conquista certifica\u00e7\u00e3o hist\u00f3rica no Programa Munic\u00edpio VerdeAzul Reconhecimento consolida o avan\u00e7o cont\u00ednuo da capital na agenda<\/p>\n","protected":false},"author":1,"featured_media":10827,"comment_status":"open","ping_status":"open","sticky":false,"template":"","format":"standard","meta":{"colormag_page_container_layout":"default_layout","colormag_page_sidebar_layout":"default_layout","footnotes":""},"categories":[9],"tags":[],"class_list":["post-10812","post","type-post","status-publish","format-standard","has-post-thumbnail","hentry","category-saude"],"_links":{"self":[{"href":"http:\/\/metropoleemfoco.com.br\/index.php?rest_route=\/wp\/v2\/posts\/10812","targetHints":{"allow":["GET"]}}],"collection":[{"href":"http:\/\/metropoleemfoco.com.br\/index.php?rest_route=\/wp\/v2\/posts"}],"about":[{"href":"http:\/\/metropoleemfoco.com.br\/index.php?rest_route=\/wp\/v2\/types\/post"}],"author":[{"embeddable":true,"href":"http:\/\/metropoleemfoco.com.br\/index.php?rest_route=\/wp\/v2\/users\/1"}],"replies":[{"embeddable":true,"href":"http:\/\/metropoleemfoco.com.br\/index.php?rest_route=%2Fwp%2Fv2%2Fcomments&post=10812"}],"version-history":[{"count":1,"href":"http:\/\/metropoleemfoco.com.br\/index.php?rest_route=\/wp\/v2\/posts\/10812\/revisions"}],"predecessor-version":[{"id":10828,"href":"http:\/\/metropoleemfoco.com.br\/index.php?rest_route=\/wp\/v2\/posts\/10812\/revisions\/10828"}],"wp:featuredmedia":[{"embeddable":true,"href":"http:\/\/metropoleemfoco.com.br\/index.php?rest_route=\/wp\/v2\/media\/10827"}],"wp:attachment":[{"href":"http:\/\/metropoleemfoco.com.br\/index.php?rest_route=%2Fwp%2Fv2%2Fmedia&parent=10812"}],"wp:term":[{"taxonomy":"category","embeddable":true,"href":"http:\/\/metropoleemfoco.com.br\/index.php?rest_route=%2Fwp%2Fv2%2Fcategories&post=10812"},{"taxonomy":"post_tag","embeddable":true,"href":"http:\/\/metropoleemfoco.com.br\/index.php?rest_route=%2Fwp%2Fv2%2Ftags&post=10812"}],"curies":[{"name":"wp","href":"https:\/\/api.w.org\/{rel}","templated":true}]}}