{"id":10811,"date":"2025-12-09T23:45:02","date_gmt":"2025-12-10T02:45:02","guid":{"rendered":"http:\/\/metropoleemfoco.com.br\/?p=10811"},"modified":"2025-12-09T23:45:02","modified_gmt":"2025-12-10T02:45:02","slug":"policiais-vao-atender-ocorrencia-e-casa-explode-na-zona-norte-de-sp-tres-estao-em-estado-grave","status":"publish","type":"post","link":"http:\/\/metropoleemfoco.com.br\/?p=10811","title":{"rendered":"Policiais v\u00e3o atender ocorr\u00eancia e casa explode na Zona Norte de SP; tr\u00eas est\u00e3o em estado grave"},"content":{"rendered":"<div class=\"mc-article-header\">\n<div class=\"row content-head mc-column non-featured \">\n<div class=\"title\" data-block-type=\"title\" data-block-id=\"0\">\n<h1 class=\"content-head__title\">Policiais v\u00e3o atender ocorr\u00eancia e casa explode na Zona Norte de SP; tr\u00eas est\u00e3o em estado grave<\/h1>\n<\/div>\n<div class=\"medium-centered subtitle\">\n<h2 class=\"content-head__subtitle\">SSP diz que g\u00e1s pode ter sido liberado e incendiado intencionalmente; policiais foram atingidos no momento em que entraram no im\u00f3vel para atender ocorr\u00eancia de suposta tentativa de suic\u00eddio. Uma mulher foi presa em flagrante.<\/h2>\n<\/div>\n<\/div>\n<div class=\"content__signa-share mc-column\">\n<div class=\"content__signature\">\n<div class=\"content-publication-data\">\n<div class=\"content-publication-data__text\">\n<p class=\"content-publication-data__from\" title=\"Wallace Lara\">Por Wallace Lara, TV Globo e g1 SP<\/p>\n<\/div>\n<\/div>\n<\/div>\n<\/div>\n<div class=\"glb-share-bar content__share-bar\">\n<div class=\"glb-share-bar_icons\">\n<div class=\"glb-share-bar_button-img\"><\/div>\n<\/div>\n<\/div>\n<\/div>\n<div class=\"mc-article-body\">\n<article>\n<div id=\"chunk-39pno\">\n<div class=\"row medium-uncollapsed content-media content-photo\" data-block-type=\"backstage-photo\" data-block-id=\"2\">\n<div class=\" mc-column  content-media__container\">\n<div class=\"content-media-container glb-skeleton-box\">\n<figure class=\"content-media-figure\"><img decoding=\"async\" class=\"i-amphtml-fill-content i-amphtml-replaced-content\" src=\"https:\/\/s2-g1.glbimg.com\/UK1_AgtLQKBnBafp4D9c0s-px3U=\/0x0:1200x628\/984x0\/smart\/filters:strip_icc()\/i.s3.glbimg.com\/v1\/AUTH_59edd422c0c84a879bd37670ae4f538a\/internal_photos\/bs\/2025\/i\/d\/4K2JZYRmKSFnXI6TfSSw\/aaa.png\" sizes=\"(max-width: 1366px) 648px, 100vw\" srcset=\"https:\/\/s2-g1.glbimg.com\/7KpJ4ZtErgPez6FGSQE2rwwtd3c=\/0x0:1200x628\/1000x0\/smart\/filters:strip_icc()\/i.s3.glbimg.com\/v1\/AUTH_59edd422c0c84a879bd37670ae4f538a\/internal_photos\/bs\/2025\/i\/d\/4K2JZYRmKSFnXI6TfSSw\/aaa.png 1000w, https:\/\/s2-g1.glbimg.com\/UK1_AgtLQKBnBafp4D9c0s-px3U=\/0x0:1200x628\/984x0\/smart\/filters:strip_icc()\/i.s3.glbimg.com\/v1\/AUTH_59edd422c0c84a879bd37670ae4f538a\/internal_photos\/bs\/2025\/i\/d\/4K2JZYRmKSFnXI6TfSSw\/aaa.png 984w, https:\/\/s2-g1.glbimg.com\/Vm5mY27O6rD7TBjyELYKNRT4pN4=\/0x0:1200x628\/640x0\/smart\/filters:strip_icc()\/i.s3.glbimg.com\/v1\/AUTH_59edd422c0c84a879bd37670ae4f538a\/internal_photos\/bs\/2025\/i\/d\/4K2JZYRmKSFnXI6TfSSw\/aaa.png 640w, https:\/\/s2-g1.glbimg.com\/7AivPaMwgK8DQ2Abo2pEvCSEZVQ=\/0x0:1200x628\/600x0\/smart\/filters:strip_icc()\/i.s3.glbimg.com\/v1\/AUTH_59edd422c0c84a879bd37670ae4f538a\/internal_photos\/bs\/2025\/i\/d\/4K2JZYRmKSFnXI6TfSSw\/aaa.png 600w\" alt=\"Sirene de viatura da PM - 28\/02\/2021 \u2014 Foto: G1\" \/><\/figure>\n<\/div>\n<p class=\"content-media__description  \">Sirene de viatura da PM &#8211; 28\/02\/2021 \u2014 Foto: G1<\/p>\n<\/div>\n<\/div>\n<\/div>\n<div id=\"chunk-3o0r0\">\n<div class=\"mc-column content-text active-extra-styles \" data-block-type=\"unstyled\" data-block-weight=\"47\" data-block-id=\"3\">\n<p class=\" content-text__container \" data-track-category=\"Link no Texto\" data-track-links=\"\" data-mrf-recirculation=\"Mat\u00e9ria - Links no Texto\">Uma explos\u00e3o em uma casa na Vila Santo Ant\u00f4nio, na Zona Norte de S\u00e3o Paulo, deixou cinco policiais militares feridos na madrugada desta segunda-feira (8). O caso aconteceu por volta de 0h10, ap\u00f3s a Pol\u00edcia Militar ser acionada para atender uma ocorr\u00eancia de suposta tentativa de suic\u00eddio.<\/p>\n<\/div>\n<\/div>\n<div class=\"wall protected-content\">\n<div id=\"chunk-6ks16\">\n<div class=\"mc-column content-text active-extra-styles \" data-block-type=\"unstyled\" data-block-weight=\"23\" data-block-id=\"5\">\n<p class=\" content-text__container \" data-track-category=\"Link no Texto\" data-track-links=\"\" data-mrf-recirculation=\"Mat\u00e9ria - Links no Texto\">As investiga\u00e7\u00f5es preliminares apontam que a\u00a0<strong><span class=\"highlight highlighted\">explos\u00e3o pode ter sido provocada intencionalmente<\/span><\/strong>, com o objetivo de atingir os agentes que atendiam a ocorr\u00eancia.<\/p>\n<\/div>\n<\/div>\n<div id=\"chunk-5a5b2\">\n<div class=\"mc-column content-text active-extra-styles \" data-block-type=\"unstyled\" data-block-weight=\"30\" data-block-id=\"6\">\n<p class=\" content-text__container \" data-track-category=\"Link no Texto\" data-track-links=\"\" data-mrf-recirculation=\"Mat\u00e9ria - Links no Texto\"><strong>Uma mulher, de 26 anos, foi detida em flagrante<\/strong> e permaneceu hospitalizada sob escolta policial. Ela deve responder pelos crimes de explos\u00e3o em casa habitada e tentativa de homic\u00eddio.<\/p>\n<\/div>\n<\/div>\n<div id=\"chunk-30hju\">\n<div class=\"mc-column content-text active-extra-styles \" data-block-type=\"unstyled\" data-block-weight=\"42\" data-block-id=\"8\">\n<p class=\" content-text__container \" data-track-category=\"Link no Texto\" data-track-links=\"\" data-mrf-recirculation=\"Mat\u00e9ria - Links no Texto\">Segundo a Secretaria da Seguran\u00e7a P\u00fablica (SSP), os policiais tentaram conversar com a moradora do im\u00f3vel, mas n\u00e3o conseguiram contato. A \u00e1rea foi isolada, e o Corpo de Bombeiros foi chamado para dar apoio devido ao forte cheiro de g\u00e1s na casa.<\/p>\n<\/div>\n<\/div>\n<div id=\"chunk-6tshl\">\n<div class=\"mc-column content-text active-extra-styles \" data-block-type=\"unstyled\" data-block-weight=\"35\" data-block-id=\"9\">\n<p class=\" content-text__container \" data-track-category=\"Link no Texto\" data-track-links=\"\" data-mrf-recirculation=\"Mat\u00e9ria - Links no Texto\">Quando as equipes for\u00e7aram a entrada no im\u00f3vel, houve uma explos\u00e3o seguida de inc\u00eandio.\u00a0<span class=\"highlight highlighted\">Os policiais que participavam da a\u00e7\u00e3o sofreram ferimentos graves e foram levados a hospitais da regi\u00e3o<\/span>. A moradora tamb\u00e9m ficou ferida.<\/p>\n<\/div>\n<\/div>\n<div id=\"chunk-6jb99\">\n<div class=\"mc-column content-text active-extra-styles \" data-block-type=\"unstyled\" data-block-weight=\"36\" data-block-id=\"10\">\n<p class=\" content-text__container \" data-track-category=\"Link no Texto\" data-track-links=\"\" data-mrf-recirculation=\"Mat\u00e9ria - Links no Texto\">Segundo apura\u00e7\u00e3o da TV Globo, tr\u00eas dos cinco policiais feridos na explos\u00e3o permanecem internados em estado grave. Um tenente est\u00e1 intubado na UTI, com les\u00e3o na cabe\u00e7a e \u00e0 espera do resultado de uma tomografia.<\/p>\n<\/div>\n<\/div>\n<div id=\"chunk-2lcb1\">\n<div class=\"cxm-block-video content-media mc-column \" data-block-type=\"backstage-video\" data-block-id=\"11\">\n<div class=\"cxm-block-video__container cxm-block-video__container--fallback \">\n<div class=\"cxm-block-video__player-fixer\">\n<article class=\"cxm-block-video__player-wrapper\">\n<section class=\"cxm-block-video__player\">\n<div class=\"cxm-block-video__placeholder\" data-video-id=\"992055\"><img decoding=\"async\" class=\"cxm-block-video__thumb\" title=\"Veja os v\u00eddeos que est\u00e3o em alta no g1\" src=\"https:\/\/s04.video.glbimg.com\/x240\/992055.jpg\" alt=\"Veja os v\u00eddeos que est\u00e3o em alta no g1\" \/><\/div>\n<\/section>\n<\/article>\n<\/div>\n<\/div>\n<\/div>\n<\/div>\n<div id=\"chunk-6dp9b\">\n<div class=\"mc-column content-text active-extra-styles \" data-block-type=\"unstyled\" data-block-weight=\"30\" data-block-id=\"13\">\n<p class=\" content-text__container \" data-track-category=\"Link no Texto\" data-track-links=\"\" data-mrf-recirculation=\"Mat\u00e9ria - Links no Texto\">J\u00e1 dois sargentos, do Corpo de Bombeiros, tamb\u00e9m seguem na UTI e aguardam exames para avalia\u00e7\u00e3o das les\u00f5es. Os demais militares apresentam quadro est\u00e1vel ou j\u00e1 foram liberados ap\u00f3s atendimento.<\/p>\n<\/div>\n<\/div>\n<div id=\"chunk-11b7u\">\n<div class=\"mc-column content-text active-extra-styles \" data-block-type=\"unstyled\" data-block-weight=\"25\" data-block-id=\"14\">\n<p class=\" content-text__container \" data-track-category=\"Link no Texto\" data-track-links=\"\" data-mrf-recirculation=\"Mat\u00e9ria - Links no Texto\">De acordo com a Pol\u00edcia Civil, h\u00e1 ind\u00edcios de que o g\u00e1s foi deliberadamente liberado e incendiado no momento em que os policiais entraram.<\/p>\n<\/div>\n<\/div>\n<div id=\"chunk-dlc0b\">\n<div class=\"mc-column content-text active-extra-styles \" data-block-type=\"unstyled\" data-block-weight=\"27\" data-block-id=\"15\">\n<p class=\" content-text__container \" data-track-category=\"Link no Texto\" data-track-links=\"\" data-mrf-recirculation=\"Mat\u00e9ria - Links no Texto\">O caso foi registrado no 72\u00ba Distrito Policial, que instaurou inqu\u00e9rito para investigar a din\u00e2mica do ocorrido. Per\u00edcias t\u00e9cnicas foram solicitadas para confirmar as causas da explos\u00e3o.<\/p>\n<\/div>\n<\/div>\n<div data-track-category=\"multicontent\" data-track-action=\"multicontent\" data-track-noninteraction=\"false\" data-track-scroll=\"ultimo chunk conteudo\" data-track-value=\"view\">\n<div id=\"chunk-7v15\">\n<div class=\"block-podcast\">Fonte: G1<\/div>\n<\/div>\n<\/div>\n<\/div>\n<\/article>\n<\/div>\n","protected":false},"excerpt":{"rendered":"<p>Policiais v\u00e3o atender ocorr\u00eancia e casa explode na Zona Norte de SP; tr\u00eas est\u00e3o em estado grave SSP diz que<\/p>\n","protected":false},"author":1,"featured_media":10825,"comment_status":"open","ping_status":"open","sticky":false,"template":"","format":"standard","meta":{"colormag_page_container_layout":"default_layout","colormag_page_sidebar_layout":"default_layout","footnotes":""},"categories":[3,18],"tags":[],"class_list":["post-10811","post","type-post","status-publish","format-standard","has-post-thumbnail","hentry","category-seu-bairro","category-zona-norte"],"_links":{"self":[{"href":"http:\/\/metropoleemfoco.com.br\/index.php?rest_route=\/wp\/v2\/posts\/10811","targetHints":{"allow":["GET"]}}],"collection":[{"href":"http:\/\/metropoleemfoco.com.br\/index.php?rest_route=\/wp\/v2\/posts"}],"about":[{"href":"http:\/\/metropoleemfoco.com.br\/index.php?rest_route=\/wp\/v2\/types\/post"}],"author":[{"embeddable":true,"href":"http:\/\/metropoleemfoco.com.br\/index.php?rest_route=\/wp\/v2\/users\/1"}],"replies":[{"embeddable":true,"href":"http:\/\/metropoleemfoco.com.br\/index.php?rest_route=%2Fwp%2Fv2%2Fcomments&post=10811"}],"version-history":[{"count":1,"href":"http:\/\/metropoleemfoco.com.br\/index.php?rest_route=\/wp\/v2\/posts\/10811\/revisions"}],"predecessor-version":[{"id":10826,"href":"http:\/\/metropoleemfoco.com.br\/index.php?rest_route=\/wp\/v2\/posts\/10811\/revisions\/10826"}],"wp:featuredmedia":[{"embeddable":true,"href":"http:\/\/metropoleemfoco.com.br\/index.php?rest_route=\/wp\/v2\/media\/10825"}],"wp:attachment":[{"href":"http:\/\/metropoleemfoco.com.br\/index.php?rest_route=%2Fwp%2Fv2%2Fmedia&parent=10811"}],"wp:term":[{"taxonomy":"category","embeddable":true,"href":"http:\/\/metropoleemfoco.com.br\/index.php?rest_route=%2Fwp%2Fv2%2Fcategories&post=10811"},{"taxonomy":"post_tag","embeddable":true,"href":"http:\/\/metropoleemfoco.com.br\/index.php?rest_route=%2Fwp%2Fv2%2Ftags&post=10811"}],"curies":[{"name":"wp","href":"https:\/\/api.w.org\/{rel}","templated":true}]}}