{"id":10810,"date":"2025-12-09T23:43:44","date_gmt":"2025-12-10T02:43:44","guid":{"rendered":"http:\/\/metropoleemfoco.com.br\/?p=10810"},"modified":"2025-12-09T23:43:44","modified_gmt":"2025-12-10T02:43:44","slug":"mandantes-de-execucao-de-delator-do-pcc-e-narcotraficante-andre-do-rap-estao-na-lista-vermelha-dos-criminosos-de-sp-mais-perigosos","status":"publish","type":"post","link":"http:\/\/metropoleemfoco.com.br\/?p=10810","title":{"rendered":"Mandantes de execu\u00e7\u00e3o de &#8216;delator do PCC&#8217; e narcotraficante Andr\u00e9 do Rap est\u00e3o na &#8216;lista vermelha&#8217; dos criminosos de SP mais perigosos"},"content":{"rendered":"<div class=\"mc-article-header\">\n<div class=\"row content-head mc-column non-featured \">\n<div class=\"title\" data-block-type=\"title\" data-block-id=\"0\">\n<h1 class=\"content-head__title\">Mandantes de execu\u00e7\u00e3o de &#8216;delator do PCC&#8217; e narcotraficante Andr\u00e9 do Rap est\u00e3o na &#8216;lista vermelha&#8217; dos criminosos de SP mais perigosos<\/h1>\n<\/div>\n<div class=\"medium-centered subtitle\">\n<h2 class=\"content-head__subtitle\">Minist\u00e9rio da Justi\u00e7a divulgou nova rela\u00e7\u00e3o de procurados e cada estado poder\u00e1 incluir at\u00e9 oito nomes cuja captura seja estrat\u00e9gica. Objetivo \u00e9 facilitar acesso \u00e0 informa\u00e7\u00e3o dos procurados pelas for\u00e7as de seguran\u00e7a.<\/h2>\n<\/div>\n<\/div>\n<div class=\"content__signa-share mc-column\">\n<div class=\"content__signature\">\n<div class=\"content-publication-data\">\n<div class=\"content-publication-data__text\">\n<p class=\"content-publication-data__from\" title=\"Isabela Leite\">Por\u00a0<a class=\"multi_signatures\" href=\"https:\/\/g1.globo.com\/autores\/isabela-leite\/\">Isabela Leite<\/a>, GloboNews<\/p>\n<\/div>\n<\/div>\n<\/div>\n<\/div>\n<div class=\"glb-share-bar content__share-bar\">\n<div class=\"glb-share-bar_icons\">\n<div class=\"glb-share-bar_button-img\"><\/div>\n<\/div>\n<\/div>\n<\/div>\n<div class=\"mc-article-body\">\n<article>\n<div id=\"chunk-64d99\">\n<div class=\"row medium-uncollapsed content-media content-photo\" data-block-type=\"backstage-photo\" data-block-id=\"1\">\n<div class=\" mc-column  content-media__container\">\n<div class=\"content-media-container glb-skeleton-box\">\n<figure class=\"content-media-figure\"><img decoding=\"async\" class=\"i-amphtml-fill-content i-amphtml-replaced-content\" src=\"https:\/\/s2-g1.glbimg.com\/sndLciQWY3I8n7KUhPZh9CuKB1Y=\/0x0:1600x900\/984x0\/smart\/filters:strip_icc()\/i.s3.glbimg.com\/v1\/AUTH_59edd422c0c84a879bd37670ae4f538a\/internal_photos\/bs\/2025\/I\/C\/gCPCF3TrighqbYx6Vxzg\/mais-procurados-do-estado-de-sp.jpeg\" sizes=\"(max-width: 1366px) 648px, 100vw\" srcset=\"https:\/\/s2-g1.glbimg.com\/eKPd8SyQlsGfbehYq-dQRu0HLpE=\/0x0:1600x900\/1000x0\/smart\/filters:strip_icc()\/i.s3.glbimg.com\/v1\/AUTH_59edd422c0c84a879bd37670ae4f538a\/internal_photos\/bs\/2025\/I\/C\/gCPCF3TrighqbYx6Vxzg\/mais-procurados-do-estado-de-sp.jpeg 1000w, https:\/\/s2-g1.glbimg.com\/sndLciQWY3I8n7KUhPZh9CuKB1Y=\/0x0:1600x900\/984x0\/smart\/filters:strip_icc()\/i.s3.glbimg.com\/v1\/AUTH_59edd422c0c84a879bd37670ae4f538a\/internal_photos\/bs\/2025\/I\/C\/gCPCF3TrighqbYx6Vxzg\/mais-procurados-do-estado-de-sp.jpeg 984w, https:\/\/s2-g1.glbimg.com\/AKBsL7icpkc8FNyqlMsz_TuoXL0=\/0x0:1600x900\/640x0\/smart\/filters:strip_icc()\/i.s3.glbimg.com\/v1\/AUTH_59edd422c0c84a879bd37670ae4f538a\/internal_photos\/bs\/2025\/I\/C\/gCPCF3TrighqbYx6Vxzg\/mais-procurados-do-estado-de-sp.jpeg 640w, https:\/\/s2-g1.glbimg.com\/1HX2FAv_K0f-xh1xy3j5MpFas2Q=\/0x0:1600x900\/600x0\/smart\/filters:strip_icc()\/i.s3.glbimg.com\/v1\/AUTH_59edd422c0c84a879bd37670ae4f538a\/internal_photos\/bs\/2025\/I\/C\/gCPCF3TrighqbYx6Vxzg\/mais-procurados-do-estado-de-sp.jpeg 600w\" alt=\"Mais procurados do estado de SP \u2014 Foto: Reprodu\u00e7\u00e3o\/GloboNews\" \/><\/figure>\n<\/div>\n<p class=\"content-media__description  \">Mais procurados do estado de SP \u2014 Foto: Reprodu\u00e7\u00e3o\/GloboNews<\/p>\n<\/div>\n<\/div>\n<\/div>\n<div id=\"chunk-1t779\">\n<div class=\"mc-column content-text active-extra-styles \" data-block-type=\"unstyled\" data-block-weight=\"62\" data-block-id=\"2\">\n<p class=\" content-text__container \" data-track-category=\"Link no Texto\" data-track-links=\"\" data-mrf-recirculation=\"Mat\u00e9ria - Links no Texto\">Os dois mandantes da execu\u00e7\u00e3o de Ant\u00f4nio Vinicius Gritzbach e outro participante do assassinato no Aeroporto Internacional de\u00a0<a class=\"\" href=\"https:\/\/g1.globo.com\/sp\/sao-paulo\/cidade\/sao-paulo\/\" data-mrf-link=\"https:\/\/g1.globo.com\/sp\/sao-paulo\/cidade\/sao-paulo\/\">S\u00e3o Paulo<\/a>, al\u00e9m do narcotraficante e importante membro do Primeiro Comando da Capital (PCC) Andr\u00e9 Oliveira Macedo, conhecido como Andr\u00e9 do Rap, est\u00e3o entre os sete criminosos mais procurados no estado de S\u00e3o Paulo na\u00a0<a class=\"\" href=\"https:\/\/g1.globo.com\/politica\/noticia\/2025\/12\/08\/ministro-da-justica-autoriza-criacao-de-nova-lista-vermelha-de-criminosos-mais-perigosos-do-pais.ghtml\" data-mrf-link=\"https:\/\/g1.globo.com\/politica\/noticia\/2025\/12\/08\/ministro-da-justica-autoriza-criacao-de-nova-lista-vermelha-de-criminosos-mais-perigosos-do-pais.ghtml\">nova &#8220;lista vermelha&#8221; brasileira\u00a0<\/a>criada pelo\u00a0<a class=\"\" href=\"https:\/\/g1.globo.com\/tudo-sobre\/ministerio-da-justica\/\" data-mrf-link=\"https:\/\/g1.globo.com\/tudo-sobre\/ministerio-da-justica\/\">Minist\u00e9rio da Justi\u00e7a<\/a>.<\/p>\n<\/div>\n<\/div>\n<div class=\"wall protected-content\">\n<div id=\"chunk-dqhc4\">\n<div class=\"mc-column content-text active-extra-styles \" data-block-type=\"unstyled\" data-block-weight=\"9\" data-block-id=\"4\">\n<p class=\" content-text__container \" data-track-category=\"Link no Texto\" data-track-links=\"\" data-mrf-recirculation=\"Mat\u00e9ria - Links no Texto\">Cada estado p\u00f4de escolher at\u00e9 oito nomes de foragidos.<\/p>\n<\/div>\n<\/div>\n<div id=\"chunk-3o68v\">\n<div class=\"mc-column content-text active-extra-styles \" data-block-type=\"unstyled\" data-block-weight=\"17\" data-block-id=\"5\">\n<p class=\" content-text__container \" data-track-category=\"Link no Texto\" data-track-links=\"\" data-mrf-recirculation=\"Mat\u00e9ria - Links no Texto\">De acordo com o minist\u00e9rio, entre os crit\u00e9rios para inclus\u00e3o na lista de at\u00e9 216 criminosos est\u00e3o:<\/p>\n<\/div>\n<\/div>\n<div id=\"chunk-465tv\">\n<div class=\"mc-column content-text active-extra-styles\" data-block-type=\"raw\" data-block-weight=\"23\" data-block-id=\"6\">\n<ul class=\"content-unordered-list\" data-mrf-recirculation=\"Mat\u00e9ria - Leia Tamb\u00e9m (Lista)\">\n<li>a import\u00e2ncia da pris\u00e3o do indiv\u00edduo para desestruturar uma organiza\u00e7\u00e3o criminosa da qual ele fa\u00e7a parte;<\/li>\n<li>a gravidade dos crimes cometidos por ele.<\/li>\n<\/ul>\n<\/div>\n<\/div>\n<div id=\"chunk-e1ac7\">\n<div class=\"content-ads content-ads--reveal\" data-block-type=\"ads\" data-block-id=\"7\"><\/div>\n<\/div>\n<div id=\"chunk-eq8o9\">\n<div class=\"mc-column content-text active-extra-styles \" data-block-type=\"unstyled\" data-block-weight=\"13\" data-block-id=\"8\">\n<p class=\" content-text__container \" data-track-category=\"Link no Texto\" data-track-links=\"\" data-mrf-recirculation=\"Mat\u00e9ria - Links no Texto\">Ter\u00e3o prioridade os foragidos que foram condenados por crimes violentos e hediondos.<\/p>\n<\/div>\n<\/div>\n<div id=\"chunk-8pl9f\">\n<div class=\"cxm-block-video content-media mc-column \" data-block-type=\"backstage-video\" data-block-id=\"9\">\n<div class=\"cxm-block-video__container cxm-block-video__container--fallback \">\n<div class=\"cxm-block-video__player-fixer\">\n<article class=\"cxm-block-video__player-wrapper\">\n<section class=\"cxm-block-video__player\">\n<div class=\"cxm-block-video__placeholder\" data-video-id=\"992055\"><img decoding=\"async\" class=\"cxm-block-video__thumb\" title=\"Veja os v\u00eddeos que est\u00e3o em alta no g1\" src=\"https:\/\/s04.video.glbimg.com\/x240\/992055.jpg\" alt=\"Veja os v\u00eddeos que est\u00e3o em alta no g1\" \/><\/div>\n<\/section>\n<\/article>\n<\/div>\n<div class=\"cxm-block-video__caption-container\">\n<p class=\"codex-caption codex-caption--small\">Veja os v\u00eddeos que est\u00e3o em alta no g1<\/p>\n<\/div>\n<\/div>\n<\/div>\n<\/div>\n<div id=\"chunk-biatg\">\n<div class=\"row medium-uncollapsed content-media content-photo\" data-block-type=\"backstage-photo\" data-block-id=\"10\">\n<div class=\" mc-column  content-media__container\">\n<div class=\"content-media-container glb-skeleton-box\">\n<figure class=\"content-media-figure\"><img decoding=\"async\" class=\"i-amphtml-fill-content i-amphtml-replaced-content\" src=\"https:\/\/s2-g1.glbimg.com\/2gJLT4G4x4pxW1O0VARpYhMTyog=\/0x0:1200x670\/984x0\/smart\/filters:strip_icc()\/i.s3.glbimg.com\/v1\/AUTH_59edd422c0c84a879bd37670ae4f538a\/internal_photos\/bs\/2025\/g\/D\/wrusjCQmOqltGtm7KMZw\/andre-do-rap-e-cigarreira.jpg\" sizes=\"(max-width: 1366px) 648px, 100vw\" srcset=\"https:\/\/s2-g1.glbimg.com\/UwY8oTaBqVH5P51sMHyNplhhsuo=\/0x0:1200x670\/1000x0\/smart\/filters:strip_icc()\/i.s3.glbimg.com\/v1\/AUTH_59edd422c0c84a879bd37670ae4f538a\/internal_photos\/bs\/2025\/g\/D\/wrusjCQmOqltGtm7KMZw\/andre-do-rap-e-cigarreira.jpg 1000w, https:\/\/s2-g1.glbimg.com\/2gJLT4G4x4pxW1O0VARpYhMTyog=\/0x0:1200x670\/984x0\/smart\/filters:strip_icc()\/i.s3.glbimg.com\/v1\/AUTH_59edd422c0c84a879bd37670ae4f538a\/internal_photos\/bs\/2025\/g\/D\/wrusjCQmOqltGtm7KMZw\/andre-do-rap-e-cigarreira.jpg 984w, https:\/\/s2-g1.glbimg.com\/fIZsvWdsZSn7GTjA-KE1PxlL4xQ=\/0x0:1200x670\/640x0\/smart\/filters:strip_icc()\/i.s3.glbimg.com\/v1\/AUTH_59edd422c0c84a879bd37670ae4f538a\/internal_photos\/bs\/2025\/g\/D\/wrusjCQmOqltGtm7KMZw\/andre-do-rap-e-cigarreira.jpg 640w, https:\/\/s2-g1.glbimg.com\/Gjtt2np2FlPOwDVRVx6ScicV_9g=\/0x0:1200x670\/600x0\/smart\/filters:strip_icc()\/i.s3.glbimg.com\/v1\/AUTH_59edd422c0c84a879bd37670ae4f538a\/internal_photos\/bs\/2025\/g\/D\/wrusjCQmOqltGtm7KMZw\/andre-do-rap-e-cigarreira.jpg 600w\" alt=\"Andr\u00e9 do Rap e Cigarreira est\u00e3o lista de criminosos mais procurados de SP \u2014 Foto: Reprodu\u00e7\u00e3o\" \/><\/figure>\n<\/div>\n<p class=\"content-media__description  \">Andr\u00e9 do Rap e Cigarreira est\u00e3o lista de criminosos mais procurados de SP \u2014 Foto: Reprodu\u00e7\u00e3o<\/p>\n<\/div>\n<\/div>\n<\/div>\n<div id=\"chunk-d8j75\">\n<div class=\"mc-column content-text active-extra-styles \" data-block-type=\"unstyled\" data-block-weight=\"10\" data-block-id=\"12\">\n<p class=\" content-text__container \" data-track-category=\"Link no Texto\" data-track-links=\"\" data-mrf-recirculation=\"Mat\u00e9ria - Links no Texto\">Abaixo, veja quem s\u00e3o os criminosos mais perigosos de SP:<\/p>\n<\/div>\n<\/div>\n<div id=\"chunk-6mamv\">\n<div class=\"mc-column content-text active-extra-styles\" data-block-type=\"raw\" data-block-weight=\"8\" data-block-id=\"13\">\n<div class=\"content-intertitle\">\n<h2>Andr\u00e9 Oliveira Macedo, conhecido como Andr\u00e9 do Rap<\/h2>\n<\/div>\n<\/div>\n<\/div>\n<div id=\"chunk-bn83h\">\n<div class=\"mc-column content-text active-extra-styles \" data-block-type=\"unstyled\" data-block-weight=\"84\" data-block-id=\"14\">\n<p class=\" content-text__container \" data-track-category=\"Link no Texto\" data-track-links=\"\" data-mrf-recirculation=\"Mat\u00e9ria - Links no Texto\">Considerado um dos principais membros do PCC, o traficante\u00a0<a class=\"\" href=\"https:\/\/g1.globo.com\/sp\/sao-paulo\/noticia\/2025\/10\/10\/andre-do-rap-completa-5-anos-foragido-interpol-pf-e-policia-de-sp-checaram-mais-de-40-lugares-a-procura-do-traficante-do-pcc.ghtml\" data-mrf-link=\"https:\/\/g1.globo.com\/sp\/sao-paulo\/noticia\/2025\/10\/10\/andre-do-rap-completa-5-anos-foragido-interpol-pf-e-policia-de-sp-checaram-mais-de-40-lugares-a-procura-do-traficante-do-pcc.ghtml\">est\u00e1 h\u00e1 cinco anos foragido da Justi\u00e7a de S\u00e3o Paulo<\/a>. Ele j\u00e1 foi condenado pela Justi\u00e7a a 25 anos de pris\u00e3o em regime fechado por tr\u00e1fico internacional e nacional de drogas. As for\u00e7as de seguran\u00e7a j\u00e1 verificaram mais de 40 lugares no Brasil e no exterior \u00e0 procura de Andr\u00e9 do Rap, mas n\u00e3o o localizaram. O nome do foragido foi inclu\u00eddo na Difus\u00e3o Vermelha da Interpol, o mais alto n\u00edvel de alerta internacional.<\/p>\n<\/div>\n<\/div>\n<div id=\"chunk-brjff\">\n<div class=\"mc-column content-text active-extra-styles \" data-block-type=\"unstyled\" data-block-weight=\"48\" data-block-id=\"15\">\n<p class=\" content-text__container \" data-track-category=\"Link no Texto\" data-track-links=\"\" data-mrf-recirculation=\"Mat\u00e9ria - Links no Texto\">Ele foi solto em 10 de outubro de 2020 ap\u00f3s decis\u00e3o do Supremo Tribunal Federal (STF), mas, no mesmo dia, a Corte revogou a liberdade e determinou sua pris\u00e3o imediata_ medida que desde ent\u00e3o n\u00e3o foi cumprida. Andr\u00e9 do Rap tamb\u00e9m n\u00e3o atendeu \u00e0 determina\u00e7\u00e3o judicial e fugiu.<\/p>\n<\/div>\n<\/div>\n<div id=\"chunk-84kkg\">\n<div class=\"mc-column content-text active-extra-styles\" data-block-type=\"raw\" data-block-weight=\"6\" data-block-id=\"16\">\n<div class=\"content-intertitle\">\n<h2>Emilio Gongorra Castilho, conhecido como Cigarreira<\/h2>\n<\/div>\n<\/div>\n<\/div>\n<div id=\"chunk-16b96\">\n<div class=\"mc-column content-text active-extra-styles \" data-block-type=\"unstyled\" data-block-weight=\"50\" data-block-id=\"17\">\n<p class=\" content-text__container \" data-track-category=\"Link no Texto\" data-track-links=\"\" data-mrf-recirculation=\"Mat\u00e9ria - Links no Texto\"><a class=\"\" href=\"https:\/\/g1.globo.com\/jornal-nacional\/noticia\/2025\/03\/14\/policia-civil-indicia-6-suspeitos-da-execucao-de-delator-do-pcc-e-diz-que-vinicius-gritzbach-foi-morto-por-vinganca.ghtml\" data-mrf-link=\"https:\/\/g1.globo.com\/jornal-nacional\/noticia\/2025\/03\/14\/policia-civil-indicia-6-suspeitos-da-execucao-de-delator-do-pcc-e-diz-que-vinicius-gritzbach-foi-morto-por-vinganca.ghtml\">Apontado como um dos mandantes do corretor de im\u00f3veis e &#8220;delator do PCC&#8221;<\/a>, em 8 de novembro de 2024, na \u00e1rea externa do Terminal 2 do Aeroporto Internacional de S\u00e3o Paulo, em Guarulhos. Cigarreira \u00e9 apontado pelos investigadores como uma importante conex\u00e3o entre o PCC e o Comando Vermelho (CV).<\/p>\n<\/div>\n<\/div>\n<div id=\"chunk-1ion4\">\n<div class=\"mc-column content-text active-extra-styles\" data-block-type=\"raw\" data-block-weight=\"4\" data-block-id=\"19\">\n<div class=\"content-intertitle\">\n<h2>Diego dos Santos Amaral<\/h2>\n<\/div>\n<\/div>\n<\/div>\n<div id=\"chunk-39cvn\">\n<div class=\"mc-column content-text active-extra-styles \" data-block-type=\"unstyled\" data-block-weight=\"14\" data-block-id=\"20\">\n<p class=\" content-text__container \" data-track-category=\"Link no Texto\" data-track-links=\"\" data-mrf-recirculation=\"Mat\u00e9ria - Links no Texto\">Apontado como\u00a0<a class=\"\" href=\"https:\/\/g1.globo.com\/jornal-nacional\/noticia\/2025\/03\/14\/policia-civil-indicia-6-suspeitos-da-execucao-de-delator-do-pcc-e-diz-que-vinicius-gritzbach-foi-morto-por-vinganca.ghtml\" data-mrf-link=\"https:\/\/g1.globo.com\/jornal-nacional\/noticia\/2025\/03\/14\/policia-civil-indicia-6-suspeitos-da-execucao-de-delator-do-pcc-e-diz-que-vinicius-gritzbach-foi-morto-por-vinganca.ghtml\">um dos mandantes do corretor de im\u00f3veis e &#8220;delator do PCC&#8221;<\/a>.<\/p>\n<\/div>\n<\/div>\n<div id=\"chunk-5ba7h\">\n<div class=\"mc-column content-text active-extra-styles\" data-block-type=\"raw\" data-block-weight=\"4\" data-block-id=\"21\">\n<div class=\"content-intertitle\">\n<h2>Kau\u00ea do Amaral Coelho<\/h2>\n<\/div>\n<\/div>\n<\/div>\n<div id=\"chunk-1k1jm\">\n<div class=\"mc-column content-text active-extra-styles \" data-block-type=\"unstyled\" data-block-weight=\"39\" data-block-id=\"22\">\n<p class=\" content-text__container \" data-track-category=\"Link no Texto\" data-track-links=\"\" data-mrf-recirculation=\"Mat\u00e9ria - Links no Texto\">Indicado pela Pol\u00edcia Civil como\u00a0<a class=\"\" href=\"https:\/\/g1.globo.com\/sp\/sao-paulo\/noticia\/2025\/11\/07\/um-ano-apos-execucao-de-delator-do-pcc-mandantes-foram-protegidos-pelo-comando-vermelho-drone-flagrou-olheiro-em-comunidade-do-rio.ghtml\" data-mrf-link=\"https:\/\/g1.globo.com\/sp\/sao-paulo\/noticia\/2025\/11\/07\/um-ano-apos-execucao-de-delator-do-pcc-mandantes-foram-protegidos-pelo-comando-vermelho-drone-flagrou-olheiro-em-comunidade-do-rio.ghtml\">&#8220;olheiro&#8221; do PCC no caso do assassinato de Gritzbach<\/a>. O Programa Estadual de Recompensa de S\u00e3o Paulo oferece at\u00e9 R$ 50 mil para quem fornecer informa\u00e7\u00f5es que ajudem a localizar o paradeiro do criminoso.<\/p>\n<\/div>\n<\/div>\n<div id=\"chunk-11jk6\">\n<div class=\"mc-column content-text active-extra-styles\" data-block-type=\"raw\" data-block-weight=\"4\" data-block-id=\"23\">\n<div class=\"content-intertitle\">\n<h2>C\u00edcero Oliveira dos Santos<\/h2>\n<\/div>\n<\/div>\n<\/div>\n<div id=\"chunk-4neck\">\n<div class=\"mc-column content-text active-extra-styles \" data-block-type=\"unstyled\" data-block-weight=\"12\" data-block-id=\"24\">\n<p class=\" content-text__container \" data-track-category=\"Link no Texto\" data-track-links=\"\" data-mrf-recirculation=\"Mat\u00e9ria - Links no Texto\">Procurado desde 1997 pelos crimes de homic\u00eddio e latroc\u00ednio contra policiais.<\/p>\n<\/div>\n<\/div>\n<div id=\"chunk-4cr86\">\n<div class=\"mc-column content-text active-extra-styles\" data-block-type=\"raw\" data-block-weight=\"3\" data-block-id=\"25\">\n<div class=\"content-intertitle\">\n<h2>Hor\u00e1cio Nazareno Lucas<\/h2>\n<\/div>\n<\/div>\n<\/div>\n<div id=\"chunk-4867o\">\n<div class=\"mc-column content-text active-extra-styles \" data-block-type=\"unstyled\" data-block-weight=\"40\" data-block-id=\"26\">\n<p class=\" content-text__container \" data-track-category=\"Link no Texto\" data-track-links=\"\" data-mrf-recirculation=\"Mat\u00e9ria - Links no Texto\">Est\u00e1 foragido desde 2018,\u00a0<a class=\"\" href=\"https:\/\/g1.globo.com\/sp\/sorocaba-jundiai\/noticia\/2023\/05\/05\/caso-leticia-quase-cinco-anos-apos-crime-homem-acusado-de-estuprar-e-matar-filha-esfaqueada-segue-foragido.ghtml\" data-mrf-link=\"https:\/\/g1.globo.com\/sp\/sorocaba-jundiai\/noticia\/2023\/05\/05\/caso-leticia-quase-cinco-anos-apos-crime-homem-acusado-de-estuprar-e-matar-filha-esfaqueada-segue-foragido.ghtml\">depois de matar a filha de 13 anos a facadas e deixar a pris\u00e3o em S\u00e3o Roque (SP)<\/a>. Em junho de 2021, ele foi inclu\u00eddo na lista dos criminosos mais procurados do estado de S\u00e3o Paulo.<\/p>\n<\/div>\n<\/div>\n<div id=\"chunk-3beco\">\n<div class=\"mc-column content-text active-extra-styles\" data-block-type=\"raw\" data-block-weight=\"3\" data-block-id=\"27\">\n<div class=\"content-intertitle\">\n<h2>Willian Gaona Bezerra<\/h2>\n<\/div>\n<\/div>\n<\/div>\n<div id=\"chunk-gh0p\">\n<div class=\"mc-column content-text active-extra-styles \" data-block-type=\"unstyled\" data-block-weight=\"15\" data-block-id=\"28\">\n<p class=\" content-text__container \" data-track-category=\"Link no Texto\" data-track-links=\"\" data-mrf-recirculation=\"Mat\u00e9ria - Links no Texto\">De acordo com a pol\u00edcia,\u00a0<a class=\"\" href=\"https:\/\/g1.globo.com\/sao-paulo\/noticia\/2010\/10\/dois-sequestradores-de-washington-olivetto-fogem-em-sp.html\" data-mrf-link=\"https:\/\/g1.globo.com\/sao-paulo\/noticia\/2010\/10\/dois-sequestradores-de-washington-olivetto-fogem-em-sp.html\">\u00e9 colombiano e participou do sequestro do publicit\u00e1rio Washington Olivetto<\/a>.<\/p>\n<p>Fonte: G1<\/p>\n<\/div>\n<\/div>\n<\/div>\n<\/article>\n<\/div>\n","protected":false},"excerpt":{"rendered":"<p>Mandantes de execu\u00e7\u00e3o de &#8216;delator do PCC&#8217; e narcotraficante Andr\u00e9 do Rap est\u00e3o na &#8216;lista vermelha&#8217; dos criminosos de SP<\/p>\n","protected":false},"author":1,"featured_media":10823,"comment_status":"open","ping_status":"open","sticky":false,"template":"","format":"standard","meta":{"colormag_page_container_layout":"default_layout","colormag_page_sidebar_layout":"default_layout","footnotes":""},"categories":[1],"tags":[],"class_list":["post-10810","post","type-post","status-publish","format-standard","has-post-thumbnail","hentry","category-geral"],"_links":{"self":[{"href":"http:\/\/metropoleemfoco.com.br\/index.php?rest_route=\/wp\/v2\/posts\/10810","targetHints":{"allow":["GET"]}}],"collection":[{"href":"http:\/\/metropoleemfoco.com.br\/index.php?rest_route=\/wp\/v2\/posts"}],"about":[{"href":"http:\/\/metropoleemfoco.com.br\/index.php?rest_route=\/wp\/v2\/types\/post"}],"author":[{"embeddable":true,"href":"http:\/\/metropoleemfoco.com.br\/index.php?rest_route=\/wp\/v2\/users\/1"}],"replies":[{"embeddable":true,"href":"http:\/\/metropoleemfoco.com.br\/index.php?rest_route=%2Fwp%2Fv2%2Fcomments&post=10810"}],"version-history":[{"count":1,"href":"http:\/\/metropoleemfoco.com.br\/index.php?rest_route=\/wp\/v2\/posts\/10810\/revisions"}],"predecessor-version":[{"id":10824,"href":"http:\/\/metropoleemfoco.com.br\/index.php?rest_route=\/wp\/v2\/posts\/10810\/revisions\/10824"}],"wp:featuredmedia":[{"embeddable":true,"href":"http:\/\/metropoleemfoco.com.br\/index.php?rest_route=\/wp\/v2\/media\/10823"}],"wp:attachment":[{"href":"http:\/\/metropoleemfoco.com.br\/index.php?rest_route=%2Fwp%2Fv2%2Fmedia&parent=10810"}],"wp:term":[{"taxonomy":"category","embeddable":true,"href":"http:\/\/metropoleemfoco.com.br\/index.php?rest_route=%2Fwp%2Fv2%2Fcategories&post=10810"},{"taxonomy":"post_tag","embeddable":true,"href":"http:\/\/metropoleemfoco.com.br\/index.php?rest_route=%2Fwp%2Fv2%2Ftags&post=10810"}],"curies":[{"name":"wp","href":"https:\/\/api.w.org\/{rel}","templated":true}]}}