{"id":10809,"date":"2025-12-09T23:42:22","date_gmt":"2025-12-10T02:42:22","guid":{"rendered":"http:\/\/metropoleemfoco.com.br\/?p=10809"},"modified":"2025-12-09T23:42:22","modified_gmt":"2025-12-10T02:42:22","slug":"projeto-que-regulamenta-motos-por-aplicativo-na-cidade-de-sp-e-aprovado-em-segunda-votacao-veja-regras","status":"publish","type":"post","link":"http:\/\/metropoleemfoco.com.br\/?p=10809","title":{"rendered":"Projeto que regulamenta motos por aplicativo na cidade de SP \u00e9 aprovado em segunda vota\u00e7\u00e3o; veja regras"},"content":{"rendered":"<div class=\"mc-article-header\">\n<div class=\"row content-head mc-column non-featured \">\n<div class=\"title\" data-block-type=\"title\" data-block-id=\"0\">\n<h1 class=\"content-head__title\">Projeto que regulamenta motos por aplicativo na cidade de SP \u00e9 aprovado em segunda vota\u00e7\u00e3o; veja regras<\/h1>\n<\/div>\n<div class=\"medium-centered subtitle\">\n<h2 class=\"content-head__subtitle\">O placar nesta segunda (8) foi de 32 votos a favor e 16 contr\u00e1rios. Na primeira vota\u00e7\u00e3o, foram 29 votos a favor e 9 contr\u00e1rios. O texto agora segue para san\u00e7\u00e3o do prefeito Ricardo Nunes (MDB).<\/h2>\n<\/div>\n<\/div>\n<div class=\"content__signa-share mc-column\">\n<div class=\"content__signature\">\n<div class=\"content-publication-data\">\n<div class=\"content-publication-data__text\">\n<p class=\"content-publication-data__from\" title=\"Giba Bergamim\">Por\u00a0<a class=\"multi_signatures\" href=\"https:\/\/g1.globo.com\/autores\/giba-bergamim\/\">Giba Bergamim<\/a>, TV Globo e g1 SP \u2014 S\u00e3o Paulo<\/p>\n<\/div>\n<\/div>\n<\/div>\n<\/div>\n<div class=\"glb-share-bar content__share-bar\">\n<div class=\"glb-share-bar_icons\">\n<div class=\"glb-share-bar_button-img\"><\/div>\n<\/div>\n<\/div>\n<\/div>\n<div class=\"mc-article-body\">\n<article>\n<div id=\"chunk-3fpcf\">\n<div class=\"row medium-uncollapsed content-media content-photo\" data-block-type=\"backstage-photo\" data-block-id=\"1\">\n<div class=\" mc-column  content-media__container\">\n<div class=\"content-media-container glb-skeleton-box\">\n<figure class=\"content-media-figure\"><img decoding=\"async\" class=\"i-amphtml-fill-content i-amphtml-replaced-content\" src=\"https:\/\/s2-g1.glbimg.com\/Ro6gMP1-afIqil3XD4bspl3WSWw=\/0x0:1280x960\/984x0\/smart\/filters:strip_icc()\/i.s3.glbimg.com\/v1\/AUTH_59edd422c0c84a879bd37670ae4f538a\/internal_photos\/bs\/2025\/D\/O\/BIz8LvQ1AOQoAiAWR7OA\/whatsapp-image-2025-12-08-at-21.09.04.jpeg\" sizes=\"(max-width: 1366px) 648px, 100vw\" srcset=\"https:\/\/s2-g1.glbimg.com\/sHhW3JnmyrH6hx3ZvWVtZnRyxTg=\/0x0:1280x960\/1000x0\/smart\/filters:strip_icc()\/i.s3.glbimg.com\/v1\/AUTH_59edd422c0c84a879bd37670ae4f538a\/internal_photos\/bs\/2025\/D\/O\/BIz8LvQ1AOQoAiAWR7OA\/whatsapp-image-2025-12-08-at-21.09.04.jpeg 1000w, https:\/\/s2-g1.glbimg.com\/Ro6gMP1-afIqil3XD4bspl3WSWw=\/0x0:1280x960\/984x0\/smart\/filters:strip_icc()\/i.s3.glbimg.com\/v1\/AUTH_59edd422c0c84a879bd37670ae4f538a\/internal_photos\/bs\/2025\/D\/O\/BIz8LvQ1AOQoAiAWR7OA\/whatsapp-image-2025-12-08-at-21.09.04.jpeg 984w, https:\/\/s2-g1.glbimg.com\/Zj-FuSPmtb9T-PrUhZ85sn9ngas=\/0x0:1280x960\/640x0\/smart\/filters:strip_icc()\/i.s3.glbimg.com\/v1\/AUTH_59edd422c0c84a879bd37670ae4f538a\/internal_photos\/bs\/2025\/D\/O\/BIz8LvQ1AOQoAiAWR7OA\/whatsapp-image-2025-12-08-at-21.09.04.jpeg 640w, https:\/\/s2-g1.glbimg.com\/O7jImlabHUm9uc3UWtqUnNdFHoE=\/0x0:1280x960\/600x0\/smart\/filters:strip_icc()\/i.s3.glbimg.com\/v1\/AUTH_59edd422c0c84a879bd37670ae4f538a\/internal_photos\/bs\/2025\/D\/O\/BIz8LvQ1AOQoAiAWR7OA\/whatsapp-image-2025-12-08-at-21.09.04.jpeg 600w\" alt=\"Placar da vota\u00e7\u00e3o na C\u00e2mara, em segundo turno, o projeto que regulamenta o servi\u00e7o de moto por app na capital paulista \u2014 Foto: Giba Bergamim\/TV Globo\" \/><\/figure>\n<\/div>\n<p class=\"content-media__description  \">Placar da vota\u00e7\u00e3o na C\u00e2mara, em segundo turno, o projeto que regulamenta o servi\u00e7o de moto por app na capital paulista \u2014 Foto: Giba Bergamim\/TV Globo<\/p>\n<\/div>\n<\/div>\n<\/div>\n<div id=\"chunk-5g0jf\">\n<div class=\"mc-column content-text active-extra-styles \" data-block-type=\"unstyled\" data-block-weight=\"39\" data-block-id=\"2\">\n<p class=\" content-text__container \" data-track-category=\"Link no Texto\" data-track-links=\"\" data-mrf-recirculation=\"Mat\u00e9ria - Links no Texto\">A C\u00e2mara Municipal de\u00a0<a class=\"\" href=\"https:\/\/g1.globo.com\/sp\/sao-paulo\/cidade\/sao-paulo\/\" data-mrf-link=\"https:\/\/g1.globo.com\/sp\/sao-paulo\/cidade\/sao-paulo\/\">S\u00e3o Paulo<\/a>\u00a0aprovou, em segunda vota\u00e7\u00e3o, nesta segunda-feira (8), o projeto de lei que regulamenta o servi\u00e7o de moto por aplicativo na capital paulista. O placar foi de 32 votos a favor e 16 contr\u00e1rios.<\/p>\n<\/div>\n<\/div>\n<div class=\"wall protected-content\">\n<div id=\"chunk-9spp3\">\n<div class=\"mc-column content-text active-extra-styles \" data-block-type=\"unstyled\" data-block-weight=\"44\" data-block-id=\"4\">\n<p class=\" content-text__container \" data-track-category=\"Link no Texto\" data-track-links=\"\" data-mrf-recirculation=\"Mat\u00e9ria - Links no Texto\">O vereador Paulo Frange (<a class=\"\" href=\"https:\/\/g1.globo.com\/politica\/partido\/mdb\/\" data-mrf-link=\"https:\/\/g1.globo.com\/politica\/partido\/mdb\/\">MDB<\/a>) apresentou um novo projeto, que substituiu o aprovado na semana passada, com base num pr\u00e9-acordo entre l\u00edderes de partidos. Entre as mudan\u00e7as, um seguro funer\u00e1rio e a proibi\u00e7\u00e3o de b\u00f4nus por viagem, o que estimularia uma competi\u00e7\u00e3o por passageiros.<\/p>\n<\/div>\n<\/div>\n<div id=\"chunk-d6ukj\">\n<div class=\"mc-column content-text active-extra-styles \" data-block-type=\"unstyled\" data-block-weight=\"29\" data-block-id=\"5\">\n<p class=\" content-text__container \" data-track-category=\"Link no Texto\" data-track-links=\"\" data-mrf-recirculation=\"Mat\u00e9ria - Links no Texto\">A presidente da subcomiss\u00e3o que analisava o tema, Renata Falzoni (PSB), que tinha votado a favor no primeiro turno, mudou e votou contra desta vez. Jana\u00edna Pascoal se absteve.<\/p>\n<\/div>\n<\/div>\n<div id=\"chunk-c6orh\">\n<div class=\"mc-column content-text active-extra-styles \" data-block-type=\"unstyled\" data-block-weight=\"39\" data-block-id=\"7\">\n<p class=\" content-text__container \" data-track-category=\"Link no Texto\" data-track-links=\"\" data-mrf-recirculation=\"Mat\u00e9ria - Links no Texto\">O projeto substitutivo foi uma estrat\u00e9gia para evitar a inclus\u00e3o de emendas, o que atrasaria a vota\u00e7\u00e3o. Vereadores querem mandar a carta de lei ainda nesta noite para, se o prefeito Ricardo Nunes (MDB) quiser, sancionar ainda nesta segunda.<\/p>\n<\/div>\n<\/div>\n<div id=\"chunk-bm969\">\n<div class=\"mc-column content-text active-extra-styles \" data-block-type=\"unstyled\" data-block-weight=\"29\" data-block-id=\"8\">\n<p class=\" content-text__container \" data-track-category=\"Link no Texto\" data-track-links=\"\" data-mrf-recirculation=\"Mat\u00e9ria - Links no Texto\">A aprova\u00e7\u00e3o ocorreu em sess\u00e3o extraordin\u00e1ria, dois dias antes do\u00a0<a class=\"\" href=\"https:\/\/g1.globo.com\/sp\/sao-paulo\/noticia\/2025\/05\/16\/justica-suspende-servico-de-motos-por-aplicativo-em-sp-e-recomenda-regulamentacao-do-servico-em-90-dias.ghtml\" data-mrf-link=\"https:\/\/g1.globo.com\/sp\/sao-paulo\/noticia\/2025\/05\/16\/justica-suspende-servico-de-motos-por-aplicativo-em-sp-e-recomenda-regulamentacao-do-servico-em-90-dias.ghtml\">vencimento do prazo da Justi\u00e7a de SP para que o prefeito Ricardo Nunes (MDB) fa\u00e7a a regulamenta\u00e7\u00e3o do projeto.<\/a><\/p>\n<\/div>\n<\/div>\n<div id=\"chunk-1enef\">\n<div class=\"mc-column content-text active-extra-styles \" data-block-type=\"unstyled\" data-block-weight=\"16\" data-block-id=\"9\">\n<p class=\" content-text__container \" data-track-category=\"Link no Texto\" data-track-links=\"\" data-mrf-recirculation=\"Mat\u00e9ria - Links no Texto\"><span class=\"highlight highlighted\">O projeto prev\u00ea uma s\u00e9rie de obriga\u00e7\u00f5es para os motociclistas e empresas como 99 e Uber.<\/span><\/p>\n<\/div>\n<\/div>\n<div id=\"chunk-7kd1b\">\n<div class=\"mc-column content-text active-extra-styles \" data-block-type=\"unstyled\" data-block-weight=\"8\" data-block-id=\"10\">\n<p class=\" content-text__container \" data-track-category=\"Link no Texto\" data-track-links=\"\" data-mrf-recirculation=\"Mat\u00e9ria - Links no Texto\"><strong>Entre as principais regras para os motociclistas est\u00e3o:<\/strong><\/p>\n<\/div>\n<\/div>\n<div id=\"chunk-c2rcr\">\n<div class=\"mc-column content-text active-extra-styles\" data-block-type=\"raw\" data-block-weight=\"127\" data-block-id=\"11\">\n<ul class=\"content-unordered-list\" data-mrf-recirculation=\"Mat\u00e9ria - Leia Tamb\u00e9m (Lista)\">\n<li>Idade m\u00ednima de 21 anos;<\/li>\n<li>Proibi\u00e7\u00e3o de circular na \u00e1rea do minianel vi\u00e1rio, que corresponde \u00e0 \u00e1rea do rod\u00edzio de ve\u00edculos e abrange todo o centro expandido da cidade;<\/li>\n<li>Tamb\u00e9m n\u00e3o podem atuar em dias de chuva forte, vendaval e nas vias de tr\u00e2nsito r\u00e1pido, como as Marginais Pinheiros e Tiet\u00ea e o corredor Norte-Sul;<\/li>\n<li>Devem ficar fora das faixas e corredores de \u00f4nibus;<\/li>\n<li>Cadastro pr\u00e9vio na prefeitura;<\/li>\n<li>Possibilidade de os motociclistas se juntarem em cooperativa e terem o pr\u00f3prio aplicativo;<\/li>\n<li>Carteira de habilita\u00e7\u00e3o categoria \u201cA\u201d ou \u201cB\u201d h\u00e1 no m\u00ednimo 2 anos;<\/li>\n<li>Curso especializado para transporte de passageiros em motocicletas de 30 horas pagos pelas empresas de aplicativo;<\/li>\n<li>Eles tamb\u00e9m dever\u00e3o fazer exame toxicol\u00f3gico, v\u00e1lido por 3 meses, al\u00e9m de oferecer capacete certificado para o passageiro.<\/li>\n<\/ul>\n<\/div>\n<\/div>\n<div id=\"chunk-7lnku\">\n<div class=\"content-ads content-ads--reveal\" data-block-type=\"ads\" data-block-id=\"12\"><\/div>\n<\/div>\n<div id=\"chunk-focu7\">\n<div class=\"mc-column content-text active-extra-styles \" data-block-type=\"unstyled\" data-block-weight=\"4\" data-block-id=\"13\">\n<p class=\" content-text__container \" data-track-category=\"Link no Texto\" data-track-links=\"\" data-mrf-recirculation=\"Mat\u00e9ria - Links no Texto\"><strong>As empresas ter\u00e3o que:<\/strong><\/p>\n<\/div>\n<\/div>\n<div id=\"chunk-jcie\">\n<div class=\"mc-column content-text active-extra-styles\" data-block-type=\"raw\" data-block-weight=\"61\" data-block-id=\"14\">\n<ul class=\"content-unordered-list\" data-mrf-recirculation=\"Mat\u00e9ria - Leia Tamb\u00e9m (Lista)\">\n<li>Manter cadastros dos mototaxistas, que s\u00f3 poder\u00e3o usar uma moto;<\/li>\n<li>Contratar seguro para passageiros;<\/li>\n<li>Deixar claro que ser\u00e3o por conta das empresas os equipamentos de prote\u00e7\u00e3o individual e o custo com cadastro;<\/li>\n<li>Instalar pontos de descanso e estacionamento;<\/li>\n<li>Manter dispositivo limitador de velocidade no aplicativo, informando condutor e passageiro;<\/li>\n<li>Seguro funer\u00e1rio (os apps j\u00e1 t\u00eam seguro de vida, mas n\u00e3o funer\u00e1rio).<\/li>\n<\/ul>\n<\/div>\n<\/div>\n<div id=\"chunk-89auo\">\n<div class=\"mc-column content-text active-extra-styles \" data-block-type=\"unstyled\" data-block-weight=\"30\" data-block-id=\"15\">\n<p class=\" content-text__container \" data-track-category=\"Link no Texto\" data-track-links=\"\" data-mrf-recirculation=\"Mat\u00e9ria - Links no Texto\"><span class=\"highlight highlighted\">Caso n\u00e3o cumpram as regras, as empresas poder\u00e3o receber multas di\u00e1rias que v\u00e3o de R$ 4 mil a R$ 1,5 milh\u00e3o. As plataformas est\u00e3o proibidas de oferecer b\u00f4nus para viagens.<\/span><\/p>\n<\/div>\n<\/div>\n<div id=\"chunk-72e7p\">\n<div class=\"mc-column content-text active-extra-styles \" data-block-type=\"unstyled\" data-block-weight=\"5\" data-block-id=\"16\">\n<p class=\" content-text__container \" data-track-category=\"Link no Texto\" data-track-links=\"\" data-mrf-recirculation=\"Mat\u00e9ria - Links no Texto\"><strong>J\u00e1 as motos dever\u00e3o ter:<\/strong><\/p>\n<\/div>\n<\/div>\n<div id=\"chunk-7df0v\">\n<div class=\"mc-column content-text active-extra-styles\" data-block-type=\"raw\" data-block-weight=\"41\" data-block-id=\"17\">\n<ul class=\"content-unordered-list\" data-mrf-recirculation=\"Mat\u00e9ria - Leia Tamb\u00e9m (Lista)\">\n<li>No m\u00e1ximo 8 anos de uso;<\/li>\n<li>Registro na categoria aluguel, com placa vermelha paga;<\/li>\n<li>Al\u00e7as met\u00e1licas traseira e lateral para apoio do passageiro;<\/li>\n<li>Prote\u00e7\u00e3o para pernas e motor, para casos de tombamento;<\/li>\n<li>Dispositivo aparador de linha, para evitar acidentes com pipas.<\/li>\n<\/ul>\n<\/div>\n<\/div>\n<div id=\"chunk-3f4ul\">\n<div class=\"row medium-uncollapsed content-media content-photo\" data-block-type=\"backstage-photo\" data-block-id=\"18\">\n<div class=\" mc-column  content-media__container\">\n<p class=\"content-media__description  \">Moto por app: servi\u00e7o oferecido pela 99 e Uber \u00e9 alvo de impasse jur\u00eddico em SP \u2014 Foto: Reprodu\u00e7\u00e3o<\/p>\n<\/div>\n<\/div>\n<\/div>\n<div id=\"chunk-3nap4\">\n<div class=\"mc-column content-text active-extra-styles\" data-block-type=\"raw\" data-block-weight=\"2\" data-block-id=\"20\">\n<div class=\"content-intertitle\">\n<h2>Primeira vota\u00e7\u00e3o<\/h2>\n<\/div>\n<\/div>\n<\/div>\n<div id=\"chunk-f2l29\">\n<div class=\"mc-column content-text active-extra-styles \" data-block-type=\"unstyled\" data-block-weight=\"38\" data-block-id=\"21\">\n<p class=\" content-text__container \" data-track-category=\"Link no Texto\" data-track-links=\"\" data-mrf-recirculation=\"Mat\u00e9ria - Links no Texto\">O plen\u00e1rio da C\u00e2mara Municipal de S\u00e3o Paulo aprovou na noite de quinta-feira (4), em primeiro turno de discuss\u00e3o, o\u00a0<a class=\"\" href=\"https:\/\/g1.globo.com\/sp\/sao-paulo\/noticia\/2025\/12\/04\/motos-por-app-em-sp-projeto-que-deve-ser-votado-nesta-quinta-preve-multa-de-r-15-milhao-e-veta-uso-no-centro-expandido.ghtml\" data-mrf-link=\"https:\/\/g1.globo.com\/sp\/sao-paulo\/noticia\/2025\/12\/04\/motos-por-app-em-sp-projeto-que-deve-ser-votado-nesta-quinta-preve-multa-de-r-15-milhao-e-veta-uso-no-centro-expandido.ghtml\">projeto de lei que regulamenta a atividade de motot\u00e1xi<\/a>\u00a0e motos por aplicativo na cidade de S\u00e3o Paulo.<\/p>\n<\/div>\n<\/div>\n<div id=\"chunk-6qpr9\">\n<div class=\"mc-column content-text active-extra-styles \" data-block-type=\"unstyled\" data-block-weight=\"30\" data-block-id=\"22\">\n<p class=\" content-text__container \" data-track-category=\"Link no Texto\" data-track-links=\"\" data-mrf-recirculation=\"Mat\u00e9ria - Links no Texto\">O PL 1487\/2025, de autoria da Comiss\u00e3o de Tr\u00e2nsito, Transporte e Atividade Econ\u00f4mica da C\u00e2mara, recebeu\u00a0<strong>29 votos a favor e 9 votos contr\u00e1rios, somando 38 votos dos 55 vereadores.<\/strong><\/p>\n<\/div>\n<\/div>\n<div id=\"chunk-4i4n7\">\n<div class=\"mc-column content-text active-extra-styles \" data-block-type=\"unstyled\" data-block-weight=\"43\" data-block-id=\"23\">\n<p class=\" content-text__container \" data-track-category=\"Link no Texto\" data-track-links=\"\" data-mrf-recirculation=\"Mat\u00e9ria - Links no Texto\">Ao menos 17 vereadores n\u00e3o votaram nem sim, nem n\u00e3o. Eles n\u00e3o tiveram nem seus nomes registrados no painel. Entre eles o vereador\u00a0<a class=\"\" href=\"https:\/\/g1.globo.com\/sp\/sao-paulo\/noticia\/2025\/12\/02\/chamado-de-traidor-e-sem-carater-pelo-prefeito-vereador-rubinho-nunes-e-indicado-para-disputar-a-presidencia-da-camara-de-sp.ghtml\" data-mrf-link=\"https:\/\/g1.globo.com\/sp\/sao-paulo\/noticia\/2025\/12\/02\/chamado-de-traidor-e-sem-carater-pelo-prefeito-vereador-rubinho-nunes-e-indicado-para-disputar-a-presidencia-da-camara-de-sp.ghtml\">Rubinho Nunes (Uni\u00e3o Brasil), que \u00e9 candidato \u00e0 Presid\u00eancia da C\u00e2mara contra o vereador Ricardo Teixeira, do mesmo partido<\/a>.<\/p>\n<\/div>\n<\/div>\n<div id=\"chunk-9pc9b\">\n<div class=\"mc-column content-text active-extra-styles \" data-block-type=\"unstyled\" data-block-weight=\"36\" data-block-id=\"24\">\n<p class=\" content-text__container \" data-track-category=\"Link no Texto\" data-track-links=\"\" data-mrf-recirculation=\"Mat\u00e9ria - Links no Texto\">Quase 1\/3 dos vereadores eleitos n\u00e3o se manifestaram sobre o projeto que \u00e9 t\u00e3o importante para a cidade e foi exaustivamente debatido publicamente ao longo de 2025. A sess\u00e3o se estendeu at\u00e9 perto da meia-noite.<\/p>\n<\/div>\n<\/div>\n<div id=\"chunk-a7mtl\">\n<div class=\"cxm-block-video content-media mc-column \" data-block-type=\"backstage-video\" data-block-id=\"25\">\n<div class=\"cxm-block-video__container cxm-block-video__container--fallback \">\n<div class=\"cxm-block-video__player-fixer\">\n<article class=\"cxm-block-video__player-wrapper\">\n<section class=\"cxm-block-video__player\">\n<div class=\"cxm-block-video__placeholder\" data-video-id=\"14155617\"><img decoding=\"async\" class=\"cxm-block-video__thumb\" title=\"Motos por app em SP: vereadores aprovam projeto em 1\u00aa vota\u00e7\u00e3o\" src=\"https:\/\/s02.video.glbimg.com\/x240\/14155617.jpg\" alt=\"Motos por app em SP: vereadores aprovam projeto em 1\u00aa vota\u00e7\u00e3o\" \/><\/div>\n<\/section>\n<\/article>\n<\/div>\n<div class=\"cxm-block-video__caption-container\">\n<p class=\"codex-caption codex-caption--small\">Motos por app em SP: vereadores aprovam projeto em 1\u00aa vota\u00e7\u00e3o<\/p>\n<\/div>\n<\/div>\n<\/div>\n<\/div>\n<div id=\"chunk-2jdl1\">\n<div class=\"row medium-uncollapsed content-media content-photo\" data-block-type=\"backstage-photo\" data-block-id=\"27\">\n<div class=\" mc-column  content-media__container\">\n<p class=\"content-media__description  \">Painel da C\u00e2mara Municipal aponta apenas 38 vereadores entre os 55 que registraram voto no projeto de regulamenta\u00e7\u00e3o dos mototaxistas em S\u00e3o Paulo. \u2014 Foto: Divulga\u00e7\u00e3o\/C\u00e2mara Municipal de SP<\/p>\n<\/div>\n<\/div>\n<\/div>\n<div id=\"chunk-3tph1\">\n<div class=\"mc-column content-text active-extra-styles \" data-block-type=\"unstyled\" data-block-weight=\"40\" data-block-id=\"28\">\n<p class=\" content-text__container \" data-track-category=\"Link no Texto\" data-track-links=\"\" data-mrf-recirculation=\"Mat\u00e9ria - Links no Texto\">O texto aprovado em primeiro turno foi o mesmo apresentado pelo vereador Paulo Frange (MDB), resultado de meses de debates promovidos pela subcomiss\u00e3o criada na C\u00e2mara para tratar do assunto, sob a presid\u00eancia da vereadora Renata Falzoni (PSB).<\/p>\n<\/div>\n<\/div>\n<div id=\"chunk-6r0bp\">\n<div class=\"mc-column content-text active-extra-styles \" data-block-type=\"unstyled\" data-block-weight=\"17\" data-block-id=\"29\">\n<p class=\" content-text__container \" data-track-category=\"Link no Texto\" data-track-links=\"\" data-mrf-recirculation=\"Mat\u00e9ria - Links no Texto\">As penalidades previstas incluem advert\u00eancia, multa, suspens\u00e3o e cassa\u00e7\u00e3o de cadastro ou credenciamento\u00a0<strong>(veja regras abaixo)<\/strong>.<\/p>\n<\/div>\n<\/div>\n<div id=\"chunk-fn19s\">\n<div class=\"row medium-uncollapsed content-media content-photo\" data-block-type=\"backstage-photo\" data-block-id=\"30\">\n<div class=\" mc-column  content-media__container\">\n<p class=\"content-media__description  \">O prefeito de S\u00e3o Paulo, Ricardo Nunes (MDB), pretende publicar decreto de regulamenta\u00e7\u00e3o das motos por aplicativo at\u00e9 8 de dezembro. \u2014 Foto: Montagem\/g1\/Bruno Peres\/Ag\u00eancia Brasil e Secom\/PMSP<\/p>\n<\/div>\n<\/div>\n<\/div>\n<div id=\"chunk-16q8\">\n<div class=\"mc-column content-text active-extra-styles \" data-block-type=\"unstyled\" data-block-weight=\"29\" data-block-id=\"32\">\n<p class=\" content-text__container \" data-track-category=\"Link no Texto\" data-track-links=\"\" data-mrf-recirculation=\"Mat\u00e9ria - Links no Texto\">Em conversa com a imprensa na semana passada, o prefeito adiantou que estava preparando o<a class=\"\" href=\"https:\/\/g1.globo.com\/sp\/sao-paulo\/noticia\/2025\/11\/27\/apos-nova-derrota-na-justica-nunes-admite-regulamentar-motos-por-app-em-sp-ate-8-de-dezembro-veja-regras.ghtml\" data-mrf-link=\"https:\/\/g1.globo.com\/sp\/sao-paulo\/noticia\/2025\/11\/27\/apos-nova-derrota-na-justica-nunes-admite-regulamentar-motos-por-app-em-sp-ate-8-de-dezembro-veja-regras.ghtml\">\u00a0texto com regras mais restritivas do que o esperado pelas empresas do setor.<\/a><\/p>\n<\/div>\n<\/div>\n<div id=\"chunk-aejes\">\n<div class=\"mc-column content-text active-extra-styles \" data-block-type=\"unstyled\" data-block-weight=\"28\" data-block-id=\"33\">\n<p class=\" content-text__container \" data-track-category=\"Link no Texto\" data-track-links=\"\" data-mrf-recirculation=\"Mat\u00e9ria - Links no Texto\">Ele havia pedido a suspens\u00e3o do prazo (que termina em 10 de dezembro) para a atividade ser regulamentada, mas o<a class=\"\" href=\"https:\/\/g1.globo.com\/sp\/sao-paulo\/noticia\/2025\/11\/27\/justica-nega-recurso-de-nunes-para-suspender-ou-esticar-prazo-de-90-dias-para-regulamentar-motos-por-aplicativo-em-sp.ghtml\" data-mrf-link=\"https:\/\/g1.globo.com\/sp\/sao-paulo\/noticia\/2025\/11\/27\/justica-nega-recurso-de-nunes-para-suspender-ou-esticar-prazo-de-90-dias-para-regulamentar-motos-por-aplicativo-em-sp.ghtml\">\u00a0presidente do Tribunal de Justi\u00e7a negou a solicita\u00e7\u00e3o<\/a>.<\/p>\n<\/div>\n<\/div>\n<div id=\"chunk-7goqj\">\n<div class=\"mc-column content-text active-extra-styles \" data-block-type=\"unstyled\" data-block-weight=\"27\" data-block-id=\"34\">\n<p class=\" content-text__container \" data-track-category=\"Link no Texto\" data-track-links=\"\" data-mrf-recirculation=\"Mat\u00e9ria - Links no Texto\">As empresas diretamente interessadas no assunto &#8211; 99 e Uber &#8211; anunciaram que<a class=\"\" href=\"https:\/\/g1.globo.com\/sp\/sao-paulo\/noticia\/2025\/11\/18\/99-e-uber-anunciam-retomada-do-servico-de-moto-por-aplicativo-na-cidade-de-sp-a-partir-de-11-de-dezembro.ghtml\" data-mrf-link=\"https:\/\/g1.globo.com\/sp\/sao-paulo\/noticia\/2025\/11\/18\/99-e-uber-anunciam-retomada-do-servico-de-moto-por-aplicativo-na-cidade-de-sp-a-partir-de-11-de-dezembro.ghtml\">\u00a0devem retomar os servi\u00e7os de moto por aplicativo na cidade em 11 de dezembro.<\/a><\/p>\n<\/div>\n<\/div>\n<div id=\"chunk-3lulo\">\n<div class=\"mc-column content-text active-extra-styles \" data-block-type=\"unstyled\" data-block-weight=\"10\" data-block-id=\"35\">\n<p class=\" content-text__container \" data-track-category=\"Link no Texto\" data-track-links=\"\" data-mrf-recirculation=\"Mat\u00e9ria - Links no Texto\"><strong>Veja os principais pontos aprovados no projeto em primeira vota\u00e7\u00e3o:<\/strong><\/p>\n<\/div>\n<\/div>\n<div id=\"chunk-k5bv\">\n<div class=\"mc-column content-text active-extra-styles\" data-block-type=\"raw\" data-block-weight=\"4\" data-block-id=\"36\">\n<div class=\"content-intertitle\">\n<h2><strong>Credenciamento obrigat\u00f3rio das empresas<\/strong><\/h2>\n<\/div>\n<\/div>\n<\/div>\n<div id=\"chunk-8dv0m\">\n<div class=\"mc-column content-text active-extra-styles\" data-block-type=\"raw\" data-block-weight=\"66\" data-block-id=\"37\">\n<ul class=\"content-unordered-list\" data-mrf-recirculation=\"Mat\u00e9ria - Leia Tamb\u00e9m (Lista)\">\n<li>O texto determina que o uso intensivo das motos para presta\u00e7\u00e3o de servi\u00e7o depender\u00e1 de credenciamento pr\u00e9vio da empresa, com validade de um ano;<\/li>\n<li>A empresa dever\u00e1 contratar seguro de Acidentes Pessoais de Passageiros (APP);<\/li>\n<li>Tamb\u00e9m ser\u00e1 necess\u00e1rio apresentar um plano inicial para a instala\u00e7\u00e3o de pontos de descanso e estacionamento;<\/li>\n<li>O Poder Executivo ter\u00e1 60 dias para analisar o pedido e poder\u00e1 solicitar documentos adicionais.<\/li>\n<\/ul>\n<\/div>\n<\/div>\n<div id=\"chunk-68r93\">\n<div class=\"mc-column content-text active-extra-styles\" data-block-type=\"raw\" data-block-weight=\"3\" data-block-id=\"38\">\n<div class=\"content-intertitle\">\n<h2><strong>Cadastro dos condutores<\/strong><\/h2>\n<\/div>\n<\/div>\n<\/div>\n<div id=\"chunk-1h443\">\n<div class=\"mc-column content-text active-extra-styles\" data-block-type=\"raw\" data-block-weight=\"100\" data-block-id=\"39\">\n<ul class=\"content-unordered-list\" data-mrf-recirculation=\"Mat\u00e9ria - Leia Tamb\u00e9m (Lista)\">\n<li>Para trabalhar no transporte de passageiros, o motociclista precisar\u00e1 ter idade m\u00ednima de 21 anos; CNH A ou AB h\u00e1 pelo menos 2 anos, com anota\u00e7\u00e3o de Exerc\u00edcio de Atividade Remunerada (EAR);<\/li>\n<li>Dever\u00e1 disponibilizar capacete em bom estado e touca descart\u00e1vel ao passageiro;<\/li>\n<li>Obrigatoriedade de se manter como contribuinte do INSS;<\/li>\n<li>Conclus\u00e3o de curso especializado, inexist\u00eancia de infra\u00e7\u00e3o grav\u00edssima nos \u00faltimos 12 meses;<\/li>\n<li>Aus\u00eancia de condena\u00e7\u00e3o por crimes contra a mulher, contra a dignidade sexual e outros;<\/li>\n<li>Exame toxicol\u00f3gico com janela m\u00ednima de 90 dias;<\/li>\n<li>O cadastro ser\u00e1 gratuito e dever\u00e1 ser conclu\u00eddo antes do registro do condutor na plataforma<\/li>\n<\/ul>\n<\/div>\n<\/div>\n<div id=\"chunk-t0jr\">\n<div class=\"content-ads content-ads--reveal\" data-block-type=\"ads\" data-block-id=\"40\"><\/div>\n<\/div>\n<div id=\"chunk-dnhj4\">\n<div class=\"mc-column content-text active-extra-styles\" data-block-type=\"raw\" data-block-weight=\"5\" data-block-id=\"41\">\n<div class=\"content-intertitle\">\n<h2>Como devem ser as motos<\/h2>\n<\/div>\n<\/div>\n<\/div>\n<div id=\"chunk-18vqi\">\n<div class=\"mc-column content-text active-extra-styles\" data-block-type=\"raw\" data-block-weight=\"52\" data-block-id=\"42\">\n<ul class=\"content-unordered-list\" data-mrf-recirculation=\"Mat\u00e9ria - Leia Tamb\u00e9m (Lista)\">\n<li>Toda motocicleta usada no servi\u00e7o dever\u00e1 ter Certificado de Seguran\u00e7a Veicular (CSV);<\/li>\n<li>Ano de fabrica\u00e7\u00e3o n\u00e3o superior a 8 anos;<\/li>\n<li>Registro na categoria \u201caluguel\u201d, o que obriga o uso de placa vermelha;<\/li>\n<li>Al\u00e7as na traseira e na lateral para apoio do passageiro;<\/li>\n<li>Dispositivo de prote\u00e7\u00e3o para pernas e motor e antena &#8220;corta-pipa&#8221;.<\/li>\n<\/ul>\n<\/div>\n<\/div>\n<div id=\"chunk-3negs\">\n<div class=\"mc-column content-text active-extra-styles\" data-block-type=\"raw\" data-block-weight=\"3\" data-block-id=\"43\">\n<div class=\"content-intertitle\">\n<h2>Deveres das plataformas<\/h2>\n<\/div>\n<\/div>\n<\/div>\n<div id=\"chunk-b8s2l\">\n<div class=\"mc-column content-text active-extra-styles\" data-block-type=\"raw\" data-block-weight=\"51\" data-block-id=\"44\">\n<ul class=\"content-unordered-list\" data-mrf-recirculation=\"Mat\u00e9ria - Leia Tamb\u00e9m (Lista)\">\n<li>As empresas dever\u00e3o oferecer viagens somente com motociclistas cadastrados e ve\u00edculos certificados;<\/li>\n<li>Disponibilizar \u00e0 prefeitura os dados necess\u00e1rios para fiscaliza\u00e7\u00e3o;<\/li>\n<li>Exibir no aplicativo a identifica\u00e7\u00e3o do condutor e o certificado da moto;<\/li>\n<li>Permitir vincula\u00e7\u00e3o de apenas um ve\u00edculo por condutor;<\/li>\n<li>Manter limitador de velocidade no aplicativo;<\/li>\n<li>Manter vigente o seguro APP.<\/li>\n<\/ul>\n<\/div>\n<\/div>\n<div id=\"chunk-3pg94\">\n<div class=\"mc-column content-text active-extra-styles\" data-block-type=\"raw\" data-block-weight=\"37\" data-block-id=\"45\">\n<blockquote class=\"content-blockquote theme-border-color-primary-before\"><p>Elas tamb\u00e9m ter\u00e3o de compartilhar dados detalhados das viagens com a Prefeitura de S\u00e3o Paulo, como origem, destino, trajeto, tempo de espera, avalia\u00e7\u00e3o, identifica\u00e7\u00e3o do ve\u00edculo, registros de sinistros e dados de telemetria sobre comportamentos de risco.<\/p><\/blockquote>\n<\/div>\n<\/div>\n<div id=\"chunk-7adjb\">\n<div class=\"mc-column content-text active-extra-styles\" data-block-type=\"raw\" data-block-weight=\"4\" data-block-id=\"46\">\n<div class=\"content-intertitle\">\n<h2>\u00c1reas com circula\u00e7\u00e3o proibida<\/h2>\n<\/div>\n<\/div>\n<\/div>\n<div id=\"chunk-5q1co\">\n<div class=\"mc-column content-text active-extra-styles \" data-block-type=\"unstyled\" data-block-weight=\"13\" data-block-id=\"47\">\n<p class=\" content-text__container \" data-track-category=\"Link no Texto\" data-track-links=\"\" data-mrf-recirculation=\"Mat\u00e9ria - Links no Texto\">O projeto pro\u00edbe a circula\u00e7\u00e3o de motos usadas para transporte de passageiros em:<\/p>\n<\/div>\n<\/div>\n<div id=\"chunk-fansv\">\n<div class=\"mc-column content-text active-extra-styles\" data-block-type=\"raw\" data-block-weight=\"40\" data-block-id=\"48\">\n<ul class=\"content-unordered-list\" data-mrf-recirculation=\"Mat\u00e9ria - Leia Tamb\u00e9m (Lista)\">\n<li>Corredores e faixas exclusivas de \u00f4nibus;<\/li>\n<li>Durante eventos adversos, como chuva intensa, vendaval, enchentes e baixa visibilidade;<\/li>\n<li>Em vias de tr\u00e2nsito r\u00e1pido;<\/li>\n<li>No minianel vi\u00e1rio (regi\u00e3o do Centro expandido);<\/li>\n<li>E na Zona de M\u00e1xima Restri\u00e7\u00e3o de Circula\u00e7\u00e3o (ZMRC) de caminh\u00f5es.<\/li>\n<\/ul>\n<\/div>\n<\/div>\n<div id=\"chunk-donco\">\n<div class=\"mc-column content-text active-extra-styles \" data-block-type=\"unstyled\" data-block-weight=\"23\" data-block-id=\"50\">\n<p class=\" content-text__container \" data-track-category=\"Link no Texto\" data-track-links=\"\" data-mrf-recirculation=\"Mat\u00e9ria - Links no Texto\">O Executivo poder\u00e1 ainda definir per\u00edmetros espec\u00edficos para opera\u00e7\u00e3o e delimitar pontos de embarque e desembarque em terminais e esta\u00e7\u00f5es de transporte p\u00fablico.<\/p>\n<\/div>\n<\/div>\n<div id=\"chunk-e9923\">\n<div class=\"mc-column content-text active-extra-styles\" data-block-type=\"raw\" data-block-weight=\"6\" data-block-id=\"51\">\n<div class=\"content-intertitle\">\n<h2>Multas de at\u00e9 R$ 1,5 milh\u00e3o<\/h2>\n<\/div>\n<\/div>\n<\/div>\n<div id=\"chunk-6t98h\">\n<div class=\"mc-column content-text active-extra-styles \" data-block-type=\"unstyled\" data-block-weight=\"45\" data-block-id=\"52\">\n<p class=\" content-text__container \" data-track-category=\"Link no Texto\" data-track-links=\"\" data-mrf-recirculation=\"Mat\u00e9ria - Links no Texto\">As penalidades previstas incluem advert\u00eancia, multa, suspens\u00e3o e cassa\u00e7\u00e3o de cadastro ou credenciamento.\u00a0<strong><span class=\"highlight highlighted\">Para as empresas, as multas variam de R$ 4 mil a R$ 1,5 milh\u00e3o<\/span><\/strong>, podendo ser cobradas por dia caso a infra\u00e7\u00e3o persista. Os valores ser\u00e3o reajustados anualmente com base no IPCA.<\/p>\n<\/div>\n<\/div>\n<div id=\"chunk-74eb7\">\n<div class=\"mc-column content-text active-extra-styles\" data-block-type=\"raw\" data-block-weight=\"7\" data-block-id=\"53\">\n<div class=\"content-intertitle\">\n<h2>O que dizem as empresas de app<\/h2>\n<\/div>\n<\/div>\n<\/div>\n<div id=\"chunk-13vkv\">\n<div class=\"mc-column content-text active-extra-styles \" data-block-type=\"unstyled\" data-block-weight=\"35\" data-block-id=\"54\">\n<p class=\" content-text__container \" data-track-category=\"Link no Texto\" data-track-links=\"\" data-mrf-recirculation=\"Mat\u00e9ria - Links no Texto\">A Associa\u00e7\u00e3o Brasileira de Mobilidade e Tecnologia (Amobitec), que representa as empresas de aplicativo de moto, disse que esse projeto votado na C\u00e2mara Municipal, na pr\u00e1tica, &#8220;inviabiliza a opera\u00e7\u00e3o do servi\u00e7o de motot\u00e1xi na cidade&#8221;.<\/p>\n<\/div>\n<\/div>\n<div id=\"chunk-2smu\">\n<div class=\"mc-column content-text active-extra-styles \" data-block-type=\"unstyled\" data-block-weight=\"37\" data-block-id=\"55\">\n<p class=\" content-text__container \" data-track-category=\"Link no Texto\" data-track-links=\"\" data-mrf-recirculation=\"Mat\u00e9ria - Links no Texto\">Segundo a Amobitec, ele \u00e9 \u201cinconstitucional, pois cria um conjunto de restri\u00e7\u00f5es que, na pr\u00e1tica, inviabiliza a opera\u00e7\u00e3o do servi\u00e7o na cidade de S\u00e3o Paulo ao impor limita\u00e7\u00f5es ao condutor, \u00e0 moto e aos locais de uso\u201d.<\/p>\n<\/div>\n<\/div>\n<div id=\"chunk-a5hui\">\n<div class=\"mc-column content-text active-extra-styles \" data-block-type=\"unstyled\" data-block-weight=\"51\" data-block-id=\"56\">\n<p class=\" content-text__container \" data-track-category=\"Link no Texto\" data-track-links=\"\" data-mrf-recirculation=\"Mat\u00e9ria - Links no Texto\">\u201cO texto apresentado re\u00fane exig\u00eancias que extrapolam o que a legisla\u00e7\u00e3o que regula a categoria permite. Por exemplo, ao exigir placa vermelha (categoria aluguel) para as motocicletas que venham a atuar na modalidade, o projeto equipara indevidamente o motoapp ao motot\u00e1xi, ignorando a legisla\u00e7\u00e3o federal espec\u00edfica para transporte via aplicativos\u201d, afirmou.<\/p>\n<\/div>\n<\/div>\n<div id=\"chunk-bblmu\">\n<div class=\"mc-column content-text active-extra-styles \" data-block-type=\"unstyled\" data-block-weight=\"28\" data-block-id=\"58\">\n<p class=\" content-text__container \" data-track-category=\"Link no Texto\" data-track-links=\"\" data-mrf-recirculation=\"Mat\u00e9ria - Links no Texto\">A Amobitec tamb\u00e9m afirmou que \u201co projeto estabelece credenciamento pr\u00e9vio obrigat\u00f3rio para empresas e motoristas, com prazo de at\u00e9 60 dias para an\u00e1lise por parte do Executivo\u201d.<\/p>\n<\/div>\n<\/div>\n<div id=\"chunk-4rtv0\">\n<div class=\"mc-column content-text active-extra-styles \" data-block-type=\"unstyled\" data-block-weight=\"42\" data-block-id=\"59\">\n<p class=\" content-text__container \" data-track-category=\"Link no Texto\" data-track-links=\"\" data-mrf-recirculation=\"Mat\u00e9ria - Links no Texto\">\u201cNa pr\u00e1tica, trata-se de um ato de libera\u00e7\u00e3o sujeito \u00e0 total discricionariedade da Prefeitura \u2013 o que significa que o munic\u00edpio poderia, em \u00faltima inst\u00e2ncia, n\u00e3o autorizar nenhuma empresa ou condutor, configurando uma nova forma de proibi\u00e7\u00e3o, j\u00e1 vedada pela Justi\u00e7a\u201d, argumenta.<\/p>\n<\/div>\n<\/div>\n<div id=\"chunk-eq2ps\">\n<div class=\"mc-column content-text active-extra-styles \" data-block-type=\"unstyled\" data-block-weight=\"29\" data-block-id=\"60\">\n<p class=\" content-text__container \" data-track-category=\"Link no Texto\" data-track-links=\"\" data-mrf-recirculation=\"Mat\u00e9ria - Links no Texto\">\u201cMunic\u00edpios n\u00e3o podem criar barreiras desproporcionais, nem criar regras n\u00e3o previstas na legisla\u00e7\u00e3o nacional, principalmente se n\u00e3o tiverem estritamente a ver com a regula\u00e7\u00e3o do tr\u00e2nsito\u201d, completa a entidade.<\/p>\n<\/div>\n<\/div>\n<div id=\"chunk-br8pm\">\n<div class=\"mc-column content-text active-extra-styles\" data-block-type=\"raw\" data-block-weight=\"7\" data-block-id=\"61\">\n<div class=\"content-intertitle\">\n<h2>An\u00fancio de retomada em 11 de dezembro<\/h2>\n<\/div>\n<\/div>\n<\/div>\n<div id=\"chunk-5krhm\">\n<div class=\"row medium-uncollapsed content-media content-photo\" data-block-type=\"backstage-photo\" data-block-id=\"62\">\n<div class=\" mc-column  content-media__container\">\n<div class=\"content-media-container glb-skeleton-box\">\n<figure class=\"content-media-figure\"><img decoding=\"async\" class=\"i-amphtml-fill-content i-amphtml-replaced-content\" src=\"https:\/\/s2-g1.glbimg.com\/uYJAXYtdbueOpCOO74nV-Iqb6Wk=\/0x0:1280x576\/984x0\/smart\/filters:strip_icc()\/i.s3.glbimg.com\/v1\/AUTH_59edd422c0c84a879bd37670ae4f538a\/internal_photos\/bs\/2025\/H\/I\/YbzGsOQxKs77BVGAiaMg\/uber-e-99.jpeg\" sizes=\"(max-width: 1366px) 648px, 100vw\" srcset=\"https:\/\/s2-g1.glbimg.com\/WVzJ82fZSDzy5osD6GSXSwy0SUw=\/0x0:1280x576\/1000x0\/smart\/filters:strip_icc()\/i.s3.glbimg.com\/v1\/AUTH_59edd422c0c84a879bd37670ae4f538a\/internal_photos\/bs\/2025\/H\/I\/YbzGsOQxKs77BVGAiaMg\/uber-e-99.jpeg 1000w, https:\/\/s2-g1.glbimg.com\/uYJAXYtdbueOpCOO74nV-Iqb6Wk=\/0x0:1280x576\/984x0\/smart\/filters:strip_icc()\/i.s3.glbimg.com\/v1\/AUTH_59edd422c0c84a879bd37670ae4f538a\/internal_photos\/bs\/2025\/H\/I\/YbzGsOQxKs77BVGAiaMg\/uber-e-99.jpeg 984w, https:\/\/s2-g1.glbimg.com\/SCQyLm-a-ZVHPf3gCHmictIdnfI=\/0x0:1280x576\/640x0\/smart\/filters:strip_icc()\/i.s3.glbimg.com\/v1\/AUTH_59edd422c0c84a879bd37670ae4f538a\/internal_photos\/bs\/2025\/H\/I\/YbzGsOQxKs77BVGAiaMg\/uber-e-99.jpeg 640w, https:\/\/s2-g1.glbimg.com\/hPxjPwYRKo_5tAurv8V_HXDV_40=\/0x0:1280x576\/600x0\/smart\/filters:strip_icc()\/i.s3.glbimg.com\/v1\/AUTH_59edd422c0c84a879bd37670ae4f538a\/internal_photos\/bs\/2025\/H\/I\/YbzGsOQxKs77BVGAiaMg\/uber-e-99.jpeg 600w\" alt=\"99 e Uber anunciam retomada do servi\u00e7o de moto por aplicativo na cidade de SP a partir de 11 de dezembro \u2014 Foto: Rodrigo Rodrigues\/g1\" \/><\/figure>\n<\/div>\n<p class=\"content-media__description  \">99 e Uber anunciam retomada do servi\u00e7o de moto por aplicativo na cidade de SP a partir de 11 de dezembro \u2014 Foto: Rodrigo Rodrigues\/g1<\/p>\n<\/div>\n<\/div>\n<\/div>\n<div id=\"chunk-1ectr\">\n<div class=\"mc-column content-text active-extra-styles \" data-block-type=\"unstyled\" data-block-weight=\"33\" data-block-id=\"64\">\n<p class=\" content-text__container \" data-track-category=\"Link no Texto\" data-track-links=\"\" data-mrf-recirculation=\"Mat\u00e9ria - Links no Texto\">No final do m\u00eas passado, as plataformas 99 e Uber anunciaram que v\u00e3o retomar o servi\u00e7o de moto por aplicativo na cidade de S\u00e3o Paulo a partir do pr\u00f3ximo dia 11 de dezembro.<\/p>\n<\/div>\n<\/div>\n<div id=\"chunk-9bhb7\">\n<div class=\"mc-column content-text active-extra-styles \" data-block-type=\"unstyled\" data-block-weight=\"24\" data-block-id=\"65\">\n<p class=\" content-text__container \" data-track-category=\"Link no Texto\" data-track-links=\"\" data-mrf-recirculation=\"Mat\u00e9ria - Links no Texto\">Na v\u00e9spera, dia 10, vence o prazo dado pela Justi\u00e7a de S\u00e3o Paulo para que Nunes regulamente as regras do servi\u00e7o na capital paulista.<\/p>\n<\/div>\n<\/div>\n<div id=\"chunk-9i6pr\">\n<div class=\"mc-column content-text active-extra-styles \" data-block-type=\"unstyled\" data-block-weight=\"53\" data-block-id=\"66\">\n<p class=\" content-text__container \" data-track-category=\"Link no Texto\" data-track-links=\"\" data-mrf-recirculation=\"Mat\u00e9ria - Links no Texto\">Procurada, a Prefeitura de SP disse que \u00e9 &#8220;rigorosamente contr\u00e1ria ao servi\u00e7o de motot\u00e1xis na cidade. Trata-se de um transporte n\u00e3o regulamentado, perigoso e que tem registrado acidentes e mortes de in\u00fameros passageiros&#8221; e que &#8220;as \u00e1reas jur\u00eddicas e t\u00e9cnicas da Secretaria Municipal de Mobilidade Urbana e Transporte (SMT) avaliam o assunto&#8221;.<\/p>\n<\/div>\n<\/div>\n<div id=\"chunk-4f0p0\">\n<div class=\"mc-column content-text active-extra-styles \" data-block-type=\"unstyled\" data-block-weight=\"40\" data-block-id=\"67\">\n<p class=\" content-text__container \" data-track-category=\"Link no Texto\" data-track-links=\"\" data-mrf-recirculation=\"Mat\u00e9ria - Links no Texto\">O an\u00fancio da retomada dos servi\u00e7os foi feito em conjunto pelas duas empresas e acontece ap\u00f3s uma decis\u00e3o do Supremo Tribunal Federal (<a class=\"\" href=\"https:\/\/g1.globo.com\/tudo-sobre\/supremo-tribunal-federal\/\" data-mrf-link=\"https:\/\/g1.globo.com\/tudo-sobre\/supremo-tribunal-federal\/\">STF<\/a>) que\u00a0<a class=\"\" href=\"https:\/\/g1.globo.com\/sp\/sao-paulo\/noticia\/2025\/11\/10\/stf-forma-maioria-e-invalida-lei-que-dava-autonomia-a-municipios-de-sp-para-regulamentar-motos-por-app.ghtml\" data-mrf-link=\"https:\/\/g1.globo.com\/sp\/sao-paulo\/noticia\/2025\/11\/10\/stf-forma-maioria-e-invalida-lei-que-dava-autonomia-a-municipios-de-sp-para-regulamentar-motos-por-app.ghtml\">considerou inconstitucional a lei estadual que dava aos munic\u00edpios poder para autorizar ou proibir o servi\u00e7o<\/a>.<\/p>\n<\/div>\n<\/div>\n<div id=\"chunk-7meka\">\n<div class=\"mc-column content-text active-extra-styles \" data-block-type=\"unstyled\" data-block-weight=\"25\" data-block-id=\"68\">\n<p class=\" content-text__container \" data-track-category=\"Link no Texto\" data-track-links=\"\" data-mrf-recirculation=\"Mat\u00e9ria - Links no Texto\">Segundo as empresas, o modelo j\u00e1 \u00e9 aplicado no Rio de Janeiro em parceria com o poder p\u00fablico e pode subsidiar a futura regulamenta\u00e7\u00e3o municipal.<\/p>\n<p>Fonte: G1<\/p>\n<\/div>\n<\/div>\n<\/div>\n<\/article>\n<\/div>\n","protected":false},"excerpt":{"rendered":"<p>Projeto que regulamenta motos por aplicativo na cidade de SP \u00e9 aprovado em segunda vota\u00e7\u00e3o; veja regras O placar nesta<\/p>\n","protected":false},"author":1,"featured_media":10821,"comment_status":"open","ping_status":"open","sticky":false,"template":"","format":"standard","meta":{"colormag_page_container_layout":"default_layout","colormag_page_sidebar_layout":"default_layout","footnotes":""},"categories":[1],"tags":[],"class_list":["post-10809","post","type-post","status-publish","format-standard","has-post-thumbnail","hentry","category-geral"],"_links":{"self":[{"href":"http:\/\/metropoleemfoco.com.br\/index.php?rest_route=\/wp\/v2\/posts\/10809","targetHints":{"allow":["GET"]}}],"collection":[{"href":"http:\/\/metropoleemfoco.com.br\/index.php?rest_route=\/wp\/v2\/posts"}],"about":[{"href":"http:\/\/metropoleemfoco.com.br\/index.php?rest_route=\/wp\/v2\/types\/post"}],"author":[{"embeddable":true,"href":"http:\/\/metropoleemfoco.com.br\/index.php?rest_route=\/wp\/v2\/users\/1"}],"replies":[{"embeddable":true,"href":"http:\/\/metropoleemfoco.com.br\/index.php?rest_route=%2Fwp%2Fv2%2Fcomments&post=10809"}],"version-history":[{"count":1,"href":"http:\/\/metropoleemfoco.com.br\/index.php?rest_route=\/wp\/v2\/posts\/10809\/revisions"}],"predecessor-version":[{"id":10822,"href":"http:\/\/metropoleemfoco.com.br\/index.php?rest_route=\/wp\/v2\/posts\/10809\/revisions\/10822"}],"wp:featuredmedia":[{"embeddable":true,"href":"http:\/\/metropoleemfoco.com.br\/index.php?rest_route=\/wp\/v2\/media\/10821"}],"wp:attachment":[{"href":"http:\/\/metropoleemfoco.com.br\/index.php?rest_route=%2Fwp%2Fv2%2Fmedia&parent=10809"}],"wp:term":[{"taxonomy":"category","embeddable":true,"href":"http:\/\/metropoleemfoco.com.br\/index.php?rest_route=%2Fwp%2Fv2%2Fcategories&post=10809"},{"taxonomy":"post_tag","embeddable":true,"href":"http:\/\/metropoleemfoco.com.br\/index.php?rest_route=%2Fwp%2Fv2%2Ftags&post=10809"}],"curies":[{"name":"wp","href":"https:\/\/api.w.org\/{rel}","templated":true}]}}