{"id":10808,"date":"2025-12-09T23:40:26","date_gmt":"2025-12-10T02:40:26","guid":{"rendered":"http:\/\/metropoleemfoco.com.br\/?p=10808"},"modified":"2025-12-09T23:40:26","modified_gmt":"2025-12-10T02:40:26","slug":"motoristas-de-onibus-de-sp-decidem-encerrar-paralisacao-apos-reuniao-com-nunes","status":"publish","type":"post","link":"http:\/\/metropoleemfoco.com.br\/?p=10808","title":{"rendered":"Motoristas de \u00f4nibus de SP decidem encerrar paralisa\u00e7\u00e3o ap\u00f3s reuni\u00e3o com Nunes"},"content":{"rendered":"<div class=\"mc-article-header\">\n<div class=\"row content-head mc-column non-featured \">\n<div class=\"title\" data-block-type=\"title\" data-block-id=\"0\">\n<h1 class=\"content-head__title\">Motoristas de \u00f4nibus de SP decidem encerrar paralisa\u00e7\u00e3o ap\u00f3s reuni\u00e3o com Nunes e representantes de empresas<\/h1>\n<\/div>\n<div class=\"medium-centered subtitle\">\n<h2 class=\"content-head__subtitle\">Paralisa\u00e7\u00e3o parcial de motoristas de \u00f4nibus nesta ter\u00e7a-feira (9) na capital paulista afetou 3,3 milh\u00f5es de passageiros.<\/h2>\n<\/div>\n<\/div>\n<div class=\"content__signa-share mc-column\">\n<div class=\"content__signature\">\n<div class=\"content-publication-data\">\n<div class=\"content-publication-data__text\">\n<p class=\"content-publication-data__from\" title=\"Bernardo Bortolotto, Bruno Tavares\">Por Bernardo Bortolotto, Bruno Tavares, TV Globo e g1 SP\u00a0\u2014 S\u00e3o Paulo<\/p>\n<\/div>\n<\/div>\n<\/div>\n<\/div>\n<div class=\"glb-share-bar content__share-bar\">\n<div class=\"glb-share-bar_icons\">\n<div class=\"glb-share-bar_button-img\"><\/div>\n<\/div>\n<\/div>\n<\/div>\n<div class=\"mc-article-body\">\n<article>\n<div id=\"chunk-c2g8b\">\n<div class=\"cxm-block-video content-media mc-column \" data-block-type=\"backstage-video\" data-block-id=\"2\">\n<div class=\"cxm-block-video__container cxm-block-video__container--fallback \">\n<div class=\"cxm-block-video__player-fixer\">\n<article class=\"cxm-block-video__player-wrapper\">\n<section class=\"cxm-block-video__player\">\n<div class=\"cxm-block-video__placeholder\" data-video-id=\"14167468\"><img decoding=\"async\" class=\"cxm-block-video__thumb\" title=\"Ricardo Nunes fala sobre paralisa\u00e7\u00e3o de rodovi\u00e1rios em S\u00e3o Paulo\" src=\"https:\/\/s01.video.glbimg.com\/x240\/14167468.jpg\" alt=\"Ricardo Nunes fala sobre paralisa\u00e7\u00e3o de rodovi\u00e1rios em S\u00e3o Paulo\" \/><\/div>\n<\/section>\n<\/article>\n<\/div>\n<div class=\"cxm-block-video__caption-container\">\n<p class=\"codex-caption codex-caption--small\">Ricardo Nunes fala sobre paralisa\u00e7\u00e3o de rodovi\u00e1rios em S\u00e3o Paulo<\/p>\n<\/div>\n<\/div>\n<\/div>\n<\/div>\n<div id=\"chunk-eolnv\">\n<div class=\"mc-column content-text active-extra-styles \" data-block-type=\"unstyled\" data-block-weight=\"50\" data-block-id=\"3\">\n<p class=\" content-text__container \" data-track-category=\"Link no Texto\" data-track-links=\"\" data-mrf-recirculation=\"Mat\u00e9ria - Links no Texto\">Em reuni\u00e3o com o prefeito\u00a0<a class=\"\" href=\"https:\/\/g1.globo.com\/politica\/politico\/ricardo-luis-reis-nunes\/\" data-mrf-link=\"https:\/\/g1.globo.com\/politica\/politico\/ricardo-luis-reis-nunes\/\">Ricardo Nunes<\/a>\u00a0(<a class=\"\" href=\"https:\/\/g1.globo.com\/politica\/partido\/mdb\/\" data-mrf-link=\"https:\/\/g1.globo.com\/politica\/partido\/mdb\/\">MDB<\/a>) e donos de empresas de \u00f4nibus, representantes do sindicato de motoristas e cobradores da capital paulista decidiram interromper a paralisa\u00e7\u00e3o iniciada na tarde desta ter\u00e7a-feira (9). Com o fim do protesto, que durou seis horas, os \u00f4nibus devem voltar a circular normalmente.<\/p>\n<\/div>\n<\/div>\n<div class=\"wall protected-content\">\n<div id=\"chunk-789vk\">\n<div class=\"mc-column content-text active-extra-styles \" data-block-type=\"unstyled\" data-block-weight=\"52\" data-block-id=\"5\">\n<p class=\" content-text__container \" data-track-category=\"Link no Texto\" data-track-links=\"\" data-mrf-recirculation=\"Mat\u00e9ria - Links no Texto\">Segundo o prefeito, as empresas se comprometeram a pagar o 13\u00ba sal\u00e1rio em 12 de dezembro, e os \u00f4nibus v\u00e3o voltar a operar. Tamb\u00e9m de acordo com Nunes, caso as empresas que n\u00e3o honrem o pagamento, a prefeitura vai iniciar um processo de interven\u00e7\u00e3o e exclus\u00e3o delas do sistema de transporte p\u00fablico.<\/p>\n<\/div>\n<\/div>\n<div id=\"chunk-17b21\">\n<div class=\"mc-column content-text active-extra-styles \" data-block-type=\"unstyled\" data-block-weight=\"26\" data-block-id=\"7\">\n<p class=\" content-text__container \" data-track-category=\"Link no Texto\" data-track-links=\"\" data-mrf-recirculation=\"Mat\u00e9ria - Links no Texto\">A reuni\u00e3o reuniu integrantes do alto escal\u00e3o da gest\u00e3o municipal, representantes das empresas de transporte e dirigentes do Sindicato dos Motoristas. Pelo lado da prefeitura, participaram:<\/p>\n<\/div>\n<\/div>\n<div id=\"chunk-f6rtc\">\n<div class=\"mc-column content-text active-extra-styles\" data-block-type=\"raw\" data-block-weight=\"51\" data-block-id=\"8\">\n<ul class=\"content-unordered-list\" data-mrf-recirculation=\"Mat\u00e9ria - Leia Tamb\u00e9m (Lista)\">\n<li>Secret\u00e1rio de Governo, Edson Aparecido;<\/li>\n<li>Secret\u00e1rio das Subprefeituras, Fabr\u00edcio Cobra;<\/li>\n<li>Chefe de gabinete do prefeito, Vitor Sampaio;<\/li>\n<li>Secret\u00e1rio de Mobilidade Urbana e Transporte, Celso Caldeira;<\/li>\n<li>Secret\u00e1rio de Seguran\u00e7a Urbana, Orlando Morando;<\/li>\n<li>Secret\u00e1rio especial de Comunica\u00e7\u00e3o, F\u00e1bio Portela;<\/li>\n<li>Diretor-presidente da SPTrans, Victor Hugo Borges;<\/li>\n<li>Comandante-geral da Pol\u00edcia Municipal, inspetor-superintendente Jairo Chabaribery Filho.<\/li>\n<\/ul>\n<\/div>\n<\/div>\n<div id=\"chunk-alfpg\">\n<div class=\"mc-column content-text active-extra-styles \" data-block-type=\"unstyled\" data-block-weight=\"6\" data-block-id=\"9\">\n<p class=\" content-text__container \" data-track-category=\"Link no Texto\" data-track-links=\"\" data-mrf-recirculation=\"Mat\u00e9ria - Links no Texto\">Representando as empresas de \u00f4nibus, estiveram:<\/p>\n<\/div>\n<\/div>\n<div id=\"chunk-hs77\">\n<div class=\"mc-column content-text active-extra-styles\" data-block-type=\"raw\" data-block-weight=\"64\" data-block-id=\"10\">\n<ul class=\"content-unordered-list\" data-mrf-recirculation=\"Mat\u00e9ria - Leia Tamb\u00e9m (Lista)\">\n<li>Paulo Siqueira Korek de Farias (A2),<\/li>\n<li>Sandra Silva (Allibus),<\/li>\n<li>V\u00e1lter Bispo (Auto Bless),<\/li>\n<li>Jeremias Jos\u00e9 Pereira (Cons\u00f3rcio Transnoroeste \u2013 Norte Buss),<\/li>\n<li>Manoel Edson Barbosa (Cons\u00f3rcio Transnoroeste \u2013 Spencer),<\/li>\n<li>Felipe Santos (Cons\u00f3rcio Transvida \u2013 Transpass),<\/li>\n<li>\u00c2ngela Roberta da Silva Agoston (Express),<\/li>\n<li>Marco Abreu (Metr\u00f3pole 3),<\/li>\n<li>Eduardo Vaz (Metr\u00f3pole 7),<\/li>\n<li>Joseandro Pereira de Souza Pi\u00e3o (P\u00eassego),<\/li>\n<li>Cesar Augusto da Fonseca (Samba\u00edba),<\/li>\n<li>Leandro, representante da Via Sudeste<\/li>\n<\/ul>\n<\/div>\n<\/div>\n<div id=\"chunk-561gf\">\n<div class=\"mc-column content-text active-extra-styles \" data-block-type=\"unstyled\" data-block-weight=\"59\" data-block-id=\"11\">\n<p class=\" content-text__container \" data-track-category=\"Link no Texto\" data-track-links=\"\" data-mrf-recirculation=\"Mat\u00e9ria - Links no Texto\">O Sindicato dos motoristas de\u00a0<a class=\"\" href=\"https:\/\/g1.globo.com\/sp\/sao-paulo\/cidade\/sao-paulo\/\" data-mrf-link=\"https:\/\/g1.globo.com\/sp\/sao-paulo\/cidade\/sao-paulo\/\">S\u00e3o Paulo<\/a> tamb\u00e9m marcou presen\u00e7a, com Joel da Concei\u00e7\u00e3o Pires, diretor da entidade, acompanhado de Valdemir, Henrique e Eduardo \u2014 este \u00faltimo ligado \u00e0 Via\u00e7\u00e3o Sudeste. Todos foram chamados para discutir as causas da paralisa\u00e7\u00e3o, o impacto sobre a opera\u00e7\u00e3o e as medidas necess\u00e1rias para retomar o servi\u00e7o e evitar novos transtornos aos passageiros.<\/p>\n<\/div>\n<\/div>\n<div id=\"chunk-e5tu6\">\n<div class=\"mc-column content-text active-extra-styles \" data-block-type=\"unstyled\" data-block-weight=\"43\" data-block-id=\"13\">\n<p class=\" content-text__container \" data-track-category=\"Link no Texto\" data-track-links=\"\" data-mrf-recirculation=\"Mat\u00e9ria - Links no Texto\">Em nota, o Sindmotoristas informou que &#8220;ficou acertado que as empresas de \u00f4nibus ter\u00e3o que providenciar o pagamento do VR nas f\u00e9rias relativo aos meses de setembro, outubro e novembro, bem como o 13\u00ba sal\u00e1rio dos trabalhadores, at\u00e9 o dia 12 de dezembro&#8221;.<\/p>\n<\/div>\n<\/div>\n<div id=\"chunk-1rak7\">\n<div class=\"mc-column content-text active-extra-styles \" data-block-type=\"unstyled\" data-block-weight=\"16\" data-block-id=\"14\">\n<p class=\" content-text__container \" data-track-category=\"Link no Texto\" data-track-links=\"\" data-mrf-recirculation=\"Mat\u00e9ria - Links no Texto\">&#8220;Se houver descumprimento, a prefeitura avaliar\u00e1 eventual possibilidade de descredenciamento (caducidade) das empresas participantes&#8221;, destacou.<\/p>\n<\/div>\n<\/div>\n<div id=\"chunk-1p274\">\n<div class=\"mc-column content-text active-extra-styles \" data-block-type=\"unstyled\" data-block-weight=\"59\" data-block-id=\"15\">\n<p class=\" content-text__container \" data-track-category=\"Link no Texto\" data-track-links=\"\" data-mrf-recirculation=\"Mat\u00e9ria - Links no Texto\">Mais cedo, Nunes (MDB) havia afirmado, em entrevista \u00e0 TV Globo, que as empresas de \u00f4nibus da capital n\u00e3o t\u00eam nenhuma justificativa para atrasar o pagamento do 13\u00ba sal\u00e1rio de motoristas e cobradores. Segundo ele, n\u00e3o h\u00e1 \u201cnenhum centavo\u201d de repasse da prefeitura em atraso, e a paralisa\u00e7\u00e3o registrada nesta tarde foi causada por uma \u201ca\u00e7\u00e3o irrespons\u00e1vel\u201d de concession\u00e1rias.<\/p>\n<\/div>\n<\/div>\n<div id=\"chunk-bq7t3\">\n<div class=\"mc-column content-text active-extra-styles \" data-block-type=\"unstyled\" data-block-weight=\"45\" data-block-id=\"16\">\n<p class=\" content-text__container \" data-track-category=\"Link no Texto\" data-track-links=\"\" data-mrf-recirculation=\"Mat\u00e9ria - Links no Texto\">Nunes disse que conversou com o governador de S\u00e3o Paulo, Tarc\u00edsio de Freitas (Republicanos), para refor\u00e7ar o apoio do Metr\u00f4 e da CPTM durante a interrup\u00e7\u00e3o do servi\u00e7o de \u00f4nibus, que afetou 3,3 milh\u00f5es de passageiros. Ele classificou o epis\u00f3dio como \u201cum momento muito dif\u00edcil\u201d.<\/p>\n<\/div>\n<\/div>\n<div id=\"chunk-8h1pr\">\n<div class=\"mc-column content-text active-extra-styles\" data-block-type=\"raw\" data-block-weight=\"41\" data-block-id=\"17\">\n<blockquote class=\"content-blockquote theme-border-color-primary-before\"><p>\u201c\u00c9 muito importante dizer: n\u00e3o tem em atraso nenhum centavo da Prefeitura de S\u00e3o Paulo para as empresas que t\u00eam a concess\u00e3o do transporte coletivo. \u00c9 obriga\u00e7\u00e3o das empresas manter o pagamento em dia, o 13\u00ba e as f\u00e9rias\u201d, afirmou Nunes.<\/p><\/blockquote>\n<\/div>\n<\/div>\n<div id=\"chunk-794g3\">\n<div class=\"mc-column content-text active-extra-styles \" data-block-type=\"unstyled\" data-block-weight=\"51\" data-block-id=\"19\">\n<p class=\" content-text__container \" data-track-category=\"Link no Texto\" data-track-links=\"\" data-mrf-recirculation=\"Mat\u00e9ria - Links no Texto\">O prefeito informou que convocou os propriet\u00e1rios das via\u00e7\u00f5es e representantes do sindicato dos motoristas para uma reuni\u00e3o emergencial na noite desta ter\u00e7a. Ele disse que cobrar\u00e1 um compromisso formal para que o 13\u00ba sal\u00e1rio seja pago imediatamente e que qualquer empresa que descumprir o prazo poder\u00e1 sofrer interven\u00e7\u00e3o da prefeitura.<\/p>\n<\/div>\n<\/div>\n<div id=\"chunk-6cp7q\">\n<div class=\"mc-column content-text active-extra-styles \" data-block-type=\"unstyled\" data-block-weight=\"47\" data-block-id=\"21\">\n<p class=\" content-text__container \" data-track-category=\"Link no Texto\" data-track-links=\"\" data-mrf-recirculation=\"Mat\u00e9ria - Links no Texto\">\u201cN\u00e3o vamos admitir em hip\u00f3tese alguma que uma atitude irrespons\u00e1vel dessa prejudique milh\u00f5es de pessoas e fique impune. Aquela empresa que n\u00e3o fizer o pagamento em dia ter\u00e1 processo administrativo para interven\u00e7\u00e3o e rescis\u00e3o do contrato. N\u00e3o quero empresa no sistema que n\u00e3o respeite seus trabalhadores\u201d, disse.<\/p>\n<\/div>\n<\/div>\n<div id=\"chunk-9pl7e\">\n<div class=\"mc-column content-text active-extra-styles \" data-block-type=\"unstyled\" data-block-weight=\"40\" data-block-id=\"22\">\n<p class=\" content-text__container \" data-track-category=\"Link no Texto\" data-track-links=\"\" data-mrf-recirculation=\"Mat\u00e9ria - Links no Texto\">Nunes afirmou que um documento apresentado pelas empresas ao sindicato, pedindo a prorroga\u00e7\u00e3o do pagamento do 13\u00ba por causa de uma quest\u00e3o \u201cquadrienal\u201d, foi o estopim para o tumulto. Ele refor\u00e7ou que o motivo n\u00e3o tem rela\u00e7\u00e3o com repasses p\u00fablicos.<\/p>\n<\/div>\n<\/div>\n<div id=\"chunk-foim8\">\n<div class=\"mc-column content-text active-extra-styles \" data-block-type=\"unstyled\" data-block-weight=\"36\" data-block-id=\"23\">\n<p class=\" content-text__container \" data-track-category=\"Link no Texto\" data-track-links=\"\" data-mrf-recirculation=\"Mat\u00e9ria - Links no Texto\">Segundo o prefeito, ap\u00f3s o documento circular, um dirigente sindical conhecido como \u201cCaixa\u201d enviou um \u00e1udio aos motoristas afirmando que o 13\u00ba estaria atrasado e pedindo que recolhessem os \u00f4nibus \u2014 o que levou \u00e0 paralisa\u00e7\u00e3o.<\/p>\n<\/div>\n<\/div>\n<div id=\"chunk-d0rc2\">\n<div class=\"mc-column content-text active-extra-styles \" data-block-type=\"unstyled\" data-block-weight=\"41\" data-block-id=\"24\">\n<p class=\" content-text__container \" data-track-category=\"Link no Texto\" data-track-links=\"\" data-mrf-recirculation=\"Mat\u00e9ria - Links no Texto\">\u201cMinha equipe est\u00e1 na delegacia fazendo boletim de ocorr\u00eancia. O transporte coletivo \u00e9 um servi\u00e7o essencial, n\u00e3o pode ter paralisa\u00e7\u00e3o dessa forma. A pessoa que fez esse \u00e1udio vai ser responsabilizada criminalmente. Isso \u00e9 um crime contra a ordem p\u00fablica\u201d, declarou.<\/p>\n<\/div>\n<\/div>\n<div id=\"chunk-6utiu\">\n<div class=\"cxm-block-video content-media mc-column \" data-block-type=\"backstage-video\" data-block-id=\"26\">\n<div class=\"cxm-block-video__container cxm-block-video__container--fallback \">\n<div class=\"cxm-block-video__player-fixer\">\n<article class=\"cxm-block-video__player-wrapper\">\n<section class=\"cxm-block-video__player\">\n<div class=\"cxm-block-video__placeholder\" data-video-id=\"14167203\"><img decoding=\"async\" class=\"cxm-block-video__thumb\" title=\"Motoristas de \u00f4nibus fazem paralisa\u00e7\u00e3o em SP\" src=\"https:\/\/s04.video.glbimg.com\/x240\/14167203.jpg\" alt=\"Motoristas de \u00f4nibus fazem paralisa\u00e7\u00e3o em SP\" \/><\/div>\n<\/section>\n<\/article>\n<\/div>\n<div class=\"cxm-block-video__caption-container\">\n<p class=\"codex-caption codex-caption--small\">Motoristas de \u00f4nibus fazem paralisa\u00e7\u00e3o em SP<\/p>\n<\/div>\n<\/div>\n<\/div>\n<\/div>\n<div id=\"chunk-3iho\">\n<div class=\"mc-column content-text active-extra-styles\" data-block-type=\"raw\" data-block-weight=\"2\" data-block-id=\"27\">\n<div class=\"content-intertitle\">\n<h2>Terminais lotados<\/h2>\n<\/div>\n<\/div>\n<\/div>\n<div id=\"chunk-eu5at\">\n<div class=\"mc-column content-text active-extra-styles \" data-block-type=\"unstyled\" data-block-weight=\"29\" data-block-id=\"28\">\n<p class=\" content-text__container \" data-track-category=\"Link no Texto\" data-track-links=\"\" data-mrf-recirculation=\"Mat\u00e9ria - Links no Texto\">\u00d4nibus est\u00e3o entregando os passageiros nos terminais e voltando para a garagem. \u00c0s 19h, S\u00e3o Paulo bateu recorde de tr\u00e2nsito do ano, com\u00a0<strong>1.486 km (leia mais abaixo).<\/strong><\/p>\n<\/div>\n<\/div>\n<div id=\"chunk-3anja\">\n<div class=\"mc-column content-text active-extra-styles \" data-block-type=\"unstyled\" data-block-weight=\"42\" data-block-id=\"29\">\n<p class=\" content-text__container \" data-track-category=\"Link no Texto\" data-track-links=\"\" data-mrf-recirculation=\"Mat\u00e9ria - Links no Texto\">O aplicativo de mobilidade Cittamobi calcula que metade da frota de \u00f4nibus da capital deixou de circular. Isso porque o volume de dados disponibilizado pelo sistema Olho Vivo, caiu pela metade, se comparado a um dia de opera\u00e7\u00e3o normal, neste mesmo hor\u00e1rio.<\/p>\n<\/div>\n<\/div>\n<div id=\"chunk-7hol1\">\n<div class=\"mc-column content-text active-extra-styles \" data-block-type=\"unstyled\" data-block-weight=\"36\" data-block-id=\"30\">\n<p class=\" content-text__container \" data-track-category=\"Link no Texto\" data-track-links=\"\" data-mrf-recirculation=\"Mat\u00e9ria - Links no Texto\">A Secretaria Municipal de Mobilidade Urbana\/Transportes e a SPTrans registraram um<span class=\"highlight highlighted\">\u00a0boletim de ocorr\u00eancia contra as empresas que aderiram a uma paralisa\u00e7\u00e3o sem aviso-pr\u00e9vio<\/span>.\u00a0<strong>(leia mais abaixo).\u00a0<\/strong>A Prefeitura tamb\u00e9m suspendeu o rod\u00edzio de ve\u00edculos.<\/p>\n<\/div>\n<\/div>\n<div id=\"chunk-a8tap\">\n<div class=\"mc-column content-text active-extra-styles \" data-block-type=\"unstyled\" data-block-weight=\"22\" data-block-id=\"32\">\n<p class=\" content-text__container \" data-track-category=\"Link no Texto\" data-track-links=\"\" data-mrf-recirculation=\"Mat\u00e9ria - Links no Texto\"><strong>O g1 apurou que algumas corridas por aplicativo est\u00e3o custando cerca de quatro vezes mais no final da tarde desta ter\u00e7a.<\/strong><\/p>\n<\/div>\n<\/div>\n<div id=\"chunk-beuej\">\n<div class=\"mc-column content-text active-extra-styles \" data-block-type=\"unstyled\" data-block-weight=\"30\" data-block-id=\"33\">\n<p class=\" content-text__container \" data-track-category=\"Link no Texto\" data-track-links=\"\" data-mrf-recirculation=\"Mat\u00e9ria - Links no Texto\">No Terminal Santo Amaro, na Zona Sul da cidade, segundo apura\u00e7\u00e3o da TV Globo, h\u00e1 \u00f4nibus estacionados, sem seguir viagem. H\u00e1 filas de passageiros. Mesma situa\u00e7\u00e3o no Terminal Campo Limpo.<\/p>\n<\/div>\n<\/div>\n<div id=\"chunk-c1n4v\">\n<div class=\"mc-column content-text active-extra-styles \" data-block-type=\"unstyled\" data-block-weight=\"37\" data-block-id=\"34\">\n<p class=\" content-text__container \" data-track-category=\"Link no Texto\" data-track-links=\"\" data-mrf-recirculation=\"Mat\u00e9ria - Links no Texto\">No Terminal Dom Pedro II, na regi\u00e3o central de S\u00e3o Paulo, as pessoas saem do terminal ap\u00f3s serem informadas sobre a paralisa\u00e7\u00e3o parcial de \u00f4nibus. Os ve\u00edculos chegam ao terminal, mas parecem que n\u00e3o v\u00e3o sair.<\/p>\n<\/div>\n<\/div>\n<div id=\"chunk-fst4s\">\n<div class=\"mc-column content-text active-extra-styles \" data-block-type=\"unstyled\" data-block-weight=\"24\" data-block-id=\"35\">\n<p class=\" content-text__container \" data-track-category=\"Link no Texto\" data-track-links=\"\" data-mrf-recirculation=\"Mat\u00e9ria - Links no Texto\">A TV Globo tamb\u00e9m registrou os \u00f4nibus voltando para a garagem da Via\u00e7\u00e3o Sudeste, na Avenida do Cursino, na Zona Sul de S\u00e3o Paulo.<\/p>\n<\/div>\n<\/div>\n<div id=\"chunk-2m9kf\">\n<div class=\"mc-column content-text active-extra-styles \" data-block-type=\"unstyled\" data-block-weight=\"23\" data-block-id=\"36\">\n<p class=\" content-text__container \" data-track-category=\"Link no Texto\" data-track-links=\"\" data-mrf-recirculation=\"Mat\u00e9ria - Links no Texto\">Por volta das 20h, os passageiros esperavam o retorno dos \u00f4nibus nos terminais. Eram tantas pessoas, que n\u00e3o havia lugar para sentar.<\/p>\n<\/div>\n<\/div>\n<div id=\"chunk-dsnj6\">\n<div class=\"mc-column content-text active-extra-styles \" data-block-type=\"unstyled\" data-block-weight=\"33\" data-block-id=\"37\">\n<p class=\" content-text__container \" data-track-category=\"Link no Texto\" data-track-links=\"\" data-mrf-recirculation=\"Mat\u00e9ria - Links no Texto\">Segundo o Sindimotoristas, o protesto \u00e9 porque as empresas de \u00f4nibus prometeram pagar o 13\u00ba sal\u00e1rio e o vale-refei\u00e7\u00e3o das f\u00e9rias at\u00e9 o dia 12, mas disseram nesta ter\u00e7a que n\u00e3o o fariam.<\/p>\n<\/div>\n<\/div>\n<div id=\"chunk-937k7\">\n<div class=\"mc-column content-text active-extra-styles \" data-block-type=\"unstyled\" data-block-weight=\"15\" data-block-id=\"38\">\n<p class=\" content-text__container \" data-track-category=\"Link no Texto\" data-track-links=\"\" data-mrf-recirculation=\"Mat\u00e9ria - Links no Texto\">Ainda de acordo com o sindicato, eles tentaram negociar, mas n\u00e3o houve di\u00e1logo.<\/p>\n<\/div>\n<\/div>\n<div id=\"chunk-9a6ut\">\n<div class=\"mc-column content-text active-extra-styles \" data-block-type=\"unstyled\" data-block-weight=\"19\" data-block-id=\"39\">\n<p class=\" content-text__container \" data-track-category=\"Link no Texto\" data-track-links=\"\" data-mrf-recirculation=\"Mat\u00e9ria - Links no Texto\">De acordo com o sindicato dos motoristas e a SPTrans, as empresas que recolheram \u00f4nibus at\u00e9 o momento:<\/p>\n<\/div>\n<\/div>\n<div id=\"chunk-cemec\">\n<div class=\"mc-column content-text active-extra-styles\" data-block-type=\"raw\" data-block-weight=\"16\" data-block-id=\"41\">\n<ul class=\"content-unordered-list\" data-mrf-recirculation=\"Mat\u00e9ria - Leia Tamb\u00e9m (Lista)\">\n<li>Express<\/li>\n<li>Via\u00e7\u00e3o Metr\u00f3pole<\/li>\n<li>Ambiental<\/li>\n<li>Via Sudeste<\/li>\n<li>Via\u00e7\u00e3o Graja\u00fa<\/li>\n<li>Mobibrasil<\/li>\n<li>Campo Belo<\/li>\n<li>Gatusa<\/li>\n<li>KBPX<\/li>\n<li>Transppass<\/li>\n<li>Transuni\u00e3o<\/li>\n<li>Movebuss<\/li>\n<\/ul>\n<\/div>\n<\/div>\n<div id=\"chunk-7h2fh\">\n<div class=\"mc-column content-text active-extra-styles \" data-block-type=\"unstyled\" data-block-weight=\"6\" data-block-id=\"42\">\n<p class=\" content-text__container \" data-track-category=\"Link no Texto\" data-track-links=\"\" data-mrf-recirculation=\"Mat\u00e9ria - Links no Texto\">Garagens com a opera\u00e7\u00e3o normal:<\/p>\n<\/div>\n<\/div>\n<div id=\"chunk-54hdh\">\n<div class=\"mc-column content-text active-extra-styles\" data-block-type=\"raw\" data-block-weight=\"21\" data-block-id=\"43\">\n<ul class=\"content-unordered-list\" data-mrf-recirculation=\"Mat\u00e9ria - Leia Tamb\u00e9m (Lista)\">\n<li>Spencer<\/li>\n<li>Norte Buss<\/li>\n<li>Upbus<\/li>\n<li>Allibus<\/li>\n<li>P\u00eassego<\/li>\n<li>SPTrans D10 e D11<\/li>\n<li>A2 Transportes<\/li>\n<li>Auto Bless<\/li>\n<li>Alfa Rodobus<\/li>\n<li>Gato Preto<\/li>\n<li>Santa Br\u00edgida<\/li>\n<li>Transwolff<\/li>\n<\/ul>\n<\/div>\n<\/div>\n<div id=\"chunk-dbibg\">\n<div class=\"mc-column content-text active-extra-styles \" data-block-type=\"unstyled\" data-block-weight=\"29\" data-block-id=\"44\">\n<p class=\" content-text__container \" data-track-category=\"Link no Texto\" data-track-links=\"\" data-mrf-recirculation=\"Mat\u00e9ria - Links no Texto\">Cido, morador da Zona Leste, gravou um v\u00eddeo na Rua Doutor Campos Moura, em Artur Alvim, que mostra um ponto lotado de pessoas e uma fila extensa de t\u00e1xi.<\/p>\n<\/div>\n<\/div>\n<div id=\"chunk-fkij8\">\n<div class=\"cxm-block-video content-media mc-column \" data-block-type=\"backstage-video\" data-block-id=\"45\">\n<div class=\"cxm-block-video__container cxm-block-video__container--fallback cxm-block-video__container--vertical\">\n<div class=\"cxm-block-video__player-fixer\">\n<article class=\"cxm-block-video__player-wrapper\">\n<section class=\"cxm-block-video__player\">\n<div class=\"cxm-block-video__placeholder\" data-video-id=\"14167269\"><img decoding=\"async\" class=\"cxm-block-video__thumb\" title=\"Morador da Zona Leste mostra tr\u00e2nsito e ponto lotado em Artur Alvim\" src=\"https:\/\/s02.video.glbimg.com\/x240\/14167269.jpg\" alt=\"Morador da Zona Leste mostra tr\u00e2nsito e ponto lotado em Artur Alvim\" \/><\/div>\n<\/section>\n<\/article>\n<\/div>\n<div class=\"cxm-block-video__caption-container\">\n<p class=\"codex-caption codex-caption--small\">Morador da Zona Leste mostra tr\u00e2nsito e ponto lotado em Artur Alvim<\/p>\n<\/div>\n<\/div>\n<\/div>\n<\/div>\n<div id=\"chunk-6mds3\">\n<div class=\"row medium-uncollapsed content-media content-photo\" data-block-type=\"backstage-photo\" data-block-id=\"46\">\n<div class=\" mc-column  content-media__container\">\n<p class=\"content-media__description  \">Tr\u00e2nsito em S\u00e3o Paulo nesta ter\u00e7a-feira (9) \u2014 Foto: Reprodu\u00e7\u00e3o\/TV Globo<\/p>\n<\/div>\n<\/div>\n<\/div>\n<div id=\"chunk-d41gn\">\n<div class=\"mc-column content-text active-extra-styles \" data-block-type=\"unstyled\" data-block-weight=\"14\" data-block-id=\"48\">\n<p class=\" content-text__container \" data-track-category=\"Link no Texto\" data-track-links=\"\" data-mrf-recirculation=\"Mat\u00e9ria - Links no Texto\">No Terminal Dom Pedro, Josicleison estava revoltado por n\u00e3o conseguir voltar para casa.<\/p>\n<\/div>\n<\/div>\n<div id=\"chunk-e5dt2\">\n<div class=\"mc-column content-text active-extra-styles\" data-block-type=\"raw\" data-block-weight=\"79\" data-block-id=\"49\">\n<blockquote class=\"content-blockquote theme-border-color-primary-before\"><p>&#8220;Tentei embarcar uma hora atr\u00e1s. Cheguei no Dom Pedro, sem \u00f4nibus, essa greve surpresa, complicou a vida da gente. A \u00fanica coisa \u00e9 que a gente quer voltar para casa e n\u00e3o consegue. Fiquei uma hora tentando entrar na esta\u00e7\u00e3o da S\u00e9, n\u00e3o consegui nem passar na catraca, super lotado. N\u00e3o sei o que fazer, n\u00e3o tem o que fazer. Infelizmente, na maior cidade da Am\u00e9rica Latina, o trabalhador paulistano n\u00e3o tem o direito de voltar para casa&#8221;, diz.<\/p><\/blockquote>\n<\/div>\n<\/div>\n<div id=\"chunk-8qdha\">\n<div class=\"mc-column content-text active-extra-styles \" data-block-type=\"unstyled\" data-block-weight=\"57\" data-block-id=\"50\">\n<p class=\" content-text__container \" data-track-category=\"Link no Texto\" data-track-links=\"\" data-mrf-recirculation=\"Mat\u00e9ria - Links no Texto\">J\u00e1 segundo o Sindicato das Empresas de Transporte Coletivo Urbano de Passageiros de S\u00e3o Paulo (SPUrbanuss), &#8220;as empresas operadoras associadas \u00e0 entidade n\u00e3o est\u00e3o poupando esfor\u00e7os para honrar com suas obriga\u00e7\u00f5es trabalhistas com os empregados do setor, inclusive solicitando um maior prazo para o pagamento do 13\u00ba sal\u00e1rio, em conformidade com o que a legisla\u00e7\u00e3o estabelece.&#8221;<\/p>\n<\/div>\n<\/div>\n<div id=\"chunk-6s1pb\">\n<div class=\"mc-column content-text active-extra-styles \" data-block-type=\"unstyled\" data-block-weight=\"68\" data-block-id=\"51\">\n<p class=\" content-text__container \" data-track-category=\"Link no Texto\" data-track-links=\"\" data-mrf-recirculation=\"Mat\u00e9ria - Links no Texto\">&#8220;As empresas t\u00eam mantido di\u00e1logos constantes com a Secretaria Municipal de Mobilidade Urbana e Transporte no sentido de finalizar os acertos para a revis\u00e3o quadrienal dos contratos de concess\u00e3o firmados com a municipalidade, recompondo o equil\u00edbrio econ\u00f4mico-financeiro do sistema, de forma a se evitar qualquer movimento paredista dos trabalhadores do transporte coletivo, que venha a causar preju\u00edzos a popula\u00e7\u00e3o que depende desse servi\u00e7o essencial e estrat\u00e9gico&#8221;, completa.<\/p>\n<\/div>\n<\/div>\n<div id=\"chunk-5t660\">\n<div class=\"mc-column content-text active-extra-styles \" data-block-type=\"unstyled\" data-block-weight=\"31\" data-block-id=\"53\">\n<p class=\" content-text__container \" data-track-category=\"Link no Texto\" data-track-links=\"\" data-mrf-recirculation=\"Mat\u00e9ria - Links no Texto\">A Prefeitura de S\u00e3o Paulo informa que os repasses \u00e0s empresas de \u00f4nibus est\u00e3o em dia e o pagamento do 13\u00ba sal\u00e1rio dos trabalhadores \u00e9 de responsabilidade exclusiva das concession\u00e1rias.<\/p>\n<\/div>\n<\/div>\n<div id=\"chunk-dn63m\">\n<div class=\"mc-column content-text active-extra-styles \" data-block-type=\"unstyled\" data-block-weight=\"66\" data-block-id=\"54\">\n<p class=\" content-text__container \" data-track-category=\"Link no Texto\" data-track-links=\"\" data-mrf-recirculation=\"Mat\u00e9ria - Links no Texto\">&#8220;A pedido do prefeito Ricardo Nunes, a Secretaria Municipal de Mobilidade Urbana\/Transportes e SPTrans registraram nesta ter\u00e7a-feira um boletim de ocorr\u00eancia contra as empresas que aderiram a uma paralisa\u00e7\u00e3o sem aviso-pr\u00e9vio, ferindo gravemente a legisla\u00e7\u00e3o. A gest\u00e3o se solidariza com todos os usu\u00e1rios que dependem do transporte p\u00fablico e que hoje sofrem com o descaso, irresponsabilidade e falta de compromisso dessas companhias com a popula\u00e7\u00e3o.&#8221;<\/p>\n<\/div>\n<\/div>\n<div id=\"chunk-2mnkp\">\n<div class=\"mc-column content-text active-extra-styles\" data-block-type=\"raw\" data-block-weight=\"1\" data-block-id=\"55\">\n<div class=\"content-intertitle\">\n<h2>Tr\u00e2nsito<\/h2>\n<\/div>\n<\/div>\n<\/div>\n<div id=\"chunk-4j9i9\">\n<div class=\"mc-column content-text active-extra-styles \" data-block-type=\"unstyled\" data-block-weight=\"17\" data-block-id=\"56\">\n<p class=\" content-text__container \" data-track-category=\"Link no Texto\" data-track-links=\"\" data-mrf-recirculation=\"Mat\u00e9ria - Links no Texto\">S\u00e3o Paulo bateu recorde de tr\u00e2nsito de 2025 nesta ter\u00e7a-, com\u00a0<strong>1.486 km<\/strong>\u00a0de congestionamento, \u00e0s 19h.<\/p>\n<\/div>\n<\/div>\n<div id=\"chunk-5d0lg\">\n<div class=\"mc-column content-text active-extra-styles \" data-block-type=\"unstyled\" data-block-weight=\"30\" data-block-id=\"57\">\n<p class=\" content-text__container \" data-track-category=\"Link no Texto\" data-track-links=\"\" data-mrf-recirculation=\"Mat\u00e9ria - Links no Texto\">O recorde j\u00e1 havia sido batido pouco antes, \u00e0s 18h30, quando a cidade alcan\u00e7ou\u00a0<strong>1.374 km<\/strong>\u00a0e superou o dia 8 de agosto, que teve\u00a0<strong>1.335 km<\/strong>\u00a0de vias congestionadas.<\/p>\n<\/div>\n<\/div>\n<div id=\"chunk-162al\">\n<div class=\"mc-column content-text active-extra-styles \" data-block-type=\"unstyled\" data-block-weight=\"37\" data-block-id=\"58\">\n<p class=\" content-text__container \" data-track-category=\"Link no Texto\" data-track-links=\"\" data-mrf-recirculation=\"Mat\u00e9ria - Links no Texto\">O tr\u00e2nsito j\u00e1 estava acima da m\u00e9dia no fim da manh\u00e3 e come\u00e7o da tarde, mas a paralisa\u00e7\u00e3o de 15 empresas de \u00f4nibus prejudicou ainda mais as vias de S\u00e3o Paulo, com passageiros buscando transporte por aplicativo.<\/p>\n<\/div>\n<\/div>\n<div id=\"chunk-a0ic9\">\n<div class=\"mc-column content-text active-extra-styles \" data-block-type=\"unstyled\" data-block-weight=\"23\" data-block-id=\"59\">\n<p class=\" content-text__container \" data-track-category=\"Link no Texto\" data-track-links=\"\" data-mrf-recirculation=\"Mat\u00e9ria - Links no Texto\">J\u00e1 o recorde hist\u00f3rico continua sendo de 9 de agosto de 2024, tamb\u00e9m \u00e0s 19h, quando a cidade registrou\u00a0<strong>1.510 km<\/strong> de congestionamento.<\/p>\n<\/div>\n<\/div>\n<div id=\"chunk-b61o5\">\n<div class=\"row medium-uncollapsed content-media content-photo\" data-block-type=\"backstage-photo\" data-block-id=\"61\">\n<div class=\" mc-column  content-media__container\">\n<p class=\"content-media__description  \">Passageiros no Terminal Pinheiros nesta ter\u00e7a-feira (9) em S\u00e3o Paulo \u2014 Foto: Jo\u00e3o de Mari\/g1<\/p>\n<\/div>\n<\/div>\n<\/div>\n<div id=\"chunk-28nka\">\n<div class=\"row medium-uncollapsed content-media content-photo\" data-block-type=\"backstage-photo\" data-block-id=\"62\">\n<div class=\" mc-column  content-media__container\">\n<div class=\"content-media-container glb-skeleton-box\">\n<figure class=\"content-media-figure\"><img decoding=\"async\" class=\"i-amphtml-fill-content i-amphtml-replaced-content\" src=\"https:\/\/s2-g1.glbimg.com\/tGUuwTmDIrekkroi9tB8UcA4sao=\/0x0:1600x1200\/984x0\/smart\/filters:strip_icc()\/i.s3.glbimg.com\/v1\/AUTH_59edd422c0c84a879bd37670ae4f538a\/internal_photos\/bs\/2025\/k\/p\/mMJSV4TnOHa8AltAjr1g\/onibus-parados-viacao-sudeste.jpeg\" sizes=\"(max-width: 1366px) 648px, 100vw\" srcset=\"https:\/\/s2-g1.glbimg.com\/l9obubdtV9DiHVkQuR34s_Kq5uc=\/0x0:1600x1200\/1000x0\/smart\/filters:strip_icc()\/i.s3.glbimg.com\/v1\/AUTH_59edd422c0c84a879bd37670ae4f538a\/internal_photos\/bs\/2025\/k\/p\/mMJSV4TnOHa8AltAjr1g\/onibus-parados-viacao-sudeste.jpeg 1000w, https:\/\/s2-g1.glbimg.com\/tGUuwTmDIrekkroi9tB8UcA4sao=\/0x0:1600x1200\/984x0\/smart\/filters:strip_icc()\/i.s3.glbimg.com\/v1\/AUTH_59edd422c0c84a879bd37670ae4f538a\/internal_photos\/bs\/2025\/k\/p\/mMJSV4TnOHa8AltAjr1g\/onibus-parados-viacao-sudeste.jpeg 984w, https:\/\/s2-g1.glbimg.com\/yxr8c6ANFhjk2kM_W7xKkxd_h4U=\/0x0:1600x1200\/640x0\/smart\/filters:strip_icc()\/i.s3.glbimg.com\/v1\/AUTH_59edd422c0c84a879bd37670ae4f538a\/internal_photos\/bs\/2025\/k\/p\/mMJSV4TnOHa8AltAjr1g\/onibus-parados-viacao-sudeste.jpeg 640w, https:\/\/s2-g1.glbimg.com\/AsLoCKtYLZtdRzhlotPILcXWlYM=\/0x0:1600x1200\/600x0\/smart\/filters:strip_icc()\/i.s3.glbimg.com\/v1\/AUTH_59edd422c0c84a879bd37670ae4f538a\/internal_photos\/bs\/2025\/k\/p\/mMJSV4TnOHa8AltAjr1g\/onibus-parados-viacao-sudeste.jpeg 600w\" alt=\"\u00d4nibus parados na garagem da Via\u00e7\u00e3o Sudeste \u2014 Foto: Abra\u00e3o Cruz\/TV Globo\" \/><\/figure>\n<\/div>\n<p class=\"content-media__description  \">\u00d4nibus parados na garagem da Via\u00e7\u00e3o Sudeste \u2014 Foto: Abra\u00e3o Cruz\/TV Globo<\/p>\n<\/div>\n<\/div>\n<\/div>\n<div id=\"chunk-fpa5h\">\n<div class=\"cxm-block-video content-media mc-column \" data-block-type=\"backstage-video\" data-block-id=\"64\">\n<div class=\"cxm-block-video__container cxm-block-video__container--fallback \">\n<div class=\"cxm-block-video__player-fixer\">\n<article class=\"cxm-block-video__player-wrapper\">\n<section class=\"cxm-block-video__player\">\n<div class=\"cxm-block-video__placeholder\" data-video-id=\"14167261\"><img decoding=\"async\" class=\"cxm-block-video__thumb\" title=\"Plataformas do Terminal Tucuruvi ficam lotadas ap\u00f3s paralisa\u00e7\u00e3o de motoristas\" src=\"https:\/\/s02.video.glbimg.com\/x240\/14167261.jpg\" alt=\"Plataformas do Terminal Tucuruvi ficam lotadas ap\u00f3s paralisa\u00e7\u00e3o de motoristas\" \/><\/div>\n<\/section>\n<\/article>\n<\/div>\n<div class=\"cxm-block-video__caption-container\">\n<p class=\"codex-caption codex-caption--small\">Plataformas do Terminal Tucuruvi ficam lotadas ap\u00f3s paralisa\u00e7\u00e3o de motoristas<\/p>\n<\/div>\n<\/div>\n<\/div>\n<\/div>\n<div id=\"chunk-ftsjn\">\n<div class=\"row medium-uncollapsed content-media content-photo\" data-block-type=\"backstage-photo\" data-block-id=\"65\">\n<div class=\" mc-column  content-media__container\">\n<div class=\"content-media-container glb-skeleton-box\">\n<figure class=\"content-media-figure\"><img decoding=\"async\" class=\"i-amphtml-fill-content i-amphtml-replaced-content\" src=\"https:\/\/s2-g1.glbimg.com\/m8jq0g1nSmg0A8_MS1vONs9QDXQ=\/0x0:1920x1080\/984x0\/smart\/filters:strip_icc()\/i.s3.glbimg.com\/v1\/AUTH_59edd422c0c84a879bd37670ae4f538a\/internal_photos\/bs\/2025\/e\/X\/4PUSl1QuKylFSW8nRc3g\/onibus-cursino-3.png\" sizes=\"(max-width: 1366px) 648px, 100vw\" srcset=\"https:\/\/s2-g1.glbimg.com\/XCDLHzvrUVwfCy-dsQvl-B0P0_E=\/0x0:1920x1080\/1000x0\/smart\/filters:strip_icc()\/i.s3.glbimg.com\/v1\/AUTH_59edd422c0c84a879bd37670ae4f538a\/internal_photos\/bs\/2025\/e\/X\/4PUSl1QuKylFSW8nRc3g\/onibus-cursino-3.png 1000w, https:\/\/s2-g1.glbimg.com\/m8jq0g1nSmg0A8_MS1vONs9QDXQ=\/0x0:1920x1080\/984x0\/smart\/filters:strip_icc()\/i.s3.glbimg.com\/v1\/AUTH_59edd422c0c84a879bd37670ae4f538a\/internal_photos\/bs\/2025\/e\/X\/4PUSl1QuKylFSW8nRc3g\/onibus-cursino-3.png 984w, https:\/\/s2-g1.glbimg.com\/ROAId2N0LRaZrPXsuP3DAr_n3dQ=\/0x0:1920x1080\/640x0\/smart\/filters:strip_icc()\/i.s3.glbimg.com\/v1\/AUTH_59edd422c0c84a879bd37670ae4f538a\/internal_photos\/bs\/2025\/e\/X\/4PUSl1QuKylFSW8nRc3g\/onibus-cursino-3.png 640w, https:\/\/s2-g1.glbimg.com\/VKEAoDAgr8f4u-u0T5AFK2duPSs=\/0x0:1920x1080\/600x0\/smart\/filters:strip_icc()\/i.s3.glbimg.com\/v1\/AUTH_59edd422c0c84a879bd37670ae4f538a\/internal_photos\/bs\/2025\/e\/X\/4PUSl1QuKylFSW8nRc3g\/onibus-cursino-3.png 600w\" alt=\"\u00d4nibus voltam para a garagem da Via\u00e7\u00e3o Sudeste \u2014 Foto: Reprodu\u00e7\u00e3o TV Globo\" \/><\/figure>\n<\/div>\n<p class=\"content-media__description  \">\u00d4nibus voltam para a garagem da Via\u00e7\u00e3o Sudeste \u2014 Foto: Reprodu\u00e7\u00e3o TV Globo<\/p>\n<\/div>\n<\/div>\n<\/div>\n<div id=\"chunk-64dm2\">\n<div class=\"row medium-uncollapsed content-media content-photo\" data-block-type=\"backstage-photo\" data-block-id=\"67\">\n<div class=\" mc-column  content-media__container\">\n<div class=\"content-media-container glb-skeleton-box\">\n<figure class=\"content-media-figure\"><img decoding=\"async\" class=\"i-amphtml-fill-content i-amphtml-replaced-content\" src=\"https:\/\/s2-g1.glbimg.com\/VBCwNPj7j5IsC_Ta5YCZlGweuus=\/0x0:1920x1080\/984x0\/smart\/filters:strip_icc()\/i.s3.glbimg.com\/v1\/AUTH_59edd422c0c84a879bd37670ae4f538a\/internal_photos\/bs\/2025\/u\/7\/APEe1OSjuNuiRzvOKe0A\/snapshotdddddd.jpg\" sizes=\"(max-width: 1366px) 648px, 100vw\" srcset=\"https:\/\/s2-g1.glbimg.com\/q10NmNAsU0N-da-hkk-Hb6zR9fA=\/0x0:1920x1080\/1000x0\/smart\/filters:strip_icc()\/i.s3.glbimg.com\/v1\/AUTH_59edd422c0c84a879bd37670ae4f538a\/internal_photos\/bs\/2025\/u\/7\/APEe1OSjuNuiRzvOKe0A\/snapshotdddddd.jpg 1000w, https:\/\/s2-g1.glbimg.com\/VBCwNPj7j5IsC_Ta5YCZlGweuus=\/0x0:1920x1080\/984x0\/smart\/filters:strip_icc()\/i.s3.glbimg.com\/v1\/AUTH_59edd422c0c84a879bd37670ae4f538a\/internal_photos\/bs\/2025\/u\/7\/APEe1OSjuNuiRzvOKe0A\/snapshotdddddd.jpg 984w, https:\/\/s2-g1.glbimg.com\/IJ0wpLJKLhTQfbXbMyGdEFrv8ro=\/0x0:1920x1080\/640x0\/smart\/filters:strip_icc()\/i.s3.glbimg.com\/v1\/AUTH_59edd422c0c84a879bd37670ae4f538a\/internal_photos\/bs\/2025\/u\/7\/APEe1OSjuNuiRzvOKe0A\/snapshotdddddd.jpg 640w, https:\/\/s2-g1.glbimg.com\/c0NW_iYOGpQgtj6CFpA3Akz_6Ag=\/0x0:1920x1080\/600x0\/smart\/filters:strip_icc()\/i.s3.glbimg.com\/v1\/AUTH_59edd422c0c84a879bd37670ae4f538a\/internal_photos\/bs\/2025\/u\/7\/APEe1OSjuNuiRzvOKe0A\/snapshotdddddd.jpg 600w\" alt=\"Terminal Santo Amaro nesta ter\u00e7a (9) \u2014 Foto: Reprodu\u00e7\u00e3o\" \/><\/figure>\n<\/div>\n<p class=\"content-media__description  \">Terminal Santo Amaro nesta ter\u00e7a (9) \u2014 Foto: Reprodu\u00e7\u00e3o<\/p>\n<\/div>\n<\/div>\n<\/div>\n<div id=\"chunk-9tfj8\">\n<div class=\"cxm-block-video content-media mc-column \" data-block-type=\"backstage-video\" data-block-id=\"68\">\n<div class=\"cxm-block-video__container cxm-block-video__container--fallback \">\n<div class=\"cxm-block-video__player-fixer\">\n<article class=\"cxm-block-video__player-wrapper\">\n<section class=\"cxm-block-video__player\">\n<div class=\"cxm-block-video__placeholder\" data-video-id=\"14167281\"><img decoding=\"async\" class=\"cxm-block-video__thumb\" title=\"Paralisa\u00e7\u00e3o de \u00f4nibus na cidade de SP nesta ter\u00e7a (9)\" src=\"https:\/\/s02.video.glbimg.com\/x240\/14167281.jpg\" alt=\"Paralisa\u00e7\u00e3o de \u00f4nibus na cidade de SP nesta ter\u00e7a (9)\" \/><\/div>\n<\/section>\n<\/article>\n<\/div>\n<div class=\"cxm-block-video__caption-container\">\n<p class=\"codex-caption codex-caption--small\">Paralisa\u00e7\u00e3o de \u00f4nibus na cidade de SP nesta ter\u00e7a (9)<\/p>\n<\/div>\n<\/div>\n<\/div>\n<\/div>\n<div data-track-category=\"multicontent\" data-track-action=\"multicontent\" data-track-noninteraction=\"false\" data-track-scroll=\"ultimo chunk conteudo\" data-track-value=\"view\">\n<div id=\"chunk-ao6s9\">\n<div class=\"content-ads content-ads--reveal\" data-block-type=\"ads\" data-block-id=\"69\">\n<div id=\"banner_materia__e9bcbe9e-3987-4c36-8946-e42d6d3c0d3a\" class=\"tag-manager-publicidade-container tag-manager-publicidade-banner_materia__e9bcbe9e-3987-4c36-8946-e42d6d3c0d3a tag-manager-publicidade-container--carregado tag-manager-publicidade-container--visivel\" data-google-query-id=\"COnY7M7-sZEDFWIgHgAdQkMkww\">Fonte: G1<\/div>\n<\/div>\n<\/div>\n<\/div>\n<\/div>\n<\/article>\n<\/div>\n","protected":false},"excerpt":{"rendered":"<p>Motoristas de \u00f4nibus de SP decidem encerrar paralisa\u00e7\u00e3o ap\u00f3s reuni\u00e3o com Nunes e representantes de empresas Paralisa\u00e7\u00e3o parcial de motoristas<\/p>\n","protected":false},"author":1,"featured_media":10819,"comment_status":"open","ping_status":"open","sticky":false,"template":"","format":"standard","meta":{"colormag_page_container_layout":"default_layout","colormag_page_sidebar_layout":"default_layout","footnotes":""},"categories":[1],"tags":[],"class_list":["post-10808","post","type-post","status-publish","format-standard","has-post-thumbnail","hentry","category-geral"],"_links":{"self":[{"href":"http:\/\/metropoleemfoco.com.br\/index.php?rest_route=\/wp\/v2\/posts\/10808","targetHints":{"allow":["GET"]}}],"collection":[{"href":"http:\/\/metropoleemfoco.com.br\/index.php?rest_route=\/wp\/v2\/posts"}],"about":[{"href":"http:\/\/metropoleemfoco.com.br\/index.php?rest_route=\/wp\/v2\/types\/post"}],"author":[{"embeddable":true,"href":"http:\/\/metropoleemfoco.com.br\/index.php?rest_route=\/wp\/v2\/users\/1"}],"replies":[{"embeddable":true,"href":"http:\/\/metropoleemfoco.com.br\/index.php?rest_route=%2Fwp%2Fv2%2Fcomments&post=10808"}],"version-history":[{"count":1,"href":"http:\/\/metropoleemfoco.com.br\/index.php?rest_route=\/wp\/v2\/posts\/10808\/revisions"}],"predecessor-version":[{"id":10820,"href":"http:\/\/metropoleemfoco.com.br\/index.php?rest_route=\/wp\/v2\/posts\/10808\/revisions\/10820"}],"wp:featuredmedia":[{"embeddable":true,"href":"http:\/\/metropoleemfoco.com.br\/index.php?rest_route=\/wp\/v2\/media\/10819"}],"wp:attachment":[{"href":"http:\/\/metropoleemfoco.com.br\/index.php?rest_route=%2Fwp%2Fv2%2Fmedia&parent=10808"}],"wp:term":[{"taxonomy":"category","embeddable":true,"href":"http:\/\/metropoleemfoco.com.br\/index.php?rest_route=%2Fwp%2Fv2%2Fcategories&post=10808"},{"taxonomy":"post_tag","embeddable":true,"href":"http:\/\/metropoleemfoco.com.br\/index.php?rest_route=%2Fwp%2Fv2%2Ftags&post=10808"}],"curies":[{"name":"wp","href":"https:\/\/api.w.org\/{rel}","templated":true}]}}