{"id":10807,"date":"2025-12-09T23:37:32","date_gmt":"2025-12-10T02:37:32","guid":{"rendered":"http:\/\/metropoleemfoco.com.br\/?p=10807"},"modified":"2025-12-09T23:37:32","modified_gmt":"2025-12-10T02:37:32","slug":"sao-paulo-bate-recorde-de-transito-do-ano-com-chuva-e-paralisacao-de-onibus-nesta-terca","status":"publish","type":"post","link":"http:\/\/metropoleemfoco.com.br\/?p=10807","title":{"rendered":"S\u00e3o Paulo bate recorde de tr\u00e2nsito do ano com chuva e paralisa\u00e7\u00e3o de \u00f4nibus nesta ter\u00e7a"},"content":{"rendered":"<div class=\"mc-article-header\">\n<div class=\"row content-head mc-column non-featured \">\n<div class=\"title\" data-block-type=\"title\" data-block-id=\"0\">\n<h1 class=\"content-head__title\">S\u00e3o Paulo bate recorde de tr\u00e2nsito do ano com chuva e paralisa\u00e7\u00e3o de \u00f4nibus nesta ter\u00e7a<\/h1>\n<\/div>\n<div class=\"medium-centered subtitle\">\n<h2 class=\"content-head__subtitle\">Foram 1.486 km de congestionamento \u00e0s 19h. O recorde de congestionamento j\u00e1 havia sido batido nesta mesma ter\u00e7a, \u00e0s 18h30.<\/h2>\n<\/div>\n<\/div>\n<div class=\"content__signa-share mc-column\">\n<div class=\"content__signature\">\n<div class=\"content-publication-data\">\n<div class=\"content-publication-data__text\">\n<p class=\"content-publication-data__from\" title=\"Juliana Furtado\">Por\u00a0<a class=\"multi_signatures\" href=\"https:\/\/g1.globo.com\/autores\/juliana-furtado\/\">Juliana Furtado<\/a>, TV Globo e g1 SP<\/p>\n<\/div>\n<\/div>\n<\/div>\n<\/div>\n<div class=\"glb-share-bar content__share-bar\">\n<div class=\"glb-share-bar_icons\">\n<div class=\"glb-share-bar_button-img\"><\/div>\n<div class=\"glb-share-bar_button-img\"><\/div>\n<\/div>\n<\/div>\n<\/div>\n<div class=\"mc-article-body\">\n<article>\n<div id=\"chunk-6utiu\">\n<div class=\"cxm-block-video content-media mc-column \" data-block-type=\"backstage-video\" data-block-id=\"1\">\n<div class=\"cxm-block-video__container cxm-block-video__container--fallback \">\n<div class=\"cxm-block-video__player-fixer\">\n<article class=\"cxm-block-video__player-wrapper\">\n<section class=\"cxm-block-video__player\">\n<div class=\"cxm-block-video__placeholder\" data-video-id=\"14167203\"><img decoding=\"async\" class=\"cxm-block-video__thumb\" title=\"Motoristas de \u00f4nibus fazem paralisa\u00e7\u00e3o em SP\" src=\"https:\/\/s04.video.glbimg.com\/x240\/14167203.jpg\" alt=\"Motoristas de \u00f4nibus fazem paralisa\u00e7\u00e3o em SP\" \/><\/div>\n<\/section>\n<\/article>\n<\/div>\n<div class=\"cxm-block-video__caption-container\">\n<p class=\"codex-caption codex-caption--small\">Motoristas de \u00f4nibus fazem paralisa\u00e7\u00e3o em SP<\/p>\n<\/div>\n<\/div>\n<\/div>\n<\/div>\n<div id=\"chunk-eu5at\">\n<div class=\"mc-column content-text active-extra-styles \" data-block-type=\"unstyled\" data-block-weight=\"24\" data-block-id=\"2\">\n<p class=\" content-text__container \" data-track-category=\"Link no Texto\" data-track-links=\"\" data-mrf-recirculation=\"Mat\u00e9ria - Links no Texto\">Com chuva e paralisa\u00e7\u00e3o de \u00f4nibus, S\u00e3o Paulo bateu recorde de tr\u00e2nsito de 2025 nesta ter\u00e7a-feira (9), com\u00a0<strong>1.486 km<\/strong>\u00a0de congestionamento, \u00e0s\u00a0<strong>19h<\/strong>.<\/p>\n<\/div>\n<\/div>\n<div class=\"wall protected-content\">\n<div id=\"chunk-c6svv\">\n<div class=\"mc-column content-text active-extra-styles \" data-block-type=\"unstyled\" data-block-weight=\"32\" data-block-id=\"4\">\n<p class=\" content-text__container \" data-track-category=\"Link no Texto\" data-track-links=\"\" data-mrf-recirculation=\"Mat\u00e9ria - Links no Texto\">O recorde j\u00e1 havia sido batido pouco antes, \u00e0s\u00a0<strong>18h30<\/strong>, quando a cidade alcan\u00e7ou\u00a0<strong>1.374 km\u00a0<\/strong>e superou o dia\u00a0<strong>8 de agosto<\/strong>, que teve\u00a0<strong>1.335 km\u00a0<\/strong>de vias congestionadas.<\/p>\n<\/div>\n<\/div>\n<div id=\"chunk-dmeki\">\n<div class=\"mc-column content-text active-extra-styles \" data-block-type=\"unstyled\" data-block-weight=\"38\" data-block-id=\"5\">\n<p class=\" content-text__container \" data-track-category=\"Link no Texto\" data-track-links=\"\" data-mrf-recirculation=\"Mat\u00e9ria - Links no Texto\">O tr\u00e2nsito j\u00e1 estava acima da m\u00e9dia no fim da manh\u00e3 e come\u00e7o da tarde, mas a paralisa\u00e7\u00e3o de 15 empresas de \u00f4nibus prejudicou ainda mais as vias de S\u00e3o Paulo, com passageiros buscando transporte por aplicativo.<\/p>\n<\/div>\n<\/div>\n<div id=\"chunk-cjgq\">\n<div class=\"mc-column content-text active-extra-styles \" data-block-type=\"unstyled\" data-block-weight=\"24\" data-block-id=\"6\">\n<p class=\" content-text__container \" data-track-category=\"Link no Texto\" data-track-links=\"\" data-mrf-recirculation=\"Mat\u00e9ria - Links no Texto\"><strong>J\u00e1 o recorde hist\u00f3rico continua sendo de 9 de agosto de 2024, tamb\u00e9m \u00e0s 19h, quando a cidade registrou 1.510 km de congestionamento.<\/strong><\/p>\n<\/div>\n<\/div>\n<div id=\"chunk-5mqmo\">\n<div class=\"mc-column content-text active-extra-styles \" data-block-type=\"unstyled\" data-block-weight=\"20\" data-block-id=\"8\">\n<p class=\" content-text__container \" data-track-category=\"Link no Texto\" data-track-links=\"\" data-mrf-recirculation=\"Mat\u00e9ria - Links no Texto\">A<a class=\"\" href=\"https:\/\/g1.globo.com\/sp\/sao-paulo\/ao-vivo\/paralisacao-de-onibus-em-sao-paulo-hoje-acompanhe.ghtml\" data-mrf-link=\"https:\/\/g1.globo.com\/sp\/sao-paulo\/ao-vivo\/paralisacao-de-onibus-em-sao-paulo-hoje-acompanhe.ghtml\">\u00a0paralisa\u00e7\u00e3o parcial<\/a> afeta 3,3 milh\u00f5es de pessoas. \u00d4nibus est\u00e3o entregando os passageiros nos terminais e voltando para a garagem.<\/p>\n<\/div>\n<\/div>\n<div id=\"chunk-a97o1\">\n<div class=\"mc-column content-text active-extra-styles\" data-block-type=\"raw\" data-block-weight=\"10\" data-block-id=\"9\">\n<ul class=\"content-unordered-list\" data-mrf-recirculation=\"Mat\u00e9ria - Leia Tamb\u00e9m (Lista)\">\n<li><strong>Acompanhe os efeitos da paralisa\u00e7\u00e3o na volta para casa<\/strong><a class=\"\" href=\"https:\/\/g1.globo.com\/sp\/sao-paulo\/ao-vivo\/paralisacao-de-onibus-em-sao-paulo-hoje-acompanhe.ghtml\" data-mrf-link=\"https:\/\/g1.globo.com\/sp\/sao-paulo\/ao-vivo\/paralisacao-de-onibus-em-sao-paulo-hoje-acompanhe.ghtml\"><strong>\u00a0aqui<\/strong><\/a><\/li>\n<\/ul>\n<\/div>\n<\/div>\n<div id=\"chunk-3anja\">\n<div class=\"mc-column content-text active-extra-styles \" data-block-type=\"unstyled\" data-block-weight=\"36\" data-block-id=\"10\">\n<p class=\" content-text__container \" data-track-category=\"Link no Texto\" data-track-links=\"\" data-mrf-recirculation=\"Mat\u00e9ria - Links no Texto\">A Secretaria Municipal de Mobilidade Urbana\/Transportes e a SPTrans registraram um<span class=\"highlight highlighted\">\u00a0boletim de ocorr\u00eancia contra as empresas que aderiram a uma paralisa\u00e7\u00e3o sem aviso-pr\u00e9vio<\/span>.\u00a0<strong>(leia mais abaixo).\u00a0<\/strong>A Prefeitura tamb\u00e9m suspendeu o rod\u00edzio de ve\u00edculos.<\/p>\n<\/div>\n<\/div>\n<div id=\"chunk-a8tap\">\n<div class=\"mc-column content-text active-extra-styles \" data-block-type=\"unstyled\" data-block-weight=\"22\" data-block-id=\"11\">\n<p class=\" content-text__container \" data-track-category=\"Link no Texto\" data-track-links=\"\" data-mrf-recirculation=\"Mat\u00e9ria - Links no Texto\"><strong>O g1 apurou que algumas corridas por aplicativo est\u00e3o custando cerca de quatro vezes mais no final da tarde desta ter\u00e7a.<\/strong><\/p>\n<\/div>\n<\/div>\n<div id=\"chunk-cvr7f\">\n<div class=\"mc-column content-text active-extra-styles\" data-block-type=\"raw\" data-block-weight=\"1\" data-block-id=\"12\">\n<div class=\"content-intertitle\">\n<h2>Terminais<\/h2>\n<\/div>\n<\/div>\n<\/div>\n<div id=\"chunk-beuej\">\n<div class=\"mc-column content-text active-extra-styles \" data-block-type=\"unstyled\" data-block-weight=\"30\" data-block-id=\"13\">\n<p class=\" content-text__container \" data-track-category=\"Link no Texto\" data-track-links=\"\" data-mrf-recirculation=\"Mat\u00e9ria - Links no Texto\">No Terminal Santo Amaro, na Zona Sul da cidade, segundo apura\u00e7\u00e3o da TV Globo, h\u00e1 \u00f4nibus estacionados, sem seguir viagem. H\u00e1 filas de passageiros. Mesma situa\u00e7\u00e3o no Terminal Campo Limpo.<\/p>\n<\/div>\n<\/div>\n<div id=\"chunk-c1n4v\">\n<div class=\"mc-column content-text active-extra-styles \" data-block-type=\"unstyled\" data-block-weight=\"37\" data-block-id=\"14\">\n<p class=\" content-text__container \" data-track-category=\"Link no Texto\" data-track-links=\"\" data-mrf-recirculation=\"Mat\u00e9ria - Links no Texto\">No Terminal Dom Pedro II, na regi\u00e3o central de S\u00e3o Paulo, as pessoas saem do terminal ap\u00f3s serem informadas sobre a paralisa\u00e7\u00e3o parcial de \u00f4nibus. Os ve\u00edculos chegam ao terminal, mas parecem que n\u00e3o v\u00e3o sair.<\/p>\n<\/div>\n<\/div>\n<div id=\"chunk-fst4s\">\n<div class=\"mc-column content-text active-extra-styles \" data-block-type=\"unstyled\" data-block-weight=\"24\" data-block-id=\"15\">\n<p class=\" content-text__container \" data-track-category=\"Link no Texto\" data-track-links=\"\" data-mrf-recirculation=\"Mat\u00e9ria - Links no Texto\">A TV Globo tamb\u00e9m registrou os \u00f4nibus voltando para a garagem da Via\u00e7\u00e3o Sudeste, na Avenida do Cursino, na Zona Sul de S\u00e3o Paulo.<\/p>\n<\/div>\n<\/div>\n<div id=\"chunk-dsnj6\">\n<div class=\"mc-column content-text active-extra-styles \" data-block-type=\"unstyled\" data-block-weight=\"33\" data-block-id=\"16\">\n<p class=\" content-text__container \" data-track-category=\"Link no Texto\" data-track-links=\"\" data-mrf-recirculation=\"Mat\u00e9ria - Links no Texto\">Segundo o Sindimotoristas, o protesto \u00e9 porque as empresas de \u00f4nibus prometeram pagar o 13\u00ba sal\u00e1rio e o vale-refei\u00e7\u00e3o das f\u00e9rias at\u00e9 o dia 12, mas disseram nesta ter\u00e7a que n\u00e3o o fariam.<\/p>\n<\/div>\n<\/div>\n<div id=\"chunk-937k7\">\n<div class=\"mc-column content-text active-extra-styles \" data-block-type=\"unstyled\" data-block-weight=\"15\" data-block-id=\"18\">\n<p class=\" content-text__container \" data-track-category=\"Link no Texto\" data-track-links=\"\" data-mrf-recirculation=\"Mat\u00e9ria - Links no Texto\">Ainda de acordo com o sindicato, eles tentaram negociar, mas n\u00e3o houve di\u00e1logo.<\/p>\n<\/div>\n<\/div>\n<div id=\"chunk-9a6ut\">\n<div class=\"mc-column content-text active-extra-styles \" data-block-type=\"unstyled\" data-block-weight=\"19\" data-block-id=\"19\">\n<p class=\" content-text__container \" data-track-category=\"Link no Texto\" data-track-links=\"\" data-mrf-recirculation=\"Mat\u00e9ria - Links no Texto\">De acordo com o sindicato dos motoristas e a SPTrans, as empresas que recolheram \u00f4nibus at\u00e9 o momento:<\/p>\n<\/div>\n<\/div>\n<div id=\"chunk-cemec\">\n<div class=\"mc-column content-text active-extra-styles\" data-block-type=\"raw\" data-block-weight=\"21\" data-block-id=\"20\">\n<ul class=\"content-unordered-list\" data-mrf-recirculation=\"Mat\u00e9ria - Leia Tamb\u00e9m (Lista)\">\n<li>Express<\/li>\n<li>Gato Preto<\/li>\n<li>Santa Br\u00edgida<\/li>\n<li>Samba\u00edba<\/li>\n<li>Via\u00e7\u00e3o Metr\u00f3pole<\/li>\n<li>Ambiental<\/li>\n<li>Via Sudeste<\/li>\n<li>Via\u00e7\u00e3o Graja\u00fa<\/li>\n<li>Mobibrasil<\/li>\n<li>Campo Belo<\/li>\n<li>Gatusa<\/li>\n<li>KBPX<\/li>\n<li>Transppass<\/li>\n<li>Transuni\u00e3o<\/li>\n<li>Movebuss<\/li>\n<\/ul>\n<\/div>\n<\/div>\n<div id=\"chunk-7h2fh\">\n<div class=\"mc-column content-text active-extra-styles \" data-block-type=\"unstyled\" data-block-weight=\"6\" data-block-id=\"21\">\n<p class=\" content-text__container \" data-track-category=\"Link no Texto\" data-track-links=\"\" data-mrf-recirculation=\"Mat\u00e9ria - Links no Texto\">Garagens com a opera\u00e7\u00e3o normal:<\/p>\n<\/div>\n<\/div>\n<div id=\"chunk-54hdh\">\n<div class=\"mc-column content-text active-extra-styles\" data-block-type=\"raw\" data-block-weight=\"16\" data-block-id=\"22\">\n<ul class=\"content-unordered-list\" data-mrf-recirculation=\"Mat\u00e9ria - Leia Tamb\u00e9m (Lista)\">\n<li>Spencer<\/li>\n<li>Norte Buss<\/li>\n<li>Upbus<\/li>\n<li>Allibus<\/li>\n<li>P\u00eassego<\/li>\n<li>SPTrans D10 e D11<\/li>\n<li>A2 Transportes<\/li>\n<li>Auto Bless<\/li>\n<li>Alfa Rodobus<\/li>\n<\/ul>\n<\/div>\n<\/div>\n<div id=\"chunk-dbibg\">\n<div class=\"mc-column content-text active-extra-styles \" data-block-type=\"unstyled\" data-block-weight=\"29\" data-block-id=\"23\">\n<p class=\" content-text__container \" data-track-category=\"Link no Texto\" data-track-links=\"\" data-mrf-recirculation=\"Mat\u00e9ria - Links no Texto\">Cido, morador da Zona Leste, gravou um v\u00eddeo na Rua Doutor Campos Moura, em Artur Alvim, que mostra um ponto lotado de pessoas e uma fila extensa de t\u00e1xi.<\/p>\n<\/div>\n<\/div>\n<div id=\"chunk-fkij8\">\n<div class=\"cxm-block-video content-media mc-column \" data-block-type=\"backstage-video\" data-block-id=\"24\">\n<div class=\"cxm-block-video__container cxm-block-video__container--fallback cxm-block-video__container--vertical\">\n<div class=\"cxm-block-video__player-fixer\">\n<article class=\"cxm-block-video__player-wrapper\">\n<section class=\"cxm-block-video__player\">\n<div class=\"cxm-block-video__placeholder\" data-video-id=\"14167269\"><img decoding=\"async\" class=\"cxm-block-video__thumb\" title=\"Morador da Zona Leste mostra tr\u00e2nsito e ponto lotado em Artur Alvim\" src=\"https:\/\/s02.video.glbimg.com\/x240\/14167269.jpg\" alt=\"Morador da Zona Leste mostra tr\u00e2nsito e ponto lotado em Artur Alvim\" \/><\/div>\n<\/section>\n<\/article>\n<\/div>\n<div class=\"cxm-block-video__caption-container\">\n<p class=\"codex-caption codex-caption--small\">Morador da Zona Leste mostra tr\u00e2nsito e ponto lotado em Artur Alvim<\/p>\n<\/div>\n<\/div>\n<\/div>\n<\/div>\n<div id=\"chunk-d41gn\">\n<div class=\"mc-column content-text active-extra-styles \" data-block-type=\"unstyled\" data-block-weight=\"57\" data-block-id=\"26\">\n<p class=\" content-text__container \" data-track-category=\"Link no Texto\" data-track-links=\"\" data-mrf-recirculation=\"Mat\u00e9ria - Links no Texto\">J\u00e1 segundo o Sindicato das Empresas de Transporte Coletivo Urbano de Passageiros de S\u00e3o Paulo (SPUrbanuss), &#8220;as empresas operadoras associadas \u00e0 entidade n\u00e3o est\u00e3o poupando esfor\u00e7os para honrar com suas obriga\u00e7\u00f5es trabalhistas com os empregados do setor, inclusive solicitando um maior prazo para o pagamento do 13\u00ba sal\u00e1rio, em conformidade com o que a legisla\u00e7\u00e3o estabelece.&#8221;<\/p>\n<\/div>\n<\/div>\n<div id=\"chunk-6s1pb\">\n<div class=\"mc-column content-text active-extra-styles \" data-block-type=\"unstyled\" data-block-weight=\"68\" data-block-id=\"27\">\n<p class=\" content-text__container \" data-track-category=\"Link no Texto\" data-track-links=\"\" data-mrf-recirculation=\"Mat\u00e9ria - Links no Texto\">&#8220;As empresas t\u00eam mantido di\u00e1logos constantes com a Secretaria Municipal de Mobilidade Urbana e Transporte no sentido de finalizar os acertos para a revis\u00e3o quadrienal dos contratos de concess\u00e3o firmados com a municipalidade, recompondo o equil\u00edbrio econ\u00f4mico-financeiro do sistema, de forma a se evitar qualquer movimento paredista dos trabalhadores do transporte coletivo, que venha a causar preju\u00edzos a popula\u00e7\u00e3o que depende desse servi\u00e7o essencial e estrat\u00e9gico&#8221;, completa.<\/p>\n<\/div>\n<\/div>\n<div id=\"chunk-5t660\">\n<div class=\"mc-column content-text active-extra-styles \" data-block-type=\"unstyled\" data-block-weight=\"31\" data-block-id=\"28\">\n<p class=\" content-text__container \" data-track-category=\"Link no Texto\" data-track-links=\"\" data-mrf-recirculation=\"Mat\u00e9ria - Links no Texto\">A Prefeitura de S\u00e3o Paulo informa que os repasses \u00e0s empresas de \u00f4nibus est\u00e3o em dia e o pagamento do 13\u00ba sal\u00e1rio dos trabalhadores \u00e9 de responsabilidade exclusiva das concession\u00e1rias.<\/p>\n<\/div>\n<\/div>\n<div id=\"chunk-dn63m\">\n<div class=\"mc-column content-text active-extra-styles \" data-block-type=\"unstyled\" data-block-weight=\"68\" data-block-id=\"29\">\n<p class=\" content-text__container \" data-track-category=\"Link no Texto\" data-track-links=\"\" data-mrf-recirculation=\"Mat\u00e9ria - Links no Texto\">&#8220;A pedido do prefeito Ricardo Nunes, a Secretaria Municipal de Mobilidade Urbana\/Transportes e SPTrans registraram nesta ter\u00e7a-feira um boletim de ocorr\u00eancia contra as empresas que aderiram a uma paralisa\u00e7\u00e3o sem aviso-pr\u00e9vio, ferindo gravemente a legisla\u00e7\u00e3o. A gest\u00e3o se solidariza com todos os usu\u00e1rios que dependem do transporte p\u00fablico e que hoje sofrem com o descaso, irresponsabilidade e falta de compromisso dessas companhias com a popula\u00e7\u00e3o.<\/p>\n<\/div>\n<\/div>\n<div id=\"chunk-28nka\">\n<div class=\"row medium-uncollapsed content-media content-photo\" data-block-type=\"backstage-photo\" data-block-id=\"31\">\n<div class=\" mc-column  content-media__container\">\n<p class=\"content-media__description  \">\u00d4nibus parados na garagem da Via\u00e7\u00e3o Sudeste \u2014 Foto: Abra\u00e3o Cruz\/TV Globo<\/p>\n<\/div>\n<\/div>\n<\/div>\n<div id=\"chunk-fpa5h\">\n<div class=\"cxm-block-video content-media mc-column \" data-block-type=\"backstage-video\" data-block-id=\"32\">\n<div class=\"cxm-block-video__container cxm-block-video__container--fallback \">\n<div class=\"cxm-block-video__player-fixer\">\n<article class=\"cxm-block-video__player-wrapper\">\n<section class=\"cxm-block-video__player\">\n<div class=\"cxm-block-video__placeholder\" data-video-id=\"14167261\"><img decoding=\"async\" class=\"cxm-block-video__thumb\" title=\"Plataformas do Terminal Tucuruvi ficam lotadas ap\u00f3s paralisa\u00e7\u00e3o de motoristas\" src=\"https:\/\/s02.video.glbimg.com\/x240\/14167261.jpg\" alt=\"Plataformas do Terminal Tucuruvi ficam lotadas ap\u00f3s paralisa\u00e7\u00e3o de motoristas\" \/><\/div>\n<\/section>\n<\/article>\n<\/div>\n<div class=\"cxm-block-video__caption-container\">\n<p class=\"codex-caption codex-caption--small\">Plataformas do Terminal Tucuruvi ficam lotadas ap\u00f3s paralisa\u00e7\u00e3o de motoristas<\/p>\n<\/div>\n<\/div>\n<\/div>\n<\/div>\n<div id=\"chunk-266nh\">\n<div class=\"content-ads content-ads--reveal\" data-block-type=\"ads\" data-block-id=\"33\">\n<div id=\"banner_materia__e4f41957-eca2-4121-a428-a33630638b25\">\n<div id=\"google_ads_iframe_\/95377733\/tvg_G1\/Sua_Regiao&gt;Sudeste&gt;Sao_Paulo_7__container__\" style=\"box-sizing: inherit; margin: auto; padding: 0px; border: 0pt none; font: inherit; vertical-align: baseline; text-align: center;\"><\/div>\n<\/div>\n<\/div>\n<\/div>\n<div id=\"chunk-ftsjn\">\n<div class=\"row medium-uncollapsed content-media content-photo\" data-block-type=\"backstage-photo\" data-block-id=\"34\">\n<div class=\" mc-column  content-media__container\">\n<div class=\"content-media-container glb-skeleton-box\">\n<figure class=\"content-media-figure\"><img decoding=\"async\" class=\"i-amphtml-fill-content i-amphtml-replaced-content\" src=\"https:\/\/s2-g1.glbimg.com\/m8jq0g1nSmg0A8_MS1vONs9QDXQ=\/0x0:1920x1080\/984x0\/smart\/filters:strip_icc()\/i.s3.glbimg.com\/v1\/AUTH_59edd422c0c84a879bd37670ae4f538a\/internal_photos\/bs\/2025\/e\/X\/4PUSl1QuKylFSW8nRc3g\/onibus-cursino-3.png\" sizes=\"(max-width: 1366px) 648px, 100vw\" srcset=\"https:\/\/s2-g1.glbimg.com\/XCDLHzvrUVwfCy-dsQvl-B0P0_E=\/0x0:1920x1080\/1000x0\/smart\/filters:strip_icc()\/i.s3.glbimg.com\/v1\/AUTH_59edd422c0c84a879bd37670ae4f538a\/internal_photos\/bs\/2025\/e\/X\/4PUSl1QuKylFSW8nRc3g\/onibus-cursino-3.png 1000w, https:\/\/s2-g1.glbimg.com\/m8jq0g1nSmg0A8_MS1vONs9QDXQ=\/0x0:1920x1080\/984x0\/smart\/filters:strip_icc()\/i.s3.glbimg.com\/v1\/AUTH_59edd422c0c84a879bd37670ae4f538a\/internal_photos\/bs\/2025\/e\/X\/4PUSl1QuKylFSW8nRc3g\/onibus-cursino-3.png 984w, https:\/\/s2-g1.glbimg.com\/ROAId2N0LRaZrPXsuP3DAr_n3dQ=\/0x0:1920x1080\/640x0\/smart\/filters:strip_icc()\/i.s3.glbimg.com\/v1\/AUTH_59edd422c0c84a879bd37670ae4f538a\/internal_photos\/bs\/2025\/e\/X\/4PUSl1QuKylFSW8nRc3g\/onibus-cursino-3.png 640w, https:\/\/s2-g1.glbimg.com\/VKEAoDAgr8f4u-u0T5AFK2duPSs=\/0x0:1920x1080\/600x0\/smart\/filters:strip_icc()\/i.s3.glbimg.com\/v1\/AUTH_59edd422c0c84a879bd37670ae4f538a\/internal_photos\/bs\/2025\/e\/X\/4PUSl1QuKylFSW8nRc3g\/onibus-cursino-3.png 600w\" alt=\"\u00d4nibus voltam para a garagem da Via\u00e7\u00e3o Sudeste \u2014 Foto: Reprodu\u00e7\u00e3o TV Globo\" \/><\/figure>\n<\/div>\n<p class=\"content-media__description  \">\u00d4nibus voltam para a garagem da Via\u00e7\u00e3o Sudeste \u2014 Foto: Reprodu\u00e7\u00e3o TV Globo<\/p>\n<\/div>\n<\/div>\n<\/div>\n<div id=\"chunk-64dm2\">\n<div class=\"row medium-uncollapsed content-media content-photo\" data-block-type=\"backstage-photo\" data-block-id=\"35\">\n<div class=\" mc-column  content-media__container\">\n<div class=\"content-media-container glb-skeleton-box\">\n<figure class=\"content-media-figure\"><img decoding=\"async\" class=\"i-amphtml-fill-content i-amphtml-replaced-content\" src=\"https:\/\/s2-g1.glbimg.com\/VBCwNPj7j5IsC_Ta5YCZlGweuus=\/0x0:1920x1080\/984x0\/smart\/filters:strip_icc()\/i.s3.glbimg.com\/v1\/AUTH_59edd422c0c84a879bd37670ae4f538a\/internal_photos\/bs\/2025\/u\/7\/APEe1OSjuNuiRzvOKe0A\/snapshotdddddd.jpg\" sizes=\"(max-width: 1366px) 648px, 100vw\" srcset=\"https:\/\/s2-g1.glbimg.com\/q10NmNAsU0N-da-hkk-Hb6zR9fA=\/0x0:1920x1080\/1000x0\/smart\/filters:strip_icc()\/i.s3.glbimg.com\/v1\/AUTH_59edd422c0c84a879bd37670ae4f538a\/internal_photos\/bs\/2025\/u\/7\/APEe1OSjuNuiRzvOKe0A\/snapshotdddddd.jpg 1000w, https:\/\/s2-g1.glbimg.com\/VBCwNPj7j5IsC_Ta5YCZlGweuus=\/0x0:1920x1080\/984x0\/smart\/filters:strip_icc()\/i.s3.glbimg.com\/v1\/AUTH_59edd422c0c84a879bd37670ae4f538a\/internal_photos\/bs\/2025\/u\/7\/APEe1OSjuNuiRzvOKe0A\/snapshotdddddd.jpg 984w, https:\/\/s2-g1.glbimg.com\/IJ0wpLJKLhTQfbXbMyGdEFrv8ro=\/0x0:1920x1080\/640x0\/smart\/filters:strip_icc()\/i.s3.glbimg.com\/v1\/AUTH_59edd422c0c84a879bd37670ae4f538a\/internal_photos\/bs\/2025\/u\/7\/APEe1OSjuNuiRzvOKe0A\/snapshotdddddd.jpg 640w, https:\/\/s2-g1.glbimg.com\/c0NW_iYOGpQgtj6CFpA3Akz_6Ag=\/0x0:1920x1080\/600x0\/smart\/filters:strip_icc()\/i.s3.glbimg.com\/v1\/AUTH_59edd422c0c84a879bd37670ae4f538a\/internal_photos\/bs\/2025\/u\/7\/APEe1OSjuNuiRzvOKe0A\/snapshotdddddd.jpg 600w\" alt=\"Terminal Santo Amaro nesta ter\u00e7a (9) \u2014 Foto: Reprodu\u00e7\u00e3o\" \/><\/figure>\n<\/div>\n<p class=\"content-media__description  \">Terminal Santo Amaro nesta ter\u00e7a (9) \u2014 Foto: Reprodu\u00e7\u00e3o<\/p>\n<\/div>\n<\/div>\n<\/div>\n<div id=\"chunk-fc1d8\">\n<div class=\"row medium-uncollapsed content-media content-photo\" data-block-type=\"backstage-photo\" data-block-id=\"37\">\n<div class=\" mc-column  content-media__container\">\n<div class=\"content-media-container glb-skeleton-box\">\n<figure class=\"content-media-figure\"><img decoding=\"async\" class=\"i-amphtml-fill-content i-amphtml-replaced-content\" src=\"https:\/\/s2-g1.glbimg.com\/lJgI9Y1dNoN9YUjiVNaOgDmpn2w=\/0x0:1920x1080\/984x0\/smart\/filters:strip_icc()\/i.s3.glbimg.com\/v1\/AUTH_59edd422c0c84a879bd37670ae4f538a\/internal_photos\/bs\/2025\/N\/M\/OOoNb3QTO2g2K7FJIA4w\/snapshotssssss.jpg\" sizes=\"(max-width: 1366px) 648px, 100vw\" srcset=\"https:\/\/s2-g1.glbimg.com\/Ai_fAdeMrMdAKX8KFwFUaYhFVH4=\/0x0:1920x1080\/1000x0\/smart\/filters:strip_icc()\/i.s3.glbimg.com\/v1\/AUTH_59edd422c0c84a879bd37670ae4f538a\/internal_photos\/bs\/2025\/N\/M\/OOoNb3QTO2g2K7FJIA4w\/snapshotssssss.jpg 1000w, https:\/\/s2-g1.glbimg.com\/lJgI9Y1dNoN9YUjiVNaOgDmpn2w=\/0x0:1920x1080\/984x0\/smart\/filters:strip_icc()\/i.s3.glbimg.com\/v1\/AUTH_59edd422c0c84a879bd37670ae4f538a\/internal_photos\/bs\/2025\/N\/M\/OOoNb3QTO2g2K7FJIA4w\/snapshotssssss.jpg 984w, https:\/\/s2-g1.glbimg.com\/PZATpkze_JyCISBNEhzYY75dVjc=\/0x0:1920x1080\/640x0\/smart\/filters:strip_icc()\/i.s3.glbimg.com\/v1\/AUTH_59edd422c0c84a879bd37670ae4f538a\/internal_photos\/bs\/2025\/N\/M\/OOoNb3QTO2g2K7FJIA4w\/snapshotssssss.jpg 640w, https:\/\/s2-g1.glbimg.com\/7-lORoHZfEDlEtFOTSS4p82zNDM=\/0x0:1920x1080\/600x0\/smart\/filters:strip_icc()\/i.s3.glbimg.com\/v1\/AUTH_59edd422c0c84a879bd37670ae4f538a\/internal_photos\/bs\/2025\/N\/M\/OOoNb3QTO2g2K7FJIA4w\/snapshotssssss.jpg 600w\" alt=\"Terminal Santo Amaro nesta ter\u00e7a (9) \u2014 Foto: Reprodu\u00e7\u00e3o\" \/><\/figure>\n<\/div>\n<p class=\"content-media__description  \">Terminal Santo Amaro nesta ter\u00e7a (9) \u2014 Foto: Reprodu\u00e7\u00e3o<\/p>\n<\/div>\n<\/div>\n<\/div>\n<div id=\"chunk-co9ri\">\n<div class=\"mc-column content-text active-extra-styles \" data-block-type=\"unstyled\" data-block-weight=\"57\" data-block-id=\"38\">\n<p class=\" content-text__container \" data-track-category=\"Link no Texto\" data-track-links=\"\" data-mrf-recirculation=\"Mat\u00e9ria - Links no Texto\">J\u00e1 segundo o Sindicato das Empresas de Transporte Coletivo Urbano de Passageiros de S\u00e3o Paulo (SPUrbanuss), &#8220;as empresas operadoras associadas \u00e0 entidade n\u00e3o est\u00e3o poupando esfor\u00e7os para honrar com suas obriga\u00e7\u00f5es trabalhistas com os empregados do setor, inclusive solicitando um maior prazo para o pagamento do 13\u00ba sal\u00e1rio, em conformidade com o que a legisla\u00e7\u00e3o estabelece.&#8221;<\/p>\n<\/div>\n<\/div>\n<div id=\"chunk-d75b\">\n<div class=\"mc-column content-text active-extra-styles \" data-block-type=\"unstyled\" data-block-weight=\"68\" data-block-id=\"39\">\n<p class=\" content-text__container \" data-track-category=\"Link no Texto\" data-track-links=\"\" data-mrf-recirculation=\"Mat\u00e9ria - Links no Texto\">&#8220;As empresas t\u00eam mantido di\u00e1logos constantes com a Secretaria Municipal de Mobilidade Urbana e Transporte no sentido de finalizar os acertos para a revis\u00e3o quadrienal dos contratos de concess\u00e3o firmados com a municipalidade, recompondo o equil\u00edbrio econ\u00f4mico-financeiro do sistema, de forma a se evitar qualquer movimento paredista dos trabalhadores do transporte coletivo, que venha a causar preju\u00edzos a popula\u00e7\u00e3o que depende desse servi\u00e7o essencial e estrat\u00e9gico&#8221;, completa.<\/p>\n<\/div>\n<\/div>\n<div id=\"chunk-cc6v3\">\n<div class=\"mc-column content-text active-extra-styles \" data-block-type=\"unstyled\" data-block-weight=\"11\" data-block-id=\"41\">\n<p class=\" content-text__container \" data-track-category=\"Link no Texto\" data-track-links=\"\" data-mrf-recirculation=\"Mat\u00e9ria - Links no Texto\">O\u00a0<strong>g1<\/strong>\u00a0pediu posicionamento da SPTrans e aguarda resposta.<\/p>\n<\/div>\n<\/div>\n<div data-track-category=\"multicontent\" data-track-action=\"multicontent\" data-track-noninteraction=\"false\" data-track-scroll=\"ultimo chunk conteudo\" data-track-value=\"view\">\n<div id=\"chunk-9tfj8\">\n<div class=\"cxm-block-video content-media mc-column \" data-block-type=\"backstage-video\" data-block-id=\"42\">\n<div class=\"cxm-block-video__container cxm-block-video__container--fallback \">\n<div class=\"cxm-block-video__player-fixer\">\n<article class=\"cxm-block-video__player-wrapper\">\n<section class=\"cxm-block-video__player\">\n<div class=\"cxm-block-video__placeholder\" data-video-id=\"14167281\"><img decoding=\"async\" class=\"cxm-block-video__thumb\" title=\"Paralisa\u00e7\u00e3o de \u00f4nibus na cidade de SP nesta ter\u00e7a (9)\" src=\"https:\/\/s02.video.glbimg.com\/x240\/14167281.jpg\" alt=\"Paralisa\u00e7\u00e3o de \u00f4nibus na cidade de SP nesta ter\u00e7a (9)\" \/><\/div>\n<\/section>\n<\/article>\n<\/div>\n<div class=\"cxm-block-video__caption-container\">\n<p class=\"codex-caption codex-caption--small\">Paralisa\u00e7\u00e3o de \u00f4nibus na cidade de SP nesta ter\u00e7a (9)<\/p>\n<p>Fonte: G1<\/p>\n<\/div>\n<\/div>\n<\/div>\n<\/div>\n<\/div>\n<\/div>\n<\/article>\n<\/div>\n","protected":false},"excerpt":{"rendered":"<p>S\u00e3o Paulo bate recorde de tr\u00e2nsito do ano com chuva e paralisa\u00e7\u00e3o de \u00f4nibus nesta ter\u00e7a Foram 1.486 km de<\/p>\n","protected":false},"author":1,"featured_media":10816,"comment_status":"open","ping_status":"open","sticky":false,"template":"","format":"standard","meta":{"colormag_page_container_layout":"default_layout","colormag_page_sidebar_layout":"default_layout","footnotes":""},"categories":[1],"tags":[],"class_list":["post-10807","post","type-post","status-publish","format-standard","has-post-thumbnail","hentry","category-geral"],"_links":{"self":[{"href":"http:\/\/metropoleemfoco.com.br\/index.php?rest_route=\/wp\/v2\/posts\/10807","targetHints":{"allow":["GET"]}}],"collection":[{"href":"http:\/\/metropoleemfoco.com.br\/index.php?rest_route=\/wp\/v2\/posts"}],"about":[{"href":"http:\/\/metropoleemfoco.com.br\/index.php?rest_route=\/wp\/v2\/types\/post"}],"author":[{"embeddable":true,"href":"http:\/\/metropoleemfoco.com.br\/index.php?rest_route=\/wp\/v2\/users\/1"}],"replies":[{"embeddable":true,"href":"http:\/\/metropoleemfoco.com.br\/index.php?rest_route=%2Fwp%2Fv2%2Fcomments&post=10807"}],"version-history":[{"count":2,"href":"http:\/\/metropoleemfoco.com.br\/index.php?rest_route=\/wp\/v2\/posts\/10807\/revisions"}],"predecessor-version":[{"id":10818,"href":"http:\/\/metropoleemfoco.com.br\/index.php?rest_route=\/wp\/v2\/posts\/10807\/revisions\/10818"}],"wp:featuredmedia":[{"embeddable":true,"href":"http:\/\/metropoleemfoco.com.br\/index.php?rest_route=\/wp\/v2\/media\/10816"}],"wp:attachment":[{"href":"http:\/\/metropoleemfoco.com.br\/index.php?rest_route=%2Fwp%2Fv2%2Fmedia&parent=10807"}],"wp:term":[{"taxonomy":"category","embeddable":true,"href":"http:\/\/metropoleemfoco.com.br\/index.php?rest_route=%2Fwp%2Fv2%2Fcategories&post=10807"},{"taxonomy":"post_tag","embeddable":true,"href":"http:\/\/metropoleemfoco.com.br\/index.php?rest_route=%2Fwp%2Fv2%2Ftags&post=10807"}],"curies":[{"name":"wp","href":"https:\/\/api.w.org\/{rel}","templated":true}]}}