{"id":10799,"date":"2025-12-08T13:51:21","date_gmt":"2025-12-08T16:51:21","guid":{"rendered":"http:\/\/metropoleemfoco.com.br\/?p=10799"},"modified":"2025-12-08T13:51:21","modified_gmt":"2025-12-08T16:51:21","slug":"neymar-diz-que-vai-operar-despista-sobre-renovacao-mas-diz-santos-em-primeiro-lugar","status":"publish","type":"post","link":"http:\/\/metropoleemfoco.com.br\/?p=10799","title":{"rendered":"Neymar diz que vai operar, despista sobre renova\u00e7\u00e3o, mas diz: &#8220;Santos em primeiro lugar&#8221;"},"content":{"rendered":"<div class=\"mc-article-header\">\n<div class=\"row content-head mc-column non-featured \">\n<div class=\"title\" data-block-type=\"title\" data-block-id=\"0\">\n<h1 class=\"content-head__title\">Neymar diz que vai operar, despista sobre renova\u00e7\u00e3o, mas diz: &#8220;Santos em primeiro lugar&#8221;<\/h1>\n<\/div>\n<div class=\"medium-centered subtitle\">\n<h2 class=\"content-head__subtitle\">Craque tem contrato com o alvinegro at\u00e9 31 de dezembro de 2025 e avisa: &#8220;Vamos ver o que \u00e9 melhor para todo mundo&#8221;<\/h2>\n<\/div>\n<\/div>\n<div class=\"content__signa-share mc-column\">\n<div class=\"content__signature\">\n<div class=\"content-publication-data\">\n<div class=\"content-publication-data__text\">\n<p class=\"content-publication-data__from\" title=\"Jos\u00e9 Edgar de Matos\">Por Jos\u00e9 Edgar de Matos\u00a0\u2014 Santos, SP<\/p>\n<\/div>\n<\/div>\n<\/div>\n<\/div>\n<div class=\"glb-share-bar content__share-bar\">\n<div class=\"glb-share-bar_icons\">\n<div class=\"glb-share-bar_button-img\"><\/div>\n<div class=\"glb-share-bar_button-img\"><\/div>\n<\/div>\n<\/div>\n<hr class=\"content__divider \" \/>\n<\/div>\n<div class=\"mc-article-body\">\n<article>\n<div id=\"chunk-c5stb\">\n<div class=\"cxm-block-video content-media mc-column \" data-block-type=\"backstage-video\" data-block-id=\"1\">\n<div class=\"cxm-block-video__container \">\n<div class=\"cxm-block-video__player-fixer\">\n<article class=\"cxm-block-video__player-wrapper\">\n<section class=\"cxm-block-video__player\">\n<div class=\"cxm-block-video__placeholder\" data-video-id=\"14161267\"><img decoding=\"async\" class=\"cxm-block-video__thumb\" title=\"Neymar n\u00e3o sabe se fica no Santos: &quot;Agora quero esquecer o futebol, depois vou pensar&quot;\" src=\"https:\/\/s04.video.glbimg.com\/x240\/14161267.jpg\" alt=\"Neymar n\u00e3o sabe se fica no Santos: &quot;Agora quero esquecer o futebol, depois vou pensar&quot;\" \/><\/div>\n<\/section>\n<\/article>\n<\/div>\n<div class=\"cxm-block-video__caption-container\">\n<p class=\"codex-caption codex-caption--small\">Neymar n\u00e3o sabe se fica no Santos: &#8220;Agora quero esquecer o futebol, depois vou pensar&#8221;<\/p>\n<\/div>\n<\/div>\n<\/div>\n<\/div>\n<div id=\"chunk-avv7q\">\n<div class=\"mc-column content-text active-extra-styles \" data-block-type=\"unstyled\" data-block-weight=\"44\" data-block-id=\"2\">\n<p class=\" content-text__container \" data-track-category=\"Link no Texto\" data-track-links=\"\" data-mrf-recirculation=\"Artigo - Link no Texto\">Neymar desconversou sobre o futuro. Feliz com o fim de temporada e a classifica\u00e7\u00e3o do Santos para a Copa Sul-Americana, o camisa 10 confirmou que ir\u00e1 passar por uma cirurgia no menisco do joelho esquerdo nas f\u00e9rias e despistou sobre a perman\u00eancia no clube.<\/p>\n<\/div>\n<\/div>\n<div class=\"wall protected-content\">\n<div id=\"chunk-bfo1e\">\n<div class=\"cxm-block-video content-media mc-column \" data-block-type=\"backstage-video\" data-block-id=\"5\">\n<div class=\"cxm-block-video__container \">\n<div class=\"cxm-block-video__player-fixer\">\n<article class=\"cxm-block-video__player-wrapper\">\n<section class=\"cxm-block-video__player\">\n<div class=\"cxm-block-video__placeholder\" data-video-id=\"14161219\"><img decoding=\"async\" class=\"cxm-block-video__thumb\" title=\"Santos 3 x 0 Cruzeiro | melhores momentos | 38\u00aa rodada | Brasileir\u00e3o 2025\" src=\"https:\/\/s04.video.glbimg.com\/x240\/14161219.jpg\" alt=\"Santos 3 x 0 Cruzeiro | melhores momentos | 38\u00aa rodada | Brasileir\u00e3o 2025\" \/><\/div>\n<\/section>\n<\/article>\n<\/div>\n<div class=\"cxm-block-video__caption-container\">\n<p class=\"codex-caption codex-caption--small\">Santos 3 x 0 Cruzeiro | melhores momentos | 38\u00aa rodada | Brasileir\u00e3o 2025<\/p>\n<\/div>\n<\/div>\n<\/div>\n<\/div>\n<div id=\"chunk-fpljg\">\n<div class=\"mc-column content-text active-extra-styles \" data-block-type=\"unstyled\" data-block-weight=\"16\" data-block-id=\"7\">\n<p class=\" content-text__container \" data-track-category=\"Link no Texto\" data-track-links=\"\" data-mrf-recirculation=\"Artigo - Link no Texto\">Apesar do mist\u00e9rio, a mensagem foi clara: a prioridade \u00e9 ficar na Vila Belmiro para 2026.<\/p>\n<\/div>\n<\/div>\n<div id=\"chunk-5hfud\">\n<div class=\"mc-column content-text active-extra-styles \" data-block-type=\"unstyled\" data-block-weight=\"33\" data-block-id=\"8\">\n<p class=\" content-text__container \" data-track-category=\"Link no Texto\" data-track-links=\"\" data-mrf-recirculation=\"Artigo - Link no Texto\">\u2013 N\u00e3o sei. Pedi para que esperassem esses jogos, agora quero descansar uma semana, esquecer futebol. Mas, obviamente, meu cora\u00e7\u00e3o \u00e9 sempre do Santos. Vou deixar o Santos em primeiro lugar \u2013 disse.<\/p>\n<\/div>\n<\/div>\n<div id=\"chunk-7ot5q\">\n<div class=\"row medium-uncollapsed content-media content-photo\" data-block-type=\"backstage-photo\" data-block-id=\"10\">\n<div class=\" mc-column  content-media__container\">\n<div class=\"content-media-container glb-skeleton-box\">\n<figure class=\"content-media-figure\"><img decoding=\"async\" class=\"i-amphtml-fill-content i-amphtml-replaced-content\" src=\"https:\/\/s2-ge.glbimg.com\/kam9tMqzLPfmpIBGGRhEt6UhdoA=\/0x0:3543x2251\/984x0\/smart\/filters:strip_icc()\/i.s3.glbimg.com\/v1\/AUTH_bc8228b6673f488aa253bbcb03c80ec5\/internal_photos\/bs\/2025\/S\/H\/xVXdGpT8Kxncc8SWQzfw\/agif25120716435981.jpg\" sizes=\"(max-width: 1366px) 648px, 100vw\" srcset=\"https:\/\/s2-ge.glbimg.com\/U6DptS0Z9IbZlKw0jhmuvBji_1w=\/0x0:3543x2251\/1000x0\/smart\/filters:strip_icc()\/i.s3.glbimg.com\/v1\/AUTH_bc8228b6673f488aa253bbcb03c80ec5\/internal_photos\/bs\/2025\/S\/H\/xVXdGpT8Kxncc8SWQzfw\/agif25120716435981.jpg 1000w, https:\/\/s2-ge.glbimg.com\/kam9tMqzLPfmpIBGGRhEt6UhdoA=\/0x0:3543x2251\/984x0\/smart\/filters:strip_icc()\/i.s3.glbimg.com\/v1\/AUTH_bc8228b6673f488aa253bbcb03c80ec5\/internal_photos\/bs\/2025\/S\/H\/xVXdGpT8Kxncc8SWQzfw\/agif25120716435981.jpg 984w, https:\/\/s2-ge.glbimg.com\/Kj-jDbzO93pQhpPngiDwlGDSdI0=\/0x0:3543x2251\/640x0\/smart\/filters:strip_icc()\/i.s3.glbimg.com\/v1\/AUTH_bc8228b6673f488aa253bbcb03c80ec5\/internal_photos\/bs\/2025\/S\/H\/xVXdGpT8Kxncc8SWQzfw\/agif25120716435981.jpg 640w, https:\/\/s2-ge.glbimg.com\/acckxKviZ9972Oejy7IIw6jBjbM=\/0x0:3543x2251\/600x0\/smart\/filters:strip_icc()\/i.s3.glbimg.com\/v1\/AUTH_bc8228b6673f488aa253bbcb03c80ec5\/internal_photos\/bs\/2025\/S\/H\/xVXdGpT8Kxncc8SWQzfw\/agif25120716435981.jpg 600w\" alt=\"Neymar comemora gol do Santos contra o Cruzeiro \u2014 Foto: Mauricio De Souza\/AGIF\" \/><\/figure>\n<\/div>\n<p class=\"content-media__description  \">Neymar comemora gol do Santos contra o Cruzeiro \u2014 Foto: Mauricio De Souza\/AGIF<\/p>\n<\/div>\n<\/div>\n<\/div>\n<div id=\"chunk-d3of\">\n<div class=\"mc-column content-text active-extra-styles \" data-block-type=\"unstyled\" data-block-weight=\"20\" data-block-id=\"11\">\n<p class=\" content-text__container \" data-track-category=\"Link no Texto\" data-track-links=\"\" data-mrf-recirculation=\"Artigo - Link no Texto\">O camisa 10 foi o grande protagonista da rea\u00e7\u00e3o que evitou o rebaixamento e colocou o Peixe na competi\u00e7\u00e3o continental.<\/p>\n<\/div>\n<\/div>\n<div id=\"chunk-7vtqk\">\n<div class=\"mc-column content-text active-extra-styles \" data-block-type=\"unstyled\" data-block-weight=\"30\" data-block-id=\"13\">\n<p class=\" content-text__container \" data-track-category=\"Link no Texto\" data-track-links=\"\" data-mrf-recirculation=\"Artigo - Link no Texto\">Desde o diagn\u00f3stico da les\u00e3o, Neymar anotou quatro gols diante de Sport e Juventude, al\u00e9m de ter boa atua\u00e7\u00e3o neste domingo diante do Cruzeiro,\u00a0<a class=\"\" href=\"https:\/\/ge.globo.com\/sp\/santos-e-regiao\/futebol\/brasileirao-serie-a\/jogo\/07-12-2025\/santos-cruzeiro.ghtml\" data-mrf-link=\"https:\/\/ge.globo.com\/sp\/santos-e-regiao\/futebol\/brasileirao-serie-a\/jogo\/07-12-2025\/santos-cruzeiro.ghtml\">na vit\u00f3ria por 3 a 0<\/a>.<\/p>\n<\/div>\n<\/div>\n<div id=\"chunk-1eg81\">\n<div class=\"cxm-block-video content-media mc-column \" data-block-type=\"backstage-video\" data-block-id=\"15\">\n<div class=\"cxm-block-video__container \">\n<div class=\"cxm-block-video__player-fixer\">\n<article class=\"cxm-block-video__player-wrapper\">\n<section class=\"cxm-block-video__player\">\n<div class=\"cxm-block-video__placeholder\" data-video-id=\"14161328\"><img decoding=\"async\" class=\"cxm-block-video__thumb\" title=\"&quot;O Santos merece a perman\u00eancia na S\u00e9rie A&quot;, comemora N\u00e1gila ap\u00f3s vit\u00f3ria | Voz da Torcida\" src=\"https:\/\/s01.video.glbimg.com\/x240\/14161328.jpg\" alt=\"&quot;O Santos merece a perman\u00eancia na S\u00e9rie A&quot;, comemora N\u00e1gila ap\u00f3s vit\u00f3ria | Voz da Torcida\" \/><\/div>\n<\/section>\n<\/article>\n<\/div>\n<div class=\"cxm-block-video__caption-container\">\n<p class=\"codex-caption codex-caption--small\">&#8220;O Santos merece a perman\u00eancia na S\u00e9rie A&#8221;, comemora N\u00e1gila ap\u00f3s vit\u00f3ria | Voz da Torcida<\/p>\n<\/div>\n<\/div>\n<\/div>\n<\/div>\n<div id=\"chunk-b9akn\">\n<div class=\"mc-column content-text active-extra-styles \" data-block-type=\"unstyled\" data-block-weight=\"56\" data-block-id=\"16\">\n<p class=\" content-text__container \" data-track-category=\"Link no Texto\" data-track-links=\"\" data-mrf-recirculation=\"Artigo - Link no Texto\">\u2013 A gente foi coroado com a Sul-Americana por tudo que fizemos nos \u00faltimos jogos, era o que eu esperava desde o come\u00e7o. Jogamos nosso futebol, enfrentamos as melhores equipes do campeonato e fizemos pontos. O Santos merece muito mais, estar no topo sempre \u2013 declarou, antes de confirmar que agora ir\u00e1 parar para operar.<\/p>\n<\/div>\n<\/div>\n<div id=\"chunk-9caob\">\n<div class=\"mc-column content-text active-extra-styles \" data-block-type=\"unstyled\" data-block-weight=\"60\" data-block-id=\"17\">\n<p class=\" content-text__container \" data-track-category=\"Link no Texto\" data-track-links=\"\" data-mrf-recirculation=\"Artigo - Link no Texto\">\u2013 Vim para isso, para tentar ajudar da melhor maneira poss\u00edvel. Foram semanas dif\u00edceis para mim. Meu mental foi para o zero. Agrade\u00e7o quem esteve comigo para me reerguer. Se n\u00e3o fossem elas, jamais estaria jogando esses jogos. E a Deus. Essas les\u00f5es, esse problema no joelho. Agora \u00e9 descansar. E depois vamos fazer essa cirurgia no joelho \u2013 declarou.<\/p>\n<p>Fonte: Ge<\/p>\n<\/div>\n<\/div>\n<\/div>\n<\/article>\n<\/div>\n","protected":false},"excerpt":{"rendered":"<p>Neymar diz que vai operar, despista sobre renova\u00e7\u00e3o, mas diz: &#8220;Santos em primeiro lugar&#8221; Craque tem contrato com o alvinegro<\/p>\n","protected":false},"author":1,"featured_media":10804,"comment_status":"open","ping_status":"open","sticky":false,"template":"","format":"standard","meta":{"colormag_page_container_layout":"default_layout","colormag_page_sidebar_layout":"default_layout","footnotes":""},"categories":[1],"tags":[],"class_list":["post-10799","post","type-post","status-publish","format-standard","has-post-thumbnail","hentry","category-geral"],"_links":{"self":[{"href":"http:\/\/metropoleemfoco.com.br\/index.php?rest_route=\/wp\/v2\/posts\/10799","targetHints":{"allow":["GET"]}}],"collection":[{"href":"http:\/\/metropoleemfoco.com.br\/index.php?rest_route=\/wp\/v2\/posts"}],"about":[{"href":"http:\/\/metropoleemfoco.com.br\/index.php?rest_route=\/wp\/v2\/types\/post"}],"author":[{"embeddable":true,"href":"http:\/\/metropoleemfoco.com.br\/index.php?rest_route=\/wp\/v2\/users\/1"}],"replies":[{"embeddable":true,"href":"http:\/\/metropoleemfoco.com.br\/index.php?rest_route=%2Fwp%2Fv2%2Fcomments&post=10799"}],"version-history":[{"count":1,"href":"http:\/\/metropoleemfoco.com.br\/index.php?rest_route=\/wp\/v2\/posts\/10799\/revisions"}],"predecessor-version":[{"id":10805,"href":"http:\/\/metropoleemfoco.com.br\/index.php?rest_route=\/wp\/v2\/posts\/10799\/revisions\/10805"}],"wp:featuredmedia":[{"embeddable":true,"href":"http:\/\/metropoleemfoco.com.br\/index.php?rest_route=\/wp\/v2\/media\/10804"}],"wp:attachment":[{"href":"http:\/\/metropoleemfoco.com.br\/index.php?rest_route=%2Fwp%2Fv2%2Fmedia&parent=10799"}],"wp:term":[{"taxonomy":"category","embeddable":true,"href":"http:\/\/metropoleemfoco.com.br\/index.php?rest_route=%2Fwp%2Fv2%2Fcategories&post=10799"},{"taxonomy":"post_tag","embeddable":true,"href":"http:\/\/metropoleemfoco.com.br\/index.php?rest_route=%2Fwp%2Fv2%2Ftags&post=10799"}],"curies":[{"name":"wp","href":"https:\/\/api.w.org\/{rel}","templated":true}]}}