{"id":10797,"date":"2025-12-08T13:49:39","date_gmt":"2025-12-08T16:49:39","guid":{"rendered":"http:\/\/metropoleemfoco.com.br\/?p=10797"},"modified":"2025-12-08T13:49:39","modified_gmt":"2025-12-08T16:49:39","slug":"ano-letivo-na-rede-municipal-da-capital-paulista-comeca-no-dia-04-de-fevereiro-conforme-calendario-escolar","status":"publish","type":"post","link":"http:\/\/metropoleemfoco.com.br\/?p=10797","title":{"rendered":"Ano letivo na Rede Municipal da capital paulista come\u00e7a no dia 04 de fevereiro conforme calend\u00e1rio escolar"},"content":{"rendered":"<h2 id=\"ano-letivo-na-rede-municipal-da-capital-paulista-comeca-no-dia-04-de-fevereiro-conforme-calendario-escolar\" class=\"titulo-noticia-principal mb-3\">Ano letivo na Rede Municipal da capital paulista come\u00e7a no dia 04 de fevereiro conforme calend\u00e1rio escolar<\/h2>\n<h3>Calend\u00e1rio com principais datas para organiza\u00e7\u00e3o pedag\u00f3gico foi divulgado pela Secretaria Municipal de Educa\u00e7\u00e3o (SME)<\/h3>\n<div class=\"addthis_inline_share_toolbox_q0q4 addthis_tool\"><\/div>\n<div class=\"at-above-post addthis_tool\" data-url=\"https:\/\/educacao.sme.prefeitura.sp.gov.br\/noticias\/ano-letivo-na-rede-municipal-da-capital-paulista-comeca-no-dia-04-de-fevereiro-conforme-calendario-escolar\/\"><\/div>\n<p><img loading=\"lazy\" decoding=\"async\" class=\"img-fluid alignnone wp-image-109607 size-full\" src=\"https:\/\/educacao.sme.prefeitura.sp.gov.br\/wp-content\/uploads\/2025\/12\/Secretaria-Municipal-de-Educacao-realiza-o-lancamento-do-Protocolo-para-Prevencao-e-Enfrentamento-ao-Racismo-e-a-Xenofobia-na-Educacao-5.png\" sizes=\"auto, (max-width: 825px) 100vw, 825px\" srcset=\"https:\/\/educacao.sme.prefeitura.sp.gov.br\/wp-content\/uploads\/2025\/12\/Secretaria-Municipal-de-Educacao-realiza-o-lancamento-do-Protocolo-para-Prevencao-e-Enfrentamento-ao-Racismo-e-a-Xenofobia-na-Educacao-5.png 825w, https:\/\/educacao.sme.prefeitura.sp.gov.br\/wp-content\/uploads\/2025\/12\/Secretaria-Municipal-de-Educacao-realiza-o-lancamento-do-Protocolo-para-Prevencao-e-Enfrentamento-ao-Racismo-e-a-Xenofobia-na-Educacao-5-300x171.png 300w, https:\/\/educacao.sme.prefeitura.sp.gov.br\/wp-content\/uploads\/2025\/12\/Secretaria-Municipal-de-Educacao-realiza-o-lancamento-do-Protocolo-para-Prevencao-e-Enfrentamento-ao-Racismo-e-a-Xenofobia-na-Educacao-5-768x438.png 768w, https:\/\/educacao.sme.prefeitura.sp.gov.br\/wp-content\/uploads\/2025\/12\/Secretaria-Municipal-de-Educacao-realiza-o-lancamento-do-Protocolo-para-Prevencao-e-Enfrentamento-ao-Racismo-e-a-Xenofobia-na-Educacao-5-80x46.png 80w, https:\/\/educacao.sme.prefeitura.sp.gov.br\/wp-content\/uploads\/2025\/12\/Secretaria-Municipal-de-Educacao-realiza-o-lancamento-do-Protocolo-para-Prevencao-e-Enfrentamento-ao-Racismo-e-a-Xenofobia-na-Educacao-5-250x142.png 250w\" alt=\"\" width=\"825\" height=\"470\" \/><\/p>\n<p><span data-contrast=\"auto\">Para garantir o planejamento pedag\u00f3gico e organiza\u00e7\u00e3o escolar, a Secretaria Municipal de Educa\u00e7\u00e3o\u00a0(SME)\u00a0divulgou o calend\u00e1rio de atividades de 2026.\u00a0O in\u00edcio do ano letivo ser\u00e1 no dia 04 de fevereiro e se encerra no dia 22 de dezembro. O per\u00edodo de recesso escolar\u00a0no meio do ano\u00a0ser\u00e1 de 06 a 17 de julho.\u00a0<\/span><span data-ccp-props=\"{&quot;201341983&quot;:0,&quot;335551550&quot;:6,&quot;335551620&quot;:6,&quot;335559740&quot;:360}\">\u00a0<\/span><\/p>\n<p><span data-contrast=\"auto\">Durante o recesso\u00a0a Rede Municipal realiza o\u00a0<a href=\"https:\/\/educacao.sme.prefeitura.sp.gov.br\/noticias\/estao-abertas-as-inscricoes-para-o-recreio-nas-ferias-com-programacao-para-bebes-e-criancas-de-ate-14-anos\/\">Recreio nas F\u00e9rias<\/a>\u00a0que atende beb\u00eas e crian\u00e7as de 0 a 14 anos. A primeira edi\u00e7\u00e3o do ano acontece de 07 a 23 de janeiro\u00a0em 133 polos espalhados pela cidade. As inscri\u00e7\u00f5es seguem abertas at\u00e9 o dia 19 de dezembro em todas as unidades educacionais e\u00a0a partir de 20 de dezembro\u00a0somente nos polos\u00a0<a href=\"https:\/\/ceu.sme.prefeitura.sp.gov.br\/unidades-ceus\/\">CEUs\u00a0<span class=\"screen-reader-text\">(Link para um novo s\u00edtio)<\/span><\/a>.\u00a0<\/span><span data-ccp-props=\"{&quot;201341983&quot;:0,&quot;335551550&quot;:6,&quot;335551620&quot;:6,&quot;335559740&quot;:360}\">\u00a0<\/span><\/p>\n<p><span data-contrast=\"auto\">J\u00e1 no primeiro bimestre uma das datas importantes ser\u00e1 o\u00a0\u201cDia da Fam\u00edlia na Escola\u201d\u00a0marcado por momentos de di\u00e1logo e integra\u00e7\u00e3o entre a comunidade escolar. Para as unidades de Educa\u00e7\u00e3o Infantil ser\u00e1 no dia 07 de fevereiro e para as escolas de Ensino Fundamental, M\u00e9dio e EJA\u00a0acontece no dia 28 de fevereiro.<\/span><span data-ccp-props=\"{&quot;201341983&quot;:0,&quot;335551550&quot;:6,&quot;335551620&quot;:6,&quot;335559740&quot;:360}\">\u00a0<\/span><\/p>\n<p><span data-contrast=\"auto\">O calend\u00e1rio\u00a0traz ainda importantes eventos formativos como a Jornada Pedag\u00f3gica\u00a0e o Semin\u00e1rio\u00a0<a href=\"https:\/\/educacao.sme.prefeitura.sp.gov.br\/juntos-pela-aprendizagem\/\">Juntos pela Aprendizagem<\/a>, a Semana da Educa\u00e7\u00e3o Especial e muito mais. Al\u00e9m de eventos que mobilizam os estudantes como o\u00a0Encontro Municipal dos Gr\u00eamios Estudantis, a Semana de Arte Moderna, a Mostra de Tecnologias e muito mais.\u00a0<\/span><span data-ccp-props=\"{&quot;201341983&quot;:0,&quot;335551550&quot;:6,&quot;335551620&quot;:6,&quot;335559740&quot;:360}\">\u00a0<\/span><\/p>\n<p><span data-contrast=\"auto\">Outra data importante ser\u00e1 a Prova S\u00e3o Paulo que acontece de 20 a 22 a outubro.\u00a0O cronograma \u00e9 organizado com datas e per\u00edodos comuns para todas as modalidades de ensino da rede direta e parceira, mas tamb\u00e9m com instru\u00e7\u00f5es espec\u00edficas da Educa\u00e7\u00e3o Infantil e do Ensino Fundamental e M\u00e9dio, visando a organiza\u00e7\u00e3o pedag\u00f3gica.\u00a0<\/span><span data-ccp-props=\"{&quot;201341983&quot;:0,&quot;335551550&quot;:6,&quot;335551620&quot;:6,&quot;335559740&quot;:360}\">\u00a0<\/span><\/p>\n<p><span data-contrast=\"auto\">Confira o calend\u00e1rio na \u00edntegra\u00a0na\u00a0<\/span><a href=\"https:\/\/diariooficial.prefeitura.sp.gov.br\/md_epubli_visualizar.php?6vW3IRheIppLoLIXH0wyffP1yuNDpaE9KKRSh8I4ACd_oueRkZDRllcSUKcjtBza6IpdOvb_BgHpJB1i8iTOv3gBHPywXJfRMxZMy04_iAQjYLdG-dimTLoPr_VmUXqL\"><span data-contrast=\"none\">Instru\u00e7\u00e3o Normativa SME n\u00ba 49 de 28 de novembro de 2025.<\/span>\u00a0<span class=\"screen-reader-text\">(Link para um novo s\u00edtio)<\/span><\/a><span data-ccp-props=\"{&quot;201341983&quot;:0,&quot;335551550&quot;:6,&quot;335551620&quot;:6,&quot;335559740&quot;:360}\">\u00a0<\/span><\/p>\n<p>Leia tamb\u00e9m:\u00a0<a href=\"https:\/\/educacao.sme.prefeitura.sp.gov.br\/noticias\/estao-abertas-as-inscricoes-para-o-recreio-nas-ferias-com-programacao-para-bebes-e-criancas-de-ate-14-anos\/\">Est\u00e3o abertas as inscri\u00e7\u00f5es para o Recreio nas F\u00e9rias com programa\u00e7\u00e3o para beb\u00eas e crian\u00e7as de at\u00e9 14 anos<\/a><\/p>\n<p>Fonte: Educacao.SME.Prefeitura<\/p>\n","protected":false},"excerpt":{"rendered":"<p>Ano letivo na Rede Municipal da capital paulista come\u00e7a no dia 04 de fevereiro conforme calend\u00e1rio escolar Calend\u00e1rio com principais<\/p>\n","protected":false},"author":1,"featured_media":10802,"comment_status":"open","ping_status":"open","sticky":false,"template":"","format":"standard","meta":{"colormag_page_container_layout":"default_layout","colormag_page_sidebar_layout":"default_layout","footnotes":""},"categories":[1],"tags":[],"class_list":["post-10797","post","type-post","status-publish","format-standard","has-post-thumbnail","hentry","category-geral"],"_links":{"self":[{"href":"http:\/\/metropoleemfoco.com.br\/index.php?rest_route=\/wp\/v2\/posts\/10797","targetHints":{"allow":["GET"]}}],"collection":[{"href":"http:\/\/metropoleemfoco.com.br\/index.php?rest_route=\/wp\/v2\/posts"}],"about":[{"href":"http:\/\/metropoleemfoco.com.br\/index.php?rest_route=\/wp\/v2\/types\/post"}],"author":[{"embeddable":true,"href":"http:\/\/metropoleemfoco.com.br\/index.php?rest_route=\/wp\/v2\/users\/1"}],"replies":[{"embeddable":true,"href":"http:\/\/metropoleemfoco.com.br\/index.php?rest_route=%2Fwp%2Fv2%2Fcomments&post=10797"}],"version-history":[{"count":1,"href":"http:\/\/metropoleemfoco.com.br\/index.php?rest_route=\/wp\/v2\/posts\/10797\/revisions"}],"predecessor-version":[{"id":10803,"href":"http:\/\/metropoleemfoco.com.br\/index.php?rest_route=\/wp\/v2\/posts\/10797\/revisions\/10803"}],"wp:featuredmedia":[{"embeddable":true,"href":"http:\/\/metropoleemfoco.com.br\/index.php?rest_route=\/wp\/v2\/media\/10802"}],"wp:attachment":[{"href":"http:\/\/metropoleemfoco.com.br\/index.php?rest_route=%2Fwp%2Fv2%2Fmedia&parent=10797"}],"wp:term":[{"taxonomy":"category","embeddable":true,"href":"http:\/\/metropoleemfoco.com.br\/index.php?rest_route=%2Fwp%2Fv2%2Fcategories&post=10797"},{"taxonomy":"post_tag","embeddable":true,"href":"http:\/\/metropoleemfoco.com.br\/index.php?rest_route=%2Fwp%2Fv2%2Ftags&post=10797"}],"curies":[{"name":"wp","href":"https:\/\/api.w.org\/{rel}","templated":true}]}}