{"id":10794,"date":"2025-12-08T13:46:52","date_gmt":"2025-12-08T16:46:52","guid":{"rendered":"http:\/\/metropoleemfoco.com.br\/?p=10794"},"modified":"2025-12-08T13:46:52","modified_gmt":"2025-12-08T16:46:52","slug":"precos-de-corrida-por-aplicativo-quase-triplicam-em-dezembro-em-sp-e-geram-reclamacoes-valor-astronomico","status":"publish","type":"post","link":"http:\/\/metropoleemfoco.com.br\/?p=10794","title":{"rendered":"Pre\u00e7os de corrida por aplicativo quase triplicam em dezembro em SP e geram reclama\u00e7\u00f5es: &#8216;valor astron\u00f4mico&#8217;"},"content":{"rendered":"<div class=\"mc-article-header\">\n<div class=\"row content-head mc-column non-featured \">\n<div class=\"title\" data-block-type=\"title\" data-block-id=\"0\">\n<h1 class=\"content-head__title\">Pre\u00e7os de corrida por aplicativo quase triplicam em dezembro em SP e geram reclama\u00e7\u00f5es: &#8216;valor astron\u00f4mico&#8217;<\/h1>\n<\/div>\n<div class=\"medium-centered subtitle\">\n<h2 class=\"content-head__subtitle\">Uber diz que aumento se deve \u00e0 alta da demanda no per\u00edodo. 99 n\u00e3o se manifestou. Pre\u00e7o tem levado usu\u00e1rios a trocarem apps por transporte p\u00fablico.<\/h2>\n<\/div>\n<\/div>\n<div class=\"content__signa-share mc-column\">\n<div class=\"content__signature\">\n<div class=\"content-publication-data\">\n<div class=\"content-publication-data__text\">\n<p class=\"content-publication-data__from\" title=\"Rodrigo Rodrigues\">Por\u00a0<a class=\"multi_signatures\" href=\"https:\/\/g1.globo.com\/autores\/rodrigo-rodrigues\/\">Rodrigo Rodrigues<\/a>, g1 SP\u00a0\u2014 S\u00e3o Paulo<\/p>\n<\/div>\n<\/div>\n<\/div>\n<\/div>\n<div class=\"glb-share-bar content__share-bar\">\n<div class=\"glb-share-bar_icons\">\n<div class=\"glb-share-bar_button-img\"><\/div>\n<div class=\"glb-share-bar_button-img\"><\/div>\n<\/div>\n<\/div>\n<\/div>\n<div class=\"mc-article-body\">\n<article>\n<div id=\"chunk-9s3b\">\n<div class=\"row medium-uncollapsed content-media content-photo\" data-block-type=\"backstage-photo\" data-block-id=\"2\">\n<div class=\" mc-column  content-media__container\">\n<div class=\"content-media-container glb-skeleton-box\">\n<figure class=\"content-media-figure\"><img decoding=\"async\" class=\"i-amphtml-fill-content i-amphtml-replaced-content\" src=\"https:\/\/s2-g1.glbimg.com\/asgRN_EpDRhvDPzOrGbRbsvWpMU=\/0x0:2426x1365\/984x0\/smart\/filters:strip_icc()\/i.s3.glbimg.com\/v1\/AUTH_59edd422c0c84a879bd37670ae4f538a\/internal_photos\/bs\/2022\/N\/M\/3rSvdvTuqt2X7sDT4KCA\/uber-99.jpg\" sizes=\"(max-width: 1366px) 648px, 100vw\" srcset=\"https:\/\/s2-g1.glbimg.com\/wiWhnRDwbxb6Z0JwKhBuFmXfWh0=\/0x0:2426x1365\/1000x0\/smart\/filters:strip_icc()\/i.s3.glbimg.com\/v1\/AUTH_59edd422c0c84a879bd37670ae4f538a\/internal_photos\/bs\/2022\/N\/M\/3rSvdvTuqt2X7sDT4KCA\/uber-99.jpg 1000w, https:\/\/s2-g1.glbimg.com\/asgRN_EpDRhvDPzOrGbRbsvWpMU=\/0x0:2426x1365\/984x0\/smart\/filters:strip_icc()\/i.s3.glbimg.com\/v1\/AUTH_59edd422c0c84a879bd37670ae4f538a\/internal_photos\/bs\/2022\/N\/M\/3rSvdvTuqt2X7sDT4KCA\/uber-99.jpg 984w, https:\/\/s2-g1.glbimg.com\/c72m5NyongTfoyxJHAP1BnLD2xY=\/0x0:2426x1365\/640x0\/smart\/filters:strip_icc()\/i.s3.glbimg.com\/v1\/AUTH_59edd422c0c84a879bd37670ae4f538a\/internal_photos\/bs\/2022\/N\/M\/3rSvdvTuqt2X7sDT4KCA\/uber-99.jpg 640w, https:\/\/s2-g1.glbimg.com\/9EaeZp1r-dXLE5gG6EGncyBFY5U=\/0x0:2426x1365\/600x0\/smart\/filters:strip_icc()\/i.s3.glbimg.com\/v1\/AUTH_59edd422c0c84a879bd37670ae4f538a\/internal_photos\/bs\/2022\/N\/M\/3rSvdvTuqt2X7sDT4KCA\/uber-99.jpg 600w\" alt=\"Uber e 99 \u2014 Foto: Divulga\u00e7\u00e3o\" \/><\/figure>\n<\/div>\n<p class=\"content-media__description  \">Uber e 99 \u2014 Foto: Divulga\u00e7\u00e3o<\/p>\n<\/div>\n<\/div>\n<\/div>\n<div id=\"chunk-cg7nu\">\n<div class=\"mc-column content-text active-extra-styles \" data-block-type=\"unstyled\" data-block-weight=\"33\" data-block-id=\"3\">\n<p class=\" content-text__container \" data-track-category=\"Link no Texto\" data-track-links=\"\" data-mrf-recirculation=\"Mat\u00e9ria - Links no Texto\">Usu\u00e1rios de transporte por aplicativos na cidade de\u00a0<a class=\"\" href=\"https:\/\/g1.globo.com\/sp\/sao-paulo\/cidade\/sao-paulo\/\" data-mrf-link=\"https:\/\/g1.globo.com\/sp\/sao-paulo\/cidade\/sao-paulo\/\">S\u00e3o Paulo<\/a>\u00a0t\u00eam reclamado de um aumento significativo no valor das corridas feitas pela\u00a0<a class=\"\" href=\"https:\/\/g1.globo.com\/tudo-sobre\/uber\/\" data-mrf-link=\"https:\/\/g1.globo.com\/tudo-sobre\/uber\/\">Uber<\/a>\u00a0e pela 99 neste in\u00edcio de m\u00eas de dezembro.<\/p>\n<\/div>\n<\/div>\n<div class=\"wall protected-content\">\n<div id=\"chunk-2sql9\">\n<div class=\"mc-column content-text active-extra-styles \" data-block-type=\"unstyled\" data-block-weight=\"28\" data-block-id=\"5\">\n<p class=\" content-text__container \" data-track-category=\"Link no Texto\" data-track-links=\"\" data-mrf-recirculation=\"Mat\u00e9ria - Links no Texto\">Segundo as reclama\u00e7\u00f5es, bastou a virada de novembro para dezembro para as corridas ficarem mais caras na capital paulista, chegando a triplicar de pre\u00e7o em alguns hor\u00e1rios.<\/p>\n<\/div>\n<\/div>\n<div id=\"chunk-61pej\">\n<div class=\"mc-column content-text active-extra-styles \" data-block-type=\"unstyled\" data-block-weight=\"31\" data-block-id=\"6\">\n<p class=\" content-text__container \" data-track-category=\"Link no Texto\" data-track-links=\"\" data-mrf-recirculation=\"Mat\u00e9ria - Links no Texto\">O<a class=\"\" href=\"https:\/\/g1.globo.com\/sp\/sao-paulo\/\" data-mrf-link=\"https:\/\/g1.globo.com\/sp\/sao-paulo\/\">\u00a0<strong>g1<\/strong><\/a>\u00a0fez o teste no fim da noite da \u00faltima sexta-feira (5): uma corrida entre Jardins e Mooca, que em novembro custava cerca de R$ 35, agora custa R$ 95.<\/p>\n<\/div>\n<\/div>\n<div id=\"chunk-bm91h\">\n<div class=\"mc-column content-text active-extra-styles \" data-block-type=\"unstyled\" data-block-weight=\"45\" data-block-id=\"7\">\n<p class=\" content-text__container \" data-track-category=\"Link no Texto\" data-track-links=\"\" data-mrf-recirculation=\"Mat\u00e9ria - Links no Texto\">Nas redes sociais, a reclama\u00e7\u00e3o \u00e9 geral. A comunicadora Nanda Xie fez uma postagem na rede X que teve mais de 3,5 milh\u00f5es de visualiza\u00e7\u00f5es, al\u00e9m de mil coment\u00e1rios de usu\u00e1rios, reclamando da alta dos pre\u00e7os em outras cidades fora da capital e do estado.<\/p>\n<\/div>\n<\/div>\n<div id=\"chunk-b7d9c\">\n<div class=\"content-ads content-ads--reveal\" data-block-type=\"ads\" data-block-id=\"8\">\n<div id=\"banner_materia2\">\n<div id=\"google_ads_iframe_\/95377733\/tvg_G1\/Sua_Regiao&gt;Sudeste&gt;Sao_Paulo_2__container__\" style=\"box-sizing: inherit; margin: auto; padding: 0px; border: 0pt none; font: inherit; vertical-align: baseline; text-align: center;\"><\/div>\n<\/div>\n<\/div>\n<\/div>\n<div id=\"chunk-jihc\">\n<div class=\"cxm-block-video content-media mc-column \" data-block-type=\"backstage-video\" data-block-id=\"9\">\n<div class=\"cxm-block-video__container cxm-block-video__container--fallback \">\n<div class=\"cxm-block-video__player-fixer\">\n<article class=\"cxm-block-video__player-wrapper\">\n<section class=\"cxm-block-video__player\">\n<div class=\"cxm-block-video__placeholder\" data-video-id=\"992055\"><img decoding=\"async\" class=\"cxm-block-video__thumb\" title=\"Veja os v\u00eddeos que est\u00e3o em alta no g1\" src=\"https:\/\/s04.video.glbimg.com\/x240\/992055.jpg\" alt=\"Veja os v\u00eddeos que est\u00e3o em alta no g1\" \/><\/div>\n<\/section>\n<\/article>\n<\/div>\n<div class=\"cxm-block-video__caption-container\">\n<p class=\"codex-caption codex-caption--small\">Veja os v\u00eddeos que est\u00e3o em alta no g1<\/p>\n<\/div>\n<\/div>\n<\/div>\n<\/div>\n<div id=\"chunk-867uo\">\n<div class=\"mc-column content-text active-extra-styles\" data-block-type=\"raw\" data-block-weight=\"34\" data-block-id=\"10\">\n<blockquote class=\"content-blockquote theme-border-color-primary-before\"><p>\u201cGostaria muito de entender o que est\u00e1 acontecendo com os apps Uber\/99 em S\u00e3o Paulo, porque corridas que eu geralmente pagava 25-30 reais est\u00e3o custando 80!!!! N\u00e3o tem nem 5 km nessa corrida\u201d, afirmou.<\/p><\/blockquote>\n<p>&nbsp;<\/p>\n<\/div>\n<\/div>\n<div id=\"chunk-591s8\">\n<div class=\"row medium-uncollapsed content-media content-photo\" data-block-type=\"backstage-photo\" data-block-id=\"11\">\n<div class=\" mc-column  content-media__container\">\n<div class=\"content-media-container glb-skeleton-box\">\n<figure class=\"content-media-figure\"><img decoding=\"async\" class=\"i-amphtml-fill-content i-amphtml-replaced-content\" src=\"https:\/\/s2-g1.glbimg.com\/iqhiSqeh68hhbWIXx95-BtPuzy0=\/0x0:535x789\/984x0\/smart\/filters:strip_icc()\/i.s3.glbimg.com\/v1\/AUTH_59edd422c0c84a879bd37670ae4f538a\/internal_photos\/bs\/2025\/1\/B\/vrc62YSS23zVK9yBxClA\/print-preco-aplicativos.jpg\" sizes=\"(max-width: 1366px) 648px, 100vw\" srcset=\"https:\/\/s2-g1.glbimg.com\/hJEmBHuk13X9pY-j8VoTCC6PtAQ=\/0x0:535x789\/1000x0\/smart\/filters:strip_icc()\/i.s3.glbimg.com\/v1\/AUTH_59edd422c0c84a879bd37670ae4f538a\/internal_photos\/bs\/2025\/1\/B\/vrc62YSS23zVK9yBxClA\/print-preco-aplicativos.jpg 1000w, https:\/\/s2-g1.glbimg.com\/iqhiSqeh68hhbWIXx95-BtPuzy0=\/0x0:535x789\/984x0\/smart\/filters:strip_icc()\/i.s3.glbimg.com\/v1\/AUTH_59edd422c0c84a879bd37670ae4f538a\/internal_photos\/bs\/2025\/1\/B\/vrc62YSS23zVK9yBxClA\/print-preco-aplicativos.jpg 984w, https:\/\/s2-g1.glbimg.com\/XkmfZke1Y-8PPY0nAoqJtU0zwts=\/0x0:535x789\/640x0\/smart\/filters:strip_icc()\/i.s3.glbimg.com\/v1\/AUTH_59edd422c0c84a879bd37670ae4f538a\/internal_photos\/bs\/2025\/1\/B\/vrc62YSS23zVK9yBxClA\/print-preco-aplicativos.jpg 640w, https:\/\/s2-g1.glbimg.com\/OkTRNAM-HR3gQcBZ5qdOz77EcdM=\/0x0:535x789\/600x0\/smart\/filters:strip_icc()\/i.s3.glbimg.com\/v1\/AUTH_59edd422c0c84a879bd37670ae4f538a\/internal_photos\/bs\/2025\/1\/B\/vrc62YSS23zVK9yBxClA\/print-preco-aplicativos.jpg 600w\" alt=\"Post com reclama\u00e7\u00e3o de pre\u00e7os do Uber e da 99 viraliza nas redes sociais. \u2014 Foto: Reprodu\u00e7\u00e3o\/X\" \/><\/figure>\n<\/div>\n<p class=\"content-media__description  \">Post com reclama\u00e7\u00e3o de pre\u00e7os do Uber e da 99 viraliza nas redes sociais. \u2014 Foto: Reprodu\u00e7\u00e3o\/X<\/p>\n<\/div>\n<\/div>\n<\/div>\n<div id=\"chunk-822un\">\n<div class=\"mc-column content-text active-extra-styles\" data-block-type=\"raw\" data-block-weight=\"4\" data-block-id=\"13\">\n<div class=\"content-intertitle\">\n<h2>Desde a Black Friday<\/h2>\n<\/div>\n<\/div>\n<\/div>\n<div id=\"chunk-6d19p\">\n<div class=\"mc-column content-text active-extra-styles \" data-block-type=\"unstyled\" data-block-weight=\"24\" data-block-id=\"14\">\n<p class=\" content-text__container \" data-track-category=\"Link no Texto\" data-track-links=\"\" data-mrf-recirculation=\"Mat\u00e9ria - Links no Texto\">Nos coment\u00e1rios, os usu\u00e1rios dizem que notaram aumento dos valores das corridas desde o fim de semana da BlackFriday, no fim de novembro.<\/p>\n<\/div>\n<\/div>\n<div id=\"chunk-7oohc\">\n<div class=\"mc-column content-text active-extra-styles \" data-block-type=\"unstyled\" data-block-weight=\"53\" data-block-id=\"15\">\n<p class=\" content-text__container \" data-track-category=\"Link no Texto\" data-track-links=\"\" data-mrf-recirculation=\"Mat\u00e9ria - Links no Texto\">&#8220;Todo ano em dezembro eles aumentam o pre\u00e7o de todos os tipos de corrida simplesmente porque querem, mas esse ano t\u00e1 astron\u00f4mico. Corrida de R$ 20 paguei quase R$ 50, de R$ 70 paguei quase R$ 130. \u00c9 surreal&#8221;, disse o analista financeiro Caio Franzoi, de S\u00e3o Caetano do Sul, na Grande SP.<\/p>\n<\/div>\n<\/div>\n<div id=\"chunk-am936\">\n<div class=\"mc-column content-text active-extra-styles \" data-block-type=\"unstyled\" data-block-weight=\"28\" data-block-id=\"16\">\n<p class=\" content-text__container \" data-track-category=\"Link no Texto\" data-track-links=\"\" data-mrf-recirculation=\"Mat\u00e9ria - Links no Texto\">&#8220;Corridas que eu geralmente pego que n\u00e3o d\u00e3o nem 2 km est\u00e3o dando 45 reais e, geralmente, eu pago 10 ou 12 no m\u00e1ximo&#8221;, escreveu outro usu\u00e1rio.<\/p>\n<\/div>\n<\/div>\n<div id=\"chunk-3r5vj\">\n<div class=\"mc-column content-text active-extra-styles \" data-block-type=\"unstyled\" data-block-weight=\"21\" data-block-id=\"17\">\n<p class=\" content-text__container \" data-track-category=\"Link no Texto\" data-track-links=\"\" data-mrf-recirculation=\"Mat\u00e9ria - Links no Texto\">&#8220;J\u00e1 dominaram o mercado. Agora, cobram o pre\u00e7o que quiserem. A m\u00e3o invis\u00edvel do mercado entrando com for\u00e7a&#8221;, escreveu Diego Francisco.<\/p>\n<\/div>\n<\/div>\n<div id=\"chunk-a85f3\">\n<div class=\"mc-column content-text active-extra-styles \" data-block-type=\"unstyled\" data-block-weight=\"41\" data-block-id=\"18\">\n<p class=\" content-text__container \" data-track-category=\"Link no Texto\" data-track-links=\"\" data-mrf-recirculation=\"Mat\u00e9ria - Links no Texto\">Por conta do alto valor das corridas, os passageiros j\u00e1 est\u00e3o abandonando os aplicativos para usar o transporte p\u00fablico, especialmente nas madrugadas de s\u00e1bado, ap\u00f3s o\u00a0<a class=\"\" href=\"https:\/\/g1.globo.com\/sp\/sao-paulo\/noticia\/2025\/12\/06\/metro-24-horas-comeca-neste-sabado-exceto-nas-linhas-privatizadas-concessionarias-alegam-alto-custo-e-baixa-demanda.ghtml\" data-mrf-link=\"https:\/\/g1.globo.com\/sp\/sao-paulo\/noticia\/2025\/12\/06\/metro-24-horas-comeca-neste-sabado-exceto-nas-linhas-privatizadas-concessionarias-alegam-alto-custo-e-baixa-demanda.ghtml\">Metr\u00f4 anunciar a opera\u00e7\u00e3o de quatro linhas entre s\u00e1bado e domingos\u00a0<\/a><a class=\"\" href=\"https:\/\/g1.globo.com\/sp\/sao-paulo\/noticia\/2025\/12\/06\/metro-24-horas-comeca-neste-sabado-exceto-nas-linhas-privatizadas-concessionarias-alegam-alto-custo-e-baixa-demanda.ghtml\" data-mrf-link=\"https:\/\/g1.globo.com\/sp\/sao-paulo\/noticia\/2025\/12\/06\/metro-24-horas-comeca-neste-sabado-exceto-nas-linhas-privatizadas-concessionarias-alegam-alto-custo-e-baixa-demanda.ghtml\"><strong><em>(veja mais aqui)<\/em><\/strong>.<\/a><\/p>\n<\/div>\n<\/div>\n<div id=\"chunk-6nahu\">\n<div class=\"mc-column content-text active-extra-styles \" data-block-type=\"unstyled\" data-block-weight=\"43\" data-block-id=\"19\">\n<p class=\" content-text__container \" data-track-category=\"Link no Texto\" data-track-links=\"\" data-mrf-recirculation=\"Mat\u00e9ria - Links no Texto\">&#8220;Eu pagava R$ 25 pra ir do bairro que eu moro pro Centro. Ontem, fui olhar e estava dando R$ 60. Desisti e fui de \u00f4nibus mesmo (pelo menos o \u00f4nibus est\u00e1 sempre com o AC ligado)\u201d, escreveu o paulistano Herbert Soares.<\/p>\n<\/div>\n<\/div>\n<div id=\"chunk-69fjb\">\n<div class=\"mc-column content-text active-extra-styles \" data-block-type=\"unstyled\" data-block-weight=\"42\" data-block-id=\"21\">\n<p class=\" content-text__container \" data-track-category=\"Link no Texto\" data-track-links=\"\" data-mrf-recirculation=\"Mat\u00e9ria - Links no Texto\">Usu\u00e1rios da plataforma Uber que consumam pegar carro de aplicativo para chegar na regi\u00e3o da Avenida Engenheiro Luiz Carlos Berrini, na Zona Sul, vindo da Barra FUnda, na Zona Oeste, notaram que a corrido no mesmo hor\u00e1rio das 5h da manh\u00e3.<\/p>\n<\/div>\n<\/div>\n<div id=\"chunk-2e91e\">\n<div class=\"mc-column content-text active-extra-styles \" data-block-type=\"unstyled\" data-block-weight=\"17\" data-block-id=\"22\">\n<p class=\" content-text__container \" data-track-category=\"Link no Texto\" data-track-links=\"\" data-mrf-recirculation=\"Mat\u00e9ria - Links no Texto\">O valor subiu de R$ 64 em 28 de novembro para R$ 102 nesta segunda-feira (8).<\/p>\n<\/div>\n<\/div>\n<div id=\"chunk-6npl0\">\n<div class=\"row medium-uncollapsed content-media content-photo\" data-block-type=\"backstage-photo\" data-block-id=\"23\">\n<div class=\" mc-column  content-media__container\">\n<div class=\"content-media-container glb-skeleton-box\">\n<figure class=\"content-media-figure\"><img decoding=\"async\" class=\"i-amphtml-fill-content i-amphtml-replaced-content\" src=\"https:\/\/s2-g1.glbimg.com\/CDuo2GCmDz5Vpq6hSIiojjBxE5M=\/0x0:1486x1284\/984x0\/smart\/filters:strip_icc()\/i.s3.glbimg.com\/v1\/AUTH_59edd422c0c84a879bd37670ae4f538a\/internal_photos\/bs\/2025\/e\/S\/iWIsqBS86rpgohjDBuqA\/whatsapp-image-2025-12-08-at-13.16.52.jpg\" sizes=\"(max-width: 1366px) 648px, 100vw\" srcset=\"https:\/\/s2-g1.glbimg.com\/DZvLp39fh9t2P1IaTdboTVjichM=\/0x0:1486x1284\/1000x0\/smart\/filters:strip_icc()\/i.s3.glbimg.com\/v1\/AUTH_59edd422c0c84a879bd37670ae4f538a\/internal_photos\/bs\/2025\/e\/S\/iWIsqBS86rpgohjDBuqA\/whatsapp-image-2025-12-08-at-13.16.52.jpg 1000w, https:\/\/s2-g1.glbimg.com\/CDuo2GCmDz5Vpq6hSIiojjBxE5M=\/0x0:1486x1284\/984x0\/smart\/filters:strip_icc()\/i.s3.glbimg.com\/v1\/AUTH_59edd422c0c84a879bd37670ae4f538a\/internal_photos\/bs\/2025\/e\/S\/iWIsqBS86rpgohjDBuqA\/whatsapp-image-2025-12-08-at-13.16.52.jpg 984w, https:\/\/s2-g1.glbimg.com\/YvhxAFcACinWmVKm-Rb8aebzX_A=\/0x0:1486x1284\/640x0\/smart\/filters:strip_icc()\/i.s3.glbimg.com\/v1\/AUTH_59edd422c0c84a879bd37670ae4f538a\/internal_photos\/bs\/2025\/e\/S\/iWIsqBS86rpgohjDBuqA\/whatsapp-image-2025-12-08-at-13.16.52.jpg 640w, https:\/\/s2-g1.glbimg.com\/OGkOPwHhlJ3C-wuyBUCNudZMavo=\/0x0:1486x1284\/600x0\/smart\/filters:strip_icc()\/i.s3.glbimg.com\/v1\/AUTH_59edd422c0c84a879bd37670ae4f538a\/internal_photos\/bs\/2025\/e\/S\/iWIsqBS86rpgohjDBuqA\/whatsapp-image-2025-12-08-at-13.16.52.jpg 600w\" alt=\"Alta nos valores das corridas em S\u00e3o Paulo na compara\u00e7\u00e3o entre novembro e dezembro. \u2014 Foto: Reprodu\u00e7\u00e3o\" \/><\/figure>\n<\/div>\n<p class=\"content-media__description  \">Alta nos valores das corridas em S\u00e3o Paulo na compara\u00e7\u00e3o entre novembro e dezembro. \u2014 Foto: Reprodu\u00e7\u00e3o<\/p>\n<\/div>\n<\/div>\n<\/div>\n<div id=\"chunk-6600p\">\n<div class=\"mc-column content-text active-extra-styles\" data-block-type=\"raw\" data-block-weight=\"5\" data-block-id=\"24\">\n<div class=\"content-intertitle\">\n<h2>O que dizem as empresas<\/h2>\n<\/div>\n<\/div>\n<\/div>\n<div id=\"chunk-6musl\">\n<div class=\"mc-column content-text active-extra-styles \" data-block-type=\"unstyled\" data-block-weight=\"30\" data-block-id=\"25\">\n<p class=\" content-text__container \" data-track-category=\"Link no Texto\" data-track-links=\"\" data-mrf-recirculation=\"Mat\u00e9ria - Links no Texto\">O<a class=\"\" href=\"https:\/\/g1.globo.com\/sp\/sao-paulo\/\" data-mrf-link=\"https:\/\/g1.globo.com\/sp\/sao-paulo\/\"><strong>\u00a0g1<\/strong>\u00a0<\/a>procurou as principais plataformas para entender esse aumento brusco dos pre\u00e7os e a resposta que veio foi de que houve aumento de demanda no m\u00eas de dezembro.<\/p>\n<\/div>\n<\/div>\n<div id=\"chunk-2ephm\">\n<div class=\"mc-column content-text active-extra-styles \" data-block-type=\"unstyled\" data-block-weight=\"52\" data-block-id=\"26\">\n<p class=\" content-text__container \" data-track-category=\"Link no Texto\" data-track-links=\"\" data-mrf-recirculation=\"Mat\u00e9ria - Links no Texto\">Segundo a empresa Uber Brasil, &#8220;quando a demanda por viagens, em uma determinada \u00e1rea, \u00e9 maior do que o n\u00famero de motoristas parceiros circulando na regi\u00e3o naquele momento, o pre\u00e7o se torna din\u00e2mico e o valor da viagem pode se tornar mais caro do que o habitual para aquele mesmo trecho&#8221;.<\/p>\n<\/div>\n<\/div>\n<div id=\"chunk-6dpfk\">\n<div class=\"mc-column content-text active-extra-styles\" data-block-type=\"raw\" data-block-weight=\"19\" data-block-id=\"28\">\n<blockquote class=\"content-blockquote theme-border-color-primary-before\"><p>A Uber diz que o pre\u00e7o din\u00e2mico \u00e9 usado para estimular que mais motoristas saiam \u00e0s ruas para trabalhar.<\/p><\/blockquote>\n<\/div>\n<\/div>\n<div id=\"chunk-97m8d\">\n<div class=\"mc-column content-text active-extra-styles \" data-block-type=\"unstyled\" data-block-weight=\"58\" data-block-id=\"29\">\n<p class=\" content-text__container \" data-track-category=\"Link no Texto\" data-track-links=\"\" data-mrf-recirculation=\"Mat\u00e9ria - Links no Texto\">&#8220;O pre\u00e7o din\u00e2mico \u00e9 aplicado para incentivar que mais motoristas se conectem ao aplicativo e assim os usu\u00e1rios tenham um carro sempre que precisar. Quando a oferta sobe novamente, os pre\u00e7os voltam aos valores normalmente praticados. De qualquer forma, o pre\u00e7o din\u00e2mico sempre \u00e9 informado ao usu\u00e1rio no momento em que a viagem \u00e9 solicitada&#8221;, declarou a plataforma.<\/p>\n<\/div>\n<\/div>\n<div id=\"chunk-b9rne\">\n<div class=\"mc-column content-text active-extra-styles \" data-block-type=\"unstyled\" data-block-weight=\"20\" data-block-id=\"30\">\n<p class=\" content-text__container \" data-track-category=\"Link no Texto\" data-track-links=\"\" data-mrf-recirculation=\"Mat\u00e9ria - Links no Texto\">A empresa 99 Tecnologia tamb\u00e9m foi procurada neste domingo (7), mas optou por n\u00e3o responder aos questionamentos da reportagem.<\/p>\n<p>Fonte: G1<\/p>\n<\/div>\n<\/div>\n<\/div>\n<\/article>\n<\/div>\n","protected":false},"excerpt":{"rendered":"<p>Pre\u00e7os de corrida por aplicativo quase triplicam em dezembro em SP e geram reclama\u00e7\u00f5es: &#8216;valor astron\u00f4mico&#8217; Uber diz que aumento<\/p>\n","protected":false},"author":1,"featured_media":10795,"comment_status":"open","ping_status":"open","sticky":false,"template":"","format":"standard","meta":{"colormag_page_container_layout":"default_layout","colormag_page_sidebar_layout":"default_layout","footnotes":""},"categories":[1],"tags":[],"class_list":["post-10794","post","type-post","status-publish","format-standard","has-post-thumbnail","hentry","category-geral"],"_links":{"self":[{"href":"http:\/\/metropoleemfoco.com.br\/index.php?rest_route=\/wp\/v2\/posts\/10794","targetHints":{"allow":["GET"]}}],"collection":[{"href":"http:\/\/metropoleemfoco.com.br\/index.php?rest_route=\/wp\/v2\/posts"}],"about":[{"href":"http:\/\/metropoleemfoco.com.br\/index.php?rest_route=\/wp\/v2\/types\/post"}],"author":[{"embeddable":true,"href":"http:\/\/metropoleemfoco.com.br\/index.php?rest_route=\/wp\/v2\/users\/1"}],"replies":[{"embeddable":true,"href":"http:\/\/metropoleemfoco.com.br\/index.php?rest_route=%2Fwp%2Fv2%2Fcomments&post=10794"}],"version-history":[{"count":1,"href":"http:\/\/metropoleemfoco.com.br\/index.php?rest_route=\/wp\/v2\/posts\/10794\/revisions"}],"predecessor-version":[{"id":10796,"href":"http:\/\/metropoleemfoco.com.br\/index.php?rest_route=\/wp\/v2\/posts\/10794\/revisions\/10796"}],"wp:featuredmedia":[{"embeddable":true,"href":"http:\/\/metropoleemfoco.com.br\/index.php?rest_route=\/wp\/v2\/media\/10795"}],"wp:attachment":[{"href":"http:\/\/metropoleemfoco.com.br\/index.php?rest_route=%2Fwp%2Fv2%2Fmedia&parent=10794"}],"wp:term":[{"taxonomy":"category","embeddable":true,"href":"http:\/\/metropoleemfoco.com.br\/index.php?rest_route=%2Fwp%2Fv2%2Fcategories&post=10794"},{"taxonomy":"post_tag","embeddable":true,"href":"http:\/\/metropoleemfoco.com.br\/index.php?rest_route=%2Fwp%2Fv2%2Ftags&post=10794"}],"curies":[{"name":"wp","href":"https:\/\/api.w.org\/{rel}","templated":true}]}}