{"id":10785,"date":"2025-12-08T13:45:25","date_gmt":"2025-12-08T16:45:25","guid":{"rendered":"http:\/\/metropoleemfoco.com.br\/?p=10785"},"modified":"2025-12-08T13:45:25","modified_gmt":"2025-12-08T16:45:25","slug":"protestos-contra-feminicidio-reunem-manifestantes-em-sp-rj-bh-e-outras-cidades-brasileiras-veja-fotos","status":"publish","type":"post","link":"http:\/\/metropoleemfoco.com.br\/?p=10785","title":{"rendered":"Protestos contra feminic\u00eddio re\u00fanem manifestantes em SP, RJ, BH e outras cidades brasileiras; veja FOTOS"},"content":{"rendered":"<div class=\"mc-article-header\">\n<div class=\"row content-head mc-column non-featured \">\n<div class=\"title\" data-block-type=\"title\" data-block-id=\"0\">\n<h1 class=\"content-head__title\">Protestos contra feminic\u00eddio re\u00fanem manifestantes em SP, RJ, BH e outras cidades brasileiras; veja FOTOS<\/h1>\n<\/div>\n<div class=\"medium-centered subtitle\">\n<h2 class=\"content-head__subtitle\">Segundo o movimento Levante Mulheres Vivas, houve convoca\u00e7\u00e3o de atos em pelo menos 20 estados e no Distrito Federal.<\/h2>\n<\/div>\n<\/div>\n<div class=\"content__signa-share mc-column\">\n<div class=\"content__signature\">\n<div class=\"content-publication-data\">\n<div class=\"content-publication-data__text\">\n<p class=\"content-publication-data__from\" title=\"Reda\u00e7\u00e3o g1 SP\">Por\u00a0<a class=\"multi_signatures\" href=\"https:\/\/g1.globo.com\/autores\/redacao-g1-sp\/\">Reda\u00e7\u00e3o g1 SP<\/a><\/p>\n<\/div>\n<\/div>\n<\/div>\n<\/div>\n<div class=\"glb-share-bar content__share-bar\">\n<div class=\"glb-share-bar_icons\">\n<div class=\"glb-share-bar_button-img\"><\/div>\n<\/div>\n<\/div>\n<\/div>\n<div class=\"mc-article-body\">\n<article>\n<div id=\"chunk-8nrd\">\n<div class=\"cxm-block-video content-media mc-column \" data-block-type=\"backstage-video\" data-block-id=\"1\">\n<div class=\"cxm-block-video__container cxm-block-video__container--fallback \">\n<div class=\"cxm-block-video__player-fixer\">\n<article class=\"cxm-block-video__player-wrapper\">\n<section class=\"cxm-block-video__player\">\n<div class=\"cxm-block-video__placeholder\" data-video-id=\"14160838\"><img decoding=\"async\" class=\"cxm-block-video__thumb\" title=\"Protesto contra feminic\u00eddios re\u00fane manifestantes em SP\" src=\"https:\/\/s03.video.glbimg.com\/x240\/14160838.jpg\" alt=\"Protesto contra feminic\u00eddios re\u00fane manifestantes em SP\" \/><\/div>\n<\/section>\n<\/article>\n<\/div>\n<div class=\"cxm-block-video__caption-container\">\n<p class=\"codex-caption codex-caption--small\">Protesto contra feminic\u00eddios re\u00fane manifestantes em SP<\/p>\n<\/div>\n<\/div>\n<\/div>\n<\/div>\n<div id=\"chunk-c463q\">\n<div class=\"mc-column content-text active-extra-styles \" data-block-type=\"unstyled\" data-block-weight=\"47\" data-block-id=\"2\">\n<p class=\" content-text__container \" data-track-category=\"Link no Texto\" data-track-links=\"\" data-mrf-recirculation=\"Mat\u00e9ria - Links no Texto\">Manifestantes realizaram atos em diversas cidades do pa\u00eds neste domingo (7) para protestar contra o aumento dos casos de feminic\u00eddio e outras formas de viol\u00eancia contra as mulheres. Segundo o movimento Levante Mulheres Vivas, houve convoca\u00e7\u00e3o de atos em pelo menos 20 estados e no Distrito Federal.<\/p>\n<\/div>\n<\/div>\n<div class=\"wall protected-content\">\n<div id=\"chunk-9ua05\">\n<div class=\"mc-column content-text active-extra-styles \" data-block-type=\"unstyled\" data-block-weight=\"37\" data-block-id=\"4\">\n<p class=\" content-text__container \" data-track-category=\"Link no Texto\" data-track-links=\"\" data-mrf-recirculation=\"Mat\u00e9ria - Links no Texto\"><em>\ud83d\udd0e Pela lei brasileira, feminic\u00eddio \u00e9 o homic\u00eddio de uma mulher cometido por raz\u00f5es da condi\u00e7\u00e3o de ser mulher, como viol\u00eancia dom\u00e9stica, familiar, menosprezo ou discrimina\u00e7\u00e3o de g\u00eanero, com penas como reclus\u00e3o de 20 a 40 anos.<\/em><\/p>\n<\/div>\n<\/div>\n<div id=\"chunk-ehj7e\">\n<div class=\"mc-column content-text active-extra-styles \" data-block-type=\"unstyled\" data-block-weight=\"47\" data-block-id=\"5\">\n<p class=\" content-text__container \" data-track-category=\"Link no Texto\" data-track-links=\"\" data-mrf-recirculation=\"Mat\u00e9ria - Links no Texto\"><a class=\"\" href=\"https:\/\/g1.globo.com\/jornal-nacional\/noticia\/2025\/12\/01\/brasil-tem-mais-de-mil-casos-de-feminicidio-registrados-em-2025.ghtml\" data-mrf-link=\"https:\/\/g1.globo.com\/jornal-nacional\/noticia\/2025\/12\/01\/brasil-tem-mais-de-mil-casos-de-feminicidio-registrados-em-2025.ghtml\">O Brasil registrou mais de mil casos de feminic\u00eddio em 2025<\/a>. Apenas no Distrito Federal, foram 26 mortes neste ano. O caso mais recente ocorreu na sexta-feira (5), quando a cabo do Ex\u00e9rcito Maria de Lourdes Freire Matos foi assassinada por um soldado dentro de um quartel.<\/p>\n<\/div>\n<\/div>\n<div id=\"chunk-4qkd5\">\n<div class=\"mc-column content-text active-extra-styles \" data-block-type=\"unstyled\" data-block-weight=\"49\" data-block-id=\"7\">\n<p class=\" content-text__container \" data-track-category=\"Link no Texto\" data-track-links=\"\" data-mrf-recirculation=\"Mat\u00e9ria - Links no Texto\">Os atos foram convocados ap\u00f3s uma sequ\u00eancia de crimes que ganharam repercuss\u00e3o nacional, incluindo assassinatos ocorridos em Bras\u00edlia, em\u00a0<a class=\"\" href=\"https:\/\/g1.globo.com\/sp\/sao-paulo\/cidade\/sao-paulo\/\" data-mrf-link=\"https:\/\/g1.globo.com\/sp\/sao-paulo\/cidade\/sao-paulo\/\">S\u00e3o Paulo<\/a>\u00a0e em Santa Catarina. Na capital paulista, o ato reuniu 9,2 mil pessoas,\u00a0<a class=\"\" href=\"https:\/\/g1.globo.com\/sp\/sao-paulo\/noticia\/2025\/12\/07\/ato-contra-feminicidio-na-paulista-reuniu-92-mil-pessoas-segundo-metodologia-da-usp.ghtml\" data-mrf-link=\"https:\/\/g1.globo.com\/sp\/sao-paulo\/noticia\/2025\/12\/07\/ato-contra-feminicidio-na-paulista-reuniu-92-mil-pessoas-segundo-metodologia-da-usp.ghtml\">segundo levantamento do Monitor do Debate Pol\u00edtico do Cebrap em parceria com a USP<\/a>.<\/p>\n<\/div>\n<\/div>\n<div id=\"chunk-3r61p\">\n<div class=\"row medium-uncollapsed content-media content-photo\" data-block-type=\"backstage-photo\" data-block-id=\"8\">\n<div class=\" mc-column  content-media__container\">\n<div class=\"content-media-container glb-skeleton-box\">\n<figure class=\"content-media-figure\"><img decoding=\"async\" class=\"i-amphtml-fill-content i-amphtml-replaced-content\" src=\"https:\/\/s2-g1.glbimg.com\/lDKhV2GsiRWiZzdlC8QlVzMfQyE=\/0x0:6000x4000\/984x0\/smart\/filters:strip_icc()\/i.s3.glbimg.com\/v1\/AUTH_59edd422c0c84a879bd37670ae4f538a\/internal_photos\/bs\/2025\/q\/j\/UVPTugQwW74IXP0Mo48A\/fta20251207281-1-.jpg\" sizes=\"(max-width: 1366px) 648px, 100vw\" srcset=\"https:\/\/s2-g1.glbimg.com\/F4sazTNAoicDL-n0rGQKvvumdW0=\/0x0:6000x4000\/1000x0\/smart\/filters:strip_icc()\/i.s3.glbimg.com\/v1\/AUTH_59edd422c0c84a879bd37670ae4f538a\/internal_photos\/bs\/2025\/q\/j\/UVPTugQwW74IXP0Mo48A\/fta20251207281-1-.jpg 1000w, https:\/\/s2-g1.glbimg.com\/lDKhV2GsiRWiZzdlC8QlVzMfQyE=\/0x0:6000x4000\/984x0\/smart\/filters:strip_icc()\/i.s3.glbimg.com\/v1\/AUTH_59edd422c0c84a879bd37670ae4f538a\/internal_photos\/bs\/2025\/q\/j\/UVPTugQwW74IXP0Mo48A\/fta20251207281-1-.jpg 984w, https:\/\/s2-g1.glbimg.com\/ZAH5yhkOkaBEYXtiClL4-8Uw68A=\/0x0:6000x4000\/640x0\/smart\/filters:strip_icc()\/i.s3.glbimg.com\/v1\/AUTH_59edd422c0c84a879bd37670ae4f538a\/internal_photos\/bs\/2025\/q\/j\/UVPTugQwW74IXP0Mo48A\/fta20251207281-1-.jpg 640w, https:\/\/s2-g1.glbimg.com\/9kAUG7dl1xmYM4JcxYaSKs6XMm8=\/0x0:6000x4000\/600x0\/smart\/filters:strip_icc()\/i.s3.glbimg.com\/v1\/AUTH_59edd422c0c84a879bd37670ae4f538a\/internal_photos\/bs\/2025\/q\/j\/UVPTugQwW74IXP0Mo48A\/fta20251207281-1-.jpg 600w\" alt=\"Protesto contra viol\u00eancia \u00e0s mulheres re\u00fane manifestantes na Avenida Paulista \u2014 Foto: ANG\u00c9LICA ALVES\/FOTOARENA\/ESTAD\u00c3O CONTE\u00daDO\" \/><\/figure>\n<\/div>\n<p class=\"content-media__description  \">Protesto contra viol\u00eancia \u00e0s mulheres re\u00fane manifestantes na Avenida Paulista \u2014 Foto: ANG\u00c9LICA ALVES\/FOTOARENA\/ESTAD\u00c3O CONTE\u00daDO<\/p>\n<\/div>\n<\/div>\n<\/div>\n<div id=\"chunk-e7uba\">\n<div class=\"mc-column content-text active-extra-styles\" data-block-type=\"raw\" data-block-weight=\"2\" data-block-id=\"9\">\n<div class=\"content-intertitle\">\n<h2>S\u00e3o Paulo<\/h2>\n<\/div>\n<\/div>\n<\/div>\n<div id=\"chunk-dm88i\">\n<div class=\"mc-column content-text active-extra-styles \" data-block-type=\"unstyled\" data-block-weight=\"35\" data-block-id=\"10\">\n<p class=\" content-text__container \" data-track-category=\"Link no Texto\" data-track-links=\"\" data-mrf-recirculation=\"Mat\u00e9ria - Links no Texto\">Na capital paulista, milhares de pessoas se concentraram ao meio-dia em frente ao Masp, na Avenida Paulista. O grupo exibiu faixas e cartazes com frases como \u201cMulheres Vivas\u201d e caminhou pela regi\u00e3o central da cidade.<\/p>\n<\/div>\n<\/div>\n<div id=\"chunk-8114i\">\n<div class=\"mc-column content-text active-extra-styles \" data-block-type=\"unstyled\" data-block-weight=\"43\" data-block-id=\"11\">\n<p class=\" content-text__container \" data-track-category=\"Link no Texto\" data-track-links=\"\" data-mrf-recirculation=\"Mat\u00e9ria - Links no Texto\">O protesto foi marcado por refer\u00eancia a dois casos registrados neste domingo: o assassinato da farmac\u00eautica Daniele Guedes Antunes, de 38 anos, em Santo Andr\u00e9, e a morte de Milena de Silva Lima, de 27 anos, em Diadema \u2014 ambas atacadas por ex-companheiros.<\/p>\n<\/div>\n<\/div>\n<div id=\"chunk-a3rqs\">\n<div class=\"mc-column content-text active-extra-styles \" data-block-type=\"unstyled\" data-block-weight=\"37\" data-block-id=\"13\">\n<p class=\" content-text__container \" data-track-category=\"Link no Texto\" data-track-links=\"\" data-mrf-recirculation=\"Mat\u00e9ria - Links no Texto\">Segundo informa\u00e7\u00f5es da\u00a0<a class=\"\" href=\"https:\/\/g1.globo.com\/tudo-sobre\/policia-militar\/\" data-mrf-link=\"https:\/\/g1.globo.com\/tudo-sobre\/policia-militar\/\">Pol\u00edcia Militar<\/a>\u00a0e moradores, Milena de Silva Lima, de 27 anos,\u00a0<a class=\"\" href=\"https:\/\/g1.globo.com\/sp\/sao-paulo\/noticia\/2025\/12\/07\/feminicidios-em-sp-homem-mata-ex-companheira-a-facadas-apos-briga-em-apartamento-de-diadema-na-grande-sp.ghtml\" data-mrf-link=\"https:\/\/g1.globo.com\/sp\/sao-paulo\/noticia\/2025\/12\/07\/feminicidios-em-sp-homem-mata-ex-companheira-a-facadas-apos-briga-em-apartamento-de-diadema-na-grande-sp.ghtml\">foi atacada pelo ex-companheiro Jo\u00e3o Victor de Lima Fernandes, de 30 anos.\u00a0<\/a>O casal estava separado havia dois meses e tinha um filho.<\/p>\n<\/div>\n<\/div>\n<div id=\"chunk-4eah5\">\n<div class=\"mc-column content-text active-extra-styles\" data-block-type=\"raw\" data-block-weight=\"25\" data-block-id=\"14\">\n<blockquote class=\"content-blockquote theme-border-color-primary-before\"><p>&#8220;Todas merecem dignidade, todas merecem prote\u00e7\u00e3o. Tomamos a rua para dizer que nenhuma mulher ser\u00e1 esquecida&#8221;, disse a deputada federal Erika Hilton durante o protesto.<\/p><\/blockquote>\n<\/div>\n<\/div>\n<div id=\"chunk-o22i\">\n<div class=\"row medium-uncollapsed content-media content-photo\" data-block-type=\"backstage-photo\" data-block-id=\"15\">\n<div class=\" mc-column  content-media__container\">\n<div class=\"content-media-container glb-skeleton-box\">\n<figure class=\"content-media-figure\"><img decoding=\"async\" class=\"i-amphtml-fill-content i-amphtml-replaced-content\" src=\"https:\/\/s2-g1.glbimg.com\/PEN78gw4b69WchYVk5A_1dfTU9Y=\/0x0:6000x4000\/984x0\/smart\/filters:strip_icc()\/i.s3.glbimg.com\/v1\/AUTH_59edd422c0c84a879bd37670ae4f538a\/internal_photos\/bs\/2025\/K\/a\/fWWbIqRMm1CPJWivzPgQ\/fta20251207283.jpg\" sizes=\"(max-width: 1366px) 648px, 100vw\" srcset=\"https:\/\/s2-g1.glbimg.com\/Ra5gEkVMXPlYKejVFFs2AH7dfAI=\/0x0:6000x4000\/1000x0\/smart\/filters:strip_icc()\/i.s3.glbimg.com\/v1\/AUTH_59edd422c0c84a879bd37670ae4f538a\/internal_photos\/bs\/2025\/K\/a\/fWWbIqRMm1CPJWivzPgQ\/fta20251207283.jpg 1000w, https:\/\/s2-g1.glbimg.com\/PEN78gw4b69WchYVk5A_1dfTU9Y=\/0x0:6000x4000\/984x0\/smart\/filters:strip_icc()\/i.s3.glbimg.com\/v1\/AUTH_59edd422c0c84a879bd37670ae4f538a\/internal_photos\/bs\/2025\/K\/a\/fWWbIqRMm1CPJWivzPgQ\/fta20251207283.jpg 984w, https:\/\/s2-g1.glbimg.com\/WU2PejCApFzVG3jfsWhfLLffGpM=\/0x0:6000x4000\/640x0\/smart\/filters:strip_icc()\/i.s3.glbimg.com\/v1\/AUTH_59edd422c0c84a879bd37670ae4f538a\/internal_photos\/bs\/2025\/K\/a\/fWWbIqRMm1CPJWivzPgQ\/fta20251207283.jpg 640w, https:\/\/s2-g1.glbimg.com\/S9h95luL0DhT5jazQ24i6WQ2bLk=\/0x0:6000x4000\/600x0\/smart\/filters:strip_icc()\/i.s3.glbimg.com\/v1\/AUTH_59edd422c0c84a879bd37670ae4f538a\/internal_photos\/bs\/2025\/K\/a\/fWWbIqRMm1CPJWivzPgQ\/fta20251207283.jpg 600w\" alt=\"Protesto contra viol\u00eancia \u00e0s mulheres re\u00fane manifestantes na Avenida Paulista \u2014 Foto: ANG\u00e9LICA ALVES\/FOTOARENA\/ESTAD\u00c3O CONTE\u00daDO\" \/><\/figure>\n<\/div>\n<p class=\"content-media__description  \">Protesto contra viol\u00eancia \u00e0s mulheres re\u00fane manifestantes na Avenida Paulista \u2014 Foto: ANG\u00e9LICA ALVES\/FOTOARENA\/ESTAD\u00c3O CONTE\u00daDO<\/p>\n<\/div>\n<\/div>\n<\/div>\n<div id=\"chunk-eqrbv\">\n<div class=\"row medium-uncollapsed content-media content-photo\" data-block-type=\"backstage-photo\" data-block-id=\"16\">\n<div class=\" mc-column  content-media__container\">\n<div class=\"content-media-container glb-skeleton-box\">\n<figure class=\"content-media-figure\"><img decoding=\"async\" class=\"i-amphtml-fill-content i-amphtml-replaced-content\" src=\"https:\/\/s2-g1.glbimg.com\/Gcaj3joj5nqbHBO__mjjV7Q9nd0=\/0x0:1920x1080\/984x0\/smart\/filters:strip_icc()\/i.s3.glbimg.com\/v1\/AUTH_59edd422c0c84a879bd37670ae4f538a\/internal_photos\/bs\/2025\/F\/P\/MQ39scToiMGAu2BEgBmg\/bdsp-protesto-feminicidio-20251207-1222-frame-288333.jpeg\" sizes=\"(max-width: 1366px) 648px, 100vw\" srcset=\"https:\/\/s2-g1.glbimg.com\/9BihFHhnxbYKOlEaHWP9WSE-4nA=\/0x0:1920x1080\/1000x0\/smart\/filters:strip_icc()\/i.s3.glbimg.com\/v1\/AUTH_59edd422c0c84a879bd37670ae4f538a\/internal_photos\/bs\/2025\/F\/P\/MQ39scToiMGAu2BEgBmg\/bdsp-protesto-feminicidio-20251207-1222-frame-288333.jpeg 1000w, https:\/\/s2-g1.glbimg.com\/Gcaj3joj5nqbHBO__mjjV7Q9nd0=\/0x0:1920x1080\/984x0\/smart\/filters:strip_icc()\/i.s3.glbimg.com\/v1\/AUTH_59edd422c0c84a879bd37670ae4f538a\/internal_photos\/bs\/2025\/F\/P\/MQ39scToiMGAu2BEgBmg\/bdsp-protesto-feminicidio-20251207-1222-frame-288333.jpeg 984w, https:\/\/s2-g1.glbimg.com\/ovLxii2W0wnatR9mGBH3joYUuAw=\/0x0:1920x1080\/640x0\/smart\/filters:strip_icc()\/i.s3.glbimg.com\/v1\/AUTH_59edd422c0c84a879bd37670ae4f538a\/internal_photos\/bs\/2025\/F\/P\/MQ39scToiMGAu2BEgBmg\/bdsp-protesto-feminicidio-20251207-1222-frame-288333.jpeg 640w, https:\/\/s2-g1.glbimg.com\/la3m5yZoyLUO8AHDGtw3iDS_Yus=\/0x0:1920x1080\/600x0\/smart\/filters:strip_icc()\/i.s3.glbimg.com\/v1\/AUTH_59edd422c0c84a879bd37670ae4f538a\/internal_photos\/bs\/2025\/F\/P\/MQ39scToiMGAu2BEgBmg\/bdsp-protesto-feminicidio-20251207-1222-frame-288333.jpeg 600w\" alt=\"Protesto contra viol\u00eancia \u00e0s mulheres re\u00fane manifestantes na Avenida Paulista \u2014 Foto: TV Globo\" \/><\/figure>\n<\/div>\n<p class=\"content-media__description  \">Protesto contra viol\u00eancia \u00e0s mulheres re\u00fane manifestantes na Avenida Paulista \u2014 Foto: TV Globo<\/p>\n<\/div>\n<\/div>\n<\/div>\n<div id=\"chunk-ckvdd\">\n<div class=\"row medium-uncollapsed content-media content-photo\" data-block-type=\"backstage-photo\" data-block-id=\"18\">\n<div class=\" mc-column  content-media__container\">\n<div class=\"content-media-container glb-skeleton-box\">\n<figure class=\"content-media-figure\"><img decoding=\"async\" class=\"i-amphtml-fill-content i-amphtml-replaced-content\" src=\"https:\/\/s2-g1.glbimg.com\/-BJbpNKklc_arA4G9MlVodq-SJE=\/0x0:905x505\/984x0\/smart\/filters:strip_icc()\/i.s3.glbimg.com\/v1\/AUTH_59edd422c0c84a879bd37670ae4f538a\/internal_photos\/bs\/2025\/J\/e\/6VSFMdTAC7zsFOCP2BFQ\/captura-de-tela-2025-12-07-155507.png\" sizes=\"(max-width: 1366px) 648px, 100vw\" srcset=\"https:\/\/s2-g1.glbimg.com\/gFHzL_F3LBhk4uxNPDu06WUPA1A=\/0x0:905x505\/1000x0\/smart\/filters:strip_icc()\/i.s3.glbimg.com\/v1\/AUTH_59edd422c0c84a879bd37670ae4f538a\/internal_photos\/bs\/2025\/J\/e\/6VSFMdTAC7zsFOCP2BFQ\/captura-de-tela-2025-12-07-155507.png 1000w, https:\/\/s2-g1.glbimg.com\/-BJbpNKklc_arA4G9MlVodq-SJE=\/0x0:905x505\/984x0\/smart\/filters:strip_icc()\/i.s3.glbimg.com\/v1\/AUTH_59edd422c0c84a879bd37670ae4f538a\/internal_photos\/bs\/2025\/J\/e\/6VSFMdTAC7zsFOCP2BFQ\/captura-de-tela-2025-12-07-155507.png 984w, https:\/\/s2-g1.glbimg.com\/oAjDQVVuYk9xTTvarcCndIxvs0U=\/0x0:905x505\/640x0\/smart\/filters:strip_icc()\/i.s3.glbimg.com\/v1\/AUTH_59edd422c0c84a879bd37670ae4f538a\/internal_photos\/bs\/2025\/J\/e\/6VSFMdTAC7zsFOCP2BFQ\/captura-de-tela-2025-12-07-155507.png 640w, https:\/\/s2-g1.glbimg.com\/RtsNq-aEUQaDawPpl2WbM1F_huM=\/0x0:905x505\/600x0\/smart\/filters:strip_icc()\/i.s3.glbimg.com\/v1\/AUTH_59edd422c0c84a879bd37670ae4f538a\/internal_photos\/bs\/2025\/J\/e\/6VSFMdTAC7zsFOCP2BFQ\/captura-de-tela-2025-12-07-155507.png 600w\" alt=\"Imagem a\u00e9rea de protesto contra feminic\u00eddio na Av. Paulista \u2014 Foto: Reprodu\u00e7\u00e3o\/GloboNews\" \/><\/figure>\n<\/div>\n<p class=\"content-media__description  \">Imagem a\u00e9rea de protesto contra feminic\u00eddio na Av. Paulista \u2014 Foto: Reprodu\u00e7\u00e3o\/GloboNews<\/p>\n<\/div>\n<\/div>\n<\/div>\n<div id=\"chunk-5bsbt\">\n<div class=\"row medium-uncollapsed content-media content-photo\" data-block-type=\"backstage-photo\" data-block-id=\"19\">\n<div class=\" mc-column  content-media__container\">\n<div class=\"content-media-container glb-skeleton-box\">\n<figure class=\"content-media-figure\"><img decoding=\"async\" class=\"i-amphtml-fill-content i-amphtml-replaced-content\" src=\"https:\/\/s2-g1.glbimg.com\/7wFmrQB_dme2oh_o95kiSGqV4aY=\/0x0:5500x3667\/984x0\/smart\/filters:strip_icc()\/i.s3.glbimg.com\/v1\/AUTH_59edd422c0c84a879bd37670ae4f538a\/internal_photos\/bs\/2025\/2\/i\/maqaoPRX6Qw1fx72ozqQ\/2025-12-07t174949z-1020934694-rc2sbia02eu2-rtrmadp-3-brazil-women-violence.jpg\" sizes=\"(max-width: 1366px) 648px, 100vw\" srcset=\"https:\/\/s2-g1.glbimg.com\/Yla9IHizH1oMnF66A2_IfuNh4eU=\/0x0:5500x3667\/1000x0\/smart\/filters:strip_icc()\/i.s3.glbimg.com\/v1\/AUTH_59edd422c0c84a879bd37670ae4f538a\/internal_photos\/bs\/2025\/2\/i\/maqaoPRX6Qw1fx72ozqQ\/2025-12-07t174949z-1020934694-rc2sbia02eu2-rtrmadp-3-brazil-women-violence.jpg 1000w, https:\/\/s2-g1.glbimg.com\/7wFmrQB_dme2oh_o95kiSGqV4aY=\/0x0:5500x3667\/984x0\/smart\/filters:strip_icc()\/i.s3.glbimg.com\/v1\/AUTH_59edd422c0c84a879bd37670ae4f538a\/internal_photos\/bs\/2025\/2\/i\/maqaoPRX6Qw1fx72ozqQ\/2025-12-07t174949z-1020934694-rc2sbia02eu2-rtrmadp-3-brazil-women-violence.jpg 984w, https:\/\/s2-g1.glbimg.com\/0AQxPfSN762gI1RB68hQiQDU32I=\/0x0:5500x3667\/640x0\/smart\/filters:strip_icc()\/i.s3.glbimg.com\/v1\/AUTH_59edd422c0c84a879bd37670ae4f538a\/internal_photos\/bs\/2025\/2\/i\/maqaoPRX6Qw1fx72ozqQ\/2025-12-07t174949z-1020934694-rc2sbia02eu2-rtrmadp-3-brazil-women-violence.jpg 640w, https:\/\/s2-g1.glbimg.com\/RD_y88FJKlLfgXQ9OqnBhzH-nP4=\/0x0:5500x3667\/600x0\/smart\/filters:strip_icc()\/i.s3.glbimg.com\/v1\/AUTH_59edd422c0c84a879bd37670ae4f538a\/internal_photos\/bs\/2025\/2\/i\/maqaoPRX6Qw1fx72ozqQ\/2025-12-07t174949z-1020934694-rc2sbia02eu2-rtrmadp-3-brazil-women-violence.jpg 600w\" alt=\"Protesto contra feminic\u00eddios re\u00fane mulheres na Avenida Paulista \u2014 Foto: Tuane Fernandes\/Reuters\" \/><\/figure>\n<\/div>\n<p class=\"content-media__description  \">Protesto contra feminic\u00eddios re\u00fane mulheres na Avenida Paulista \u2014 Foto: Tuane Fernandes\/Reuters<\/p>\n<\/div>\n<\/div>\n<\/div>\n<div id=\"chunk-7s1ju\">\n<div class=\"row medium-uncollapsed content-media content-photo\" data-block-type=\"backstage-photo\" data-block-id=\"21\">\n<div class=\" mc-column  content-media__container\">\n<div class=\"content-media-container glb-skeleton-box\">\n<figure class=\"content-media-figure\"><img decoding=\"async\" class=\"i-amphtml-fill-content i-amphtml-replaced-content\" src=\"https:\/\/s2-g1.glbimg.com\/4Igf8I-9BsnauQJsYqmgISpAoE0=\/0x0:1600x719\/984x0\/smart\/filters:strip_icc()\/i.s3.glbimg.com\/v1\/AUTH_59edd422c0c84a879bd37670ae4f538a\/internal_photos\/bs\/2025\/R\/V\/MOt2E0Seaz12GTfSEi0A\/whatsapp-image-2025-12-07-at-16.18.46.jpeg\" sizes=\"(max-width: 1366px) 648px, 100vw\" srcset=\"https:\/\/s2-g1.glbimg.com\/UDZsMzBdEebavxdpmndE9zVT5N4=\/0x0:1600x719\/1000x0\/smart\/filters:strip_icc()\/i.s3.glbimg.com\/v1\/AUTH_59edd422c0c84a879bd37670ae4f538a\/internal_photos\/bs\/2025\/R\/V\/MOt2E0Seaz12GTfSEi0A\/whatsapp-image-2025-12-07-at-16.18.46.jpeg 1000w, https:\/\/s2-g1.glbimg.com\/4Igf8I-9BsnauQJsYqmgISpAoE0=\/0x0:1600x719\/984x0\/smart\/filters:strip_icc()\/i.s3.glbimg.com\/v1\/AUTH_59edd422c0c84a879bd37670ae4f538a\/internal_photos\/bs\/2025\/R\/V\/MOt2E0Seaz12GTfSEi0A\/whatsapp-image-2025-12-07-at-16.18.46.jpeg 984w, https:\/\/s2-g1.glbimg.com\/lX6AvYpRqdjtYVw3_6couCJZMl0=\/0x0:1600x719\/640x0\/smart\/filters:strip_icc()\/i.s3.glbimg.com\/v1\/AUTH_59edd422c0c84a879bd37670ae4f538a\/internal_photos\/bs\/2025\/R\/V\/MOt2E0Seaz12GTfSEi0A\/whatsapp-image-2025-12-07-at-16.18.46.jpeg 640w, https:\/\/s2-g1.glbimg.com\/JVgU1ZQ6Trtq4KrCcwFH9za8ALM=\/0x0:1600x719\/600x0\/smart\/filters:strip_icc()\/i.s3.glbimg.com\/v1\/AUTH_59edd422c0c84a879bd37670ae4f538a\/internal_photos\/bs\/2025\/R\/V\/MOt2E0Seaz12GTfSEi0A\/whatsapp-image-2025-12-07-at-16.18.46.jpeg 600w\" alt=\"Protesto contra viol\u00eancia \u00e0s mulheres re\u00fane manifestantes na Avenida Paulista \u2014 Foto: C\u00edntia Acayaba\/g1\" \/><\/figure>\n<\/div>\n<p class=\"content-media__description  \">Protesto contra viol\u00eancia \u00e0s mulheres re\u00fane manifestantes na Avenida Paulista \u2014 Foto: C\u00edntia Acayaba\/g1<\/p>\n<\/div>\n<\/div>\n<\/div>\n<div id=\"chunk-3eff8\">\n<div class=\"row medium-uncollapsed content-media content-photo\" data-block-type=\"backstage-photo\" data-block-id=\"22\">\n<div class=\" mc-column  content-media__container\">\n<div class=\"content-media-container glb-skeleton-box\">\n<figure class=\"content-media-figure\"><img decoding=\"async\" class=\"i-amphtml-fill-content i-amphtml-replaced-content\" src=\"https:\/\/s2-g1.glbimg.com\/T431XKAiCflSZqoc2DzxkHl6hxg=\/0x0:1600x721\/984x0\/smart\/filters:strip_icc()\/i.s3.glbimg.com\/v1\/AUTH_59edd422c0c84a879bd37670ae4f538a\/internal_photos\/bs\/2025\/f\/H\/ew4kZ2T8qEhMtV0r3CVw\/whatsapp-image-2025-12-07-at-16.10.55-1-.jpeg\" sizes=\"(max-width: 1366px) 648px, 100vw\" srcset=\"https:\/\/s2-g1.glbimg.com\/2Ld_QDOBDQXRyb3zfdCspne_DNw=\/0x0:1600x721\/1000x0\/smart\/filters:strip_icc()\/i.s3.glbimg.com\/v1\/AUTH_59edd422c0c84a879bd37670ae4f538a\/internal_photos\/bs\/2025\/f\/H\/ew4kZ2T8qEhMtV0r3CVw\/whatsapp-image-2025-12-07-at-16.10.55-1-.jpeg 1000w, https:\/\/s2-g1.glbimg.com\/T431XKAiCflSZqoc2DzxkHl6hxg=\/0x0:1600x721\/984x0\/smart\/filters:strip_icc()\/i.s3.glbimg.com\/v1\/AUTH_59edd422c0c84a879bd37670ae4f538a\/internal_photos\/bs\/2025\/f\/H\/ew4kZ2T8qEhMtV0r3CVw\/whatsapp-image-2025-12-07-at-16.10.55-1-.jpeg 984w, https:\/\/s2-g1.glbimg.com\/Isnk0O7FuBDWA4bM3ZQ7TuCeCG4=\/0x0:1600x721\/640x0\/smart\/filters:strip_icc()\/i.s3.glbimg.com\/v1\/AUTH_59edd422c0c84a879bd37670ae4f538a\/internal_photos\/bs\/2025\/f\/H\/ew4kZ2T8qEhMtV0r3CVw\/whatsapp-image-2025-12-07-at-16.10.55-1-.jpeg 640w, https:\/\/s2-g1.glbimg.com\/A3WA_8EK-7BA0jmY-z6dbDCO71o=\/0x0:1600x721\/600x0\/smart\/filters:strip_icc()\/i.s3.glbimg.com\/v1\/AUTH_59edd422c0c84a879bd37670ae4f538a\/internal_photos\/bs\/2025\/f\/H\/ew4kZ2T8qEhMtV0r3CVw\/whatsapp-image-2025-12-07-at-16.10.55-1-.jpeg 600w\" alt=\"Protesto contra viol\u00eancia \u00e0s mulheres re\u00fane manifestantes na Avenida Paulista \u2014 Foto: C\u00edntia Acayaba\/g1\" \/><\/figure>\n<\/div>\n<p class=\"content-media__description  \">Protesto contra viol\u00eancia \u00e0s mulheres re\u00fane manifestantes na Avenida Paulista \u2014 Foto: C\u00edntia Acayaba\/g1<\/p>\n<\/div>\n<\/div>\n<\/div>\n<div id=\"chunk-28pe2\">\n<div class=\"row medium-uncollapsed content-media content-photo\" data-block-type=\"backstage-photo\" data-block-id=\"24\">\n<div class=\" mc-column  content-media__container\">\n<div class=\"content-media-container glb-skeleton-box\">\n<figure class=\"content-media-figure\"><img decoding=\"async\" class=\"i-amphtml-fill-content i-amphtml-replaced-content\" src=\"https:\/\/s2-g1.glbimg.com\/RjXW8cp2hVJq5kQwkG-oL1PwKrk=\/0x0:8192x5464\/984x0\/smart\/filters:strip_icc()\/i.s3.glbimg.com\/v1\/AUTH_59edd422c0c84a879bd37670ae4f538a\/internal_photos\/bs\/2025\/5\/T\/EjmjNJTdKB0EZpC4us2Q\/ap25341712030871-1-.jpg\" sizes=\"(max-width: 1366px) 648px, 100vw\" srcset=\"https:\/\/s2-g1.glbimg.com\/lJK7JcPpD5pJq8UWxEi4V8Wq3L4=\/0x0:8192x5464\/1000x0\/smart\/filters:strip_icc()\/i.s3.glbimg.com\/v1\/AUTH_59edd422c0c84a879bd37670ae4f538a\/internal_photos\/bs\/2025\/5\/T\/EjmjNJTdKB0EZpC4us2Q\/ap25341712030871-1-.jpg 1000w, https:\/\/s2-g1.glbimg.com\/RjXW8cp2hVJq5kQwkG-oL1PwKrk=\/0x0:8192x5464\/984x0\/smart\/filters:strip_icc()\/i.s3.glbimg.com\/v1\/AUTH_59edd422c0c84a879bd37670ae4f538a\/internal_photos\/bs\/2025\/5\/T\/EjmjNJTdKB0EZpC4us2Q\/ap25341712030871-1-.jpg 984w, https:\/\/s2-g1.glbimg.com\/rmKda169Nb8SynWkUIl8-m5inek=\/0x0:8192x5464\/640x0\/smart\/filters:strip_icc()\/i.s3.glbimg.com\/v1\/AUTH_59edd422c0c84a879bd37670ae4f538a\/internal_photos\/bs\/2025\/5\/T\/EjmjNJTdKB0EZpC4us2Q\/ap25341712030871-1-.jpg 640w, https:\/\/s2-g1.glbimg.com\/C41F2in9urwONWQgdLtpJ6MlC3c=\/0x0:8192x5464\/600x0\/smart\/filters:strip_icc()\/i.s3.glbimg.com\/v1\/AUTH_59edd422c0c84a879bd37670ae4f538a\/internal_photos\/bs\/2025\/5\/T\/EjmjNJTdKB0EZpC4us2Q\/ap25341712030871-1-.jpg 600w\" alt=\"Uma mulher ind\u00edgena chora durante uma marcha contra o feminic\u00eddio ap\u00f3s uma s\u00e9rie de casos de grande repercuss\u00e3o no pa\u00eds, em S\u00e3o Paulo, domingo, 7 de dezembro de 2025. \u2014 Foto: AP\/Ettore Chiereguini\" \/><\/figure>\n<\/div>\n<p class=\"content-media__description  \">Uma mulher ind\u00edgena chora durante uma marcha contra o feminic\u00eddio ap\u00f3s uma s\u00e9rie de casos de grande repercuss\u00e3o no pa\u00eds, em S\u00e3o Paulo, domingo, 7 de dezembro de 2025. \u2014 Foto: AP\/Ettore Chiereguini<\/p>\n<\/div>\n<\/div>\n<\/div>\n<div id=\"chunk-m98f\">\n<div class=\"mc-column content-text active-extra-styles\" data-block-type=\"raw\" data-block-weight=\"3\" data-block-id=\"25\">\n<div class=\"content-intertitle\">\n<h2>Rio de Janeiro<\/h2>\n<\/div>\n<\/div>\n<\/div>\n<div id=\"chunk-b5q5e\">\n<div class=\"mc-column content-text active-extra-styles \" data-block-type=\"unstyled\" data-block-weight=\"27\" data-block-id=\"26\">\n<p class=\" content-text__container \" data-track-category=\"Link no Texto\" data-track-links=\"\" data-mrf-recirculation=\"Mat\u00e9ria - Links no Texto\">No Rio de Janeiro, centenas de pessoas se reuniram ao meio-dia em frente ao Posto 5, na Avenida Atl\u00e2ntica, em Copacabana, na Zona Sul da cidade.<\/p>\n<\/div>\n<\/div>\n<div id=\"chunk-2o5ng\">\n<div class=\"mc-column content-text active-extra-styles \" data-block-type=\"unstyled\" data-block-weight=\"34\" data-block-id=\"27\">\n<p class=\" content-text__container \" data-track-category=\"Link no Texto\" data-track-links=\"\" data-mrf-recirculation=\"Mat\u00e9ria - Links no Texto\">Segundo o Instituto de Seguran\u00e7a P\u00fablica (ISP), o estado do Rio registrou, at\u00e9 novembro de 2025, 79 casos de feminic\u00eddio e 242 tentativas. Os manifestantes exibiram cartazes e faixas contra a viol\u00eancia \u00e0s mulheres.<\/p>\n<\/div>\n<\/div>\n<div id=\"chunk-41e5a\">\n<div class=\"mc-column content-text active-extra-styles \" data-block-type=\"unstyled\" data-block-weight=\"34\" data-block-id=\"28\">\n<p class=\" content-text__container \" data-track-category=\"Link no Texto\" data-track-links=\"\" data-mrf-recirculation=\"Mat\u00e9ria - Links no Texto\">Na quarta-feira (3), uma mulher deu entrada em um hospital\u00a0<a class=\"\" href=\"https:\/\/g1.globo.com\/rj\/rio-de-janeiro\/noticia\/2025\/12\/07\/protesto-contra-feminicidio-reune-manifestantes-em-copacabana.ghtml#:~:text=Na%20quarta%2Dfeira,por%20um%20vizinho.\" data-mrf-link=\"https:\/\/g1.globo.com\/rj\/rio-de-janeiro\/noticia\/2025\/12\/07\/protesto-contra-feminicidio-reune-manifestantes-em-copacabana.ghtml\">ap\u00f3s ser esfaqueada em Iraj\u00e1<\/a>, na Zona Norte do Rio. Aline Nascimento contou \u00e0 pol\u00edcia que foi agredida pelo ex-companheiro, Emerson William Marcolan Lima.<\/p>\n<\/div>\n<\/div>\n<div id=\"chunk-4vq5q\">\n<div class=\"mc-column content-text active-extra-styles \" data-block-type=\"unstyled\" data-block-weight=\"34\" data-block-id=\"29\">\n<p class=\" content-text__container \" data-track-category=\"Link no Texto\" data-track-links=\"\" data-mrf-recirculation=\"Mat\u00e9ria - Links no Texto\">A v\u00edtima tem uma medida protetiva contra Emerson, que j\u00e1 responde por tentativa de feminic\u00eddio. Ele teria tentado arremess\u00e1-la de uma janela do seu apartamento, no quarto andar, mas foi impedido por um vizinho.<\/p>\n<\/div>\n<\/div>\n<div id=\"chunk-54ppn\">\n<div class=\"content-ads\" data-block-type=\"ads\" data-block-id=\"30\"><\/div>\n<\/div>\n<div id=\"chunk-5ug1u\">\n<div class=\"row medium-uncollapsed content-media content-photo\" data-block-type=\"backstage-photo\" data-block-id=\"31\">\n<div class=\" mc-column  content-media__container\">\n<div class=\"content-media-container glb-skeleton-box\">\n<figure class=\"content-media-figure\"><img decoding=\"async\" class=\"i-amphtml-fill-content i-amphtml-replaced-content\" src=\"https:\/\/s2-g1.glbimg.com\/x7JxiuLqRuEy5h8l4RB5qhfjnhs=\/0x0:1920x1080\/984x0\/smart\/filters:strip_icc()\/i.s3.glbimg.com\/v1\/AUTH_59edd422c0c84a879bd37670ae4f538a\/internal_photos\/bs\/2025\/G\/K\/vV1mN0RLKFwWPB24WZqg\/marcha4.jpeg\" sizes=\"(max-width: 1366px) 648px, 100vw\" srcset=\"https:\/\/s2-g1.glbimg.com\/CSDfecVczSV-UyLevIa93R4OuK4=\/0x0:1920x1080\/1000x0\/smart\/filters:strip_icc()\/i.s3.glbimg.com\/v1\/AUTH_59edd422c0c84a879bd37670ae4f538a\/internal_photos\/bs\/2025\/G\/K\/vV1mN0RLKFwWPB24WZqg\/marcha4.jpeg 1000w, https:\/\/s2-g1.glbimg.com\/x7JxiuLqRuEy5h8l4RB5qhfjnhs=\/0x0:1920x1080\/984x0\/smart\/filters:strip_icc()\/i.s3.glbimg.com\/v1\/AUTH_59edd422c0c84a879bd37670ae4f538a\/internal_photos\/bs\/2025\/G\/K\/vV1mN0RLKFwWPB24WZqg\/marcha4.jpeg 984w, https:\/\/s2-g1.glbimg.com\/O1xWokvWRIzVhzWnEhdtJ7z2_Mo=\/0x0:1920x1080\/640x0\/smart\/filters:strip_icc()\/i.s3.glbimg.com\/v1\/AUTH_59edd422c0c84a879bd37670ae4f538a\/internal_photos\/bs\/2025\/G\/K\/vV1mN0RLKFwWPB24WZqg\/marcha4.jpeg 640w, https:\/\/s2-g1.glbimg.com\/CBTpNJQzvn91iNb7HhQsC_H-_wo=\/0x0:1920x1080\/600x0\/smart\/filters:strip_icc()\/i.s3.glbimg.com\/v1\/AUTH_59edd422c0c84a879bd37670ae4f538a\/internal_photos\/bs\/2025\/G\/K\/vV1mN0RLKFwWPB24WZqg\/marcha4.jpeg 600w\" alt=\"Protesto contra feminic\u00eddio re\u00fane manifestantes em Copacabana \u2014 Foto: Reprodu\u00e7\u00e3o\/TV Globo\" \/><\/figure>\n<\/div>\n<p class=\"content-media__description  \">Protesto contra feminic\u00eddio re\u00fane manifestantes em Copacabana \u2014 Foto: Reprodu\u00e7\u00e3o\/TV Globo<\/p>\n<\/div>\n<\/div>\n<\/div>\n<div id=\"chunk-1jr1j\">\n<div class=\"row medium-uncollapsed content-media content-photo\" data-block-type=\"backstage-photo\" data-block-id=\"32\">\n<div class=\" mc-column  content-media__container\">\n<div class=\"content-media-container glb-skeleton-box\">\n<figure class=\"content-media-figure\"><img decoding=\"async\" class=\"i-amphtml-fill-content i-amphtml-replaced-content\" src=\"https:\/\/s2-g1.glbimg.com\/h7SiinV1X_8C-OmeW_unt1jkKnQ=\/0x0:4512x3008\/984x0\/smart\/filters:strip_icc()\/i.s3.glbimg.com\/v1\/AUTH_59edd422c0c84a879bd37670ae4f538a\/internal_photos\/bs\/2025\/Y\/j\/KElgnUSE2XkBg9lTtuyA\/2025-12-07t184034z-1609309732-rc2qbiaej1g1-rtrmadp-3-brazil-women-violence.jpg\" sizes=\"(max-width: 1366px) 648px, 100vw\" srcset=\"https:\/\/s2-g1.glbimg.com\/O9BpBI2ZA0I0HDHOsK1OU3R17M8=\/0x0:4512x3008\/1000x0\/smart\/filters:strip_icc()\/i.s3.glbimg.com\/v1\/AUTH_59edd422c0c84a879bd37670ae4f538a\/internal_photos\/bs\/2025\/Y\/j\/KElgnUSE2XkBg9lTtuyA\/2025-12-07t184034z-1609309732-rc2qbiaej1g1-rtrmadp-3-brazil-women-violence.jpg 1000w, https:\/\/s2-g1.glbimg.com\/h7SiinV1X_8C-OmeW_unt1jkKnQ=\/0x0:4512x3008\/984x0\/smart\/filters:strip_icc()\/i.s3.glbimg.com\/v1\/AUTH_59edd422c0c84a879bd37670ae4f538a\/internal_photos\/bs\/2025\/Y\/j\/KElgnUSE2XkBg9lTtuyA\/2025-12-07t184034z-1609309732-rc2qbiaej1g1-rtrmadp-3-brazil-women-violence.jpg 984w, https:\/\/s2-g1.glbimg.com\/fM2iswImk0rTOeSGa5LF98ByjKE=\/0x0:4512x3008\/640x0\/smart\/filters:strip_icc()\/i.s3.glbimg.com\/v1\/AUTH_59edd422c0c84a879bd37670ae4f538a\/internal_photos\/bs\/2025\/Y\/j\/KElgnUSE2XkBg9lTtuyA\/2025-12-07t184034z-1609309732-rc2qbiaej1g1-rtrmadp-3-brazil-women-violence.jpg 640w, https:\/\/s2-g1.glbimg.com\/FS0IsIAuHOIs-F0SpLxslS-qpbU=\/0x0:4512x3008\/600x0\/smart\/filters:strip_icc()\/i.s3.glbimg.com\/v1\/AUTH_59edd422c0c84a879bd37670ae4f538a\/internal_photos\/bs\/2025\/Y\/j\/KElgnUSE2XkBg9lTtuyA\/2025-12-07t184034z-1609309732-rc2qbiaej1g1-rtrmadp-3-brazil-women-violence.jpg 600w\" alt=\"Protesto contra feminic\u00eddio re\u00fane manifestantes em Copacabana \u2014 Foto: Tita Barros\/Reuters\" \/><\/figure>\n<\/div>\n<p class=\"content-media__description  \">Protesto contra feminic\u00eddio re\u00fane manifestantes em Copacabana \u2014 Foto: Tita Barros\/Reuters<\/p>\n<\/div>\n<\/div>\n<\/div>\n<div id=\"chunk-9dip1\">\n<div class=\"row medium-uncollapsed content-media content-photo\" data-block-type=\"backstage-photo\" data-block-id=\"34\">\n<div class=\" mc-column  content-media__container\">\n<div class=\"content-media-container glb-skeleton-box\">\n<figure class=\"content-media-figure\"><img decoding=\"async\" class=\"i-amphtml-fill-content i-amphtml-replaced-content\" src=\"https:\/\/s2-g1.glbimg.com\/28Ekgq9PTE19PLIDTBCecP_Banw=\/0x0:800x515\/984x0\/smart\/filters:strip_icc()\/i.s3.glbimg.com\/v1\/AUTH_59edd422c0c84a879bd37670ae4f538a\/internal_photos\/bs\/2025\/V\/X\/hUi471TU6B9Xr92aR0xg\/2025-12-07t184232z-1779924890-rc2qbiaekp4o-rtrmadp-3-brazil-women-violence.jpg\" sizes=\"(max-width: 1366px) 648px, 100vw\" srcset=\"https:\/\/s2-g1.glbimg.com\/r7WjWyixtmcHXE3sy72v2hLna2I=\/0x0:800x515\/1000x0\/smart\/filters:strip_icc()\/i.s3.glbimg.com\/v1\/AUTH_59edd422c0c84a879bd37670ae4f538a\/internal_photos\/bs\/2025\/V\/X\/hUi471TU6B9Xr92aR0xg\/2025-12-07t184232z-1779924890-rc2qbiaekp4o-rtrmadp-3-brazil-women-violence.jpg 1000w, https:\/\/s2-g1.glbimg.com\/28Ekgq9PTE19PLIDTBCecP_Banw=\/0x0:800x515\/984x0\/smart\/filters:strip_icc()\/i.s3.glbimg.com\/v1\/AUTH_59edd422c0c84a879bd37670ae4f538a\/internal_photos\/bs\/2025\/V\/X\/hUi471TU6B9Xr92aR0xg\/2025-12-07t184232z-1779924890-rc2qbiaekp4o-rtrmadp-3-brazil-women-violence.jpg 984w, https:\/\/s2-g1.glbimg.com\/DYg6QWgX-irxEVNJxkQBEXHKSGc=\/0x0:800x515\/640x0\/smart\/filters:strip_icc()\/i.s3.glbimg.com\/v1\/AUTH_59edd422c0c84a879bd37670ae4f538a\/internal_photos\/bs\/2025\/V\/X\/hUi471TU6B9Xr92aR0xg\/2025-12-07t184232z-1779924890-rc2qbiaekp4o-rtrmadp-3-brazil-women-violence.jpg 640w, https:\/\/s2-g1.glbimg.com\/9jsRcLDo5B2PksMlvunrCLj9MrA=\/0x0:800x515\/600x0\/smart\/filters:strip_icc()\/i.s3.glbimg.com\/v1\/AUTH_59edd422c0c84a879bd37670ae4f538a\/internal_photos\/bs\/2025\/V\/X\/hUi471TU6B9Xr92aR0xg\/2025-12-07t184232z-1779924890-rc2qbiaekp4o-rtrmadp-3-brazil-women-violence.jpg 600w\" alt=\"Protesto contra feminic\u00eddio re\u00fane manifestantes em Copacabana \u2014 Foto: Tita Barros\/Reuters\" \/><\/figure>\n<\/div>\n<p class=\"content-media__description  \">Protesto contra feminic\u00eddio re\u00fane manifestantes em Copacabana \u2014 Foto: Tita Barros\/Reuters<\/p>\n<\/div>\n<\/div>\n<\/div>\n<div id=\"chunk-4fj6h\">\n<div class=\"mc-column content-text active-extra-styles\" data-block-type=\"raw\" data-block-weight=\"2\" data-block-id=\"35\">\n<div class=\"content-intertitle\">\n<h2>Distrito Federal<\/h2>\n<\/div>\n<\/div>\n<\/div>\n<div id=\"chunk-e6geo\">\n<div class=\"mc-column content-text active-extra-styles \" data-block-type=\"unstyled\" data-block-weight=\"44\" data-block-id=\"36\">\n<p class=\" content-text__container \" data-track-category=\"Link no Texto\" data-track-links=\"\" data-mrf-recirculation=\"Mat\u00e9ria - Links no Texto\">Em Bras\u00edlia, o protesto ocorreu pela manh\u00e3, por volta das 10h, na Torre de TV, na \u00e1rea central da cidade. O ato reuniu dezenas de mulheres que exibiram cartazes com frases como \u201cpare de nos matar\u201d e denunciaram a viol\u00eancia estrutural contra as mulheres.<\/p>\n<\/div>\n<\/div>\n<div id=\"chunk-39t1r\">\n<div class=\"mc-column content-text active-extra-styles \" data-block-type=\"unstyled\" data-block-weight=\"50\" data-block-id=\"37\">\n<p class=\" content-text__container \" data-track-category=\"Link no Texto\" data-track-links=\"\" data-mrf-recirculation=\"Mat\u00e9ria - Links no Texto\">Segundo dados da Secretaria de Seguran\u00e7a P\u00fablica do DF, o distrito registrou 26 casos de feminic\u00eddio em 2025. O \u00faltimo aconteceu nesta sexta-feira (5), quando a cabo do Ex\u00e9rcito Maria de Lourdes Freire Matos, de 25 anos, foi morta a facadas por um soldado, que tamb\u00e9m ateou fogo ao quartel<\/p>\n<\/div>\n<\/div>\n<div id=\"chunk-3hm3r\">\n<div class=\"mc-column content-text active-extra-styles \" data-block-type=\"unstyled\" data-block-weight=\"20\" data-block-id=\"38\">\n<p class=\" content-text__container \" data-track-category=\"Link no Texto\" data-track-links=\"\" data-mrf-recirculation=\"Mat\u00e9ria - Links no Texto\">Durante o protesto, os organizadores refor\u00e7aram orienta\u00e7\u00f5es sobre medidas protetivas e canais de den\u00fancia dispon\u00edveis para mulheres que sofrem viol\u00eancia.<\/p>\n<\/div>\n<\/div>\n<div id=\"chunk-1sc3a\">\n<div class=\"row medium-uncollapsed content-media content-photo\" data-block-type=\"backstage-photo\" data-block-id=\"40\">\n<div class=\" mc-column  content-media__container\">\n<div class=\"content-media-container glb-skeleton-box\">\n<figure class=\"content-media-figure\"><img decoding=\"async\" class=\"i-amphtml-fill-content i-amphtml-replaced-content\" src=\"https:\/\/s2-g1.glbimg.com\/GkPyBlQPu0mrnLG--erBzm72XIE=\/0x0:1280x576\/984x0\/smart\/filters:strip_icc()\/i.s3.glbimg.com\/v1\/AUTH_59edd422c0c84a879bd37670ae4f538a\/internal_photos\/bs\/2025\/t\/w\/VTL9UcT4CNK131oAMfkg\/whatsapp-image-2025-12-07-at-11.55.40.jpeg\" sizes=\"(max-width: 1366px) 648px, 100vw\" srcset=\"https:\/\/s2-g1.glbimg.com\/hTN1dgfqqLfennXpq9wo3u1X5Og=\/0x0:1280x576\/1000x0\/smart\/filters:strip_icc()\/i.s3.glbimg.com\/v1\/AUTH_59edd422c0c84a879bd37670ae4f538a\/internal_photos\/bs\/2025\/t\/w\/VTL9UcT4CNK131oAMfkg\/whatsapp-image-2025-12-07-at-11.55.40.jpeg 1000w, https:\/\/s2-g1.glbimg.com\/GkPyBlQPu0mrnLG--erBzm72XIE=\/0x0:1280x576\/984x0\/smart\/filters:strip_icc()\/i.s3.glbimg.com\/v1\/AUTH_59edd422c0c84a879bd37670ae4f538a\/internal_photos\/bs\/2025\/t\/w\/VTL9UcT4CNK131oAMfkg\/whatsapp-image-2025-12-07-at-11.55.40.jpeg 984w, https:\/\/s2-g1.glbimg.com\/fjvCDZ6ZRNy2a7lStYrihLOANT8=\/0x0:1280x576\/640x0\/smart\/filters:strip_icc()\/i.s3.glbimg.com\/v1\/AUTH_59edd422c0c84a879bd37670ae4f538a\/internal_photos\/bs\/2025\/t\/w\/VTL9UcT4CNK131oAMfkg\/whatsapp-image-2025-12-07-at-11.55.40.jpeg 640w, https:\/\/s2-g1.glbimg.com\/bVp0oygJifeAUOCGRUHOY8NXCTM=\/0x0:1280x576\/600x0\/smart\/filters:strip_icc()\/i.s3.glbimg.com\/v1\/AUTH_59edd422c0c84a879bd37670ae4f538a\/internal_photos\/bs\/2025\/t\/w\/VTL9UcT4CNK131oAMfkg\/whatsapp-image-2025-12-07-at-11.55.40.jpeg 600w\" alt=\"Mulheres protestam contra feminic\u00eddios em Bras\u00edlia \u2014 Foto: Josualdo Moura\/TV Globo\" \/><\/figure>\n<\/div>\n<p class=\"content-media__description  \">Mulheres protestam contra feminic\u00eddios em Bras\u00edlia \u2014 Foto: Josualdo Moura\/TV Globo<\/p>\n<\/div>\n<\/div>\n<\/div>\n<div id=\"chunk-f5ris\">\n<div class=\"row medium-uncollapsed content-media content-photo\" data-block-type=\"backstage-photo\" data-block-id=\"41\">\n<div class=\" mc-column  content-media__container\">\n<div class=\"content-media-container glb-skeleton-box\">\n<figure class=\"content-media-figure\"><img decoding=\"async\" class=\"i-amphtml-fill-content i-amphtml-replaced-content\" src=\"https:\/\/s2-g1.glbimg.com\/VEEfhD1xR0C7f_hqCHU3Tk6UUw4=\/0x0:1280x960\/984x0\/smart\/filters:strip_icc()\/i.s3.glbimg.com\/v1\/AUTH_59edd422c0c84a879bd37670ae4f538a\/internal_photos\/bs\/2025\/L\/B\/gnFXHlRlW2CcBeRHc9xA\/whatsapp-image-2025-12-07-at-11.55.39.jpeg\" sizes=\"(max-width: 1366px) 648px, 100vw\" srcset=\"https:\/\/s2-g1.glbimg.com\/Wvge2h9Bh6hADh3WHSv1E8b3rXs=\/0x0:1280x960\/1000x0\/smart\/filters:strip_icc()\/i.s3.glbimg.com\/v1\/AUTH_59edd422c0c84a879bd37670ae4f538a\/internal_photos\/bs\/2025\/L\/B\/gnFXHlRlW2CcBeRHc9xA\/whatsapp-image-2025-12-07-at-11.55.39.jpeg 1000w, https:\/\/s2-g1.glbimg.com\/VEEfhD1xR0C7f_hqCHU3Tk6UUw4=\/0x0:1280x960\/984x0\/smart\/filters:strip_icc()\/i.s3.glbimg.com\/v1\/AUTH_59edd422c0c84a879bd37670ae4f538a\/internal_photos\/bs\/2025\/L\/B\/gnFXHlRlW2CcBeRHc9xA\/whatsapp-image-2025-12-07-at-11.55.39.jpeg 984w, https:\/\/s2-g1.glbimg.com\/2omSNCtxxCVAaVKtXZ_Tk-2QqIU=\/0x0:1280x960\/640x0\/smart\/filters:strip_icc()\/i.s3.glbimg.com\/v1\/AUTH_59edd422c0c84a879bd37670ae4f538a\/internal_photos\/bs\/2025\/L\/B\/gnFXHlRlW2CcBeRHc9xA\/whatsapp-image-2025-12-07-at-11.55.39.jpeg 640w, https:\/\/s2-g1.glbimg.com\/vNSUbVBl0JXZriLFeVigzj9fvCI=\/0x0:1280x960\/600x0\/smart\/filters:strip_icc()\/i.s3.glbimg.com\/v1\/AUTH_59edd422c0c84a879bd37670ae4f538a\/internal_photos\/bs\/2025\/L\/B\/gnFXHlRlW2CcBeRHc9xA\/whatsapp-image-2025-12-07-at-11.55.39.jpeg 600w\" alt=\"Mulheres protestam contra feminic\u00eddios em Bras\u00edlia \u2014 Foto: Josualdo Moura\/TV Globo\" \/><\/figure>\n<\/div>\n<p class=\"content-media__description  \">Mulheres protestam contra feminic\u00eddios em Bras\u00edlia \u2014 Foto: Josualdo Moura\/TV Globo<\/p>\n<\/div>\n<\/div>\n<\/div>\n<div id=\"chunk-ogot\">\n<div class=\"row medium-uncollapsed content-media content-photo\" data-block-type=\"backstage-photo\" data-block-id=\"43\">\n<div class=\" mc-column  content-media__container\">\n<div class=\"content-media-container glb-skeleton-box\">\n<figure class=\"content-media-figure\"><img decoding=\"async\" class=\"i-amphtml-fill-content i-amphtml-replaced-content\" src=\"https:\/\/s2-g1.glbimg.com\/byHeeMIUrdnQnfc3JjuMue15Wd0=\/0x0:1280x576\/984x0\/smart\/filters:strip_icc()\/i.s3.glbimg.com\/v1\/AUTH_59edd422c0c84a879bd37670ae4f538a\/internal_photos\/bs\/2025\/f\/H\/Ut0NOxRLevxbJOmdhe0w\/whatsapp-image-2025-12-07-at-11.55.40-1-.jpeg\" sizes=\"(max-width: 1366px) 648px, 100vw\" srcset=\"https:\/\/s2-g1.glbimg.com\/VBDUhdcZb1cIdsTMpUEQJVE05rg=\/0x0:1280x576\/1000x0\/smart\/filters:strip_icc()\/i.s3.glbimg.com\/v1\/AUTH_59edd422c0c84a879bd37670ae4f538a\/internal_photos\/bs\/2025\/f\/H\/Ut0NOxRLevxbJOmdhe0w\/whatsapp-image-2025-12-07-at-11.55.40-1-.jpeg 1000w, https:\/\/s2-g1.glbimg.com\/byHeeMIUrdnQnfc3JjuMue15Wd0=\/0x0:1280x576\/984x0\/smart\/filters:strip_icc()\/i.s3.glbimg.com\/v1\/AUTH_59edd422c0c84a879bd37670ae4f538a\/internal_photos\/bs\/2025\/f\/H\/Ut0NOxRLevxbJOmdhe0w\/whatsapp-image-2025-12-07-at-11.55.40-1-.jpeg 984w, https:\/\/s2-g1.glbimg.com\/xM6XEINwmwqN0yYxOVbbfEbF6jw=\/0x0:1280x576\/640x0\/smart\/filters:strip_icc()\/i.s3.glbimg.com\/v1\/AUTH_59edd422c0c84a879bd37670ae4f538a\/internal_photos\/bs\/2025\/f\/H\/Ut0NOxRLevxbJOmdhe0w\/whatsapp-image-2025-12-07-at-11.55.40-1-.jpeg 640w, https:\/\/s2-g1.glbimg.com\/T3_IgIK9BHztB2Zfz28QIbcyRgM=\/0x0:1280x576\/600x0\/smart\/filters:strip_icc()\/i.s3.glbimg.com\/v1\/AUTH_59edd422c0c84a879bd37670ae4f538a\/internal_photos\/bs\/2025\/f\/H\/Ut0NOxRLevxbJOmdhe0w\/whatsapp-image-2025-12-07-at-11.55.40-1-.jpeg 600w\" alt=\"Mulheres protestam contra feminic\u00eddios em Bras\u00edlia \u2014 Foto: Josualdo Moura\/TV Globo\" \/><\/figure>\n<\/div>\n<p class=\"content-media__description  \">Mulheres protestam contra feminic\u00eddios em Bras\u00edlia \u2014 Foto: Josualdo Moura\/TV Globo<\/p>\n<\/div>\n<\/div>\n<\/div>\n<div id=\"chunk-5ivrg\">\n<div class=\"mc-column content-text active-extra-styles\" data-block-type=\"raw\" data-block-weight=\"2\" data-block-id=\"44\">\n<div class=\"content-intertitle\">\n<h2>Santa Catarina<\/h2>\n<\/div>\n<\/div>\n<\/div>\n<div id=\"chunk-49lql\">\n<div class=\"mc-column content-text active-extra-styles \" data-block-type=\"unstyled\" data-block-weight=\"31\" data-block-id=\"45\">\n<p class=\" content-text__container \" data-track-category=\"Link no Texto\" data-track-links=\"\" data-mrf-recirculation=\"Mat\u00e9ria - Links no Texto\">Em Florian\u00f3polis, mulheres e homens participaram de uma caminhada que come\u00e7ou por volta das 13h na cabeceira da Ponte Herc\u00edlio Luz e seguiu at\u00e9 o Terminal de Integra\u00e7\u00e3o do Centro (Ticen).<\/p>\n<\/div>\n<\/div>\n<div id=\"chunk-5l7gq\">\n<div class=\"mc-column content-text active-extra-styles \" data-block-type=\"unstyled\" data-block-weight=\"43\" data-block-id=\"46\">\n<p class=\" content-text__container \" data-track-category=\"Link no Texto\" data-track-links=\"\" data-mrf-recirculation=\"Mat\u00e9ria - Links no Texto\">O ato tamb\u00e9m homenageou a professora Catarina Kasten, de 31 anos, estuprada e assassinada em uma trilha no dia 21 de novembro. O autor do crime, que confessou, foi preso no mesmo dia e responde por feminic\u00eddio qualificado, estupro e oculta\u00e7\u00e3o de cad\u00e1ver.<\/p>\n<\/div>\n<\/div>\n<div id=\"chunk-afbvo\">\n<div class=\"mc-column content-text active-extra-styles \" data-block-type=\"unstyled\" data-block-weight=\"25\" data-block-id=\"47\">\n<p class=\" content-text__container \" data-track-category=\"Link no Texto\" data-track-links=\"\" data-mrf-recirculation=\"Mat\u00e9ria - Links no Texto\">Com cartazes, bandeiras e faixas, os manifestantes pediram o fim da viol\u00eancia contra as mulheres e denunciaram a escalada dos casos em todo o pa\u00eds.<\/p>\n<\/div>\n<\/div>\n<div id=\"chunk-bskvl\">\n<div class=\"row medium-uncollapsed content-media content-photo\" data-block-type=\"backstage-photo\" data-block-id=\"49\">\n<div class=\" mc-column  content-media__container\">\n<div class=\"content-media-container glb-skeleton-box\">\n<figure class=\"content-media-figure\"><img decoding=\"async\" class=\"i-amphtml-fill-content i-amphtml-replaced-content\" src=\"https:\/\/s2-g1.glbimg.com\/JmmXudGdVvH4DSJMSGJRFuyZ5HQ=\/0x0:1600x900\/984x0\/smart\/filters:strip_icc()\/i.s3.glbimg.com\/v1\/AUTH_59edd422c0c84a879bd37670ae4f538a\/internal_photos\/bs\/2025\/u\/F\/dzA0iqSjAl41CxsB4jww\/whatsapp-image-2025-12-07-at-15.12.47.jpeg\" sizes=\"(max-width: 1366px) 648px, 100vw\" srcset=\"https:\/\/s2-g1.glbimg.com\/huXrN4asDlQ0SdeYps8EIKh4pE0=\/0x0:1600x900\/1000x0\/smart\/filters:strip_icc()\/i.s3.glbimg.com\/v1\/AUTH_59edd422c0c84a879bd37670ae4f538a\/internal_photos\/bs\/2025\/u\/F\/dzA0iqSjAl41CxsB4jww\/whatsapp-image-2025-12-07-at-15.12.47.jpeg 1000w, https:\/\/s2-g1.glbimg.com\/JmmXudGdVvH4DSJMSGJRFuyZ5HQ=\/0x0:1600x900\/984x0\/smart\/filters:strip_icc()\/i.s3.glbimg.com\/v1\/AUTH_59edd422c0c84a879bd37670ae4f538a\/internal_photos\/bs\/2025\/u\/F\/dzA0iqSjAl41CxsB4jww\/whatsapp-image-2025-12-07-at-15.12.47.jpeg 984w, https:\/\/s2-g1.glbimg.com\/cEvN4llOmreYXWcBpFth8mBVtio=\/0x0:1600x900\/640x0\/smart\/filters:strip_icc()\/i.s3.glbimg.com\/v1\/AUTH_59edd422c0c84a879bd37670ae4f538a\/internal_photos\/bs\/2025\/u\/F\/dzA0iqSjAl41CxsB4jww\/whatsapp-image-2025-12-07-at-15.12.47.jpeg 640w, https:\/\/s2-g1.glbimg.com\/KQxMUbtIB714REchtuqTX-i2QFE=\/0x0:1600x900\/600x0\/smart\/filters:strip_icc()\/i.s3.glbimg.com\/v1\/AUTH_59edd422c0c84a879bd37670ae4f538a\/internal_photos\/bs\/2025\/u\/F\/dzA0iqSjAl41CxsB4jww\/whatsapp-image-2025-12-07-at-15.12.47.jpeg 600w\" alt=\"Manifesta\u00e7\u00e3o em Florian\u00f3polis pelo fim dos feminic\u00eddios tem caminhada pelas ruas de Florian\u00f3polis \u2014 Foto: Ciliane Pereira\/Arquivo Pessoal\" \/><\/figure>\n<\/div>\n<p class=\"content-media__description  \">Manifesta\u00e7\u00e3o em Florian\u00f3polis pelo fim dos feminic\u00eddios tem caminhada pelas ruas de Florian\u00f3polis \u2014 Foto: Ciliane Pereira\/Arquivo Pessoal<\/p>\n<\/div>\n<\/div>\n<\/div>\n<div id=\"chunk-cp13e\">\n<div class=\"row medium-uncollapsed content-media content-photo\" data-block-type=\"backstage-photo\" data-block-id=\"50\">\n<div class=\" mc-column  content-media__container\">\n<div class=\"content-media-container glb-skeleton-box\">\n<figure class=\"content-media-figure\"><img decoding=\"async\" class=\"i-amphtml-fill-content i-amphtml-replaced-content\" src=\"https:\/\/s2-g1.glbimg.com\/ItR20rzGpoKuMW-k-Rgl7ujZLwo=\/0x0:1600x900\/984x0\/smart\/filters:strip_icc()\/i.s3.glbimg.com\/v1\/AUTH_59edd422c0c84a879bd37670ae4f538a\/internal_photos\/bs\/2025\/u\/4\/mrWrvoSGuSsB90gFEj4w\/whatsapp-image-2025-12-07-at-15.14.04.jpeg\" sizes=\"(max-width: 1366px) 648px, 100vw\" srcset=\"https:\/\/s2-g1.glbimg.com\/c7sIE5YW2soAxkCx1jdVFX0pBrk=\/0x0:1600x900\/1000x0\/smart\/filters:strip_icc()\/i.s3.glbimg.com\/v1\/AUTH_59edd422c0c84a879bd37670ae4f538a\/internal_photos\/bs\/2025\/u\/4\/mrWrvoSGuSsB90gFEj4w\/whatsapp-image-2025-12-07-at-15.14.04.jpeg 1000w, https:\/\/s2-g1.glbimg.com\/ItR20rzGpoKuMW-k-Rgl7ujZLwo=\/0x0:1600x900\/984x0\/smart\/filters:strip_icc()\/i.s3.glbimg.com\/v1\/AUTH_59edd422c0c84a879bd37670ae4f538a\/internal_photos\/bs\/2025\/u\/4\/mrWrvoSGuSsB90gFEj4w\/whatsapp-image-2025-12-07-at-15.14.04.jpeg 984w, https:\/\/s2-g1.glbimg.com\/oo2w8NBmPV7g_aOS3qw-GNr_kLY=\/0x0:1600x900\/640x0\/smart\/filters:strip_icc()\/i.s3.glbimg.com\/v1\/AUTH_59edd422c0c84a879bd37670ae4f538a\/internal_photos\/bs\/2025\/u\/4\/mrWrvoSGuSsB90gFEj4w\/whatsapp-image-2025-12-07-at-15.14.04.jpeg 640w, https:\/\/s2-g1.glbimg.com\/AKmsgx1klJPT62vt52RYR-8R3Ic=\/0x0:1600x900\/600x0\/smart\/filters:strip_icc()\/i.s3.glbimg.com\/v1\/AUTH_59edd422c0c84a879bd37670ae4f538a\/internal_photos\/bs\/2025\/u\/4\/mrWrvoSGuSsB90gFEj4w\/whatsapp-image-2025-12-07-at-15.14.04.jpeg 600w\" alt=\"Manifesta\u00e7\u00e3o em Florian\u00f3polis pede o fim da viol\u00eancia contra as mulheres; FOTOS \u2014 Foto: Ciliane Pereira\/Arquivo Pessoal\" \/><\/figure>\n<\/div>\n<p class=\"content-media__description  \">Manifesta\u00e7\u00e3o em Florian\u00f3polis pede o fim da viol\u00eancia contra as mulheres; FOTOS \u2014 Foto: Ciliane Pereira\/Arquivo Pessoal<\/p>\n<\/div>\n<\/div>\n<\/div>\n<div id=\"chunk-bia0p\">\n<div class=\"mc-column content-text active-extra-styles\" data-block-type=\"raw\" data-block-weight=\"2\" data-block-id=\"52\">\n<div class=\"content-intertitle\">\n<h2>Minas Gerais<\/h2>\n<\/div>\n<\/div>\n<\/div>\n<div id=\"chunk-d4usq\">\n<div class=\"mc-column content-text active-extra-styles \" data-block-type=\"unstyled\" data-block-weight=\"52\" data-block-id=\"53\">\n<p class=\" content-text__container \" data-track-category=\"Link no Texto\" data-track-links=\"\" data-mrf-recirculation=\"Mat\u00e9ria - Links no Texto\">Em Belo Horizonte, manifestantes se reuniram por volta das 11h na Pra\u00e7a Raul Soares, no Centro da capital mineira. O grupo seguiu em caminhada at\u00e9 a Pra\u00e7a Sete e a Pra\u00e7a da Esta\u00e7\u00e3o. As participantes levaram cartazes com frases como \u201cbasta de feminic\u00eddio\u201d, \u201cn\u00e3o me mate\u201d e \u201cpare de matar as mulheres\u201d.<\/p>\n<\/div>\n<\/div>\n<div id=\"chunk-bmekl\">\n<div class=\"mc-column content-text active-extra-styles \" data-block-type=\"unstyled\" data-block-weight=\"39\" data-block-id=\"54\">\n<p class=\" content-text__container \" data-track-category=\"Link no Texto\" data-track-links=\"\" data-mrf-recirculation=\"Mat\u00e9ria - Links no Texto\">O ato fez parte da mobiliza\u00e7\u00e3o nacional \u201cMulheres Vivas\u201d e foi organizado por movimentos sociais e coletivos feministas. Segundo as organizadoras, o objetivo foi exigir justi\u00e7a, denunciar a impunidade e cobrar pol\u00edticas p\u00fablicas de enfrentamento \u00e0 viol\u00eancia de g\u00eanero.<\/p>\n<\/div>\n<\/div>\n<div id=\"chunk-2ksil\">\n<div class=\"mc-column content-text active-extra-styles \" data-block-type=\"unstyled\" data-block-weight=\"30\" data-block-id=\"55\">\n<p class=\" content-text__container \" data-track-category=\"Link no Texto\" data-track-links=\"\" data-mrf-recirculation=\"Mat\u00e9ria - Links no Texto\">A mobiliza\u00e7\u00e3o foi intensificada ap\u00f3s uma s\u00e9rie de crimes registrados nos \u00faltimos dias no pa\u00eds, incluindo o assassinato da cabo do Ex\u00e9rcito em Bras\u00edlia e outros casos em estados diferentes.<\/p>\n<\/div>\n<\/div>\n<div id=\"chunk-b1fhe\">\n<div class=\"row medium-uncollapsed content-media content-photo\" data-block-type=\"backstage-photo\" data-block-id=\"56\">\n<div class=\" mc-column  content-media__container\">\n<div class=\"content-media-container glb-skeleton-box\">\n<figure class=\"content-media-figure\"><img decoding=\"async\" class=\"i-amphtml-fill-content i-amphtml-replaced-content\" src=\"https:\/\/s2-g1.glbimg.com\/pNjixu0P2cbMNNPyUqcrIGmDwvo=\/0x0:1600x1200\/984x0\/smart\/filters:strip_icc()\/i.s3.glbimg.com\/v1\/AUTH_59edd422c0c84a879bd37670ae4f538a\/internal_photos\/bs\/2025\/r\/G\/MNwt7TSgOiiq6mwzI7Dw\/whatsapp-image-2025-12-07-at-12.37.26.jpeg\" sizes=\"(max-width: 1366px) 648px, 100vw\" srcset=\"https:\/\/s2-g1.glbimg.com\/u2eJ-IGhw5Wq9LHAQT64RU6qykw=\/0x0:1600x1200\/1000x0\/smart\/filters:strip_icc()\/i.s3.glbimg.com\/v1\/AUTH_59edd422c0c84a879bd37670ae4f538a\/internal_photos\/bs\/2025\/r\/G\/MNwt7TSgOiiq6mwzI7Dw\/whatsapp-image-2025-12-07-at-12.37.26.jpeg 1000w, https:\/\/s2-g1.glbimg.com\/pNjixu0P2cbMNNPyUqcrIGmDwvo=\/0x0:1600x1200\/984x0\/smart\/filters:strip_icc()\/i.s3.glbimg.com\/v1\/AUTH_59edd422c0c84a879bd37670ae4f538a\/internal_photos\/bs\/2025\/r\/G\/MNwt7TSgOiiq6mwzI7Dw\/whatsapp-image-2025-12-07-at-12.37.26.jpeg 984w, https:\/\/s2-g1.glbimg.com\/f1U7XpG0qZjZTB7SCOWKWTw6GxE=\/0x0:1600x1200\/640x0\/smart\/filters:strip_icc()\/i.s3.glbimg.com\/v1\/AUTH_59edd422c0c84a879bd37670ae4f538a\/internal_photos\/bs\/2025\/r\/G\/MNwt7TSgOiiq6mwzI7Dw\/whatsapp-image-2025-12-07-at-12.37.26.jpeg 640w, https:\/\/s2-g1.glbimg.com\/tn9bUKqgRlbnyYR8w4JLaXHEqfc=\/0x0:1600x1200\/600x0\/smart\/filters:strip_icc()\/i.s3.glbimg.com\/v1\/AUTH_59edd422c0c84a879bd37670ae4f538a\/internal_photos\/bs\/2025\/r\/G\/MNwt7TSgOiiq6mwzI7Dw\/whatsapp-image-2025-12-07-at-12.37.26.jpeg 600w\" alt=\"Belo Horizonte tem ato nacional contra o feminic\u00eddio neste domingo \u2014 Foto: Zu Moreira\/TV Globo\" \/><\/figure>\n<\/div>\n<p class=\"content-media__description  \">Belo Horizonte tem ato nacional contra o feminic\u00eddio neste domingo \u2014 Foto: Zu Moreira\/TV Globo<\/p>\n<\/div>\n<\/div>\n<\/div>\n<div id=\"chunk-3dksb\">\n<div class=\"row medium-uncollapsed content-media content-photo\" data-block-type=\"backstage-photo\" data-block-id=\"58\">\n<div class=\" mc-column  content-media__container\">\n<div class=\"content-media-container glb-skeleton-box\">\n<figure class=\"content-media-figure\"><img decoding=\"async\" class=\"i-amphtml-fill-content i-amphtml-replaced-content\" src=\"https:\/\/s2-g1.glbimg.com\/MJlUG0-K2v6RCD1vC4nUJzy9cWE=\/0x0:1200x960\/984x0\/smart\/filters:strip_icc()\/i.s3.glbimg.com\/v1\/AUTH_59edd422c0c84a879bd37670ae4f538a\/internal_photos\/bs\/2025\/d\/7\/oQsUb5RC6fSlWdENZRxw\/whatsapp-image-2025-12-07-at-11.37.47.jpeg\" sizes=\"(max-width: 1366px) 648px, 100vw\" srcset=\"https:\/\/s2-g1.glbimg.com\/Mp5lpFHaRz74w6jszkH4O31u8Nc=\/0x0:1200x960\/1000x0\/smart\/filters:strip_icc()\/i.s3.glbimg.com\/v1\/AUTH_59edd422c0c84a879bd37670ae4f538a\/internal_photos\/bs\/2025\/d\/7\/oQsUb5RC6fSlWdENZRxw\/whatsapp-image-2025-12-07-at-11.37.47.jpeg 1000w, https:\/\/s2-g1.glbimg.com\/MJlUG0-K2v6RCD1vC4nUJzy9cWE=\/0x0:1200x960\/984x0\/smart\/filters:strip_icc()\/i.s3.glbimg.com\/v1\/AUTH_59edd422c0c84a879bd37670ae4f538a\/internal_photos\/bs\/2025\/d\/7\/oQsUb5RC6fSlWdENZRxw\/whatsapp-image-2025-12-07-at-11.37.47.jpeg 984w, https:\/\/s2-g1.glbimg.com\/9bGmbxR0SsNhg389vBf-CdUjAuU=\/0x0:1200x960\/640x0\/smart\/filters:strip_icc()\/i.s3.glbimg.com\/v1\/AUTH_59edd422c0c84a879bd37670ae4f538a\/internal_photos\/bs\/2025\/d\/7\/oQsUb5RC6fSlWdENZRxw\/whatsapp-image-2025-12-07-at-11.37.47.jpeg 640w, https:\/\/s2-g1.glbimg.com\/8yc7ak3dB5xutcIoNYdZS1RbEsU=\/0x0:1200x960\/600x0\/smart\/filters:strip_icc()\/i.s3.glbimg.com\/v1\/AUTH_59edd422c0c84a879bd37670ae4f538a\/internal_photos\/bs\/2025\/d\/7\/oQsUb5RC6fSlWdENZRxw\/whatsapp-image-2025-12-07-at-11.37.47.jpeg 600w\" alt=\"Belo Horizonte tem ato nacional contra o feminic\u00eddio neste domingo \u2014 Foto: J\u00f4 Andrade\/g1\" \/><\/figure>\n<\/div>\n<p class=\"content-media__description  \">Belo Horizonte tem ato nacional contra o feminic\u00eddio neste domingo \u2014 Foto: J\u00f4 Andrade\/g1<\/p>\n<\/div>\n<\/div>\n<\/div>\n<div id=\"chunk-20mi6\">\n<div class=\"mc-column content-text active-extra-styles\" data-block-type=\"raw\" data-block-weight=\"1\" data-block-id=\"59\">\n<div class=\"content-intertitle\">\n<h2>Para\u00edba<\/h2>\n<\/div>\n<\/div>\n<\/div>\n<div id=\"chunk-cu268\">\n<div class=\"mc-column content-text active-extra-styles \" data-block-type=\"unstyled\" data-block-weight=\"33\" data-block-id=\"60\">\n<p class=\" content-text__container \" data-track-category=\"Link no Texto\" data-track-links=\"\" data-mrf-recirculation=\"Mat\u00e9ria - Links no Texto\">Em Jo\u00e3o Pessoa, o ato ocorreu no Busto de Tamandar\u00e9, em Tamba\u00fa, e reuniu mulheres, homens e fam\u00edlias que exibiram cartazes e entoaram palavras de ordem cobrando a\u00e7\u00f5es p\u00fablicas para conter os crimes.<\/p>\n<\/div>\n<\/div>\n<div id=\"chunk-e71qt\">\n<div class=\"mc-column content-text active-extra-styles \" data-block-type=\"unstyled\" data-block-weight=\"37\" data-block-id=\"61\">\n<p class=\" content-text__container \" data-track-category=\"Link no Texto\" data-track-links=\"\" data-mrf-recirculation=\"Mat\u00e9ria - Links no Texto\">De acordo com dados do Minist\u00e9rio da Justi\u00e7a e Seguran\u00e7a P\u00fablica, a Para\u00edba registrou 26 casos de feminic\u00eddio entre janeiro e outubro de 2025, n\u00famero que supera o total contabilizado em todo o ano de 2024.<\/p>\n<\/div>\n<\/div>\n<div id=\"chunk-bu64\">\n<div class=\"row medium-uncollapsed content-media content-photo\" data-block-type=\"backstage-photo\" data-block-id=\"62\">\n<div class=\" mc-column  content-media__container\">\n<div class=\"content-media-container glb-skeleton-box\">\n<figure class=\"content-media-figure\"><img decoding=\"async\" class=\"i-amphtml-fill-content i-amphtml-replaced-content\" src=\"https:\/\/s2-g1.glbimg.com\/AviXmyReYvCmYJf-g-ZyRx9GZ3k=\/0x0:1284x722\/984x0\/smart\/filters:strip_icc()\/i.s3.glbimg.com\/v1\/AUTH_59edd422c0c84a879bd37670ae4f538a\/internal_photos\/bs\/2025\/1\/j\/4pfAyETliurMdcfxxVkQ\/whatsapp-image-2025-12-07-at-17.32.02-2-.jpeg\" sizes=\"(max-width: 1366px) 648px, 100vw\" srcset=\"https:\/\/s2-g1.glbimg.com\/9pVywdxE1hWjYXZivuBFNOfPvhM=\/0x0:1284x722\/1000x0\/smart\/filters:strip_icc()\/i.s3.glbimg.com\/v1\/AUTH_59edd422c0c84a879bd37670ae4f538a\/internal_photos\/bs\/2025\/1\/j\/4pfAyETliurMdcfxxVkQ\/whatsapp-image-2025-12-07-at-17.32.02-2-.jpeg 1000w, https:\/\/s2-g1.glbimg.com\/AviXmyReYvCmYJf-g-ZyRx9GZ3k=\/0x0:1284x722\/984x0\/smart\/filters:strip_icc()\/i.s3.glbimg.com\/v1\/AUTH_59edd422c0c84a879bd37670ae4f538a\/internal_photos\/bs\/2025\/1\/j\/4pfAyETliurMdcfxxVkQ\/whatsapp-image-2025-12-07-at-17.32.02-2-.jpeg 984w, https:\/\/s2-g1.glbimg.com\/WPPDZ3Z_sXspRBxB_kfUtrpCN4g=\/0x0:1284x722\/640x0\/smart\/filters:strip_icc()\/i.s3.glbimg.com\/v1\/AUTH_59edd422c0c84a879bd37670ae4f538a\/internal_photos\/bs\/2025\/1\/j\/4pfAyETliurMdcfxxVkQ\/whatsapp-image-2025-12-07-at-17.32.02-2-.jpeg 640w, https:\/\/s2-g1.glbimg.com\/iqJiRywTL2Wdn802wMaryN9wAds=\/0x0:1284x722\/600x0\/smart\/filters:strip_icc()\/i.s3.glbimg.com\/v1\/AUTH_59edd422c0c84a879bd37670ae4f538a\/internal_photos\/bs\/2025\/1\/j\/4pfAyETliurMdcfxxVkQ\/whatsapp-image-2025-12-07-at-17.32.02-2-.jpeg 600w\" alt=\"Protesto em Jo\u00e3o Pessoa denuncia feminic\u00eddio e viol\u00eancia contra as mulheres \u2014 Foto: Pedro Hugo\/TV Cabo Branco\" \/><\/figure>\n<\/div>\n<p class=\"content-media__description  \">Protesto em Jo\u00e3o Pessoa denuncia feminic\u00eddio e viol\u00eancia contra as mulheres \u2014 Foto: Pedro Hugo\/TV Cabo Branco<\/p>\n<\/div>\n<\/div>\n<\/div>\n<div id=\"chunk-erk0d\">\n<div class=\"content-ads\" data-block-type=\"ads\" data-block-id=\"63\"><\/div>\n<\/div>\n<div id=\"chunk-6qans\">\n<div class=\"row medium-uncollapsed content-media content-photo\" data-block-type=\"backstage-photo\" data-block-id=\"64\">\n<div class=\" mc-column  content-media__container\">\n<div class=\"content-media-container glb-skeleton-box\">\n<figure class=\"content-media-figure\"><img decoding=\"async\" class=\"i-amphtml-fill-content i-amphtml-replaced-content\" src=\"https:\/\/s2-g1.glbimg.com\/kzZ960HCtTQ5pHSHa_KsLyJ7txI=\/0x0:1284x727\/984x0\/smart\/filters:strip_icc()\/i.s3.glbimg.com\/v1\/AUTH_59edd422c0c84a879bd37670ae4f538a\/internal_photos\/bs\/2025\/l\/S\/FKiJI9ShGvceBCwNG7Cw\/whatsapp-image-2025-12-07-at-17.32.02.jpeg\" sizes=\"(max-width: 1366px) 648px, 100vw\" srcset=\"https:\/\/s2-g1.glbimg.com\/i8GxaAKSnS3aVxgiuqg1Li5mrm4=\/0x0:1284x727\/1000x0\/smart\/filters:strip_icc()\/i.s3.glbimg.com\/v1\/AUTH_59edd422c0c84a879bd37670ae4f538a\/internal_photos\/bs\/2025\/l\/S\/FKiJI9ShGvceBCwNG7Cw\/whatsapp-image-2025-12-07-at-17.32.02.jpeg 1000w, https:\/\/s2-g1.glbimg.com\/kzZ960HCtTQ5pHSHa_KsLyJ7txI=\/0x0:1284x727\/984x0\/smart\/filters:strip_icc()\/i.s3.glbimg.com\/v1\/AUTH_59edd422c0c84a879bd37670ae4f538a\/internal_photos\/bs\/2025\/l\/S\/FKiJI9ShGvceBCwNG7Cw\/whatsapp-image-2025-12-07-at-17.32.02.jpeg 984w, https:\/\/s2-g1.glbimg.com\/g94GYTVqdw5wcngJrd9-kISOBcs=\/0x0:1284x727\/640x0\/smart\/filters:strip_icc()\/i.s3.glbimg.com\/v1\/AUTH_59edd422c0c84a879bd37670ae4f538a\/internal_photos\/bs\/2025\/l\/S\/FKiJI9ShGvceBCwNG7Cw\/whatsapp-image-2025-12-07-at-17.32.02.jpeg 640w, https:\/\/s2-g1.glbimg.com\/LWvaaBW9aJjtGZjYepvOs05cabU=\/0x0:1284x727\/600x0\/smart\/filters:strip_icc()\/i.s3.glbimg.com\/v1\/AUTH_59edd422c0c84a879bd37670ae4f538a\/internal_photos\/bs\/2025\/l\/S\/FKiJI9ShGvceBCwNG7Cw\/whatsapp-image-2025-12-07-at-17.32.02.jpeg 600w\" alt=\"Protesto em Jo\u00e3o Pessoa denuncia feminic\u00eddio e viol\u00eancia contra as mulheres \u2014 Foto: Pedro Hugo\/TV Cabo Branco\" \/><\/figure>\n<\/div>\n<p class=\"content-media__description  \">Protesto em Jo\u00e3o Pessoa denuncia feminic\u00eddio e viol\u00eancia contra as mulheres \u2014 Foto: Pedro Hugo\/TV Cabo Branco<\/p>\n<\/div>\n<\/div>\n<\/div>\n<div id=\"chunk-dbji4\">\n<div class=\"row medium-uncollapsed content-media content-photo\" data-block-type=\"backstage-photo\" data-block-id=\"65\">\n<div class=\" mc-column  content-media__container\">\n<div class=\"content-media-container glb-skeleton-box\">\n<figure class=\"content-media-figure\"><img decoding=\"async\" class=\"i-amphtml-fill-content i-amphtml-replaced-content\" src=\"https:\/\/s2-g1.glbimg.com\/L7ouOhL5iuJx9QwQW6xikhX7D84=\/0x0:1284x727\/984x0\/smart\/filters:strip_icc()\/i.s3.glbimg.com\/v1\/AUTH_59edd422c0c84a879bd37670ae4f538a\/internal_photos\/bs\/2025\/8\/G\/tgPXytT9ixhaeoKAVdyg\/whatsapp-image-2025-12-07-at-17.32.01.jpeg\" sizes=\"(max-width: 1366px) 648px, 100vw\" srcset=\"https:\/\/s2-g1.glbimg.com\/dcDF9CWbMMivZRextlt_UfEVzvA=\/0x0:1284x727\/1000x0\/smart\/filters:strip_icc()\/i.s3.glbimg.com\/v1\/AUTH_59edd422c0c84a879bd37670ae4f538a\/internal_photos\/bs\/2025\/8\/G\/tgPXytT9ixhaeoKAVdyg\/whatsapp-image-2025-12-07-at-17.32.01.jpeg 1000w, https:\/\/s2-g1.glbimg.com\/L7ouOhL5iuJx9QwQW6xikhX7D84=\/0x0:1284x727\/984x0\/smart\/filters:strip_icc()\/i.s3.glbimg.com\/v1\/AUTH_59edd422c0c84a879bd37670ae4f538a\/internal_photos\/bs\/2025\/8\/G\/tgPXytT9ixhaeoKAVdyg\/whatsapp-image-2025-12-07-at-17.32.01.jpeg 984w, https:\/\/s2-g1.glbimg.com\/suuRjsRhjerPqSLisNqWciAxjJk=\/0x0:1284x727\/640x0\/smart\/filters:strip_icc()\/i.s3.glbimg.com\/v1\/AUTH_59edd422c0c84a879bd37670ae4f538a\/internal_photos\/bs\/2025\/8\/G\/tgPXytT9ixhaeoKAVdyg\/whatsapp-image-2025-12-07-at-17.32.01.jpeg 640w, https:\/\/s2-g1.glbimg.com\/8QbVPap25YE9IrpOChqygyNgUCI=\/0x0:1284x727\/600x0\/smart\/filters:strip_icc()\/i.s3.glbimg.com\/v1\/AUTH_59edd422c0c84a879bd37670ae4f538a\/internal_photos\/bs\/2025\/8\/G\/tgPXytT9ixhaeoKAVdyg\/whatsapp-image-2025-12-07-at-17.32.01.jpeg 600w\" alt=\"Protesto em Jo\u00e3o Pessoa denuncia feminic\u00eddio e viol\u00eancia contra as mulheres \u2014 Foto: Pedro Hugo\/TV Cabo Branco\" \/><\/figure>\n<\/div>\n<p class=\"content-media__description  \">Protesto em Jo\u00e3o Pessoa denuncia feminic\u00eddio e viol\u00eancia contra as mulheres \u2014 Foto: Pedro Hugo\/TV Cabo Branco<\/p>\n<\/div>\n<\/div>\n<\/div>\n<div id=\"chunk-447l\">\n<div class=\"row medium-uncollapsed content-media content-photo\" data-block-type=\"backstage-photo\" data-block-id=\"67\">\n<div class=\" mc-column  content-media__container\">\n<div class=\"content-media-container glb-skeleton-box\">\n<figure class=\"content-media-figure\"><img decoding=\"async\" class=\"i-amphtml-fill-content i-amphtml-replaced-content\" src=\"https:\/\/s2-g1.glbimg.com\/Rypm_pIWsDWG6eEYUgG3v4vr1FU=\/0x0:1284x712\/984x0\/smart\/filters:strip_icc()\/i.s3.glbimg.com\/v1\/AUTH_59edd422c0c84a879bd37670ae4f538a\/internal_photos\/bs\/2025\/1\/1\/eZJ0J1QA6HAWmfhOVJnQ\/whatsapp-image-2025-12-07-at-17.32.01-1-.jpeg\" sizes=\"(max-width: 1366px) 648px, 100vw\" srcset=\"https:\/\/s2-g1.glbimg.com\/KEFTKBEuuLfaAc_A6901sRkTDhE=\/0x0:1284x712\/1000x0\/smart\/filters:strip_icc()\/i.s3.glbimg.com\/v1\/AUTH_59edd422c0c84a879bd37670ae4f538a\/internal_photos\/bs\/2025\/1\/1\/eZJ0J1QA6HAWmfhOVJnQ\/whatsapp-image-2025-12-07-at-17.32.01-1-.jpeg 1000w, https:\/\/s2-g1.glbimg.com\/Rypm_pIWsDWG6eEYUgG3v4vr1FU=\/0x0:1284x712\/984x0\/smart\/filters:strip_icc()\/i.s3.glbimg.com\/v1\/AUTH_59edd422c0c84a879bd37670ae4f538a\/internal_photos\/bs\/2025\/1\/1\/eZJ0J1QA6HAWmfhOVJnQ\/whatsapp-image-2025-12-07-at-17.32.01-1-.jpeg 984w, https:\/\/s2-g1.glbimg.com\/36pxgjecmd6TKUDpRycIz8NoBAU=\/0x0:1284x712\/640x0\/smart\/filters:strip_icc()\/i.s3.glbimg.com\/v1\/AUTH_59edd422c0c84a879bd37670ae4f538a\/internal_photos\/bs\/2025\/1\/1\/eZJ0J1QA6HAWmfhOVJnQ\/whatsapp-image-2025-12-07-at-17.32.01-1-.jpeg 640w, https:\/\/s2-g1.glbimg.com\/aZdxMSWvIo8EdvYQdqpNO_OrzuI=\/0x0:1284x712\/600x0\/smart\/filters:strip_icc()\/i.s3.glbimg.com\/v1\/AUTH_59edd422c0c84a879bd37670ae4f538a\/internal_photos\/bs\/2025\/1\/1\/eZJ0J1QA6HAWmfhOVJnQ\/whatsapp-image-2025-12-07-at-17.32.01-1-.jpeg 600w\" alt=\"Protesto em Jo\u00e3o Pessoa denuncia feminic\u00eddio e viol\u00eancia contra as mulheres \u2014 Foto: Pedro Hugo\/TV Cabo Branco\" \/><\/figure>\n<\/div>\n<p class=\"content-media__description  \">Protesto em Jo\u00e3o Pessoa denuncia feminic\u00eddio e viol\u00eancia contra as mulheres \u2014 Foto: Pedro Hugo\/TV Cabo Branco<\/p>\n<\/div>\n<\/div>\n<\/div>\n<div id=\"chunk-aqev3\">\n<div class=\"mc-column content-text active-extra-styles\" data-block-type=\"raw\" data-block-weight=\"1\" data-block-id=\"68\">\n<div class=\"content-intertitle\">\n<h2>Pernambuco<\/h2>\n<\/div>\n<\/div>\n<\/div>\n<div id=\"chunk-1us8g\">\n<div class=\"mc-column content-text active-extra-styles \" data-block-type=\"unstyled\" data-block-weight=\"36\" data-block-id=\"69\">\n<p class=\" content-text__container \" data-track-category=\"Link no Texto\" data-track-links=\"\" data-mrf-recirculation=\"Mat\u00e9ria - Links no Texto\">No Recife,\u00a0<a class=\"\" href=\"https:\/\/g1.globo.com\/pe\/pernambuco\/noticia\/2025\/12\/07\/manifestantes-pedem-fim-do-feminicidio-e-da-violencia-contra-mulher-em-ato-no-centro-do-recife.ghtml\" data-mrf-link=\"https:\/\/g1.globo.com\/pe\/pernambuco\/noticia\/2025\/12\/07\/manifestantes-pedem-fim-do-feminicidio-e-da-violencia-contra-mulher-em-ato-no-centro-do-recife.ghtml\">milhares de manifestantes<\/a>\u00a0participaram, neste domingo (7), de um ato pelo fim do feminic\u00eddio e da viol\u00eancia contra as mulheres. Segundo a organiza\u00e7\u00e3o do evento, cerca de 5 mil pessoas se reuniram na mobiliza\u00e7\u00e3o.<\/p>\n<\/div>\n<\/div>\n<div id=\"chunk-d3t7s\">\n<div class=\"mc-column content-text active-extra-styles \" data-block-type=\"unstyled\" data-block-weight=\"53\" data-block-id=\"70\">\n<p class=\" content-text__container \" data-track-category=\"Link no Texto\" data-track-links=\"\" data-mrf-recirculation=\"Mat\u00e9ria - Links no Texto\">A concentra\u00e7\u00e3o ocorreu por volta das 14h, em frente ao Gin\u00e1sio Pernambucano, na Rua da Aurora, e a caminhada come\u00e7ou \u00e0s 16h, seguindo pelas ruas do bairro da Boa Vista at\u00e9 o Marco Zero, no Bairro do Recife. Com cartazes, faixas e camisetas, coletivos e movimentos sociais cobraram a responsabiliza\u00e7\u00e3o dos agressores.<\/p>\n<\/div>\n<\/div>\n<div id=\"chunk-a38c2\">\n<div class=\"mc-column content-text active-extra-styles \" data-block-type=\"unstyled\" data-block-weight=\"32\" data-block-id=\"71\">\n<p class=\" content-text__container \" data-track-category=\"Link no Texto\" data-track-links=\"\" data-mrf-recirculation=\"Mat\u00e9ria - Links no Texto\">Um dos casos recentes foi o assassinato de<a class=\"\" href=\"https:\/\/g1.globo.com\/pe\/pernambuco\/noticia\/2025\/11\/29\/incendio-atinge-comunidade-na-zona-oeste-do-recife-video.ghtml\" data-mrf-link=\"https:\/\/g1.globo.com\/pe\/pernambuco\/noticia\/2025\/11\/29\/incendio-atinge-comunidade-na-zona-oeste-do-recife-video.ghtml\">\u00a0Isabele Gomes de Macedo, que morreu com os quatro filhos num inc\u00eandio provocado pelo companheiro na comunidade Icau\u00e3<\/a>, na Zona Oeste da capital pernambucana.<\/p>\n<\/div>\n<\/div>\n<div id=\"chunk-5h4ol\">\n<div class=\"row medium-uncollapsed content-media content-photo\" data-block-type=\"backstage-photo\" data-block-id=\"73\">\n<div class=\" mc-column  content-media__container\">\n<div class=\"content-media-container glb-skeleton-box\">\n<figure class=\"content-media-figure\"><img decoding=\"async\" class=\"i-amphtml-fill-content i-amphtml-replaced-content\" src=\"https:\/\/s2-g1.glbimg.com\/slZHF3Z_d-FtPEQKOQtSI89uzvQ=\/0x0:1499x1080\/984x0\/smart\/filters:strip_icc()\/i.s3.glbimg.com\/v1\/AUTH_59edd422c0c84a879bd37670ae4f538a\/internal_photos\/bs\/2025\/q\/T\/vTf953RICVL1BjGSgK1Q\/capa-agenda-g1-26-.jpg\" sizes=\"(max-width: 1366px) 648px, 100vw\" srcset=\"https:\/\/s2-g1.glbimg.com\/_6NxuCHWyqiL76a2zSEN0zXwG2w=\/0x0:1499x1080\/1000x0\/smart\/filters:strip_icc()\/i.s3.glbimg.com\/v1\/AUTH_59edd422c0c84a879bd37670ae4f538a\/internal_photos\/bs\/2025\/q\/T\/vTf953RICVL1BjGSgK1Q\/capa-agenda-g1-26-.jpg 1000w, https:\/\/s2-g1.glbimg.com\/slZHF3Z_d-FtPEQKOQtSI89uzvQ=\/0x0:1499x1080\/984x0\/smart\/filters:strip_icc()\/i.s3.glbimg.com\/v1\/AUTH_59edd422c0c84a879bd37670ae4f538a\/internal_photos\/bs\/2025\/q\/T\/vTf953RICVL1BjGSgK1Q\/capa-agenda-g1-26-.jpg 984w, https:\/\/s2-g1.glbimg.com\/eNnh4rGSiPw_9yAalpqFVJJYp8Q=\/0x0:1499x1080\/640x0\/smart\/filters:strip_icc()\/i.s3.glbimg.com\/v1\/AUTH_59edd422c0c84a879bd37670ae4f538a\/internal_photos\/bs\/2025\/q\/T\/vTf953RICVL1BjGSgK1Q\/capa-agenda-g1-26-.jpg 640w, https:\/\/s2-g1.glbimg.com\/ByRSobyCgXjV2atSY1dDxTf_u0I=\/0x0:1499x1080\/600x0\/smart\/filters:strip_icc()\/i.s3.glbimg.com\/v1\/AUTH_59edd422c0c84a879bd37670ae4f538a\/internal_photos\/bs\/2025\/q\/T\/vTf953RICVL1BjGSgK1Q\/capa-agenda-g1-26-.jpg 600w\" alt=\"No Recife, mulheres participam de mobiliza\u00e7\u00e3o nacional contra feminic\u00eddio \u2014 Foto: Everaldo Silva\/TV Globo\" \/><\/figure>\n<\/div>\n<p class=\"content-media__description  \">No Recife, mulheres participam de mobiliza\u00e7\u00e3o nacional contra feminic\u00eddio \u2014 Foto: Everaldo Silva\/TV Globo<\/p>\n<\/div>\n<\/div>\n<\/div>\n<div id=\"chunk-aai8e\">\n<div class=\"mc-column content-text active-extra-styles\" data-block-type=\"raw\" data-block-weight=\"1\" data-block-id=\"74\">\n<div class=\"content-intertitle\">\n<h2>Piau\u00ed<\/h2>\n<\/div>\n<\/div>\n<\/div>\n<div id=\"chunk-fesrv\">\n<div class=\"mc-column content-text active-extra-styles \" data-block-type=\"unstyled\" data-block-weight=\"70\" data-block-id=\"75\">\n<p class=\" content-text__container \" data-track-category=\"Link no Texto\" data-track-links=\"\" data-mrf-recirculation=\"Mat\u00e9ria - Links no Texto\"><a class=\"\" href=\"https:\/\/g1.globo.com\/pi\/piaui\/noticia\/2025\/12\/07\/protesto-feminicidio-piaui.ghtml\" data-mrf-link=\"https:\/\/g1.globo.com\/pi\/piaui\/noticia\/2025\/12\/07\/protesto-feminicidio-piaui.ghtml\">Protestos contra o feminic\u00eddio e a viol\u00eancia contra as mulheres reuniram centenas de pessoas na tarde deste domingo (7) em Teresina e Parna\u00edba<\/a>. Na capital, o ato ocorreu na Pra\u00e7a Pedro II e reuniu cerca de 700 manifestantes. Durante a mobiliza\u00e7\u00e3o, mulheres prestaram homenagem \u00e0\u00a0<a class=\"\" href=\"https:\/\/g1.globo.com\/pi\/piaui\/noticia\/2025\/07\/19\/familiares-da-estudante-janaina-bezerra-recebem-diploma-simbolico-na-ufpi-certeza-que-ela-estava-ali.ghtml\" data-mrf-link=\"https:\/\/g1.globo.com\/pi\/piaui\/noticia\/2025\/07\/19\/familiares-da-estudante-janaina-bezerra-recebem-diploma-simbolico-na-ufpi-certeza-que-ela-estava-ali.ghtml\">estudante Jana\u00edna Bezerra, assassinada dentro da Universidade Federal do Piau\u00ed (UFPI)<\/a>, e exibiram cal\u00e7ados vazios como s\u00edmbolo das v\u00edtimas de crimes de viol\u00eancia de g\u00eanero.<\/p>\n<\/div>\n<\/div>\n<div id=\"chunk-7tqb1\">\n<div class=\"mc-column content-text active-extra-styles \" data-block-type=\"unstyled\" data-block-weight=\"48\" data-block-id=\"76\">\n<p class=\" content-text__container \" data-track-category=\"Link no Texto\" data-track-links=\"\" data-mrf-recirculation=\"Mat\u00e9ria - Links no Texto\">Em Parna\u00edba, cerca de 60 pessoas participaram de uma caminhada pela Avenida S\u00e3o Sebasti\u00e3o at\u00e9 o canteiro central do shopping da cidade. Os manifestantes exibiram cartazes com frases como \u201cnossas vidas importam\u201d e \u201cse tocar em uma, respondemos todas\u201d, em protesto pelos casos recentes de feminic\u00eddio no pa\u00eds.<\/p>\n<\/div>\n<\/div>\n<div id=\"chunk-eir7j\">\n<div class=\"row medium-uncollapsed content-media content-photo\" data-block-type=\"backstage-photo\" data-block-id=\"78\">\n<div class=\" mc-column  content-media__container\">\n<div class=\"content-media-container glb-skeleton-box\">\n<figure class=\"content-media-figure\"><img decoding=\"async\" class=\"i-amphtml-fill-content i-amphtml-replaced-content\" src=\"https:\/\/s2-g1.glbimg.com\/m0vkl_DKvTmftiB7b0ShwE2Tx40=\/0x0:1600x1066\/984x0\/smart\/filters:strip_icc()\/i.s3.glbimg.com\/v1\/AUTH_59edd422c0c84a879bd37670ae4f538a\/internal_photos\/bs\/2025\/9\/S\/hm5wo4QhaC3AAvcICANg\/whatsapp-image-2025-12-07-at-7.26.40-pm.jpeg\" sizes=\"(max-width: 1366px) 648px, 100vw\" srcset=\"https:\/\/s2-g1.glbimg.com\/yUnUwArn6Nqsi70tcTVH3MpZpuw=\/0x0:1600x1066\/1000x0\/smart\/filters:strip_icc()\/i.s3.glbimg.com\/v1\/AUTH_59edd422c0c84a879bd37670ae4f538a\/internal_photos\/bs\/2025\/9\/S\/hm5wo4QhaC3AAvcICANg\/whatsapp-image-2025-12-07-at-7.26.40-pm.jpeg 1000w, https:\/\/s2-g1.glbimg.com\/m0vkl_DKvTmftiB7b0ShwE2Tx40=\/0x0:1600x1066\/984x0\/smart\/filters:strip_icc()\/i.s3.glbimg.com\/v1\/AUTH_59edd422c0c84a879bd37670ae4f538a\/internal_photos\/bs\/2025\/9\/S\/hm5wo4QhaC3AAvcICANg\/whatsapp-image-2025-12-07-at-7.26.40-pm.jpeg 984w, https:\/\/s2-g1.glbimg.com\/2anxnpHhfH1haIQ5gNIBqgkO5us=\/0x0:1600x1066\/640x0\/smart\/filters:strip_icc()\/i.s3.glbimg.com\/v1\/AUTH_59edd422c0c84a879bd37670ae4f538a\/internal_photos\/bs\/2025\/9\/S\/hm5wo4QhaC3AAvcICANg\/whatsapp-image-2025-12-07-at-7.26.40-pm.jpeg 640w, https:\/\/s2-g1.glbimg.com\/SNr8bpQjKYQLoPvZXmmmJ2HiygY=\/0x0:1600x1066\/600x0\/smart\/filters:strip_icc()\/i.s3.glbimg.com\/v1\/AUTH_59edd422c0c84a879bd37670ae4f538a\/internal_photos\/bs\/2025\/9\/S\/hm5wo4QhaC3AAvcICANg\/whatsapp-image-2025-12-07-at-7.26.40-pm.jpeg 600w\" alt=\"Protesto contra feminic\u00eddio homenageia estudante morta e tem cal\u00e7ados vazios no Piau\u00ed \u2014 Foto: Werlley Barbosa\/TV Clube\" \/><\/figure>\n<\/div>\n<p class=\"content-media__description  \">Protesto contra feminic\u00eddio homenageia estudante morta e tem cal\u00e7ados vazios no Piau\u00ed \u2014 Foto: Werlley Barbosa\/TV Clube<\/p>\n<\/div>\n<\/div>\n<\/div>\n<div id=\"chunk-5s8h2\">\n<div class=\"mc-column content-text active-extra-styles\" data-block-type=\"raw\" data-block-weight=\"2\" data-block-id=\"79\">\n<div class=\"content-intertitle\">\n<h2>Campinas (SP)<\/h2>\n<\/div>\n<\/div>\n<\/div>\n<div id=\"chunk-ds0b0\">\n<div class=\"mc-column content-text active-extra-styles \" data-block-type=\"unstyled\" data-block-weight=\"53\" data-block-id=\"80\">\n<p class=\" content-text__container \" data-track-category=\"Link no Texto\" data-track-links=\"\" data-mrf-recirculation=\"Mat\u00e9ria - Links no Texto\">Em Campinas, manifestantes se reuniram na manh\u00e3 deste domingo (7) em frente \u00e0 Esta\u00e7\u00e3o Cultura, no Centro da cidade. Ap\u00f3s a concentra\u00e7\u00e3o, por volta das 9h, o grupo seguiu em passeata pela Rua 13 de Maio, principal corredor comercial do munic\u00edpio, at\u00e9 a Pra\u00e7a da Catedral Metropolitana, onde o ato foi encerrado.<\/p>\n<\/div>\n<\/div>\n<div id=\"chunk-8mq9i\">\n<div class=\"mc-column content-text active-extra-styles \" data-block-type=\"unstyled\" data-block-weight=\"40\" data-block-id=\"81\">\n<p class=\" content-text__container \" data-track-category=\"Link no Texto\" data-track-links=\"\" data-mrf-recirculation=\"Mat\u00e9ria - Links no Texto\"><a class=\"\" href=\"https:\/\/g1.globo.com\/sp\/campinas-regiao\/noticia\/2025\/12\/07\/protesto-em-campinas-denuncia-feminicidios-e-cobra-acoes-para-frear-violencia-contra-mulheres.ghtml\" data-mrf-link=\"https:\/\/g1.globo.com\/sp\/campinas-regiao\/noticia\/2025\/12\/07\/protesto-em-campinas-denuncia-feminicidios-e-cobra-acoes-para-frear-violencia-contra-mulheres.ghtml\">A manifesta\u00e7\u00e3o ocorreu no dia seguinte ao assassinato a tiros de um casal de 76 e 56 anos no bairro Cidade Singer, em Campinas<\/a>. O principal suspeito \u00e9 um homem foragido da Justi\u00e7a que foi namorado da filha das v\u00edtimas.<\/p>\n<\/div>\n<\/div>\n<div id=\"chunk-5po6a\">\n<div class=\"cxm-block-video content-media mc-column \" data-block-type=\"backstage-video\" data-block-id=\"82\">\n<div class=\"cxm-block-video__container cxm-block-video__container--fallback cxm-block-video__container--vertical\">\n<div class=\"cxm-block-video__player-fixer\">\n<article class=\"cxm-block-video__player-wrapper\">\n<section class=\"cxm-block-video__player\">\n<div class=\"cxm-block-video__placeholder\" data-video-id=\"14160610\"><img decoding=\"async\" class=\"cxm-block-video__thumb\" title=\"Homem mata os pais da ex a tiros por 'vingan\u00e7a' em Campinas\" src=\"https:\/\/s03.video.glbimg.com\/x240\/14160610.jpg\" alt=\"Homem mata os pais da ex a tiros por 'vingan\u00e7a' em Campinas\" \/><\/div>\n<\/section>\n<\/article>\n<\/div>\n<div class=\"cxm-block-video__caption-container\">\n<p class=\"codex-caption codex-caption--small\">Homem mata os pais da ex a tiros por &#8216;vingan\u00e7a&#8217; em Campinas<\/p>\n<\/div>\n<\/div>\n<\/div>\n<\/div>\n<div id=\"chunk-5mg6s\">\n<div class=\"mc-column content-text active-extra-styles \" data-block-type=\"unstyled\" data-block-weight=\"29\" data-block-id=\"84\">\n<p class=\" content-text__container \" data-track-category=\"Link no Texto\" data-track-links=\"\" data-mrf-recirculation=\"Mat\u00e9ria - Links no Texto\">Em comunicado divulgado antes da manifesta\u00e7\u00e3o, a organiza\u00e7\u00e3o cobrou preven\u00e7\u00e3o, prote\u00e7\u00e3o, resposta institucional e redu\u00e7\u00e3o da viol\u00eancia contra mulheres e meninas, al\u00e9m da amplia\u00e7\u00e3o do atendimento especializado \u00e0s v\u00edtimas.<\/p>\n<\/div>\n<\/div>\n<div id=\"chunk-784me\">\n<div class=\"glry-v2 mc-column\" data-key=\"784me\">\n<h4 class=\"glry-v2__title\">Galerias Relacionadas<button class=\"glry-v2__expand\"><\/button><\/h4>\n<div class=\"glry-v2__main\">\n<div class=\"glry-v2__slider\">\n<div class=\"glry-v2__slide\"><img decoding=\"async\" class=\"glry-v2__slide__img glry-v2__slide__img--h glry-v2__slide__img--active\" src=\"https:\/\/s2-g1.glbimg.com\/rdcrakpFrCfg42Ej8xFwOHfmBF8=\/0x0:1200x900\/1200x900\/smart\/filters:strip_icc()\/i.s3.glbimg.com\/v1\/AUTH_59edd422c0c84a879bd37670ae4f538a\/internal_photos\/bs\/2025\/9\/e\/Sk3cJBQy6gy4e4rORGhA\/design-sem-nome-6-.jpg\" alt=\"Manifestantes se reuniram na Esta\u00e7\u00e3o Cultura para ato contra viol\u00eancia contra mulher em Campinas \u2014 Foto: Arquivo pessoal\" name=\"Manifestantes se reuniram na Esta\u00e7\u00e3o Cultura para ato contra viol\u00eancia contra mulher em Campinas\" data-idx=\"0\" \/><\/div>\n<div class=\"glry-v2__slide\"><img decoding=\"async\" class=\"glry-v2__slide__img  glry-v2__slide__img--h \" src=\"https:\/\/s2-g1.glbimg.com\/iA4EuEnmRBHfGHIccR0MsuErLN4=\/0x0:1200x900\/1200x900\/smart\/filters:strip_icc()\/i.s3.glbimg.com\/v1\/AUTH_59edd422c0c84a879bd37670ae4f538a\/internal_photos\/bs\/2025\/B\/e\/5C49D5SP2ewNQuWtl60Q\/design-sem-nome-5-.jpg\" alt=\"Com faixas e cartazes, grupo em Campinas cobrou pol\u00edticas contra viol\u00eancia de g\u00eanero \u2014 Foto: Arquivo pessoal\" name=\"Com faixas e cartazes, grupo em Campinas cobrou pol\u00edticas contra viol\u00eancia de g\u00eanero\" data-idx=\"1\" \/><\/div>\n<div class=\"glry-v2__slide\"><img decoding=\"async\" class=\"glry-v2__slide__img  glry-v2__slide__img--h \" src=\"https:\/\/s2-g1.glbimg.com\/tLT55lVtxZ4ulrnIM-EHbECdMeY=\/0x0:1200x900\/1200x900\/smart\/filters:strip_icc()\/i.s3.glbimg.com\/v1\/AUTH_59edd422c0c84a879bd37670ae4f538a\/internal_photos\/bs\/2025\/Q\/K\/mCvPp1SmmRYjKuBodXlg\/design-sem-nome-4-.jpg\" alt=\"Cartazes denunciavam machismo e misoginia durante protesto em Campinas \u2014 Foto: Arquivo pessoal\" name=\"Cartazes denunciavam machismo e misoginia durante protesto em Campinas\" data-idx=\"2\" \/><\/div>\n<div class=\"glry-v2__slide\"><img decoding=\"async\" class=\"glry-v2__slide__img  glry-v2__slide__img--h \" src=\"https:\/\/s2-g1.glbimg.com\/fNbiSnabKw99mKJOs19sinTXkSc=\/0x0:1200x900\/1200x900\/smart\/filters:strip_icc()\/i.s3.glbimg.com\/v1\/AUTH_59edd422c0c84a879bd37670ae4f538a\/internal_photos\/bs\/2025\/a\/b\/LiKh1SSOK0HOroY6sl3w\/design-sem-nome-3-.jpg\" alt=\"Manifestantes caminharam da Esta\u00e7\u00e3o Cultura at\u00e9 a Catedral Metropolitana, em Campinas, durante ato contra viol\u00eancia de g\u00eanero \u2014 Foto: Arquivo pessoal\" name=\"Manifestantes caminharam da Esta\u00e7\u00e3o Cultura at\u00e9 a Catedral Metropolitana, em Campinas, durante ato contra viol\u00eancia de g\u00eanero\" data-idx=\"3\" \/><\/div>\n<div class=\"glry-v2__slide\"><img decoding=\"async\" class=\"glry-v2__slide__img  glry-v2__slide__img--h \" src=\"https:\/\/s2-g1.glbimg.com\/zaJ4PSqXFthfg5sVDmsp7UlXDhg=\/0x0:1532x853\/1532x853\/smart\/filters:strip_icc()\/i.s3.glbimg.com\/v1\/AUTH_59edd422c0c84a879bd37670ae4f538a\/internal_photos\/bs\/2025\/j\/U\/bsTnUmQ8i8fKS6nmM2aA\/ato-mulheres5.jpg\" alt=\"Grupo levou cartazes para protestar contra a viol\u00eancia de g\u00eanero em Campinas \u2014 Foto: Vaner Santos\/EPTV\" name=\"Grupo levou cartazes para protestar contra a viol\u00eancia de g\u00eanero em Campinas\" data-idx=\"4\" \/><\/div>\n<div class=\"glry-v2__slide\"><img decoding=\"async\" class=\"glry-v2__slide__img  glry-v2__slide__img--h \" src=\"https:\/\/s2-g1.glbimg.com\/FTzcJmtiQibiqpuK4lIDC0MFAFs=\/0x0:1529x843\/1529x843\/smart\/filters:strip_icc()\/i.s3.glbimg.com\/v1\/AUTH_59edd422c0c84a879bd37670ae4f538a\/internal_photos\/bs\/2025\/D\/D\/T7SUBjRYuXAhPEmomabg\/ato-mulheres4.jpg\" alt=\"Homenagem \u00e0s v\u00edtimas de feminic\u00eddio marcou protesto em Campinas neste domingo (7) \u2014 Foto: Vaner Santos\/EPTV\" name=\"Homenagem \u00e0s v\u00edtimas de feminic\u00eddio marcou protesto em Campinas neste domingo (7)\" data-idx=\"5\" \/><\/div>\n<div class=\"glry-v2__slide\"><img decoding=\"async\" class=\"glry-v2__slide__img  glry-v2__slide__img--h \" src=\"https:\/\/s2-g1.glbimg.com\/QYgIq8yDPZeoM_W9dpBJBIlO_2c=\/0x0:1471x865\/1471x865\/smart\/filters:strip_icc()\/i.s3.glbimg.com\/v1\/AUTH_59edd422c0c84a879bd37670ae4f538a\/internal_photos\/bs\/2025\/h\/e\/GvzTLUQyWuUTAzGcxD5w\/ato-mulheres3.jpg\" alt=\"Ato contra viol\u00eancia de g\u00eanero reuniu fam\u00edlias em Campinas neste domingo (7) \u2014 Foto: Vaner Santos\/EPTV\" name=\"Ato contra viol\u00eancia de g\u00eanero reuniu fam\u00edlias em Campinas neste domingo (7)\" data-idx=\"6\" \/><\/div>\n<div class=\"glry-v2__slide\"><img decoding=\"async\" class=\"glry-v2__slide__img  glry-v2__slide__img--h \" src=\"https:\/\/s2-g1.glbimg.com\/QNwVomlhrpKxYHzpuWedSsuPNAU=\/0x0:1535x856\/1535x856\/smart\/filters:strip_icc()\/i.s3.glbimg.com\/v1\/AUTH_59edd422c0c84a879bd37670ae4f538a\/internal_photos\/bs\/2025\/Y\/r\/vwxe4iTxyU2YeHooF5Mg\/ato-mulheres2.jpg\" alt=\"Grupo em Campinas levou faixa para cobrar o fim dos feminic\u00eddios \u2014 Foto: Vaner Santos\/EPTV\" name=\"Grupo em Campinas levou faixa para cobrar o fim dos feminic\u00eddios\" data-idx=\"7\" \/><\/div>\n<div class=\"glry-v2__slide\"><img decoding=\"async\" class=\"glry-v2__slide__img  glry-v2__slide__img--h \" src=\"https:\/\/s2-g1.glbimg.com\/7ZxfI74C8HyAWDdvUvorR2rYu90=\/0x0:1544x844\/1544x844\/smart\/filters:strip_icc()\/i.s3.glbimg.com\/v1\/AUTH_59edd422c0c84a879bd37670ae4f538a\/internal_photos\/bs\/2025\/d\/q\/qR5BnmRZmuBcXwqLBeEA\/ato-mulheres1.jpg\" alt=\"Protesta contra viol\u00eancia de g\u00eanero ocupou rua do Centro de Campinas \u2014 Foto: Vaner Santos\/EPTV\" name=\"Protesta contra viol\u00eancia de g\u00eanero ocupou rua do Centro de Campinas\" data-idx=\"8\" \/><\/div>\n<div class=\"glry-v2__slide\"><img decoding=\"async\" class=\"glry-v2__slide__img  glry-v2__slide__img--h \" src=\"https:\/\/s2-g1.glbimg.com\/AhdSYlGxBot-_z6xwcAorWmIksY=\/0x0:1533x816\/1533x816\/smart\/filters:strip_icc()\/i.s3.glbimg.com\/v1\/AUTH_59edd422c0c84a879bd37670ae4f538a\/internal_photos\/bs\/2025\/a\/O\/yEW7M0Skq8iZnaAmccBA\/ato-mulheres.jpg\" alt=\"Protesto em Campinas cobrou a\u00e7\u00f5es para conter viol\u00eancia de g\u00eanero \u2014 Foto: Vaner Santos\/EPTV\" name=\"Protesto em Campinas cobrou a\u00e7\u00f5es para conter viol\u00eancia de g\u00eanero\" data-idx=\"9\" \/><\/div>\n<\/div>\n<div class=\"glry-v2__nav\"><\/div>\n<\/div>\n<div class=\"glry-v2__description\">\n<div class=\"glry-v2__description__counter\">1\/10<\/div>\n<div class=\"glry-v2__description__caption\">Manifestantes se reuniram na Esta\u00e7\u00e3o Cultura para ato contra viol\u00eancia contra mulher em Campinas \u2014 Foto: Arquivo pessoal<\/div>\n<\/div>\n<div class=\"glry-v2__thumbnails\">\n<div class=\"glry-v2__thumbnail active glry-v2__thumbnail--active\"><img decoding=\"async\" class=\"glry-v2__thumbnail__img\" src=\"https:\/\/s2-g1.glbimg.com\/ojBENtIwivJPsQhzagNI4sWP1KU=\/146x71\/smart\/filters:extract_focal():strip_icc()\/s2-g1.glbimg.com\/rdcrakpFrCfg42Ej8xFwOHfmBF8%3D\/0x0%3A1200x900\/1200x900\/smart\/filters%3Astrip_icc%28%29\/i.s3.glbimg.com\/v1\/AUTH_59edd422c0c84a879bd37670ae4f538a\/internal_photos\/bs\/2025\/9\/e\/Sk3cJBQy6gy4e4rORGhA\/design-sem-nome-6-.jpg\" alt=\"Manifestantes se reuniram na Esta\u00e7\u00e3o Cultura para ato contra viol\u00eancia contra mulher em Campinas\" \/><\/div>\n<div class=\"glry-v2__thumbnail\"><img decoding=\"async\" class=\"glry-v2__thumbnail__img\" src=\"https:\/\/s2-g1.glbimg.com\/lePH3pPpoHBbrXFlLr7Lq0chZ18=\/146x71\/smart\/filters:extract_focal():strip_icc()\/s2-g1.glbimg.com\/iA4EuEnmRBHfGHIccR0MsuErLN4%3D\/0x0%3A1200x900\/1200x900\/smart\/filters%3Astrip_icc%28%29\/i.s3.glbimg.com\/v1\/AUTH_59edd422c0c84a879bd37670ae4f538a\/internal_photos\/bs\/2025\/B\/e\/5C49D5SP2ewNQuWtl60Q\/design-sem-nome-5-.jpg\" alt=\"Com faixas e cartazes, grupo em Campinas cobrou pol\u00edticas contra viol\u00eancia de g\u00eanero\" \/><\/div>\n<div class=\"glry-v2__thumbnail\"><img decoding=\"async\" class=\"glry-v2__thumbnail__img\" src=\"https:\/\/s2-g1.glbimg.com\/7wqm1OH7oxO4ndI5hbrgyeYHIf8=\/146x71\/smart\/filters:extract_focal():strip_icc()\/s2-g1.glbimg.com\/tLT55lVtxZ4ulrnIM-EHbECdMeY%3D\/0x0%3A1200x900\/1200x900\/smart\/filters%3Astrip_icc%28%29\/i.s3.glbimg.com\/v1\/AUTH_59edd422c0c84a879bd37670ae4f538a\/internal_photos\/bs\/2025\/Q\/K\/mCvPp1SmmRYjKuBodXlg\/design-sem-nome-4-.jpg\" alt=\"Cartazes denunciavam machismo e misoginia durante protesto em Campinas\" \/><\/div>\n<div class=\"glry-v2__thumbnail\"><img decoding=\"async\" class=\"glry-v2__thumbnail__img\" src=\"https:\/\/s2-g1.glbimg.com\/GkudvwZr0rLvDjggcdzE8BmnS80=\/146x71\/smart\/filters:extract_focal():strip_icc()\/s2-g1.glbimg.com\/fNbiSnabKw99mKJOs19sinTXkSc%3D\/0x0%3A1200x900\/1200x900\/smart\/filters%3Astrip_icc%28%29\/i.s3.glbimg.com\/v1\/AUTH_59edd422c0c84a879bd37670ae4f538a\/internal_photos\/bs\/2025\/a\/b\/LiKh1SSOK0HOroY6sl3w\/design-sem-nome-3-.jpg\" alt=\"Manifestantes caminharam da Esta\u00e7\u00e3o Cultura at\u00e9 a Catedral Metropolitana, em Campinas, durante ato contra viol\u00eancia de g\u00eanero\" \/><\/div>\n<div class=\"glry-v2__thumbnail\"><img decoding=\"async\" class=\"glry-v2__thumbnail__img\" src=\"https:\/\/s2-g1.glbimg.com\/QpI198M_dWDycocXp3IU9GOEIrI=\/146x71\/smart\/filters:extract_focal():strip_icc()\/s2-g1.glbimg.com\/zaJ4PSqXFthfg5sVDmsp7UlXDhg%3D\/0x0%3A1532x853\/1532x853\/smart\/filters%3Astrip_icc%28%29\/i.s3.glbimg.com\/v1\/AUTH_59edd422c0c84a879bd37670ae4f538a\/internal_photos\/bs\/2025\/j\/U\/bsTnUmQ8i8fKS6nmM2aA\/ato-mulheres5.jpg\" alt=\"Grupo levou cartazes para protestar contra a viol\u00eancia de g\u00eanero em Campinas\" \/><\/div>\n<div class=\"glry-v2__thumbnail\"><img decoding=\"async\" class=\"glry-v2__thumbnail__img\" src=\"https:\/\/s2-g1.glbimg.com\/0aNhBWlKr3edv9BKWsQwzi8ZeAU=\/146x71\/smart\/filters:extract_focal():strip_icc()\/s2-g1.glbimg.com\/FTzcJmtiQibiqpuK4lIDC0MFAFs%3D\/0x0%3A1529x843\/1529x843\/smart\/filters%3Astrip_icc%28%29\/i.s3.glbimg.com\/v1\/AUTH_59edd422c0c84a879bd37670ae4f538a\/internal_photos\/bs\/2025\/D\/D\/T7SUBjRYuXAhPEmomabg\/ato-mulheres4.jpg\" alt=\"Homenagem \u00e0s v\u00edtimas de feminic\u00eddio marcou protesto em Campinas neste domingo (7)\" \/><\/div>\n<div class=\"glry-v2__thumbnail\"><img decoding=\"async\" class=\"glry-v2__thumbnail__img\" src=\"https:\/\/s2-g1.glbimg.com\/q1Sikdpxv4SWSt5Z2RFeTDMudQ8=\/146x71\/smart\/filters:extract_focal():strip_icc()\/s2-g1.glbimg.com\/QYgIq8yDPZeoM_W9dpBJBIlO_2c%3D\/0x0%3A1471x865\/1471x865\/smart\/filters%3Astrip_icc%28%29\/i.s3.glbimg.com\/v1\/AUTH_59edd422c0c84a879bd37670ae4f538a\/internal_photos\/bs\/2025\/h\/e\/GvzTLUQyWuUTAzGcxD5w\/ato-mulheres3.jpg\" alt=\"Ato contra viol\u00eancia de g\u00eanero reuniu fam\u00edlias em Campinas neste domingo (7)\" \/><\/div>\n<div class=\"glry-v2__thumbnail\"><img decoding=\"async\" class=\"glry-v2__thumbnail__img\" src=\"https:\/\/s2-g1.glbimg.com\/QE1_7SCSjuJDXBXK8xPsivOzjJU=\/146x71\/smart\/filters:extract_focal():strip_icc()\/s2-g1.glbimg.com\/QNwVomlhrpKxYHzpuWedSsuPNAU%3D\/0x0%3A1535x856\/1535x856\/smart\/filters%3Astrip_icc%28%29\/i.s3.glbimg.com\/v1\/AUTH_59edd422c0c84a879bd37670ae4f538a\/internal_photos\/bs\/2025\/Y\/r\/vwxe4iTxyU2YeHooF5Mg\/ato-mulheres2.jpg\" alt=\"Grupo em Campinas levou faixa para cobrar o fim dos feminic\u00eddios\" \/><\/div>\n<div class=\"glry-v2__thumbnail\"><img decoding=\"async\" class=\"glry-v2__thumbnail__img\" src=\"https:\/\/s2-g1.glbimg.com\/o7W5Nvb4sR-Hr3bkRFM7510uVZ8=\/146x71\/smart\/filters:extract_focal():strip_icc()\/s2-g1.glbimg.com\/7ZxfI74C8HyAWDdvUvorR2rYu90%3D\/0x0%3A1544x844\/1544x844\/smart\/filters%3Astrip_icc%28%29\/i.s3.glbimg.com\/v1\/AUTH_59edd422c0c84a879bd37670ae4f538a\/internal_photos\/bs\/2025\/d\/q\/qR5BnmRZmuBcXwqLBeEA\/ato-mulheres1.jpg\" alt=\"Protesta contra viol\u00eancia de g\u00eanero ocupou rua do Centro de Campinas\" \/><\/div>\n<div class=\"glry-v2__thumbnail\"><img decoding=\"async\" class=\"glry-v2__thumbnail__img\" src=\"https:\/\/s2-g1.glbimg.com\/WvM8ldYfR_PvZM5Zra5vaw68pRU=\/146x71\/smart\/filters:extract_focal():strip_icc()\/s2-g1.glbimg.com\/AhdSYlGxBot-_z6xwcAorWmIksY%3D\/0x0%3A1533x816\/1533x816\/smart\/filters%3Astrip_icc%28%29\/i.s3.glbimg.com\/v1\/AUTH_59edd422c0c84a879bd37670ae4f538a\/internal_photos\/bs\/2025\/a\/O\/yEW7M0Skq8iZnaAmccBA\/ato-mulheres.jpg\" alt=\"Protesto em Campinas cobrou a\u00e7\u00f5es para conter viol\u00eancia de g\u00eanero\" \/><\/div>\n<\/div>\n<\/div>\n<\/div>\n<div id=\"chunk-cn01\">\n<div class=\"mc-column content-text active-extra-styles\" data-block-type=\"raw\" data-block-weight=\"2\" data-block-id=\"85\">\n<div class=\"content-intertitle\">\n<h2>Medidas protetivas<\/h2>\n<\/div>\n<\/div>\n<\/div>\n<div id=\"chunk-1qb1r\">\n<div class=\"mc-column content-text active-extra-styles \" data-block-type=\"unstyled\" data-block-weight=\"36\" data-block-id=\"86\">\n<p class=\" content-text__container \" data-track-category=\"Link no Texto\" data-track-links=\"\" data-mrf-recirculation=\"Mat\u00e9ria - Links no Texto\">As mulheres n\u00e3o necessitam de um fato que \u00e9 considerado crime para solicitar uma medida protetiva.\u00a0<span class=\"highlight highlighted\">Ci\u00fame excessivo, persegui\u00e7\u00e3o ou controle de patrim\u00f4nio<\/span>, por exemplo, j\u00e1 s\u00e3o situa\u00e7\u00f5es em que a mulher pode solicitar a prote\u00e7\u00e3o.<\/p>\n<\/div>\n<\/div>\n<div id=\"chunk-731n6\">\n<div class=\"mc-column content-text active-extra-styles \" data-block-type=\"unstyled\" data-block-weight=\"27\" data-block-id=\"87\">\n<p class=\" content-text__container \" data-track-category=\"Link no Texto\" data-track-links=\"\" data-mrf-recirculation=\"Mat\u00e9ria - Links no Texto\">A\u00a0<strong>medida protetiva pode ser solicitada atrav\u00e9s da\u00a0<\/strong><a class=\"\" href=\"https:\/\/g1.globo.com\/tudo-sobre\/policia-civil\/\" data-mrf-link=\"https:\/\/g1.globo.com\/tudo-sobre\/policia-civil\/\"><strong>Pol\u00edcia Civil<\/strong><\/a><strong>:<\/strong>\u00a0na delegacia mais pr\u00f3xima, na Delegacia da Mulher, pelo\u00a0<a class=\"\" href=\"https:\/\/www.pcdf.df.gov.br\/servicos\/delegacia-eletronica\" target=\"_blank\" rel=\"noopener\" data-mrf-link=\"https:\/\/www.pcdf.df.gov.br\/servicos\/delegacia-eletronica\">site da Delegacia Eletr\u00f4nica<\/a>, ou pelo n\u00famero 197.<\/p>\n<\/div>\n<\/div>\n<div id=\"chunk-7bs6p\">\n<div class=\"mc-column content-text active-extra-styles \" data-block-type=\"unstyled\" data-block-weight=\"20\" data-block-id=\"88\">\n<p class=\" content-text__container \" data-track-category=\"Link no Texto\" data-track-links=\"\" data-mrf-recirculation=\"Mat\u00e9ria - Links no Texto\">A autoridade policial registrar\u00e1 o pedido e ir\u00e1 remet\u00ea-lo ao juiz(a), que dever\u00e1 apreciar este requerimento em at\u00e9 48 horas.<\/p>\n<\/div>\n<\/div>\n<div id=\"chunk-6jdhk\">\n<div class=\"mc-column content-text active-extra-styles \" data-block-type=\"unstyled\" data-block-weight=\"33\" data-block-id=\"90\">\n<p class=\" content-text__container \" data-track-category=\"Link no Texto\" data-track-links=\"\" data-mrf-recirculation=\"Mat\u00e9ria - Links no Texto\"><em>\ud83d\udc49 Caso a medida protetiva concedida n\u00e3o cesse as agress\u00f5es ou amea\u00e7as, a mulher pode solicitar outras medidas protetivas mais adequadas, bem como denunciar o descumprimento da medida. O descumprimento \u00e9 configurado crime.<\/em><\/p>\n<\/div>\n<\/div>\n<div data-track-category=\"multicontent\" data-track-action=\"multicontent\" data-track-noninteraction=\"false\" data-track-scroll=\"ultimo chunk conteudo\" data-track-value=\"view\">\n<div id=\"chunk-4tupf\">\n<div class=\"cxm-block-video content-media mc-column \" data-block-type=\"backstage-video\" data-block-id=\"91\">\n<div class=\"cxm-block-video__container cxm-block-video__container--fallback \">\n<div class=\"cxm-block-video__player-fixer\">\n<article class=\"cxm-block-video__player-wrapper\">\n<section class=\"cxm-block-video__player\">\n<div class=\"cxm-block-video__placeholder\" data-video-id=\"10217561\"><img decoding=\"async\" class=\"cxm-block-video__thumb\" title=\"Viol\u00eancia contra mulher: como pedir ajuda\" src=\"https:\/\/s02.video.glbimg.com\/x240\/10217561.jpg\" alt=\"Viol\u00eancia contra mulher: como pedir ajuda\" \/><\/div>\n<\/section>\n<\/article>\n<\/div>\n<div class=\"cxm-block-video__caption-container\">\n<p class=\"codex-caption codex-caption--small\">Viol\u00eancia contra mulher: como pedir ajuda<\/p>\n<p>Fonte: G1<\/p>\n<\/div>\n<\/div>\n<\/div>\n<\/div>\n<\/div>\n<\/div>\n<\/article>\n<\/div>\n","protected":false},"excerpt":{"rendered":"<p>Protestos contra feminic\u00eddio re\u00fanem manifestantes em SP, RJ, BH e outras cidades brasileiras; veja FOTOS Segundo o movimento Levante Mulheres<\/p>\n","protected":false},"author":1,"featured_media":10792,"comment_status":"open","ping_status":"open","sticky":false,"template":"","format":"standard","meta":{"colormag_page_container_layout":"default_layout","colormag_page_sidebar_layout":"default_layout","footnotes":""},"categories":[1],"tags":[],"class_list":["post-10785","post","type-post","status-publish","format-standard","has-post-thumbnail","hentry","category-geral"],"_links":{"self":[{"href":"http:\/\/metropoleemfoco.com.br\/index.php?rest_route=\/wp\/v2\/posts\/10785","targetHints":{"allow":["GET"]}}],"collection":[{"href":"http:\/\/metropoleemfoco.com.br\/index.php?rest_route=\/wp\/v2\/posts"}],"about":[{"href":"http:\/\/metropoleemfoco.com.br\/index.php?rest_route=\/wp\/v2\/types\/post"}],"author":[{"embeddable":true,"href":"http:\/\/metropoleemfoco.com.br\/index.php?rest_route=\/wp\/v2\/users\/1"}],"replies":[{"embeddable":true,"href":"http:\/\/metropoleemfoco.com.br\/index.php?rest_route=%2Fwp%2Fv2%2Fcomments&post=10785"}],"version-history":[{"count":1,"href":"http:\/\/metropoleemfoco.com.br\/index.php?rest_route=\/wp\/v2\/posts\/10785\/revisions"}],"predecessor-version":[{"id":10793,"href":"http:\/\/metropoleemfoco.com.br\/index.php?rest_route=\/wp\/v2\/posts\/10785\/revisions\/10793"}],"wp:featuredmedia":[{"embeddable":true,"href":"http:\/\/metropoleemfoco.com.br\/index.php?rest_route=\/wp\/v2\/media\/10792"}],"wp:attachment":[{"href":"http:\/\/metropoleemfoco.com.br\/index.php?rest_route=%2Fwp%2Fv2%2Fmedia&parent=10785"}],"wp:term":[{"taxonomy":"category","embeddable":true,"href":"http:\/\/metropoleemfoco.com.br\/index.php?rest_route=%2Fwp%2Fv2%2Fcategories&post=10785"},{"taxonomy":"post_tag","embeddable":true,"href":"http:\/\/metropoleemfoco.com.br\/index.php?rest_route=%2Fwp%2Fv2%2Ftags&post=10785"}],"curies":[{"name":"wp","href":"https:\/\/api.w.org\/{rel}","templated":true}]}}