{"id":10784,"date":"2025-12-08T13:42:28","date_gmt":"2025-12-08T16:42:28","guid":{"rendered":"http:\/\/metropoleemfoco.com.br\/?p=10784"},"modified":"2025-12-08T13:42:28","modified_gmt":"2025-12-08T16:42:28","slug":"ato-pro-anistia-a-bolsonaro-reune-manifestantes-na-avenida-paulista-em-sp","status":"publish","type":"post","link":"http:\/\/metropoleemfoco.com.br\/?p=10784","title":{"rendered":"Ato pr\u00f3-anistia a Bolsonaro re\u00fane manifestantes na Avenida Paulista em SP"},"content":{"rendered":"<div class=\"mc-article-header\">\n<div class=\"row content-head mc-column non-featured \">\n<div class=\"title\" data-block-type=\"title\" data-block-id=\"0\">\n<h1 class=\"content-head__title\">Ato pr\u00f3-anistia a Bolsonaro re\u00fane manifestantes na Avenida Paulista em SP<\/h1>\n<\/div>\n<div class=\"medium-centered subtitle\">\n<h2 class=\"content-head__subtitle\">Organizado pelo Padre Kelmon e pelo vice-prefeito de S\u00e3o Paulo, Coronel Mello Ara\u00fajo, o ato pediu anistia para ex-presidente Jair Bolsonaro e liberdade aos condenados pelo 8 de janeiro.<\/h2>\n<\/div>\n<\/div>\n<div class=\"content__signa-share mc-column\">\n<div class=\"content__signature\">\n<div class=\"content-publication-data\">\n<div class=\"content-publication-data__text\">\n<p class=\"content-publication-data__from\" title=\"Reda\u00e7\u00e3o g1 SP\">Por\u00a0<a class=\"multi_signatures\" href=\"https:\/\/g1.globo.com\/autores\/redacao-g1-sp\/\">Reda\u00e7\u00e3o g1 SP<\/a><\/p>\n<\/div>\n<\/div>\n<\/div>\n<\/div>\n<div class=\"glb-share-bar content__share-bar\">\n<div class=\"glb-share-bar_icons\">\n<div class=\"glb-share-bar_button-img\"><\/div>\n<\/div>\n<\/div>\n<\/div>\n<div class=\"mc-article-body\">\n<article>\n<div id=\"chunk-bs9cd\">\n<div class=\"row medium-uncollapsed content-media content-photo\" data-block-type=\"backstage-photo\" data-block-id=\"1\">\n<div class=\" mc-column  content-media__container\">\n<div class=\"content-media-container glb-skeleton-box\">\n<figure class=\"content-media-figure\"><img decoding=\"async\" class=\"i-amphtml-fill-content i-amphtml-replaced-content\" src=\"https:\/\/s2-g1.glbimg.com\/iRJ2dv5XmI5HcuN3vvuwSK4uwbI=\/0x0:3000x2000\/984x0\/smart\/filters:strip_icc()\/i.s3.glbimg.com\/v1\/AUTH_59edd422c0c84a879bd37670ae4f538a\/internal_photos\/bs\/2025\/4\/l\/u7Z2W3Sz6ifsYf3z90xA\/rua20251207024.jpg\" sizes=\"(max-width: 1366px) 648px, 100vw\" srcset=\"https:\/\/s2-g1.glbimg.com\/je5FADn__Id2QcMabiQAw922vQI=\/0x0:3000x2000\/1000x0\/smart\/filters:strip_icc()\/i.s3.glbimg.com\/v1\/AUTH_59edd422c0c84a879bd37670ae4f538a\/internal_photos\/bs\/2025\/4\/l\/u7Z2W3Sz6ifsYf3z90xA\/rua20251207024.jpg 1000w, https:\/\/s2-g1.glbimg.com\/iRJ2dv5XmI5HcuN3vvuwSK4uwbI=\/0x0:3000x2000\/984x0\/smart\/filters:strip_icc()\/i.s3.glbimg.com\/v1\/AUTH_59edd422c0c84a879bd37670ae4f538a\/internal_photos\/bs\/2025\/4\/l\/u7Z2W3Sz6ifsYf3z90xA\/rua20251207024.jpg 984w, https:\/\/s2-g1.glbimg.com\/HuHM-C0ipEcwHGsGnzvMHIivDwM=\/0x0:3000x2000\/640x0\/smart\/filters:strip_icc()\/i.s3.glbimg.com\/v1\/AUTH_59edd422c0c84a879bd37670ae4f538a\/internal_photos\/bs\/2025\/4\/l\/u7Z2W3Sz6ifsYf3z90xA\/rua20251207024.jpg 640w, https:\/\/s2-g1.glbimg.com\/dpnMlehmo8CUvgMIAbBwLDadGwo=\/0x0:3000x2000\/600x0\/smart\/filters:strip_icc()\/i.s3.glbimg.com\/v1\/AUTH_59edd422c0c84a879bd37670ae4f538a\/internal_photos\/bs\/2025\/4\/l\/u7Z2W3Sz6ifsYf3z90xA\/rua20251207024.jpg 600w\" alt=\"Apoiadores do ex-presidente Jair Messias Bolsonaro (PL) participam de uma caminhada pela anistia na Avenida Paulista, neste domingo, 7 de dezembro de 2025. O ato foi organizado pelo Padre Kelmon \u2014 Foto: F\u00c1BIO VIEIRA\/FOTORUA\/ESTAD\u00c3O CONTE\u00daDO\" \/><\/figure>\n<\/div>\n<p class=\"content-media__description  \">Apoiadores do ex-presidente Jair Messias Bolsonaro (PL) participam de uma caminhada pela anistia na Avenida Paulista, neste domingo, 7 de dezembro de 2025. O ato foi organizado pelo Padre Kelmon \u2014 Foto: F\u00c1BIO VIEIRA\/FOTORUA\/ESTAD\u00c3O CONTE\u00daDO<\/p>\n<\/div>\n<\/div>\n<\/div>\n<div id=\"chunk-3ivjv\">\n<div class=\"mc-column content-text active-extra-styles \" data-block-type=\"unstyled\" data-block-weight=\"37\" data-block-id=\"2\">\n<p class=\" content-text__container \" data-track-category=\"Link no Texto\" data-track-links=\"\" data-mrf-recirculation=\"Mat\u00e9ria - Links no Texto\">Apoiadores do ex-presidente Jair Bolsonaro realizaram a 2\u00aa Caminhada pela Anistia na tarde deste domingo (7). O grupo se concentra\u00e7\u00e3o \u00e0s 13h em frente \u00e0 Gazeta, na Avenida Paulista, e seguiu em dire\u00e7\u00e3o \u00e0 Catedral da S\u00e9.<\/p>\n<\/div>\n<\/div>\n<div class=\"wall protected-content\">\n<div id=\"chunk-b6kip\">\n<div class=\"mc-column content-text active-extra-styles \" data-block-type=\"unstyled\" data-block-weight=\"28\" data-block-id=\"4\">\n<p class=\" content-text__container \" data-track-category=\"Link no Texto\" data-track-links=\"\" data-mrf-recirculation=\"Mat\u00e9ria - Links no Texto\">Organizado pelo Padre Kelmon e pelo vice-prefeito de\u00a0<a class=\"\" href=\"https:\/\/g1.globo.com\/sp\/sao-paulo\/cidade\/sao-paulo\/\" data-mrf-link=\"https:\/\/g1.globo.com\/sp\/sao-paulo\/cidade\/sao-paulo\/\">S\u00e3o Paulo<\/a>, Coronel Mello Ara\u00fajo, o ato pediu anistia para Bolsonaro e liberdade aos condenados pelo 8 de janeiro.<\/p>\n<\/div>\n<\/div>\n<div id=\"chunk-a31n6\">\n<div class=\"mc-column content-text active-extra-styles \" data-block-type=\"unstyled\" data-block-weight=\"25\" data-block-id=\"5\">\n<p class=\" content-text__container \" data-track-category=\"Link no Texto\" data-track-links=\"\" data-mrf-recirculation=\"Mat\u00e9ria - Links no Texto\">Segundo a metodologia do Monitor do Debate Pol\u00edtico do Cebrap, em parceria com a ONG More in Common,\u00a0<strong>1,4 mil pessoas participaram do ato.<\/strong><\/p>\n<\/div>\n<\/div>\n<div id=\"chunk-5c3dk\">\n<div class=\"mc-column content-text active-extra-styles \" data-block-type=\"unstyled\" data-block-weight=\"38\" data-block-id=\"6\">\n<p class=\" content-text__container \" data-track-category=\"Link no Texto\" data-track-links=\"\" data-mrf-recirculation=\"Mat\u00e9ria - Links no Texto\">Com a margem de erro de 12%, o c\u00e1lculo aponta um p\u00fablico, no momento de pico, entre 1,2 mil e 1,5 mil participantes.\u00a0<strong>A contagem foi feita a partir de fotos a\u00e9reas analisadas com software de intelig\u00eancia artificial.<\/strong><\/p>\n<\/div>\n<\/div>\n<div id=\"chunk-3doe4\">\n<div class=\"mc-column content-text active-extra-styles \" data-block-type=\"unstyled\" data-block-weight=\"43\" data-block-id=\"8\">\n<p class=\" content-text__container \" data-track-category=\"Link no Texto\" data-track-links=\"\" data-mrf-recirculation=\"Mat\u00e9ria - Links no Texto\">Para a contagem, foram tiradas fotos em 2 diferentes hor\u00e1rios (13h40 e 15h08) durante toda amanifesta\u00e7\u00e3o, totalizando 4 imagens. Duas fotos tiradas \u00e0s 15h08 foram selecionadas, que foi momento de pico do ato. As imagens cobriam toda a extens\u00e3o da manifesta\u00e7\u00e3o, sem sobreposi\u00e7\u00e3o.<\/p>\n<\/div>\n<\/div>\n<div id=\"chunk-9i3g6\">\n<div class=\"mc-column content-text active-extra-styles \" data-block-type=\"unstyled\" data-block-weight=\"29\" data-block-id=\"9\">\n<p class=\" content-text__container \" data-track-category=\"Link no Texto\" data-track-links=\"\" data-mrf-recirculation=\"Mat\u00e9ria - Links no Texto\">Em nota enviada na \u00faltima quinta-feira (5), a Secretaria da Seguran\u00e7a P\u00fablica informou que a Pol\u00edcia Militar mobilizou equipes do BAEP, CPAM-1 e CPTran para acompanhar a manifesta\u00e7\u00e3o.<\/p>\n<\/div>\n<\/div>\n<div id=\"chunk-d26b1\">\n<div class=\"row medium-uncollapsed content-media content-photo\" data-block-type=\"backstage-photo\" data-block-id=\"10\">\n<div class=\" mc-column  content-media__container\">\n<div class=\"content-media-container glb-skeleton-box\">\n<figure class=\"content-media-figure\"><img decoding=\"async\" class=\"i-amphtml-fill-content i-amphtml-replaced-content\" src=\"https:\/\/s2-g1.glbimg.com\/ASMRyzHzNJVO1OpeQpNp1kCiiWg=\/0x0:3000x2000\/984x0\/smart\/filters:strip_icc()\/i.s3.glbimg.com\/v1\/AUTH_59edd422c0c84a879bd37670ae4f538a\/internal_photos\/bs\/2025\/K\/O\/JsbzFzQBWUv4EGW9ltXg\/rua20251207030.jpg\" sizes=\"(max-width: 1366px) 648px, 100vw\" srcset=\"https:\/\/s2-g1.glbimg.com\/sg0cmr4b0BsUW8275r0m4gTkNdU=\/0x0:3000x2000\/1000x0\/smart\/filters:strip_icc()\/i.s3.glbimg.com\/v1\/AUTH_59edd422c0c84a879bd37670ae4f538a\/internal_photos\/bs\/2025\/K\/O\/JsbzFzQBWUv4EGW9ltXg\/rua20251207030.jpg 1000w, https:\/\/s2-g1.glbimg.com\/ASMRyzHzNJVO1OpeQpNp1kCiiWg=\/0x0:3000x2000\/984x0\/smart\/filters:strip_icc()\/i.s3.glbimg.com\/v1\/AUTH_59edd422c0c84a879bd37670ae4f538a\/internal_photos\/bs\/2025\/K\/O\/JsbzFzQBWUv4EGW9ltXg\/rua20251207030.jpg 984w, https:\/\/s2-g1.glbimg.com\/-DYWGgMx7I8mmtYFTppkuHLtQoc=\/0x0:3000x2000\/640x0\/smart\/filters:strip_icc()\/i.s3.glbimg.com\/v1\/AUTH_59edd422c0c84a879bd37670ae4f538a\/internal_photos\/bs\/2025\/K\/O\/JsbzFzQBWUv4EGW9ltXg\/rua20251207030.jpg 640w, https:\/\/s2-g1.glbimg.com\/jccusGP5E-XSNHXiQcp7cQlvlmE=\/0x0:3000x2000\/600x0\/smart\/filters:strip_icc()\/i.s3.glbimg.com\/v1\/AUTH_59edd422c0c84a879bd37670ae4f538a\/internal_photos\/bs\/2025\/K\/O\/JsbzFzQBWUv4EGW9ltXg\/rua20251207030.jpg 600w\" alt=\"Apoiadores do ex-presidente Jair Messias Bolsonaro (PL) participam de uma caminhada pela anistia na Avenida Paulista, neste domingo, 7 de dezembro de 2025. O ato foi organizado pelo Padre Kelmon. \u2014 Foto: F\u00c1BIO VIEIRA\/FOTORUA\/ESTAD\u00c3O CONTE\u00daDO\" \/><\/figure>\n<\/div>\n<p class=\"content-media__description  \">Apoiadores do ex-presidente Jair Messias Bolsonaro (PL) participam de uma caminhada pela anistia na Avenida Paulista, neste domingo, 7 de dezembro de 2025. O ato foi organizado pelo Padre Kelmon. \u2014 Foto: F\u00c1BIO VIEIRA\/FOTORUA\/ESTAD\u00c3O CONTE\u00daDO<\/p>\n<\/div>\n<\/div>\n<\/div>\n<div id=\"chunk-63rqe\">\n<div class=\"block-podcast\">Fonte: G1<\/div>\n<\/div>\n<\/div>\n<\/article>\n<\/div>\n","protected":false},"excerpt":{"rendered":"<p>Ato pr\u00f3-anistia a Bolsonaro re\u00fane manifestantes na Avenida Paulista em SP Organizado pelo Padre Kelmon e pelo vice-prefeito de S\u00e3o<\/p>\n","protected":false},"author":1,"featured_media":10790,"comment_status":"open","ping_status":"open","sticky":false,"template":"","format":"standard","meta":{"colormag_page_container_layout":"default_layout","colormag_page_sidebar_layout":"default_layout","footnotes":""},"categories":[1],"tags":[],"class_list":["post-10784","post","type-post","status-publish","format-standard","has-post-thumbnail","hentry","category-geral"],"_links":{"self":[{"href":"http:\/\/metropoleemfoco.com.br\/index.php?rest_route=\/wp\/v2\/posts\/10784","targetHints":{"allow":["GET"]}}],"collection":[{"href":"http:\/\/metropoleemfoco.com.br\/index.php?rest_route=\/wp\/v2\/posts"}],"about":[{"href":"http:\/\/metropoleemfoco.com.br\/index.php?rest_route=\/wp\/v2\/types\/post"}],"author":[{"embeddable":true,"href":"http:\/\/metropoleemfoco.com.br\/index.php?rest_route=\/wp\/v2\/users\/1"}],"replies":[{"embeddable":true,"href":"http:\/\/metropoleemfoco.com.br\/index.php?rest_route=%2Fwp%2Fv2%2Fcomments&post=10784"}],"version-history":[{"count":1,"href":"http:\/\/metropoleemfoco.com.br\/index.php?rest_route=\/wp\/v2\/posts\/10784\/revisions"}],"predecessor-version":[{"id":10791,"href":"http:\/\/metropoleemfoco.com.br\/index.php?rest_route=\/wp\/v2\/posts\/10784\/revisions\/10791"}],"wp:featuredmedia":[{"embeddable":true,"href":"http:\/\/metropoleemfoco.com.br\/index.php?rest_route=\/wp\/v2\/media\/10790"}],"wp:attachment":[{"href":"http:\/\/metropoleemfoco.com.br\/index.php?rest_route=%2Fwp%2Fv2%2Fmedia&parent=10784"}],"wp:term":[{"taxonomy":"category","embeddable":true,"href":"http:\/\/metropoleemfoco.com.br\/index.php?rest_route=%2Fwp%2Fv2%2Fcategories&post=10784"},{"taxonomy":"post_tag","embeddable":true,"href":"http:\/\/metropoleemfoco.com.br\/index.php?rest_route=%2Fwp%2Fv2%2Ftags&post=10784"}],"curies":[{"name":"wp","href":"https:\/\/api.w.org\/{rel}","templated":true}]}}