{"id":10783,"date":"2025-12-08T13:41:15","date_gmt":"2025-12-08T16:41:15","guid":{"rendered":"http:\/\/metropoleemfoco.com.br\/?p=10783"},"modified":"2025-12-08T13:41:15","modified_gmt":"2025-12-08T16:41:15","slug":"com-chuva-forte-cidade-de-sp-entra-em-estado-de-atencao-para-alagamentos","status":"publish","type":"post","link":"http:\/\/metropoleemfoco.com.br\/?p=10783","title":{"rendered":"Com chuva forte, cidade de SP entra em estado de aten\u00e7\u00e3o para alagamentos"},"content":{"rendered":"<div class=\"mc-article-header\">\n<div class=\"row content-head mc-column non-featured \">\n<div class=\"title\" data-block-type=\"title\" data-block-id=\"0\">\n<h1 class=\"content-head__title\">Com chuva forte, cidade de SP entra em estado de aten\u00e7\u00e3o para alagamentos<\/h1>\n<\/div>\n<div class=\"medium-centered subtitle\">\n<h2 class=\"content-head__subtitle\">Na Zona Leste, h\u00e1 chance de queda de granizo e forma\u00e7\u00e3o de alagamentos, nas subprefeituras da Mooca, Aricanduva\/Formosa e Penha, principalmente<\/h2>\n<\/div>\n<\/div>\n<div class=\"content__signa-share mc-column\">\n<div class=\"content__signature\">\n<div class=\"content-publication-data\">\n<div class=\"content-publication-data__text\">\n<p class=\"content-publication-data__from\" title=\"Reda\u00e7\u00e3o g1 SP\">Por\u00a0<a class=\"multi_signatures\" href=\"https:\/\/g1.globo.com\/autores\/redacao-g1-sp\/\">Reda\u00e7\u00e3o g1 SP<\/a><\/p>\n<\/div>\n<\/div>\n<\/div>\n<\/div>\n<div class=\"glb-share-bar content__share-bar\">\n<div class=\"glb-share-bar_icons\">\n<div class=\"glb-share-bar_button-img\"><\/div>\n<\/div>\n<\/div>\n<\/div>\n<div class=\"mc-article-body\">\n<article>\n<div id=\"chunk-d1kur\">\n<div class=\"row medium-uncollapsed content-media content-photo\" data-block-type=\"backstage-photo\" data-block-id=\"1\">\n<div class=\" mc-column  content-media__container\">\n<div class=\"content-media-container glb-skeleton-box\">\n<figure class=\"content-media-figure\"><img decoding=\"async\" class=\"i-amphtml-fill-content i-amphtml-replaced-content\" src=\"https:\/\/s2-g1.glbimg.com\/07mfaIbFH9o-WWULSCnk9Bylw84=\/0x0:1920x1080\/984x0\/smart\/filters:strip_icc()\/i.s3.glbimg.com\/v1\/AUTH_59edd422c0c84a879bd37670ae4f538a\/internal_photos\/bs\/2025\/A\/J\/q4jNMsRhOEwRKiHDlBXQ\/gnews-anhaia-chuva-20251208-1241-frame-7626.jpeg\" sizes=\"(max-width: 1366px) 648px, 100vw\" srcset=\"https:\/\/s2-g1.glbimg.com\/y-S4x_qOlTbGpmtkssZVq5zNz2s=\/0x0:1920x1080\/1000x0\/smart\/filters:strip_icc()\/i.s3.glbimg.com\/v1\/AUTH_59edd422c0c84a879bd37670ae4f538a\/internal_photos\/bs\/2025\/A\/J\/q4jNMsRhOEwRKiHDlBXQ\/gnews-anhaia-chuva-20251208-1241-frame-7626.jpeg 1000w, https:\/\/s2-g1.glbimg.com\/07mfaIbFH9o-WWULSCnk9Bylw84=\/0x0:1920x1080\/984x0\/smart\/filters:strip_icc()\/i.s3.glbimg.com\/v1\/AUTH_59edd422c0c84a879bd37670ae4f538a\/internal_photos\/bs\/2025\/A\/J\/q4jNMsRhOEwRKiHDlBXQ\/gnews-anhaia-chuva-20251208-1241-frame-7626.jpeg 984w, https:\/\/s2-g1.glbimg.com\/0IiLAkrAo1lGyb43s1L2n4SkZS8=\/0x0:1920x1080\/640x0\/smart\/filters:strip_icc()\/i.s3.glbimg.com\/v1\/AUTH_59edd422c0c84a879bd37670ae4f538a\/internal_photos\/bs\/2025\/A\/J\/q4jNMsRhOEwRKiHDlBXQ\/gnews-anhaia-chuva-20251208-1241-frame-7626.jpeg 640w, https:\/\/s2-g1.glbimg.com\/RppRNEzefHF9J9gmp5WD_R7IA-I=\/0x0:1920x1080\/600x0\/smart\/filters:strip_icc()\/i.s3.glbimg.com\/v1\/AUTH_59edd422c0c84a879bd37670ae4f538a\/internal_photos\/bs\/2025\/A\/J\/q4jNMsRhOEwRKiHDlBXQ\/gnews-anhaia-chuva-20251208-1241-frame-7626.jpeg 600w\" alt=\"Anhaia Mello nesta segunda (8) \u2014 Foto: Reprodu\u00e7\u00e3o\" \/><\/figure>\n<\/div>\n<p class=\"content-media__description  \">Anhaia Mello nesta segunda (8) \u2014 Foto: Reprodu\u00e7\u00e3o<\/p>\n<\/div>\n<\/div>\n<\/div>\n<div id=\"chunk-4p88i\">\n<div class=\"mc-column content-text active-extra-styles \" data-block-type=\"unstyled\" data-block-weight=\"22\" data-block-id=\"2\">\n<p class=\" content-text__container \" data-track-category=\"Link no Texto\" data-track-links=\"\" data-mrf-recirculation=\"Mat\u00e9ria - Links no Texto\">Ap\u00f3s um fim de semana de altas temperaturas, a chuva atinge a cidade de\u00a0<a class=\"\" href=\"https:\/\/g1.globo.com\/sp\/sao-paulo\/cidade\/sao-paulo\/\" data-mrf-link=\"https:\/\/g1.globo.com\/sp\/sao-paulo\/cidade\/sao-paulo\/\">S\u00e3o Paulo<\/a>\u00a0na tarde desta segunda-feira (8).<\/p>\n<\/div>\n<\/div>\n<div class=\"wall protected-content\">\n<div id=\"chunk-9ehv2\">\n<div class=\"mc-column content-text active-extra-styles \" data-block-type=\"unstyled\" data-block-weight=\"27\" data-block-id=\"4\">\n<p class=\" content-text__container \" data-track-category=\"Link no Texto\" data-track-links=\"\" data-mrf-recirculation=\"Mat\u00e9ria - Links no Texto\"><strong>Primeiro, as Zonas Sul e Leste\u00a0<\/strong>da capital paulista entraram em estado de aten\u00e7\u00e3o para alagamentos \u00e0s 12h23, segundo o Centro de Gerenciamento de Emerg\u00eancias Clim\u00e1ticas (CGE).<\/p>\n<\/div>\n<\/div>\n<div id=\"chunk-2sv9g\">\n<div class=\"mc-column content-text active-extra-styles \" data-block-type=\"unstyled\" data-block-weight=\"12\" data-block-id=\"5\">\n<p class=\" content-text__container \" data-track-category=\"Link no Texto\" data-track-links=\"\" data-mrf-recirculation=\"Mat\u00e9ria - Links no Texto\">Depois, \u00e0s 13h, as demais regi\u00f5es tamb\u00e9m entraram em estado de aten\u00e7\u00e3o:<\/p>\n<\/div>\n<\/div>\n<div id=\"chunk-5bg4\">\n<div class=\"mc-column content-text active-extra-styles\" data-block-type=\"raw\" data-block-weight=\"23\" data-block-id=\"6\">\n<ul class=\"content-unordered-list\" data-mrf-recirculation=\"Mat\u00e9ria - Leia Tamb\u00e9m (Lista)\">\n<li>Zona Norte, \u00e0s 13h<\/li>\n<li>Zona Oeste, \u00e0s 13h<\/li>\n<li>Zona Sudeste, \u00e0s 13h<\/li>\n<li>Centro, \u00e0s 13h<\/li>\n<li>Marginal Tiet\u00ea, \u00e0s 13h<\/li>\n<li>Marginal Pinheiros, \u00e0s 13h<\/li>\n<\/ul>\n<\/div>\n<\/div>\n<div id=\"chunk-4tg0b\">\n<div class=\"mc-column content-text active-extra-styles \" data-block-type=\"unstyled\" data-block-weight=\"31\" data-block-id=\"7\">\n<p class=\" content-text__container \" data-track-category=\"Link no Texto\" data-track-links=\"\" data-mrf-recirculation=\"Mat\u00e9ria - Links no Texto\">O tempo abafado gerou \u00e1reas de instabilidade na capital paulista que atuam com forte intensidade, e de forma isolada. Por volta das 13h, o dia tinha virado noite em S\u00e3o Paulo.<\/p>\n<\/div>\n<\/div>\n<div id=\"chunk-4uh97\">\n<div class=\"mc-column content-text active-extra-styles \" data-block-type=\"unstyled\" data-block-weight=\"47\" data-block-id=\"9\">\n<p class=\" content-text__container \" data-track-category=\"Link no Texto\" data-track-links=\"\" data-mrf-recirculation=\"Mat\u00e9ria - Links no Texto\">Imagens do radar meteorol\u00f3gico do CGE mostram chuva forte com potencial para queda de granizo e forma\u00e7\u00e3o de alagamentos na Zona Leste, nas subprefeituras da Mooca, Aricanduva\/Formosa e Penha, principalmente. O mesmo quadro de chuva forte \u00e9 observado na Zona Sul, na subprefeitura de Parelheiros.<\/p>\n<\/div>\n<\/div>\n<div id=\"chunk-4k0j4\">\n<div class=\"mc-column content-text active-extra-styles \" data-block-type=\"unstyled\" data-block-weight=\"46\" data-block-id=\"10\">\n<p class=\" content-text__container \" data-track-category=\"Link no Texto\" data-track-links=\"\" data-mrf-recirculation=\"Mat\u00e9ria - Links no Texto\">H\u00e1 expectativa de que a Defesa Civil emita um\u00a0<strong>alerta de chuva forte para o estado todo<\/strong>, que vai come\u00e7ar a valer a partir desta tarde e com dura\u00e7\u00e3o at\u00e9 ter\u00e7a-feira (9) por causa da forma\u00e7\u00e3o de um ciclone extratropical na Regi\u00e3o Sul.\u00a0<em>(Entenda mais abaixo.)<\/em><\/p>\n<\/div>\n<\/div>\n<div id=\"chunk-egsmu\">\n<div class=\"mc-column content-text active-extra-styles\" data-block-type=\"raw\" data-block-weight=\"22\" data-block-id=\"11\">\n<blockquote class=\"content-blockquote theme-border-color-primary-before\"><p>O alerta de perigo \u00e9 para praticamente todo o estado, com previs\u00e3o de chuva forte e ventania, chance de granizo e risco.<\/p><\/blockquote>\n<\/div>\n<\/div>\n<div id=\"chunk-2k0gc\">\n<div class=\"mc-column content-text active-extra-styles \" data-block-type=\"unstyled\" data-block-weight=\"24\" data-block-id=\"12\">\n<p class=\" content-text__container \" data-track-category=\"Link no Texto\" data-track-links=\"\" data-mrf-recirculation=\"Mat\u00e9ria - Links no Texto\">No domingo, os term\u00f4metros chegaram perto dos 34\u00baC. E, nesta segunda, a previs\u00e3o \u00e9 de 31\u00baC de m\u00e1xima, mas com sensa\u00e7\u00e3o t\u00e9rmica de 34\u00baC.<\/p>\n<\/div>\n<\/div>\n<div id=\"chunk-8vb48\">\n<div class=\"mc-column content-text active-extra-styles \" data-block-type=\"unstyled\" data-block-weight=\"46\" data-block-id=\"13\">\n<p class=\" content-text__container \" data-track-category=\"Link no Texto\" data-track-links=\"\" data-mrf-recirculation=\"Mat\u00e9ria - Links no Texto\">A chuva pode se espalhar mais. As imagens de sat\u00e9lite mostram uma baixa press\u00e3o no Paraguai. A atmosfera est\u00e1 bastante aquecida. Ent\u00e3o, toda essa umidade vai atravessando parte do continente e do Brasil, passando por S\u00e3o Paulo e fazendo com quem surjam as nuvens de temporal.<\/p>\n<\/div>\n<\/div>\n<div id=\"chunk-1qb13\">\n<div class=\"cxm-block-video content-media mc-column \" data-block-type=\"backstage-video\" data-block-id=\"14\">\n<div class=\"cxm-block-video__container cxm-block-video__container--fallback \">\n<div class=\"cxm-block-video__player-fixer\">\n<article class=\"cxm-block-video__player-wrapper\">\n<section class=\"cxm-block-video__player\">\n<div class=\"cxm-block-video__placeholder\" data-video-id=\"14162363\"><img decoding=\"async\" class=\"cxm-block-video__thumb\" title=\"SP tem previs\u00e3o de chuva forte nesta segunda-feira\" src=\"https:\/\/s04.video.glbimg.com\/x240\/14162363.jpg\" alt=\"SP tem previs\u00e3o de chuva forte nesta segunda-feira\" \/><\/div>\n<\/section>\n<\/article>\n<\/div>\n<div class=\"cxm-block-video__caption-container\">\n<p class=\"codex-caption codex-caption--small\">SP tem previs\u00e3o de chuva forte nesta segunda-feira<\/p>\n<\/div>\n<\/div>\n<\/div>\n<\/div>\n<div id=\"chunk-cs50e\">\n<div class=\"mc-column content-text active-extra-styles\" data-block-type=\"raw\" data-block-weight=\"2\" data-block-id=\"16\">\n<div class=\"content-intertitle\">\n<h2>Ciclone extratropical<\/h2>\n<\/div>\n<\/div>\n<\/div>\n<div id=\"chunk-30doe\">\n<div class=\"cxm-block-video content-media mc-column \" data-block-type=\"backstage-video\" data-block-id=\"17\">\n<div class=\"cxm-block-video__container cxm-block-video__container--fallback \">\n<div class=\"cxm-block-video__player-fixer\">\n<article class=\"cxm-block-video__player-wrapper\">\n<section class=\"cxm-block-video__player\">\n<div class=\"cxm-block-video__placeholder\" data-video-id=\"14161575\"><img decoding=\"async\" class=\"cxm-block-video__thumb\" title=\"Ciclone extratropical em forma\u00e7\u00e3o deve mudar o tempo no Sul; confira previs\u00e3o\" src=\"https:\/\/s04.video.glbimg.com\/x240\/14161575.jpg\" alt=\"Ciclone extratropical em forma\u00e7\u00e3o deve mudar o tempo no Sul; confira previs\u00e3o\" \/><\/div>\n<\/section>\n<\/article>\n<\/div>\n<div class=\"cxm-block-video__caption-container\">\n<p class=\"codex-caption codex-caption--small\">Ciclone extratropical em forma\u00e7\u00e3o deve mudar o tempo no Sul; confira previs\u00e3o<\/p>\n<\/div>\n<\/div>\n<\/div>\n<\/div>\n<div id=\"chunk-9k21q\">\n<div class=\"mc-column content-text active-extra-styles \" data-block-type=\"unstyled\" data-block-weight=\"38\" data-block-id=\"18\">\n<p class=\" content-text__container \" data-track-category=\"Link no Texto\" data-track-links=\"\" data-mrf-recirculation=\"Mat\u00e9ria - Links no Texto\">Um novo<strong>\u00a0ciclone extratropical em forma\u00e7\u00e3o<\/strong>\u00a0entre segunda (8) e ter\u00e7a-feira (9) deve\u00a0<span class=\"highlight highlighted\">mudar o tempo no Sul, Sudeste e parte do Centro-Oeste<\/span>\u00a0e colocar milh\u00f5es de pessoas em alerta para temporais, ventania intensa e ondas fortes.<\/p>\n<\/div>\n<\/div>\n<div id=\"chunk-8tm1o\">\n<div class=\"mc-column content-text active-extra-styles \" data-block-type=\"unstyled\" data-block-weight=\"30\" data-block-id=\"19\">\n<p class=\" content-text__container \" data-track-category=\"Link no Texto\" data-track-links=\"\" data-mrf-recirculation=\"Mat\u00e9ria - Links no Texto\">O sistema, descrito pela Climatempo como de\u00a0<strong>forte intensidade<\/strong>, deve apresentar press\u00e3o atmosf\u00e9rica abaixo de 1.000 hPa \u2014 condi\u00e7\u00e3o que costuma potencializar tempestades severas e rajadas acima de 100 km\/h.<\/p>\n<\/div>\n<\/div>\n<div id=\"chunk-fgnij\">\n<div class=\"mc-column content-text active-extra-styles \" data-block-type=\"unstyled\" data-block-weight=\"44\" data-block-id=\"20\">\n<p class=\" content-text__container \" data-track-category=\"Link no Texto\" data-track-links=\"\" data-mrf-recirculation=\"Mat\u00e9ria - Links no Texto\">A partir de quarta (10), quando o ciclone j\u00e1 estar\u00e1 totalmente organizado e avan\u00e7ando para alto-mar na altura do litoral ga\u00facho, rajadas entre 90 km\/h e 120 km\/h podem atingir \u00e1reas do Rio Grande do Sul e Santa Catarina, sobretudo regi\u00f5es serranas e litor\u00e2neas.<\/p>\n<\/div>\n<\/div>\n<div id=\"chunk-83s5f\">\n<div class=\"mc-column content-text active-extra-styles \" data-block-type=\"unstyled\" data-block-weight=\"42\" data-block-id=\"22\">\n<p class=\" content-text__container \" data-track-category=\"Link no Texto\" data-track-links=\"\" data-mrf-recirculation=\"Mat\u00e9ria - Links no Texto\">O sistema tamb\u00e9m deve impactar\u00a0<strong>S\u00e3o Paulo, Rio de Janeiro, Minas Gerais e Mato Grosso do Sul<\/strong>, embora o centro do ciclone n\u00e3o avance sobre essas regi\u00f5es \u2014 ele se forma no Sul e se desloca para o oceano na costa ga\u00facha.<\/p>\n<\/div>\n<\/div>\n<div id=\"chunk-15lop\">\n<div class=\"row medium-uncollapsed content-media content-photo\" data-block-type=\"backstage-photo\" data-block-id=\"23\">\n<div class=\" mc-column  content-media__container\">\n<div class=\"content-media-container glb-skeleton-box\">\n<figure class=\"content-media-figure\"><img decoding=\"async\" class=\"i-amphtml-fill-content i-amphtml-replaced-content\" src=\"https:\/\/s2-g1.glbimg.com\/tDGL7lsO9vj_of92AUJfYWj6-U4=\/0x0:1200x800\/984x0\/smart\/filters:strip_icc()\/i.s3.glbimg.com\/v1\/AUTH_59edd422c0c84a879bd37670ae4f538a\/internal_photos\/bs\/2025\/D\/Y\/h1I5tzRvSDZqxq1uixhQ\/edig1-2025-11-08t130215.193.png\" sizes=\"(max-width: 1366px) 648px, 100vw\" srcset=\"https:\/\/s2-g1.glbimg.com\/Xkx4JZ122i80LdwzK7ISD_xtyso=\/0x0:1200x800\/1000x0\/smart\/filters:strip_icc()\/i.s3.glbimg.com\/v1\/AUTH_59edd422c0c84a879bd37670ae4f538a\/internal_photos\/bs\/2025\/D\/Y\/h1I5tzRvSDZqxq1uixhQ\/edig1-2025-11-08t130215.193.png 1000w, https:\/\/s2-g1.glbimg.com\/tDGL7lsO9vj_of92AUJfYWj6-U4=\/0x0:1200x800\/984x0\/smart\/filters:strip_icc()\/i.s3.glbimg.com\/v1\/AUTH_59edd422c0c84a879bd37670ae4f538a\/internal_photos\/bs\/2025\/D\/Y\/h1I5tzRvSDZqxq1uixhQ\/edig1-2025-11-08t130215.193.png 984w, https:\/\/s2-g1.glbimg.com\/4PbCGd1DxLL8I0jGnsqsa25sjOg=\/0x0:1200x800\/640x0\/smart\/filters:strip_icc()\/i.s3.glbimg.com\/v1\/AUTH_59edd422c0c84a879bd37670ae4f538a\/internal_photos\/bs\/2025\/D\/Y\/h1I5tzRvSDZqxq1uixhQ\/edig1-2025-11-08t130215.193.png 640w, https:\/\/s2-g1.glbimg.com\/4WYmt5FuwzJID_b5Eb7LDLIKTXc=\/0x0:1200x800\/600x0\/smart\/filters:strip_icc()\/i.s3.glbimg.com\/v1\/AUTH_59edd422c0c84a879bd37670ae4f538a\/internal_photos\/bs\/2025\/D\/Y\/h1I5tzRvSDZqxq1uixhQ\/edig1-2025-11-08t130215.193.png 600w\" alt=\"Raios em noite de ciclone extratropical no litoral de S\u00e3o Paulo \u2014 Foto: Rodolfo Bonafim\" \/><\/figure>\n<\/div>\n<p class=\"content-media__description  \">Raios em noite de ciclone extratropical no litoral de S\u00e3o Paulo \u2014 Foto: Rodolfo Bonafim<\/p>\n<\/div>\n<\/div>\n<\/div>\n<div id=\"chunk-7cqqa\">\n<div class=\"mc-column content-text active-extra-styles\" data-block-type=\"raw\" data-block-weight=\"10\" data-block-id=\"24\">\n<div class=\"content-intertitle\">\n<h2>Como o ciclone se forma e por que ser\u00e1 intenso<\/h2>\n<\/div>\n<\/div>\n<\/div>\n<div id=\"chunk-dqkka\">\n<div class=\"mc-column content-text active-extra-styles \" data-block-type=\"unstyled\" data-block-weight=\"35\" data-block-id=\"25\">\n<p class=\" content-text__container \" data-track-category=\"Link no Texto\" data-track-links=\"\" data-mrf-recirculation=\"Mat\u00e9ria - Links no Texto\">O ciclone extratropical nasce a partir da intensifica\u00e7\u00e3o de uma \u00e1rea de baixa press\u00e3o entre o sul do Paraguai, o nordeste da Argentina e o Rio Grande do Sul, na tarde e noite desta segunda-feira.<\/p>\n<\/div>\n<\/div>\n<div id=\"chunk-f4fp2\">\n<div class=\"mc-column content-text active-extra-styles \" data-block-type=\"unstyled\" data-block-weight=\"27\" data-block-id=\"26\">\n<p class=\" content-text__container \" data-track-category=\"Link no Texto\" data-track-links=\"\" data-mrf-recirculation=\"Mat\u00e9ria - Links no Texto\">Na madrugada de ter\u00e7a, o sistema se organiza completamente e cruza o territ\u00f3rio ga\u00facho de oeste para leste, alcan\u00e7ando a regi\u00e3o de Porto Alegre at\u00e9 a noite.<\/p>\n<\/div>\n<\/div>\n<div id=\"chunk-9hm33\">\n<div class=\"mc-column content-text active-extra-styles \" data-block-type=\"unstyled\" data-block-weight=\"32\" data-block-id=\"28\">\n<p class=\" content-text__container \" data-track-category=\"Link no Texto\" data-track-links=\"\" data-mrf-recirculation=\"Mat\u00e9ria - Links no Texto\">A press\u00e3o atmosf\u00e9rica muito baixa \u00e9 um dos fatores que turbina as rajadas de vento e facilita a forma\u00e7\u00e3o de nuvens do tipo\u00a0<em>cumulonimbus<\/em>, respons\u00e1veis por\u00a0<strong>temporais, raios, granizo e microexplos\u00f5es.<\/strong><\/p>\n<\/div>\n<\/div>\n<div id=\"chunk-ar8lh\">\n<div class=\"mc-column content-text active-extra-styles \" data-block-type=\"unstyled\" data-block-weight=\"14\" data-block-id=\"29\">\n<p class=\" content-text__container \" data-track-category=\"Link no Texto\" data-track-links=\"\" data-mrf-recirculation=\"Mat\u00e9ria - Links no Texto\">Em epis\u00f3dios assim, n\u00e3o \u00e9 descartada a ocorr\u00eancia de\u00a0<span class=\"highlight highlighted\">rajadas destrutivas associadas a tornados.<\/span><\/p>\n<\/div>\n<\/div>\n<div id=\"chunk-arqcu\">\n<div class=\"row medium-uncollapsed content-media content-photo\" data-block-type=\"backstage-photo\" data-block-id=\"30\">\n<div class=\" mc-column  content-media__container\">\n<div class=\"content-media-container glb-skeleton-box\">\n<figure class=\"content-media-figure\"><img decoding=\"async\" class=\"i-amphtml-fill-content i-amphtml-replaced-content\" src=\"https:\/\/s2-g1.glbimg.com\/SggZWr_idtb8liVkdLheL3glYBw=\/0x0:3243x2160\/984x0\/smart\/filters:strip_icc()\/i.s3.glbimg.com\/v1\/AUTH_59edd422c0c84a879bd37670ae4f538a\/internal_photos\/bs\/2025\/5\/9\/qrIBCzTOqBjXKIBMeNbQ\/dudafortes.jpg\" sizes=\"(max-width: 1366px) 648px, 100vw\" srcset=\"https:\/\/s2-g1.glbimg.com\/2HFh3S1_AZva6Q3FLlYA7MC_vuU=\/0x0:3243x2160\/1000x0\/smart\/filters:strip_icc()\/i.s3.glbimg.com\/v1\/AUTH_59edd422c0c84a879bd37670ae4f538a\/internal_photos\/bs\/2025\/5\/9\/qrIBCzTOqBjXKIBMeNbQ\/dudafortes.jpg 1000w, https:\/\/s2-g1.glbimg.com\/SggZWr_idtb8liVkdLheL3glYBw=\/0x0:3243x2160\/984x0\/smart\/filters:strip_icc()\/i.s3.glbimg.com\/v1\/AUTH_59edd422c0c84a879bd37670ae4f538a\/internal_photos\/bs\/2025\/5\/9\/qrIBCzTOqBjXKIBMeNbQ\/dudafortes.jpg 984w, https:\/\/s2-g1.glbimg.com\/H_BqL11j2YrZKZ_yIxegdJuwTTE=\/0x0:3243x2160\/640x0\/smart\/filters:strip_icc()\/i.s3.glbimg.com\/v1\/AUTH_59edd422c0c84a879bd37670ae4f538a\/internal_photos\/bs\/2025\/5\/9\/qrIBCzTOqBjXKIBMeNbQ\/dudafortes.jpg 640w, https:\/\/s2-g1.glbimg.com\/9vlpMIS14L-a_UYrpr5L-ZXl0To=\/0x0:3243x2160\/600x0\/smart\/filters:strip_icc()\/i.s3.glbimg.com\/v1\/AUTH_59edd422c0c84a879bd37670ae4f538a\/internal_photos\/bs\/2025\/5\/9\/qrIBCzTOqBjXKIBMeNbQ\/dudafortes.jpg 600w\" alt=\"Passagem de \u00faltimo ciclone extratropical causou estragos em cidades do Rio Grande do Sul \u2014 Foto: Duda Fortes\/Ag\u00eancia RBS\" \/><\/figure>\n<\/div>\n<p class=\"content-media__description  \">Passagem de \u00faltimo ciclone extratropical causou estragos em cidades do Rio Grande do Sul \u2014 Foto: Duda Fortes\/Ag\u00eancia RBS<\/p>\n<\/div>\n<\/div>\n<\/div>\n<div id=\"chunk-d9lon\">\n<div class=\"mc-column content-text active-extra-styles\" data-block-type=\"raw\" data-block-weight=\"2\" data-block-id=\"31\">\n<div class=\"content-intertitle\">\n<h2>Principais riscos<\/h2>\n<\/div>\n<\/div>\n<\/div>\n<div id=\"chunk-bsqmo\">\n<div class=\"mc-column content-text active-extra-styles \" data-block-type=\"unstyled\" data-block-weight=\"11\" data-block-id=\"32\">\n<p class=\" content-text__container \" data-track-category=\"Link no Texto\" data-track-links=\"\" data-mrf-recirculation=\"Mat\u00e9ria - Links no Texto\">O avan\u00e7o do ciclone e da frente fria associada deve provocar:<\/p>\n<\/div>\n<\/div>\n<div id=\"chunk-c2s2m\">\n<div class=\"mc-column content-text active-extra-styles\" data-block-type=\"raw\" data-block-weight=\"46\" data-block-id=\"33\">\n<ul class=\"content-unordered-list\" data-mrf-recirculation=\"Mat\u00e9ria - Leia Tamb\u00e9m (Lista)\">\n<li>Ventos de 90 km\/h a 120 km\/h no Sul do pa\u00eds<\/li>\n<li>Chuva forte em curto per\u00edodo, com risco de alagamentos<\/li>\n<li>Granizo localizado<\/li>\n<li>Ondas altas e mar agitado, especialmente no RS e SC<\/li>\n<li>Raios frequentes e instabilidade duradoura<\/li>\n<li>Possibilidade de queda de energia e danos em estruturas<\/li>\n<\/ul>\n<\/div>\n<\/div>\n<div id=\"chunk-a948\">\n<div class=\"mc-column content-text active-extra-styles\" data-block-type=\"raw\" data-block-weight=\"5\" data-block-id=\"35\">\n<div class=\"content-intertitle\">\n<h2>Onde o impacto ser\u00e1 maior<\/h2>\n<\/div>\n<\/div>\n<\/div>\n<div id=\"chunk-asv1q\">\n<div class=\"mc-column content-text active-extra-styles \" data-block-type=\"unstyled\" data-block-weight=\"1\" data-block-id=\"36\">\n<p class=\" content-text__container \" data-track-category=\"Link no Texto\" data-track-links=\"\" data-mrf-recirculation=\"Mat\u00e9ria - Links no Texto\"><strong>Sul<\/strong><\/p>\n<\/div>\n<\/div>\n<div id=\"chunk-7hj1l\">\n<div class=\"mc-column content-text active-extra-styles \" data-block-type=\"unstyled\" data-block-weight=\"5\" data-block-id=\"37\">\n<p class=\" content-text__container \" data-track-category=\"Link no Texto\" data-track-links=\"\" data-mrf-recirculation=\"Mat\u00e9ria - Links no Texto\"><span class=\"highlight highlighted\">\u00c9 a regi\u00e3o mais afetada.<\/span><\/p>\n<\/div>\n<\/div>\n<div id=\"chunk-e0stq\">\n<div class=\"mc-column content-text active-extra-styles\" data-block-type=\"raw\" data-block-weight=\"55\" data-block-id=\"38\">\n<ul class=\"content-unordered-list\" data-mrf-recirculation=\"Mat\u00e9ria - Leia Tamb\u00e9m (Lista)\">\n<li><strong>Rio Grande do Sul<\/strong>: temporais j\u00e1 desde a madrugada de ter\u00e7a-feira, especialmente na Grande Porto Alegre. A quarta deve ser o dia mais cr\u00edtico para ventania.<\/li>\n<li><strong>Santa Catarina<\/strong>: instabilidade forte entre 9 e 10 de dezembro, com risco elevado de chuva intensa e ventos muito fortes.<\/li>\n<li><strong>Paran\u00e1<\/strong>: ter\u00e7a-feira inst\u00e1vel e rajadas mais frequentes na quarta.<\/li>\n<\/ul>\n<\/div>\n<\/div>\n<div id=\"chunk-2g3ka\">\n<div class=\"mc-column content-text active-extra-styles \" data-block-type=\"unstyled\" data-block-weight=\"1\" data-block-id=\"39\">\n<p class=\" content-text__container \" data-track-category=\"Link no Texto\" data-track-links=\"\" data-mrf-recirculation=\"Mat\u00e9ria - Links no Texto\"><strong>Sudeste<\/strong><\/p>\n<\/div>\n<\/div>\n<div id=\"chunk-a0g18\">\n<div class=\"mc-column content-text active-extra-styles \" data-block-type=\"unstyled\" data-block-weight=\"11\" data-block-id=\"40\">\n<p class=\" content-text__container \" data-track-category=\"Link no Texto\" data-track-links=\"\" data-mrf-recirculation=\"Mat\u00e9ria - Links no Texto\">Embora o ciclone n\u00e3o avance sobre a regi\u00e3o, seus efeitos atingem:<\/p>\n<\/div>\n<\/div>\n<div id=\"chunk-dqf8q\">\n<div class=\"mc-column content-text active-extra-styles\" data-block-type=\"raw\" data-block-weight=\"51\" data-block-id=\"41\">\n<ul class=\"content-unordered-list\" data-mrf-recirculation=\"Mat\u00e9ria - Leia Tamb\u00e9m (Lista)\">\n<li><strong>S\u00e3o Paulo<\/strong>: aumento do vento j\u00e1 na ter\u00e7a e rajadas mais intensas na quarta-feira. Risco maior no litoral, Grande SP e Serra do Mar.<\/li>\n<li><strong>Rio de Janeiro<\/strong>: ventos fortes no centro-sul fluminense, incluindo Grande Rio e Serrana.<\/li>\n<li><strong>Minas Gerais<\/strong>: instabilidade no Sul de Minas, Zona da Mata, Tri\u00e2ngulo e Grande BH.<\/li>\n<\/ul>\n<\/div>\n<\/div>\n<div id=\"chunk-d2nla\">\n<div class=\"mc-column content-text active-extra-styles \" data-block-type=\"unstyled\" data-block-weight=\"20\" data-block-id=\"42\">\n<p class=\" content-text__container \" data-track-category=\"Link no Texto\" data-track-links=\"\" data-mrf-recirculation=\"Mat\u00e9ria - Links no Texto\">O risco \u00e9 menor que no Sul,<span class=\"highlight highlighted\">\u00a0mas a combina\u00e7\u00e3o de umidade, frente fria e ventania pode gerar temporais isolados.<\/span><\/p>\n<\/div>\n<\/div>\n<div id=\"chunk-5tt1h\">\n<div class=\"mc-column content-text active-extra-styles \" data-block-type=\"unstyled\" data-block-weight=\"1\" data-block-id=\"43\">\n<p class=\" content-text__container \" data-track-category=\"Link no Texto\" data-track-links=\"\" data-mrf-recirculation=\"Mat\u00e9ria - Links no Texto\"><strong>Centro-Oeste<\/strong><\/p>\n<\/div>\n<\/div>\n<div id=\"chunk-aftm4\">\n<div class=\"mc-column content-text active-extra-styles\" data-block-type=\"raw\" data-block-weight=\"38\" data-block-id=\"44\">\n<ul class=\"content-unordered-list\" data-mrf-recirculation=\"Mat\u00e9ria - Leia Tamb\u00e9m (Lista)\">\n<li><strong>Mato Grosso do Sul:<\/strong>\u00a0ser\u00e1 o estado mais atingido na regi\u00e3o, com rajadas moderadas j\u00e1 na segunda e potencial para ventos fortes na ter\u00e7a-feira.<\/li>\n<li><strong>Mato Grosso e Goi\u00e1s<\/strong>\u00a0tamb\u00e9m podem sentir aumento de instabilidade, mas com menor intensidade.<\/li>\n<\/ul>\n<\/div>\n<\/div>\n<div id=\"chunk-54c5r\">\n<div class=\"mc-column content-text active-extra-styles\" data-block-type=\"raw\" data-block-weight=\"5\" data-block-id=\"45\">\n<div class=\"content-intertitle\">\n<h2>Quando o ciclone se afasta<\/h2>\n<\/div>\n<\/div>\n<\/div>\n<div id=\"chunk-36r00\">\n<div class=\"mc-column content-text active-extra-styles \" data-block-type=\"unstyled\" data-block-weight=\"43\" data-block-id=\"46\">\n<p class=\" content-text__container \" data-track-category=\"Link no Texto\" data-track-links=\"\" data-mrf-recirculation=\"Mat\u00e9ria - Links no Texto\">A expectativa \u00e9 que o centro do ciclone alcance o mar no litoral do Rio Grande do Sul entre a madrugada e a manh\u00e3 de quarta-feira. Depois disso, ele deve seguir para alto-mar, se afastando gradualmente do Brasil ao longo da quinta-feira (11).<\/p>\n<\/div>\n<\/div>\n<div id=\"chunk-1q72s\">\n<div class=\"mc-column content-text active-extra-styles \" data-block-type=\"unstyled\" data-block-weight=\"17\" data-block-id=\"48\">\n<p class=\" content-text__container \" data-track-category=\"Link no Texto\" data-track-links=\"\" data-mrf-recirculation=\"Mat\u00e9ria - Links no Texto\">Mesmo em afastamento, o sistema continuar\u00e1 alimentando ventos fortes e mar agitado nas \u00e1reas costeiras do Sul.<\/p>\n<\/div>\n<\/div>\n<div id=\"chunk-fae93\">\n<div class=\"mc-column content-text active-extra-styles\" data-block-type=\"raw\" data-block-weight=\"3\" data-block-id=\"49\">\n<div class=\"content-intertitle\">\n<h2>Orienta\u00e7\u00f5es de seguran\u00e7a<\/h2>\n<\/div>\n<\/div>\n<\/div>\n<div id=\"chunk-eo6k8\">\n<div class=\"mc-column content-text active-extra-styles \" data-block-type=\"unstyled\" data-block-weight=\"5\" data-block-id=\"50\">\n<p class=\" content-text__container \" data-track-category=\"Link no Texto\" data-track-links=\"\" data-mrf-recirculation=\"Mat\u00e9ria - Links no Texto\">Defesa Civil e climatologistas recomendam:<\/p>\n<\/div>\n<\/div>\n<div id=\"chunk-5j2so\">\n<div class=\"mc-column content-text active-extra-styles\" data-block-type=\"raw\" data-block-weight=\"47\" data-block-id=\"51\">\n<ul class=\"content-unordered-list\" data-mrf-recirculation=\"Mat\u00e9ria - Leia Tamb\u00e9m (Lista)\">\n<li>Evitar \u00e1reas costeiras e mar aberto durante o pico do sistema.<\/li>\n<li>N\u00e3o se abrigar sob \u00e1rvores nem aproximar-se de redes el\u00e9tricas durante tempestades.<\/li>\n<li>Refor\u00e7ar telhados e remover objetos soltos que possam ser arremessados pelo vento.<\/li>\n<li>Acompanhar alertas locais, que podem indicar evacua\u00e7\u00e3o preventiva em \u00e1reas de risco.<\/li>\n<\/ul>\n<\/div>\n<\/div>\n<div id=\"chunk-cnqgq\">\n<div class=\"mc-column content-text active-extra-styles\" data-block-type=\"raw\" data-block-weight=\"6\" data-block-id=\"52\">\n<div class=\"content-intertitle\">\n<h2>O que esperar nos pr\u00f3ximos dias<\/h2>\n<\/div>\n<\/div>\n<\/div>\n<div id=\"chunk-7ogig\">\n<div class=\"mc-column content-text active-extra-styles \" data-block-type=\"unstyled\" data-block-weight=\"38\" data-block-id=\"53\">\n<p class=\" content-text__container \" data-track-category=\"Link no Texto\" data-track-links=\"\" data-mrf-recirculation=\"Mat\u00e9ria - Links no Texto\">Com o afastamento do ciclone, o tempo deve estabilizar gradualmente no Sul a partir de quinta (11), enquanto o Sudeste deve seguir com instabilidade pontual e temperaturas mais amenas. No Centro-Oeste, o calor retorna, mas com pancadas isoladas.<\/p>\n<\/div>\n<\/div>\n<div data-track-category=\"multicontent\" data-track-action=\"multicontent\" data-track-noninteraction=\"false\" data-track-scroll=\"ultimo chunk conteudo\" data-track-value=\"view\">\n<div id=\"chunk-g017\">\n<div class=\"mc-column content-text active-extra-styles \" data-block-type=\"unstyled\" data-block-weight=\"16\" data-block-id=\"54\">\n<p class=\" content-text__container \" data-track-category=\"Link no Texto\" data-track-links=\"\" data-mrf-recirculation=\"Mat\u00e9ria - Links no Texto\">Dezembro costuma registrar forma\u00e7\u00e3o de sistemas severos, mas a intensidade prevista desta vez exige monitoramento constante.<\/p>\n<p>Fonte: G1<\/p>\n<\/div>\n<\/div>\n<\/div>\n<\/div>\n<\/article>\n<\/div>\n","protected":false},"excerpt":{"rendered":"<p>Com chuva forte, cidade de SP entra em estado de aten\u00e7\u00e3o para alagamentos Na Zona Leste, h\u00e1 chance de queda<\/p>\n","protected":false},"author":1,"featured_media":10788,"comment_status":"open","ping_status":"open","sticky":false,"template":"","format":"standard","meta":{"colormag_page_container_layout":"default_layout","colormag_page_sidebar_layout":"default_layout","footnotes":""},"categories":[1],"tags":[],"class_list":["post-10783","post","type-post","status-publish","format-standard","has-post-thumbnail","hentry","category-geral"],"_links":{"self":[{"href":"http:\/\/metropoleemfoco.com.br\/index.php?rest_route=\/wp\/v2\/posts\/10783","targetHints":{"allow":["GET"]}}],"collection":[{"href":"http:\/\/metropoleemfoco.com.br\/index.php?rest_route=\/wp\/v2\/posts"}],"about":[{"href":"http:\/\/metropoleemfoco.com.br\/index.php?rest_route=\/wp\/v2\/types\/post"}],"author":[{"embeddable":true,"href":"http:\/\/metropoleemfoco.com.br\/index.php?rest_route=\/wp\/v2\/users\/1"}],"replies":[{"embeddable":true,"href":"http:\/\/metropoleemfoco.com.br\/index.php?rest_route=%2Fwp%2Fv2%2Fcomments&post=10783"}],"version-history":[{"count":1,"href":"http:\/\/metropoleemfoco.com.br\/index.php?rest_route=\/wp\/v2\/posts\/10783\/revisions"}],"predecessor-version":[{"id":10789,"href":"http:\/\/metropoleemfoco.com.br\/index.php?rest_route=\/wp\/v2\/posts\/10783\/revisions\/10789"}],"wp:featuredmedia":[{"embeddable":true,"href":"http:\/\/metropoleemfoco.com.br\/index.php?rest_route=\/wp\/v2\/media\/10788"}],"wp:attachment":[{"href":"http:\/\/metropoleemfoco.com.br\/index.php?rest_route=%2Fwp%2Fv2%2Fmedia&parent=10783"}],"wp:term":[{"taxonomy":"category","embeddable":true,"href":"http:\/\/metropoleemfoco.com.br\/index.php?rest_route=%2Fwp%2Fv2%2Fcategories&post=10783"},{"taxonomy":"post_tag","embeddable":true,"href":"http:\/\/metropoleemfoco.com.br\/index.php?rest_route=%2Fwp%2Fv2%2Ftags&post=10783"}],"curies":[{"name":"wp","href":"https:\/\/api.w.org\/{rel}","templated":true}]}}