{"id":10782,"date":"2025-12-08T13:39:08","date_gmt":"2025-12-08T16:39:08","guid":{"rendered":"http:\/\/metropoleemfoco.com.br\/?p=10782"},"modified":"2025-12-08T13:39:08","modified_gmt":"2025-12-08T16:39:08","slug":"policia-e-acionada-apos-suspeita-de-bomba-na-upa-vergueiro-no-centro-de-sp","status":"publish","type":"post","link":"http:\/\/metropoleemfoco.com.br\/?p=10782","title":{"rendered":"Pol\u00edcia \u00e9 acionada ap\u00f3s suspeita de bomba na UPA Vergueiro, no Centro de SP"},"content":{"rendered":"<div class=\"mc-article-header\">\n<div class=\"row content-head mc-column non-featured \">\n<div class=\"title\" data-block-type=\"title\" data-block-id=\"0\">\n<h1 class=\"content-head__title\">Pol\u00edcia \u00e9 acionada ap\u00f3s suspeita de bomba na UPA Vergueiro, no Centro de SP<\/h1>\n<\/div>\n<div class=\"medium-centered subtitle\">\n<h2 class=\"content-head__subtitle\">A confus\u00e3o come\u00e7ou dentro da esta\u00e7\u00e3o S\u00e9, quando um homem se feriu com uma faca. Ele foi levado para a unidade de sa\u00fade, onde um artefato aparentemente explosivo foi encontrado.<\/h2>\n<\/div>\n<\/div>\n<div class=\"content__signa-share mc-column\">\n<div class=\"content__signature\">\n<div class=\"content-publication-data\">\n<div class=\"content-publication-data__text\">\n<p class=\"content-publication-data__from\" title=\"Reda\u00e7\u00e3o TV Globo e g1 SP\">Por\u00a0<a class=\"multi_signatures\" href=\"https:\/\/g1.globo.com\/autores\/redacao-tv-globo-e-g1-sp\/\">Reda\u00e7\u00e3o TV Globo e g1 SP<\/a><\/p>\n<\/div>\n<\/div>\n<\/div>\n<\/div>\n<div class=\"glb-share-bar content__share-bar\">\n<div class=\"glb-share-bar_icons\">\n<div class=\"glb-share-bar_button-img\"><\/div>\n<div class=\"glb-share-bar_button-img\"><\/div>\n<\/div>\n<\/div>\n<\/div>\n<div class=\"mc-article-body\">\n<article>\n<div id=\"chunk-5grif\">\n<div class=\"cxm-block-video content-media mc-column \" data-block-type=\"backstage-video\" data-block-id=\"1\">\n<div class=\"cxm-block-video__container cxm-block-video__container--fallback \">\n<div class=\"cxm-block-video__player-fixer\">\n<article class=\"cxm-block-video__player-wrapper\">\n<section class=\"cxm-block-video__player\">\n<div class=\"cxm-block-video__placeholder\" data-video-id=\"14162423\"><img decoding=\"async\" class=\"cxm-block-video__thumb\" title=\"Pol\u00edcia apura amea\u00e7a de bomba na UPA Vergueiro\" src=\"https:\/\/s04.video.glbimg.com\/x240\/14162423.jpg\" alt=\"Pol\u00edcia apura amea\u00e7a de bomba na UPA Vergueiro\" \/><\/div>\n<\/section>\n<\/article>\n<\/div>\n<div class=\"cxm-block-video__caption-container\">\n<p class=\"codex-caption codex-caption--small\">Pol\u00edcia apura amea\u00e7a de bomba na UPA Vergueiro<\/p>\n<\/div>\n<\/div>\n<\/div>\n<\/div>\n<div id=\"chunk-dg88t\">\n<div class=\"mc-column content-text active-extra-styles \" data-block-type=\"unstyled\" data-block-weight=\"29\" data-block-id=\"2\">\n<p class=\" content-text__container \" data-track-category=\"Link no Texto\" data-track-links=\"\" data-mrf-recirculation=\"Mat\u00e9ria - Links no Texto\">A Pol\u00edcia Militar foi acionada para investigar uma suspeita de bomba na Unidade de Pronto Atendimento (UPA) Vergueiro, no Centro de\u00a0<a class=\"\" href=\"https:\/\/g1.globo.com\/sp\/sao-paulo\/cidade\/sao-paulo\/\" data-mrf-link=\"https:\/\/g1.globo.com\/sp\/sao-paulo\/cidade\/sao-paulo\/\">S\u00e3o Paulo<\/a>, na manh\u00e3 desta segunda-feira (8).<\/p>\n<\/div>\n<\/div>\n<div class=\"wall protected-content\">\n<div id=\"chunk-7cnbs\">\n<div class=\"mc-column content-text active-extra-styles \" data-block-type=\"unstyled\" data-block-weight=\"21\" data-block-id=\"4\">\n<p class=\" content-text__container \" data-track-category=\"Link no Texto\" data-track-links=\"\" data-mrf-recirculation=\"Mat\u00e9ria - Links no Texto\">Segundo a pol\u00edcia, a confus\u00e3o come\u00e7ou dentro da esta\u00e7\u00e3o S\u00e9 do Metr\u00f4, quando duas pessoas ficaram feridas por volta das 10h20.<\/p>\n<\/div>\n<\/div>\n<div id=\"chunk-4klnr\">\n<div class=\"mc-column content-text active-extra-styles \" data-block-type=\"unstyled\" data-block-weight=\"18\" data-block-id=\"5\">\n<p class=\" content-text__container \" data-track-category=\"Link no Texto\" data-track-links=\"\" data-mrf-recirculation=\"Mat\u00e9ria - Links no Texto\">Um homem estava com uma faca e feriu a m\u00e3o da outra pessoa, mas acabou se machucando tamb\u00e9m.<\/p>\n<\/div>\n<\/div>\n<div id=\"chunk-76uj6\">\n<div class=\"mc-column content-text active-extra-styles \" data-block-type=\"unstyled\" data-block-weight=\"24\" data-block-id=\"6\">\n<p class=\" content-text__container \" data-track-category=\"Link no Texto\" data-track-links=\"\" data-mrf-recirculation=\"Mat\u00e9ria - Links no Texto\">Ele foi contido pelos seguran\u00e7as e os dois foram levados at\u00e9 a UPA, mas o que estava com a faca n\u00e3o resistiu aos ferimentos.<\/p>\n<\/div>\n<\/div>\n<div id=\"chunk-9o2b8\">\n<div class=\"mc-column content-text active-extra-styles \" data-block-type=\"unstyled\" data-block-weight=\"14\" data-block-id=\"7\">\n<p class=\" content-text__container \" data-track-category=\"Link no Texto\" data-track-links=\"\" data-mrf-recirculation=\"Mat\u00e9ria - Links no Texto\">Durante o atendimento, encontraram na bolsa dele um artefato que parecia explosivo.<\/p>\n<\/div>\n<\/div>\n<div id=\"chunk-bktuq\">\n<div class=\"mc-column content-text active-extra-styles \" data-block-type=\"unstyled\" data-block-weight=\"24\" data-block-id=\"9\">\n<p class=\" content-text__container \" data-track-category=\"Link no Texto\" data-track-links=\"\" data-mrf-recirculation=\"Mat\u00e9ria - Links no Texto\">O Grupo de A\u00e7\u00f5es T\u00e1ticas Especiais (Gate), ent\u00e3o, foi acionado para a unidade de sa\u00fade, localizada na Rua Vergueiro. A via foi completamente interditada.<\/p>\n<\/div>\n<\/div>\n<div data-track-category=\"multicontent\" data-track-action=\"multicontent\" data-track-noninteraction=\"false\" data-track-scroll=\"ultimo chunk conteudo\" data-track-value=\"view\">\n<div id=\"chunk-rrlg\">\n<div class=\"row medium-uncollapsed content-media content-photo\" data-block-type=\"backstage-photo\" data-block-id=\"10\">\n<div class=\" mc-column  content-media__container\">\n<div class=\"content-media-container glb-skeleton-box\">\n<figure class=\"content-media-figure\"><img decoding=\"async\" class=\"i-amphtml-fill-content i-amphtml-replaced-content\" src=\"https:\/\/s2-g1.glbimg.com\/aETIwe2vrKlWk7pc1vAymwHZS1Y=\/0x0:1200x670\/984x0\/smart\/filters:strip_icc()\/i.s3.glbimg.com\/v1\/AUTH_59edd422c0c84a879bd37670ae4f538a\/internal_photos\/bs\/2025\/a\/b\/KBuOFsSmyup96u9fqm4g\/rua-vergueiro-e-interditada-apos-ameaca-de-bomba-na-upa.jpg\" sizes=\"(max-width: 1366px) 648px, 100vw\" srcset=\"https:\/\/s2-g1.glbimg.com\/KspOdUYIL10cyWUWT-s5k06LBq4=\/0x0:1200x670\/1000x0\/smart\/filters:strip_icc()\/i.s3.glbimg.com\/v1\/AUTH_59edd422c0c84a879bd37670ae4f538a\/internal_photos\/bs\/2025\/a\/b\/KBuOFsSmyup96u9fqm4g\/rua-vergueiro-e-interditada-apos-ameaca-de-bomba-na-upa.jpg 1000w, https:\/\/s2-g1.glbimg.com\/aETIwe2vrKlWk7pc1vAymwHZS1Y=\/0x0:1200x670\/984x0\/smart\/filters:strip_icc()\/i.s3.glbimg.com\/v1\/AUTH_59edd422c0c84a879bd37670ae4f538a\/internal_photos\/bs\/2025\/a\/b\/KBuOFsSmyup96u9fqm4g\/rua-vergueiro-e-interditada-apos-ameaca-de-bomba-na-upa.jpg 984w, https:\/\/s2-g1.glbimg.com\/JmbDeeR68ySNKmkaemuscUFzjDY=\/0x0:1200x670\/640x0\/smart\/filters:strip_icc()\/i.s3.glbimg.com\/v1\/AUTH_59edd422c0c84a879bd37670ae4f538a\/internal_photos\/bs\/2025\/a\/b\/KBuOFsSmyup96u9fqm4g\/rua-vergueiro-e-interditada-apos-ameaca-de-bomba-na-upa.jpg 640w, https:\/\/s2-g1.glbimg.com\/a9Uvy7Kw9t1TJUwPT9TYaTfALt8=\/0x0:1200x670\/600x0\/smart\/filters:strip_icc()\/i.s3.glbimg.com\/v1\/AUTH_59edd422c0c84a879bd37670ae4f538a\/internal_photos\/bs\/2025\/a\/b\/KBuOFsSmyup96u9fqm4g\/rua-vergueiro-e-interditada-apos-ameaca-de-bomba-na-upa.jpg 600w\" alt=\"Rua Vergueiro \u00e9 interditada ap\u00f3s amea\u00e7a de bomba na UPA \u2014 Foto: Reprodu\u00e7\u00e3o\/TV Globo\" \/><\/figure>\n<\/div>\n<p class=\"content-media__description  \">Rua Vergueiro \u00e9 interditada ap\u00f3s amea\u00e7a de bomba na UPA \u2014 Foto: Reprodu\u00e7\u00e3o\/TV Globo<\/p>\n<p>Fonte: G1<\/p>\n<\/div>\n<\/div>\n<\/div>\n<\/div>\n<\/div>\n<\/article>\n<\/div>\n","protected":false},"excerpt":{"rendered":"<p>Pol\u00edcia \u00e9 acionada ap\u00f3s suspeita de bomba na UPA Vergueiro, no Centro de SP A confus\u00e3o come\u00e7ou dentro da esta\u00e7\u00e3o<\/p>\n","protected":false},"author":1,"featured_media":10786,"comment_status":"open","ping_status":"open","sticky":false,"template":"","format":"standard","meta":{"colormag_page_container_layout":"default_layout","colormag_page_sidebar_layout":"default_layout","footnotes":""},"categories":[3,17],"tags":[],"class_list":["post-10782","post","type-post","status-publish","format-standard","has-post-thumbnail","hentry","category-seu-bairro","category-zona-sul"],"_links":{"self":[{"href":"http:\/\/metropoleemfoco.com.br\/index.php?rest_route=\/wp\/v2\/posts\/10782","targetHints":{"allow":["GET"]}}],"collection":[{"href":"http:\/\/metropoleemfoco.com.br\/index.php?rest_route=\/wp\/v2\/posts"}],"about":[{"href":"http:\/\/metropoleemfoco.com.br\/index.php?rest_route=\/wp\/v2\/types\/post"}],"author":[{"embeddable":true,"href":"http:\/\/metropoleemfoco.com.br\/index.php?rest_route=\/wp\/v2\/users\/1"}],"replies":[{"embeddable":true,"href":"http:\/\/metropoleemfoco.com.br\/index.php?rest_route=%2Fwp%2Fv2%2Fcomments&post=10782"}],"version-history":[{"count":1,"href":"http:\/\/metropoleemfoco.com.br\/index.php?rest_route=\/wp\/v2\/posts\/10782\/revisions"}],"predecessor-version":[{"id":10787,"href":"http:\/\/metropoleemfoco.com.br\/index.php?rest_route=\/wp\/v2\/posts\/10782\/revisions\/10787"}],"wp:featuredmedia":[{"embeddable":true,"href":"http:\/\/metropoleemfoco.com.br\/index.php?rest_route=\/wp\/v2\/media\/10786"}],"wp:attachment":[{"href":"http:\/\/metropoleemfoco.com.br\/index.php?rest_route=%2Fwp%2Fv2%2Fmedia&parent=10782"}],"wp:term":[{"taxonomy":"category","embeddable":true,"href":"http:\/\/metropoleemfoco.com.br\/index.php?rest_route=%2Fwp%2Fv2%2Fcategories&post=10782"},{"taxonomy":"post_tag","embeddable":true,"href":"http:\/\/metropoleemfoco.com.br\/index.php?rest_route=%2Fwp%2Fv2%2Ftags&post=10782"}],"curies":[{"name":"wp","href":"https:\/\/api.w.org\/{rel}","templated":true}]}}