{"id":10775,"date":"2025-12-07T08:55:29","date_gmt":"2025-12-07T11:55:29","guid":{"rendered":"http:\/\/metropoleemfoco.com.br\/?p=10775"},"modified":"2025-12-07T08:55:29","modified_gmt":"2025-12-07T11:55:29","slug":"sergio-ramos-ex-real-madrid-da-adeus-ao-monterrey-obviamente-foi-meu-ultimo-jogo","status":"publish","type":"post","link":"http:\/\/metropoleemfoco.com.br\/?p=10775","title":{"rendered":"Sergio Ramos, ex-Real Madrid, d\u00e1 adeus ao Monterrey: &#8220;Obviamente foi meu \u00faltimo jogo&#8221;"},"content":{"rendered":"<div class=\"mc-article-header\">\n<div class=\"row content-head mc-column non-featured \">\n<div class=\"title\" data-block-type=\"title\" data-block-id=\"0\">\n<h1 class=\"content-head__title\">Sergio Ramos, ex-Real Madrid, d\u00e1 adeus ao Monterrey: &#8220;Obviamente foi meu \u00faltimo jogo&#8221;<\/h1>\n<\/div>\n<div class=\"medium-centered subtitle\">\n<h2 class=\"content-head__subtitle\">Contrato do zagueiro de 39 anos termina no dia 31 de dezembro de 2025<\/h2>\n<\/div>\n<\/div>\n<div class=\"content__signa-share mc-column\">\n<div class=\"content__signature\">\n<div class=\"content-publication-data\">\n<div class=\"content-publication-data__text\">\n<p class=\"content-publication-data__from\" title=\"Reda\u00e7\u00e3o do ge\">Por Reda\u00e7\u00e3o do ge\u00a0\u2014 Toluca, M\u00e9xico<\/p>\n<\/div>\n<\/div>\n<\/div>\n<\/div>\n<div class=\"glb-share-bar content__share-bar\">\n<div class=\"glb-share-bar_icons\">\n<div class=\"glb-share-bar_button-img\"><\/div>\n<div class=\"glb-share-bar_button-img\"><\/div>\n<\/div>\n<\/div>\n<hr class=\"content__divider \" \/>\n<\/div>\n<div class=\"mc-article-body\">\n<article>\n<div id=\"chunk-7g39q\">\n<div class=\"cxm-block-video content-media mc-column \" data-block-type=\"backstage-video\" data-block-id=\"1\">\n<div class=\"cxm-block-video__container \">\n<div class=\"cxm-block-video__player-fixer\">\n<article class=\"cxm-block-video__player-wrapper\">\n<section class=\"cxm-block-video__player\">\n<div class=\"cxm-block-video__placeholder\" data-video-id=\"13497790\"><img decoding=\"async\" class=\"cxm-block-video__thumb\" title=\"Sergio Ramos sobre os \u00faltimos anos de sua carreira: &quot;Quero terminar ganhando&quot;\" src=\"https:\/\/s03.video.glbimg.com\/x240\/13497790.jpg\" alt=\"Sergio Ramos sobre os \u00faltimos anos de sua carreira: &quot;Quero terminar ganhando&quot;\" \/><\/div>\n<\/section>\n<\/article>\n<\/div>\n<div class=\"cxm-block-video__caption-container\">\n<p class=\"codex-caption codex-caption--small\">Sergio Ramos sobre os \u00faltimos anos de sua carreira: &#8220;Quero terminar ganhando&#8221;<\/p>\n<\/div>\n<\/div>\n<\/div>\n<\/div>\n<div id=\"chunk-d57l7\">\n<div class=\"mc-column content-text active-extra-styles \" data-block-type=\"unstyled\" data-block-weight=\"43\" data-block-id=\"2\">\n<p class=\" content-text__container \" data-track-category=\"Link no Texto\" data-track-links=\"\" data-mrf-recirculation=\"Artigo - Link no Texto\">Sergio Ramos fez seu \u00faltimo jogo pelo Monterrey na noite deste s\u00e1bado, na derrota por 3 a 2 para o Toluca, resultado que eliminou a equipe na semifinal do Campeonato Mexicano. Terminada a partida, o zagueiro de 39 anos afirmou que n\u00e3o ficar\u00e1.<\/p>\n<\/div>\n<\/div>\n<div class=\"wall protected-content\">\n<div id=\"chunk-1qtu\">\n<div class=\"row medium-uncollapsed content-media content-photo\" data-block-type=\"backstage-photo\" data-block-id=\"5\">\n<div class=\" mc-column  content-media__container\">\n<div class=\"content-media-container glb-skeleton-box\">\n<figure class=\"content-media-figure\"><img decoding=\"async\" class=\"i-amphtml-fill-content i-amphtml-replaced-content\" src=\"https:\/\/s2-ge.glbimg.com\/cdgFb8Xl0Szv_WkRtfKeBi8f6vU=\/0x0:3500x2332\/984x0\/smart\/filters:strip_icc()\/i.s3.glbimg.com\/v1\/AUTH_bc8228b6673f488aa253bbcb03c80ec5\/internal_photos\/bs\/2025\/f\/8\/UF24MJTaeRO7t0Xx26uA\/gettyimages-2250445133.jpg\" sizes=\"(max-width: 1366px) 648px, 100vw\" srcset=\"https:\/\/s2-ge.glbimg.com\/o5K-eu8zCicJmsQqqk4AmqLHdkU=\/0x0:3500x2332\/1000x0\/smart\/filters:strip_icc()\/i.s3.glbimg.com\/v1\/AUTH_bc8228b6673f488aa253bbcb03c80ec5\/internal_photos\/bs\/2025\/f\/8\/UF24MJTaeRO7t0Xx26uA\/gettyimages-2250445133.jpg 1000w, https:\/\/s2-ge.glbimg.com\/cdgFb8Xl0Szv_WkRtfKeBi8f6vU=\/0x0:3500x2332\/984x0\/smart\/filters:strip_icc()\/i.s3.glbimg.com\/v1\/AUTH_bc8228b6673f488aa253bbcb03c80ec5\/internal_photos\/bs\/2025\/f\/8\/UF24MJTaeRO7t0Xx26uA\/gettyimages-2250445133.jpg 984w, https:\/\/s2-ge.glbimg.com\/0TeeodjBnD_P0AgH4vVOIR6P-Es=\/0x0:3500x2332\/640x0\/smart\/filters:strip_icc()\/i.s3.glbimg.com\/v1\/AUTH_bc8228b6673f488aa253bbcb03c80ec5\/internal_photos\/bs\/2025\/f\/8\/UF24MJTaeRO7t0Xx26uA\/gettyimages-2250445133.jpg 640w, https:\/\/s2-ge.glbimg.com\/mYfzS9tWe0OnEN7uGlzp1NOeSXA=\/0x0:3500x2332\/600x0\/smart\/filters:strip_icc()\/i.s3.glbimg.com\/v1\/AUTH_bc8228b6673f488aa253bbcb03c80ec5\/internal_photos\/bs\/2025\/f\/8\/UF24MJTaeRO7t0Xx26uA\/gettyimages-2250445133.jpg 600w\" alt=\"Sergio Ramos se despede do Monterrey \u2014 Foto: Jonathan Mondragon\/Jam Media\/Getty Images\" \/><\/figure>\n<\/div>\n<p class=\"content-media__description  \">Sergio Ramos se despede do Monterrey \u2014 Foto: Jonathan Mondragon\/Jam Media\/Getty Images<\/p>\n<\/div>\n<\/div>\n<\/div>\n<div id=\"chunk-8lid9\">\n<div class=\"mc-column content-text active-extra-styles\" data-block-type=\"raw\" data-block-weight=\"17\" data-block-id=\"7\">\n<blockquote class=\"content-blockquote theme-border-color-primary-before\"><p>&#8211; Creio que deixei bastante claro na \u00faltima semana e obviamente \u00e9 meu \u00faltimo jogo &#8211; afirmou.<\/p><\/blockquote>\n<\/div>\n<\/div>\n<div id=\"chunk-7f8ch\">\n<div class=\"mc-column content-text active-extra-styles \" data-block-type=\"unstyled\" data-block-weight=\"12\" data-block-id=\"8\">\n<p class=\" content-text__container \" data-track-category=\"Link no Texto\" data-track-links=\"\" data-mrf-recirculation=\"Artigo - Link no Texto\">Mais tarde, via Twitter, deixou uma mensagem carinhosa \u00e0 torcida do Monterrey:<\/p>\n<\/div>\n<\/div>\n<div id=\"chunk-d45nh\">\n<div class=\"mc-column content-text active-extra-styles \" data-block-type=\"unstyled\" data-block-weight=\"58\" data-block-id=\"9\">\n<p class=\" content-text__container \" data-track-category=\"Link no Texto\" data-track-links=\"\" data-mrf-recirculation=\"Artigo - Link no Texto\">&#8211; Estamos tristes, mas com a consci\u00eancia tranquila por saber que demos tudo de n\u00f3s em campo. Agora \u00e9 hora de aprender, levantar e entender que isso tamb\u00e9m faz parte do futebol. O maior arrependimento \u00e9 n\u00e3o poder dar aos torcedores mais uma final, porque eles merecem isso mais do que ningu\u00e9m. Obrigado sempre pelo apoio. Vai Monterrey!<\/p>\n<\/div>\n<\/div>\n<div data-track-category=\"multicontent\" data-track-action=\"multicontent\" data-track-noninteraction=\"false\" data-track-scroll=\"ultimo chunk conteudo\" data-track-value=\"view\" data-mrf-recirculation=\"Artigo - Multicontent\">\n<div id=\"chunk-ds0nm\">\n<div class=\"mc-column content-text active-extra-styles \" data-block-type=\"unstyled\" data-block-weight=\"14\" data-block-id=\"10\">\n<p class=\" content-text__container \" data-track-category=\"Link no Texto\" data-track-links=\"\" data-mrf-recirculation=\"Artigo - Link no Texto\">Contratado em fevereiro, Sergio Ramos fez 34 partidas e oito gols pelo Monterrey.<\/p>\n<\/div>\n<\/div>\n<\/div>\n<\/div>\n<\/article>\n<div class=\"mc-column entities\">Fonte: Ge<\/div>\n<\/div>\n","protected":false},"excerpt":{"rendered":"<p>Sergio Ramos, ex-Real Madrid, d\u00e1 adeus ao Monterrey: &#8220;Obviamente foi meu \u00faltimo jogo&#8221; Contrato do zagueiro de 39 anos termina<\/p>\n","protected":false},"author":1,"featured_media":10780,"comment_status":"open","ping_status":"open","sticky":false,"template":"","format":"standard","meta":{"colormag_page_container_layout":"default_layout","colormag_page_sidebar_layout":"default_layout","footnotes":""},"categories":[1],"tags":[],"class_list":["post-10775","post","type-post","status-publish","format-standard","has-post-thumbnail","hentry","category-geral"],"_links":{"self":[{"href":"http:\/\/metropoleemfoco.com.br\/index.php?rest_route=\/wp\/v2\/posts\/10775","targetHints":{"allow":["GET"]}}],"collection":[{"href":"http:\/\/metropoleemfoco.com.br\/index.php?rest_route=\/wp\/v2\/posts"}],"about":[{"href":"http:\/\/metropoleemfoco.com.br\/index.php?rest_route=\/wp\/v2\/types\/post"}],"author":[{"embeddable":true,"href":"http:\/\/metropoleemfoco.com.br\/index.php?rest_route=\/wp\/v2\/users\/1"}],"replies":[{"embeddable":true,"href":"http:\/\/metropoleemfoco.com.br\/index.php?rest_route=%2Fwp%2Fv2%2Fcomments&post=10775"}],"version-history":[{"count":1,"href":"http:\/\/metropoleemfoco.com.br\/index.php?rest_route=\/wp\/v2\/posts\/10775\/revisions"}],"predecessor-version":[{"id":10781,"href":"http:\/\/metropoleemfoco.com.br\/index.php?rest_route=\/wp\/v2\/posts\/10775\/revisions\/10781"}],"wp:featuredmedia":[{"embeddable":true,"href":"http:\/\/metropoleemfoco.com.br\/index.php?rest_route=\/wp\/v2\/media\/10780"}],"wp:attachment":[{"href":"http:\/\/metropoleemfoco.com.br\/index.php?rest_route=%2Fwp%2Fv2%2Fmedia&parent=10775"}],"wp:term":[{"taxonomy":"category","embeddable":true,"href":"http:\/\/metropoleemfoco.com.br\/index.php?rest_route=%2Fwp%2Fv2%2Fcategories&post=10775"},{"taxonomy":"post_tag","embeddable":true,"href":"http:\/\/metropoleemfoco.com.br\/index.php?rest_route=%2Fwp%2Fv2%2Ftags&post=10775"}],"curies":[{"name":"wp","href":"https:\/\/api.w.org\/{rel}","templated":true}]}}