{"id":10774,"date":"2025-12-07T08:54:02","date_gmt":"2025-12-07T11:54:02","guid":{"rendered":"http:\/\/metropoleemfoco.com.br\/?p=10774"},"modified":"2025-12-07T08:54:02","modified_gmt":"2025-12-07T11:54:02","slug":"aviso-de-pauta-secretario-da-educacao-do-estado-de-sao-paulo-renato-feder-acompanha-entrega-de-oculos-do-projeto-olhar-o-futuro-sp","status":"publish","type":"post","link":"http:\/\/metropoleemfoco.com.br\/?p=10774","title":{"rendered":"AVISO DE PAUTA: Secret\u00e1rio da Educa\u00e7\u00e3o do Estado de S\u00e3o Paulo, Renato Feder, acompanha entrega de \u00f3culos do projeto \u2018Olhar o Futuro SP\u2019"},"content":{"rendered":"<header class=\"entry-header\">\n<h1 class=\"title\">AVISO DE PAUTA: Secret\u00e1rio da Educa\u00e7\u00e3o do Estado de S\u00e3o Paulo, Renato Feder, acompanha entrega de \u00f3culos do projeto \u2018Olhar o Futuro SP\u2019<\/h1>\n<div class=\"subtile\">\n<h2>Entrega acontece na segunda-feira (8), a partir das 10h30, na Escola Estadual Visconde de Ita\u00fana, na capital paulista<\/h2>\n<\/div>\n<div class=\"sociais\">\n<div class=\"item-social facebook\"><\/div>\n<\/div>\n<\/header>\n<div class=\"entry-content\">\n<p><img loading=\"lazy\" decoding=\"async\" class=\"aligncenter wp-image-1579020 size-large\" src=\"http:\/\/www.educacao.sp.gov.br\/wp-content\/uploads\/2025\/12\/54961897764_ff45234de6_k-1024x683.jpg\" sizes=\"auto, (max-width: 1024px) 100vw, 1024px\" srcset=\"https:\/\/www.educacao.sp.gov.br\/wp-content\/uploads\/2025\/12\/54961897764_ff45234de6_k-1024x683.jpg 1024w, https:\/\/www.educacao.sp.gov.br\/wp-content\/uploads\/2025\/12\/54961897764_ff45234de6_k-300x200.jpg 300w, https:\/\/www.educacao.sp.gov.br\/wp-content\/uploads\/2025\/12\/54961897764_ff45234de6_k-768x512.jpg 768w\" alt=\"\" width=\"1024\" height=\"683\" \/><\/p>\n<p>Na pr\u00f3xima segunda-feira (8), o secret\u00e1rio da Educa\u00e7\u00e3o do Estado de S\u00e3o Paulo, Renato Feder, acompanha a entrega de \u00f3culos para 200 estudantes contemplados pelo projeto \u201cOlhar o Futuro SP\u201d, que ser\u00e1 realizada na Escola Estadual Visconde de Ita\u00fana, localizada no bairro Ipiranga, zona sul da capital.<\/p>\n<p>Com investimentos de R$ 7 milh\u00f5es, a a\u00e7\u00e3o tem como objetivo levar atendimento oftalmol\u00f3gico e \u00f3culos de forma gratuita para cerca de 13 mil alunos da rede estadual e \u00e9 uma parceria da Educa\u00e7\u00e3o com a ONG Renovatio.<\/p>\n<p>Nesta semana, cerca de\u00a0 50 \u00f3culos foram entregues para alunos da Escola Estadual Rita J\u00falia de Oliveira Professora, na zona leste da capital. Entre os beneficiados estava a estudante Lais Benitez Fernandes, de 10 anos de idade, aluna do 5\u00ba ano do Ensino Fundamental.<\/p>\n<p>A av\u00f3\u00a0 da estudante, Maria Helena Fernandes, relatou como j\u00e1 havia notado a dificuldade da neta para enxergar e como o projeto foi importante para solucionar a barreira da estudante para o desenvolvimento escolar: \u201cEu estava preocupada, a professora j\u00e1 tinha dito que ela estava com dificuldade para ver o quadro, trocou ela de lugar e mesmo assim n\u00e3o ajudou. Ela sempre falava que n\u00e3o estava enxergando, mas eu sou aposentada, a minha filha \u00e9 m\u00e3e solo, n\u00e3o dava para comprar agora. Quando ela chegou em casa falando que iria ganhar os \u00f3culos, nossa, eu nem acreditei\u201d, conta a av\u00f3, emocionada.<\/p>\n<p>A Educa\u00e7\u00e3o encerra a entrega dos primeiros 450 \u00f3culos do projeto, que ser\u00e1 expandido em 2026. No ano que vem, em\u00a0 66 escolas haver\u00e1 as tr\u00eas etapas \u2014 triagem, consultas e entrega dos \u00f3culos \u2014 e em outras 87 unidades\u00a0que j\u00e1 passaram pela triagem neste ano, os alunos ser\u00e3o destinados \u00e0s consultas oftalmol\u00f3gicas e receber\u00e3o os \u00f3culos.<\/p>\n<h2><b>Servi\u00e7o<\/b><\/h2>\n<p><strong>Entrega de \u00f3culos do projeto \u2018Olhar o Futuro SP\u2019 pelo secret\u00e1rio Renato Feder<\/strong><br \/>\n<strong>Local:<\/strong>\u00a0Escola Estadual Visconde de Ita\u00fana<br \/>\n<strong>Data:<\/strong>\u00a0segunda-feira, 8 de dezembro de 2025<br \/>\n<strong>Hor\u00e1rio:<\/strong>\u00a0das 10h30 \u00e0s 11h40<br \/>\n<strong>Endere\u00e7o:<\/strong>\u00a0rua General Lecor, em frente ao n\u00ba 554, Ipiranga, S\u00e3o Paulo-SP<\/p>\n<p>Fonte: educacaoSpGov<\/p>\n<\/div>\n","protected":false},"excerpt":{"rendered":"<p>AVISO DE PAUTA: Secret\u00e1rio da Educa\u00e7\u00e3o do Estado de S\u00e3o Paulo, Renato Feder, acompanha entrega de \u00f3culos do projeto \u2018Olhar<\/p>\n","protected":false},"author":1,"featured_media":10778,"comment_status":"open","ping_status":"open","sticky":false,"template":"","format":"standard","meta":{"colormag_page_container_layout":"default_layout","colormag_page_sidebar_layout":"default_layout","footnotes":""},"categories":[1],"tags":[],"class_list":["post-10774","post","type-post","status-publish","format-standard","has-post-thumbnail","hentry","category-geral"],"_links":{"self":[{"href":"http:\/\/metropoleemfoco.com.br\/index.php?rest_route=\/wp\/v2\/posts\/10774","targetHints":{"allow":["GET"]}}],"collection":[{"href":"http:\/\/metropoleemfoco.com.br\/index.php?rest_route=\/wp\/v2\/posts"}],"about":[{"href":"http:\/\/metropoleemfoco.com.br\/index.php?rest_route=\/wp\/v2\/types\/post"}],"author":[{"embeddable":true,"href":"http:\/\/metropoleemfoco.com.br\/index.php?rest_route=\/wp\/v2\/users\/1"}],"replies":[{"embeddable":true,"href":"http:\/\/metropoleemfoco.com.br\/index.php?rest_route=%2Fwp%2Fv2%2Fcomments&post=10774"}],"version-history":[{"count":1,"href":"http:\/\/metropoleemfoco.com.br\/index.php?rest_route=\/wp\/v2\/posts\/10774\/revisions"}],"predecessor-version":[{"id":10779,"href":"http:\/\/metropoleemfoco.com.br\/index.php?rest_route=\/wp\/v2\/posts\/10774\/revisions\/10779"}],"wp:featuredmedia":[{"embeddable":true,"href":"http:\/\/metropoleemfoco.com.br\/index.php?rest_route=\/wp\/v2\/media\/10778"}],"wp:attachment":[{"href":"http:\/\/metropoleemfoco.com.br\/index.php?rest_route=%2Fwp%2Fv2%2Fmedia&parent=10774"}],"wp:term":[{"taxonomy":"category","embeddable":true,"href":"http:\/\/metropoleemfoco.com.br\/index.php?rest_route=%2Fwp%2Fv2%2Fcategories&post=10774"},{"taxonomy":"post_tag","embeddable":true,"href":"http:\/\/metropoleemfoco.com.br\/index.php?rest_route=%2Fwp%2Fv2%2Ftags&post=10774"}],"curies":[{"name":"wp","href":"https:\/\/api.w.org\/{rel}","templated":true}]}}