{"id":10773,"date":"2025-12-07T08:52:57","date_gmt":"2025-12-07T11:52:57","guid":{"rendered":"http:\/\/metropoleemfoco.com.br\/?p=10773"},"modified":"2025-12-07T08:52:57","modified_gmt":"2025-12-07T11:52:57","slug":"governo-de-sp-lanca-nucleo-que-integra-e-amplia-acesso-a-dados-estrategicos-da-saude","status":"publish","type":"post","link":"http:\/\/metropoleemfoco.com.br\/?p=10773","title":{"rendered":"Governo de SP lan\u00e7a n\u00facleo que integra e amplia acesso a dados estrat\u00e9gicos da sa\u00fade"},"content":{"rendered":"<div id=\"noticias-interna\" class=\"elementor-element elementor-element-c4536fa header-noticias-leitura e-flex e-con-boxed e-con e-parent e-lazyloaded\" data-id=\"c4536fa\" data-element_type=\"container\" data-settings=\"{&quot;_ha_eqh_enable&quot;:false}\">\n<div class=\"e-con-inner\">\n<div class=\"elementor-element elementor-element-2028351 elementor-widget__width-initial titulo-conteudo elementor-widget elementor-widget-theme-post-title elementor-page-title elementor-widget-heading\" data-id=\"2028351\" data-element_type=\"widget\" data-widget_type=\"theme-post-title.default\">\n<div class=\"elementor-widget-container\">\n<h1 class=\"elementor-heading-title elementor-size-default\">Governo de SP lan\u00e7a n\u00facleo que integra e amplia acesso a dados estrat\u00e9gicos da sa\u00fade<\/h1>\n<\/div>\n<\/div>\n<div class=\"elementor-element elementor-element-4784657 elementor-widget__width-initial elementor-widget elementor-widget-theme-post-excerpt\" data-id=\"4784657\" data-element_type=\"widget\" data-widget_type=\"theme-post-excerpt.default\">\n<div class=\"elementor-widget-container\">Nova plataforma centraliza bases estrat\u00e9gicas, promove troca de informa\u00e7\u00f5es e fortalece a gest\u00e3o aberta e participativa no SUS paulista<\/div>\n<\/div>\n<div class=\"elementor-element elementor-element-2133f16 compartilhe e-con-full e-flex e-con e-child\" data-id=\"2133f16\" data-element_type=\"container\" data-settings=\"{&quot;_ha_eqh_enable&quot;:false}\">\n<div class=\"elementor-element elementor-element-a8be681 e-con-full e-flex e-con e-child\" data-id=\"a8be681\" data-element_type=\"container\" data-settings=\"{&quot;_ha_eqh_enable&quot;:false}\">\n<div class=\"elementor-element elementor-element-4b063fb elementor-widget elementor-widget-image\" data-id=\"4b063fb\" data-element_type=\"widget\" data-widget_type=\"image.default\">\n<div class=\"elementor-widget-container\"><\/div>\n<\/div>\n<div class=\"elementor-element elementor-element-888f86d elementor-share-buttons--view-icon elementor-share-buttons--skin-framed elementor-share-buttons--shape-circle elementor-share-buttons--align-left elementor-share-buttons--color-custom elementor-grid-0 elementor-widget elementor-widget-share-buttons\" data-id=\"888f86d\" data-element_type=\"widget\" data-settings=\"{&quot;share_url&quot;:{&quot;url&quot;:&quot;https:\\\/\\\/www.agenciasp.sp.gov.br\\\/governo-de-sp-lanca-nucleo-que-integra-e-amplia-acesso-a-dados-estrategicos-da-saude\\\/&quot;,&quot;is_external&quot;:&quot;&quot;,&quot;nofollow&quot;:&quot;&quot;,&quot;custom_attributes&quot;:&quot;&quot;}}\" data-widget_type=\"share-buttons.default\">\n<div class=\"elementor-widget-container\">\n<div class=\"elementor-grid\">\n<div class=\"elementor-grid-item\">\n<div class=\"elementor-share-btn elementor-share-btn_whatsapp\" tabindex=\"0\" role=\"button\" aria-label=\"Compartilhar no whatsapp\"><\/div>\n<\/div>\n<div class=\"elementor-grid-item\">\n<div class=\"elementor-share-btn elementor-share-btn_email\" tabindex=\"0\" role=\"button\" aria-label=\"Compartilhar no email\"><\/div>\n<\/div>\n<\/div>\n<\/div>\n<\/div>\n<\/div>\n<\/div>\n<\/div>\n<\/div>\n<div class=\"elementor-element elementor-element-0e5ecd1 imagem-top-post e-flex e-con-boxed e-con e-parent e-lazyloaded\" data-id=\"0e5ecd1\" data-element_type=\"container\" data-settings=\"{&quot;background_background&quot;:&quot;classic&quot;,&quot;background_motion_fx_motion_fx_scrolling&quot;:&quot;yes&quot;,&quot;background_motion_fx_devices&quot;:[&quot;desktop&quot;,&quot;tablet&quot;,&quot;mobile&quot;],&quot;_ha_eqh_enable&quot;:false}\">\n<div class=\"e-con-inner\">\n<div class=\"elementor-element elementor-element-ced2435 elementor-widget__width-inherit capa-post elementor-widget elementor-widget-theme-post-featured-image elementor-widget-image\" data-id=\"ced2435\" data-element_type=\"widget\" data-widget_type=\"theme-post-featured-image.default\">\n<div class=\"elementor-widget-container\"><img loading=\"lazy\" decoding=\"async\" class=\"attachment-large size-large wp-image-101871\" src=\"https:\/\/www.agenciasp.sp.gov.br\/wp-content\/uploads\/2025\/12\/dados-saude.png\" sizes=\"auto, (max-width: 800px) 100vw, 800px\" srcset=\"https:\/\/www.agenciasp.sp.gov.br\/wp-content\/uploads\/2025\/12\/dados-saude.png 859w, https:\/\/www.agenciasp.sp.gov.br\/wp-content\/uploads\/2025\/12\/dados-saude-300x215.png 300w, https:\/\/www.agenciasp.sp.gov.br\/wp-content\/uploads\/2025\/12\/dados-saude-768x551.png 768w, https:\/\/www.agenciasp.sp.gov.br\/wp-content\/uploads\/2025\/12\/dados-saude-150x108.png 150w\" alt=\"\" width=\"800\" height=\"574\" \/><\/div>\n<\/div>\n<\/div>\n<\/div>\n<div class=\"elementor-element elementor-element-5c5279b noticias-content e-flex e-con-boxed e-con e-parent e-lazyloaded\" data-id=\"5c5279b\" data-element_type=\"container\" data-settings=\"{&quot;_ha_eqh_enable&quot;:false}\">\n<div class=\"e-con-inner\">\n<div class=\"elementor-element elementor-element-753696f legenda-fotos elementor-widget elementor-widget-text-editor\" data-id=\"753696f\" data-element_type=\"widget\" data-widget_type=\"text-editor.default\">\n<div class=\"elementor-widget-container\">N\u00facleo vai fortalecer a capacidade do estado em organizar, analisar e integrar dados essenciais para a gest\u00e3o p\u00fablica Foto: Divulga\u00e7\u00e3o\/Governo de SP<\/div>\n<\/div>\n<div class=\"elementor-element elementor-element-cb76742 elementor-widget elementor-widget-post-info\" data-id=\"cb76742\" data-element_type=\"widget\" data-widget_type=\"post-info.default\">\n<div class=\"elementor-widget-container\">\n<ul class=\"elementor-inline-items elementor-icon-list-items elementor-post-info\">\n<li class=\"elementor-icon-list-item elementor-repeater-item-ca87380 elementor-inline-item\"><span class=\"elementor-icon-list-text elementor-post-info__item elementor-post-info__item--type-custom\">Ag\u00eancia SP<\/span><\/li>\n<\/ul>\n<\/div>\n<\/div>\n<div class=\"elementor-element elementor-element-8cc89f6 e-con-full e-flex e-con e-child\" data-id=\"8cc89f6\" data-element_type=\"container\" data-settings=\"{&quot;_ha_eqh_enable&quot;:false}\">\n<div class=\"elementor-element elementor-element-0b409b9 elementor-align-left data-atualizado elementor-widget elementor-widget-post-info\" data-id=\"0b409b9\" data-element_type=\"widget\" data-widget_type=\"post-info.default\">\n<div class=\"elementor-widget-container\"><\/div>\n<\/div>\n<div class=\"elementor-element elementor-element-d4b75ed data-atualizado elementor-widget elementor-widget-shortcode\" data-id=\"d4b75ed\" data-element_type=\"widget\" data-widget_type=\"shortcode.default\"><\/div>\n<\/div>\n<div class=\"elementor-element elementor-element-5a922b4 conteudo-post elementor-widget elementor-widget-theme-post-content\" data-id=\"5a922b4\" data-element_type=\"widget\" data-widget_type=\"theme-post-content.default\">\n<div class=\"elementor-widget-container\">\n<p>A Secretaria de Estado da Sa\u00fade de S\u00e3o Paulo (SES-SP) realiza, nos dias 9 e 10 de dezembro, o lan\u00e7amento do N\u00facleo de Informa\u00e7\u00f5es Estrat\u00e9gicas em Sa\u00fade (NIES), iniciativa que integra o programa Sa\u00fade Digital Paulista e fortalece a capacidade do estado em organizar, analisar e integrar dados essenciais para a gest\u00e3o p\u00fablica.<\/p>\n<p>O evento re\u00fane especialistas, pesquisadores e gestores para debater tend\u00eancias e aplica\u00e7\u00f5es de tecnologia, intelig\u00eancia e governan\u00e7a de dados em sa\u00fade, ampliando tamb\u00e9m a abertura e a disponibiliza\u00e7\u00e3o de informa\u00e7\u00f5es qualificadas para a sociedade.<\/p>\n<p>A programa\u00e7\u00e3o prev\u00ea debates sobre transforma\u00e7\u00e3o digital na sa\u00fade p\u00fablica, governan\u00e7a e qualidade de dados, integra\u00e7\u00e3o de sistemas, interoperabilidade, uso de intelig\u00eancia artificial, vigil\u00e2ncia baseada em evid\u00eancias e experi\u00eancias de inova\u00e7\u00e3o adotadas na rede estadual. Os pain\u00e9is tamb\u00e9m abordam os caminhos da sa\u00fade digital em S\u00e3o Paulo e apresentam jornadas reais de moderniza\u00e7\u00e3o da gest\u00e3o e da assist\u00eancia.<\/p>\n<p>A programa\u00e7\u00e3o completa est\u00e1 dispon\u00edvel em:\u00a0<a role=\"link\" href=\"http:\/\/eventosnies.saude.sp.gov.br\/\" target=\"_blank\" rel=\"noopener\">eventosnies.saude.sp.gov.br<\/a>.<\/p>\n<h3 class=\"wp-block-heading\"><strong>Mais transpar\u00eancia<\/strong><\/h3>\n<p>Atualmente, o NIES consolida, em um \u00fanico ambiente, diferentes bases estrat\u00e9gicas utilizadas pela SES-SP para vigil\u00e2ncia, monitoramento e planejamento. Entre os dados j\u00e1 dispon\u00edveis est\u00e3o informa\u00e7\u00f5es sobre tuberculose, s\u00edndrome respirat\u00f3ria aguda grave (SRAG), febre maculosa, febre amarela, Dengue, Chikungunya, Mpox e doen\u00e7as de transmiss\u00e3o h\u00eddrica e alimentar, al\u00e9m do monitoramento vacinal e do atendimento soroter\u00e1pico.<\/p>\n<p>A plataforma tamb\u00e9m re\u00fane dados de gest\u00e3o, como a Tabela SUS Paulista e o IGM SUS Paulista, al\u00e9m de pain\u00e9is sobre TeleAPS, TeleSAP, AME +Digital e TeleAVC, do programa Sa\u00fade Digital Paulista. A centraliza\u00e7\u00e3o dessas informa\u00e7\u00f5es permite ampliar a clareza dos processos, facilitar o acesso \u00e0s bases p\u00fablicas e fortalecer pr\u00e1ticas de gest\u00e3o abertas e participativas.<\/p>\n<p>Para conhecer os pain\u00e9is e conferir os dados dispon\u00edveis atualmente, acesse:\u00a0<a role=\"link\" href=\"https:\/\/nies.saude.sp.gov.br\/ses\" target=\"_blank\" rel=\"noopener\">https:\/\/nies.saude.sp.gov.br\/ses<\/a>.<\/p>\n<p>Para o coordenador do Grupo de Inform\u00e1tica em Sa\u00fade da SES, Weisley Gl\u00f3ria, o n\u00facleo representa um avan\u00e7o estruturante. \u201cA consolida\u00e7\u00e3o do NIES fortalece nossa capacidade de transformar dados em conhecimento e conhecimento em a\u00e7\u00f5es efetivas. \u00c9 um passo decisivo para integrar sistemas, qualificar an\u00e1lises e apoiar decis\u00f5es que impactam diretamente a vida da popula\u00e7\u00e3o\u201d.<\/p>\n<p>A cria\u00e7\u00e3o do NIES refor\u00e7a o compromisso do Governo de S\u00e3o Paulo em modernizar a gest\u00e3o, ampliar o acesso a informa\u00e7\u00f5es p\u00fablicas de qualidade e impulsionar o uso de ferramentas digitais no sistema de sa\u00fade.<\/p>\n<p>Fonte: Agencia SP<\/p>\n<\/div>\n<\/div>\n<\/div>\n<\/div>\n","protected":false},"excerpt":{"rendered":"<p>Governo de SP lan\u00e7a n\u00facleo que integra e amplia acesso a dados estrat\u00e9gicos da sa\u00fade Nova plataforma centraliza bases estrat\u00e9gicas,<\/p>\n","protected":false},"author":1,"featured_media":10776,"comment_status":"open","ping_status":"open","sticky":false,"template":"","format":"standard","meta":{"colormag_page_container_layout":"default_layout","colormag_page_sidebar_layout":"default_layout","footnotes":""},"categories":[9],"tags":[],"class_list":["post-10773","post","type-post","status-publish","format-standard","has-post-thumbnail","hentry","category-saude"],"_links":{"self":[{"href":"http:\/\/metropoleemfoco.com.br\/index.php?rest_route=\/wp\/v2\/posts\/10773","targetHints":{"allow":["GET"]}}],"collection":[{"href":"http:\/\/metropoleemfoco.com.br\/index.php?rest_route=\/wp\/v2\/posts"}],"about":[{"href":"http:\/\/metropoleemfoco.com.br\/index.php?rest_route=\/wp\/v2\/types\/post"}],"author":[{"embeddable":true,"href":"http:\/\/metropoleemfoco.com.br\/index.php?rest_route=\/wp\/v2\/users\/1"}],"replies":[{"embeddable":true,"href":"http:\/\/metropoleemfoco.com.br\/index.php?rest_route=%2Fwp%2Fv2%2Fcomments&post=10773"}],"version-history":[{"count":1,"href":"http:\/\/metropoleemfoco.com.br\/index.php?rest_route=\/wp\/v2\/posts\/10773\/revisions"}],"predecessor-version":[{"id":10777,"href":"http:\/\/metropoleemfoco.com.br\/index.php?rest_route=\/wp\/v2\/posts\/10773\/revisions\/10777"}],"wp:featuredmedia":[{"embeddable":true,"href":"http:\/\/metropoleemfoco.com.br\/index.php?rest_route=\/wp\/v2\/media\/10776"}],"wp:attachment":[{"href":"http:\/\/metropoleemfoco.com.br\/index.php?rest_route=%2Fwp%2Fv2%2Fmedia&parent=10773"}],"wp:term":[{"taxonomy":"category","embeddable":true,"href":"http:\/\/metropoleemfoco.com.br\/index.php?rest_route=%2Fwp%2Fv2%2Fcategories&post=10773"},{"taxonomy":"post_tag","embeddable":true,"href":"http:\/\/metropoleemfoco.com.br\/index.php?rest_route=%2Fwp%2Fv2%2Ftags&post=10773"}],"curies":[{"name":"wp","href":"https:\/\/api.w.org\/{rel}","templated":true}]}}