{"id":10768,"date":"2025-12-07T08:49:48","date_gmt":"2025-12-07T11:49:48","guid":{"rendered":"http:\/\/metropoleemfoco.com.br\/?p=10768"},"modified":"2025-12-07T08:49:48","modified_gmt":"2025-12-07T11:49:48","slug":"prefeitura-de-sp-rescinde-contrato-com-transwolff-e-sptrans-vai-assumir-gestao-das-linhas-empresa-e-investigada-por-elo-com-pcc","status":"publish","type":"post","link":"http:\/\/metropoleemfoco.com.br\/?p=10768","title":{"rendered":"Prefeitura de SP rescinde contrato com Transwolff, e SPTrans vai assumir gest\u00e3o das linhas; empresa \u00e9 investigada por elo com PCC"},"content":{"rendered":"<div class=\"mc-article-header\">\n<div class=\"row content-head mc-column non-featured \">\n<div class=\"title\" data-block-type=\"title\" data-block-id=\"0\">\n<h1 class=\"content-head__title\">Prefeitura de SP rescinde contrato com Transwolff, e SPTrans vai assumir gest\u00e3o das linhas; empresa \u00e9 investigada por elo com PCC<\/h1>\n<\/div>\n<div class=\"medium-centered subtitle\">\n<h2 class=\"content-head__subtitle\">A Transwolff, que est\u00e1 sob interven\u00e7\u00e3o, foi alvo da Opera\u00e7\u00e3o Fim da Linha, deflagrada em abril de 2024 pelo Minist\u00e9rio P\u00fablico de S\u00e3o Paulo (MP-SP), por suspeita de lavagem de dinheiro e favorecimento ao PCC. A empresa nega envolvimento com a fac\u00e7\u00e3o criminosa.<\/h2>\n<\/div>\n<\/div>\n<div class=\"content__signa-share mc-column\">\n<div class=\"content__signature\">\n<div class=\"content-publication-data\">\n<div class=\"content-publication-data__text\">\n<p class=\"content-publication-data__from\" title=\"Let\u00edcia Dauer\">Por\u00a0<a class=\"multi_signatures\" href=\"https:\/\/g1.globo.com\/autores\/leticia-dauer\/\">Let\u00edcia Dauer<\/a>, g1 SP\u00a0\u2014 S\u00e3o Paulo<\/p>\n<\/div>\n<\/div>\n<\/div>\n<\/div>\n<div class=\"glb-share-bar content__share-bar\">\n<div class=\"glb-share-bar_icons\">\n<div class=\"glb-share-bar_button-img\"><\/div>\n<div class=\"glb-share-bar_button-img\"><\/div>\n<\/div>\n<\/div>\n<\/div>\n<div class=\"mc-article-body\">\n<article>\n<div id=\"chunk-96io3\">\n<div class=\"cxm-block-video content-media mc-column \" data-block-type=\"backstage-video\" data-block-id=\"2\">\n<div class=\"cxm-block-video__container cxm-block-video__container--fallback \">\n<div class=\"cxm-block-video__player-fixer\">\n<article class=\"cxm-block-video__player-wrapper\">\n<section class=\"cxm-block-video__player\">\n<div class=\"cxm-block-video__placeholder\" data-video-id=\"14155460\"><img decoding=\"async\" class=\"cxm-block-video__thumb\" title=\"Prefeitura de SP rompe contrato com Transwolff\" src=\"https:\/\/s01.video.glbimg.com\/x240\/14155460.jpg\" alt=\"Prefeitura de SP rompe contrato com Transwolff\" \/><\/div>\n<\/section>\n<\/article>\n<\/div>\n<div class=\"cxm-block-video__caption-container\">\n<p class=\"codex-caption codex-caption--small\">Prefeitura de SP rompe contrato com Transwolff<\/p>\n<\/div>\n<\/div>\n<\/div>\n<\/div>\n<div id=\"chunk-73hfo\">\n<div class=\"mc-column content-text active-extra-styles \" data-block-type=\"unstyled\" data-block-weight=\"53\" data-block-id=\"3\">\n<p class=\" content-text__container \" data-track-category=\"Link no Texto\" data-track-links=\"\" data-mrf-recirculation=\"Mat\u00e9ria - Links no Texto\">A Prefeitura de\u00a0<a class=\"\" href=\"https:\/\/g1.globo.com\/sp\/sao-paulo\/cidade\/sao-paulo\/\" data-mrf-link=\"https:\/\/g1.globo.com\/sp\/sao-paulo\/cidade\/sao-paulo\/\">S\u00e3o Paulo<\/a>\u00a0decretou nesta sexta-feira (5) a\u00a0<a class=\"\" href=\"https:\/\/g1.globo.com\/sp\/sao-paulo\/noticia\/2024\/12\/23\/prefeitura-de-sp-decide-romper-contratos-com-as-empresas-de-onibus-upbus-e-transwolff-investigadas-por-ligacao-com-pcc.ghtml\" data-mrf-link=\"https:\/\/g1.globo.com\/sp\/sao-paulo\/noticia\/2024\/12\/23\/prefeitura-de-sp-decide-romper-contratos-com-as-empresas-de-onibus-upbus-e-transwolff-investigadas-por-ligacao-com-pcc.ghtml\">caducidade dos contratos da empresa de \u00f4nibus Transwolff<\/a>. A empresa \u00e9 investigada por elo com PCC\u00a0<em>(leia mais abaixo)<\/em>. A decis\u00e3o ser\u00e1 publicada no Di\u00e1rio Oficial e transfere toda a gest\u00e3o da companhia para a SPTrans, respons\u00e1vel pelo transporte p\u00fablico na capital.<\/p>\n<\/div>\n<\/div>\n<div class=\"wall protected-content\">\n<div id=\"chunk-admdi\">\n<div class=\"mc-column content-text active-extra-styles \" data-block-type=\"unstyled\" data-block-weight=\"14\" data-block-id=\"5\">\n<p class=\" content-text__container \" data-track-category=\"Link no Texto\" data-track-links=\"\" data-mrf-recirculation=\"Mat\u00e9ria - Links no Texto\">A Transwolff j\u00e1 estava sob\u00a0<a class=\"\" href=\"https:\/\/g1.globo.com\/sp\/sao-paulo\/noticia\/2024\/04\/09\/apos-determinacao-judicial-prefeitura-de-sp-assume-operacao-de-empresas-de-onibus-de-sp-alvos-de-operacao-do-mp-nenhuma-linha-sera-paralisada.ghtml\" data-mrf-link=\"https:\/\/g1.globo.com\/sp\/sao-paulo\/noticia\/2024\/04\/09\/apos-determinacao-judicial-prefeitura-de-sp-assume-operacao-de-empresas-de-onibus-de-sp-alvos-de-operacao-do-mp-nenhuma-linha-sera-paralisada.ghtml\">interven\u00e7\u00e3o desde abril de 2024, por decis\u00e3o judicial.<\/a><\/p>\n<\/div>\n<\/div>\n<div id=\"chunk-esdp1\">\n<div class=\"mc-column content-text active-extra-styles \" data-block-type=\"unstyled\" data-block-weight=\"30\" data-block-id=\"6\">\n<p class=\" content-text__container \" data-track-category=\"Link no Texto\" data-track-links=\"\" data-mrf-recirculation=\"Mat\u00e9ria - Links no Texto\"><em>\ud83d\udc49 A caducidade est\u00e1 diretamente relacionada ao processo de extin\u00e7\u00e3o de um contrato de concess\u00e3o de servi\u00e7o p\u00fablico, motivada por ind\u00edcios ou comprova\u00e7\u00e3o de falhas graves por parte da concession\u00e1ria.<\/em><\/p>\n<\/div>\n<\/div>\n<div id=\"chunk-15b0k\">\n<div class=\"mc-column content-text active-extra-styles \" data-block-type=\"unstyled\" data-block-weight=\"44\" data-block-id=\"7\">\n<p class=\" content-text__container \" data-track-category=\"Link no Texto\" data-track-links=\"\" data-mrf-recirculation=\"Mat\u00e9ria - Links no Texto\">Segundo a administra\u00e7\u00e3o municipal, com a decis\u00e3o, n\u00e3o haver\u00e1 mudan\u00e7a para os passageiros. A Transwolff opera 133 linhas que atendem mais de 500 mil pessoas por dia, principalmente nas zonas Sul e Leste da cidade. O contrato de 15 anos tinha vig\u00eancia at\u00e9 2034.<\/p>\n<\/div>\n<\/div>\n<div id=\"chunk-a629f\">\n<div class=\"mc-column content-text active-extra-styles \" data-block-type=\"unstyled\" data-block-weight=\"30\" data-block-id=\"9\">\n<p class=\" content-text__container \" data-track-category=\"Link no Texto\" data-track-links=\"\" data-mrf-recirculation=\"Mat\u00e9ria - Links no Texto\">A prefeitura afirmou que todos os empregos ser\u00e3o mantidos, incluindo sal\u00e1rios e benef\u00edcios dos funcion\u00e1rios. A SPTrans tamb\u00e9m vai assumir os pagamentos a fornecedores para garantir a continuidade dos servi\u00e7os.<\/p>\n<\/div>\n<\/div>\n<div id=\"chunk-e4pcp\">\n<div class=\"mc-column content-text active-extra-styles \" data-block-type=\"unstyled\" data-block-weight=\"32\" data-block-id=\"10\">\n<p class=\" content-text__container \" data-track-category=\"Link no Texto\" data-track-links=\"\" data-mrf-recirculation=\"Mat\u00e9ria - Links no Texto\">Em nota, a Transwolff informou que &#8220;vai adotar medidas judiciais cab\u00edveis contra a arbitrariedade e a ilegalidade do decreto de caducidade dos contratos sob justificativa de n\u00e3o cumprir obriga\u00e7\u00f5es e termos contratuais&#8221;.<\/p>\n<\/div>\n<\/div>\n<div id=\"chunk-2ns93\">\n<div class=\"row medium-uncollapsed content-media content-photo\" data-block-type=\"backstage-photo\" data-block-id=\"11\">\n<div class=\" mc-column  content-media__container\">\n<div class=\"content-media-container glb-skeleton-box\">\n<figure class=\"content-media-figure\"><img decoding=\"async\" class=\"i-amphtml-fill-content i-amphtml-replaced-content\" src=\"https:\/\/s2-g1.glbimg.com\/YsJnvJc_tInYv8PBgB86RmUSUB0=\/0x0:1029x599\/984x0\/smart\/filters:strip_icc()\/i.s3.glbimg.com\/v1\/AUTH_59edd422c0c84a879bd37670ae4f538a\/internal_photos\/bs\/2024\/L\/W\/RrFRaLS5y5uVVuQ0tqbA\/1712664572250071.jpg\" sizes=\"(max-width: 1366px) 648px, 100vw\" srcset=\"https:\/\/s2-g1.glbimg.com\/kD9UNE4HYlWXhgP433MrZG5aT4I=\/0x0:1029x599\/1000x0\/smart\/filters:strip_icc()\/i.s3.glbimg.com\/v1\/AUTH_59edd422c0c84a879bd37670ae4f538a\/internal_photos\/bs\/2024\/L\/W\/RrFRaLS5y5uVVuQ0tqbA\/1712664572250071.jpg 1000w, https:\/\/s2-g1.glbimg.com\/YsJnvJc_tInYv8PBgB86RmUSUB0=\/0x0:1029x599\/984x0\/smart\/filters:strip_icc()\/i.s3.glbimg.com\/v1\/AUTH_59edd422c0c84a879bd37670ae4f538a\/internal_photos\/bs\/2024\/L\/W\/RrFRaLS5y5uVVuQ0tqbA\/1712664572250071.jpg 984w, https:\/\/s2-g1.glbimg.com\/ES5DV96cGR-uo924h1gjOyG_Rko=\/0x0:1029x599\/640x0\/smart\/filters:strip_icc()\/i.s3.glbimg.com\/v1\/AUTH_59edd422c0c84a879bd37670ae4f538a\/internal_photos\/bs\/2024\/L\/W\/RrFRaLS5y5uVVuQ0tqbA\/1712664572250071.jpg 640w, https:\/\/s2-g1.glbimg.com\/X0L0ZV2oi_d1VqEBWJsCK-aMU1E=\/0x0:1029x599\/600x0\/smart\/filters:strip_icc()\/i.s3.glbimg.com\/v1\/AUTH_59edd422c0c84a879bd37670ae4f538a\/internal_photos\/bs\/2024\/L\/W\/RrFRaLS5y5uVVuQ0tqbA\/1712664572250071.jpg 600w\" alt=\"As empresas Transwolff e UPBus, alvos nesta ter\u00e7a-feira (9), de opera\u00e7\u00e3o do Minist\u00e9rio P\u00fablico de SP. \u2014 Foto: Acervo Pessoa\/Divulga\u00e7\u00e3o\" \/><\/figure>\n<\/div>\n<p class=\"content-media__description  \">As empresas Transwolff e UPBus, alvos nesta ter\u00e7a-feira (9), de opera\u00e7\u00e3o do Minist\u00e9rio P\u00fablico de SP. \u2014 Foto: Acervo Pessoa\/Divulga\u00e7\u00e3o<\/p>\n<\/div>\n<\/div>\n<\/div>\n<div id=\"chunk-c1jvh\">\n<div class=\"mc-column content-text active-extra-styles \" data-block-type=\"unstyled\" data-block-weight=\"67\" data-block-id=\"12\">\n<p class=\" content-text__container \" data-track-category=\"Link no Texto\" data-track-links=\"\" data-mrf-recirculation=\"Mat\u00e9ria - Links no Texto\">&#8220;Causa estranheza que a caducidade tenha sido decretada antes da conclus\u00e3o das atividades da Comiss\u00e3o do Grupo de Trabalho Multidisciplinar institu\u00eddo pela Secretaria de Transporte e Mobilidade Urbana do Munic\u00edpio de S\u00e3o Paulo, especialmente ap\u00f3s a recente manifesta\u00e7\u00e3o apresentada pela empresa naquele \u00e2mbito, na qual foram apontadas irregularidades e ilegalidades no processo administrativo, aptas, inclusive, a justificar comunica\u00e7\u00e3o ao Minist\u00e9rio P\u00fablico de S\u00e3o Paulo&#8221;, apontou a empresa.<\/p>\n<\/div>\n<\/div>\n<div id=\"chunk-ajnfq\">\n<div class=\"mc-column content-text active-extra-styles \" data-block-type=\"unstyled\" data-block-weight=\"21\" data-block-id=\"14\">\n<p class=\" content-text__container \" data-track-category=\"Link no Texto\" data-track-links=\"\" data-mrf-recirculation=\"Mat\u00e9ria - Links no Texto\">&#8220;O decreto de caducidade se apoia exclusivamente em quest\u00f5es financeiras, comuns a todas as empresas do setor e plenamente san\u00e1veis&#8221;, completou.<\/p>\n<\/div>\n<\/div>\n<div id=\"chunk-91as3\">\n<div class=\"mc-column content-text active-extra-styles\" data-block-type=\"raw\" data-block-weight=\"4\" data-block-id=\"15\">\n<div class=\"content-intertitle\">\n<h2>Opera\u00e7\u00e3o Fim da Linha<\/h2>\n<\/div>\n<\/div>\n<\/div>\n<div id=\"chunk-bke2o\">\n<div class=\"mc-column content-text active-extra-styles \" data-block-type=\"unstyled\" data-block-weight=\"41\" data-block-id=\"16\">\n<p class=\" content-text__container \" data-track-category=\"Link no Texto\" data-track-links=\"\" data-mrf-recirculation=\"Mat\u00e9ria - Links no Texto\">A Transwolff \u2014 com outra empresa de \u00f4nibus, a UPBus \u2014\u00a0<a class=\"\" href=\"https:\/\/g1.globo.com\/sp\/sao-paulo\/noticia\/2024\/04\/09\/entenda-como-funcionava-esquema-entre-empresas-de-onibus-suspeitas-de-envolvimento-com-pcc-em-sao-paulo.ghtml\" data-mrf-link=\"https:\/\/g1.globo.com\/sp\/sao-paulo\/noticia\/2024\/04\/09\/entenda-como-funcionava-esquema-entre-empresas-de-onibus-suspeitas-de-envolvimento-com-pcc-em-sao-paulo.ghtml\">foi alvo da Opera\u00e7\u00e3o Fim da Linha, deflagrada em abril de 2024 pelo Minist\u00e9rio P\u00fablico de S\u00e3o Paulo<\/a>\u00a0(MP-SP), por suspeita de lavagem de dinheiro e favorecimento ao PCC.<\/p>\n<\/div>\n<\/div>\n<div id=\"chunk-6m9j7\">\n<div class=\"mc-column content-text active-extra-styles \" data-block-type=\"unstyled\" data-block-weight=\"29\" data-block-id=\"17\">\n<p class=\" content-text__container \" data-track-category=\"Link no Texto\" data-track-links=\"\" data-mrf-recirculation=\"Mat\u00e9ria - Links no Texto\">As investiga\u00e7\u00f5es apontam que o dinheiro usado para aumentar o capital da Transwolff poderia ter origem il\u00edcita \u2014 ou seja, os recursos seriam provenientes de atividades do PCC.<\/p>\n<\/div>\n<\/div>\n<div id=\"chunk-f7u28\">\n<div class=\"mc-column content-text active-extra-styles \" data-block-type=\"unstyled\" data-block-weight=\"28\" data-block-id=\"18\">\n<p class=\" content-text__container \" data-track-category=\"Link no Texto\" data-track-links=\"\" data-mrf-recirculation=\"Mat\u00e9ria - Links no Texto\">O esquema envolveria uso de \u201claranjas\u201d e \u201cCNPJs fantasmas\u201d, facilidades de empresas de fachada para ocultar as verdadeiras origens dos valores, algo t\u00edpico de lavagem de dinheiro.<\/p>\n<\/div>\n<\/div>\n<div id=\"chunk-55eg8\">\n<div class=\"mc-column content-text active-extra-styles \" data-block-type=\"unstyled\" data-block-weight=\"25\" data-block-id=\"19\">\n<p class=\" content-text__container \" data-track-category=\"Link no Texto\" data-track-links=\"\" data-mrf-recirculation=\"Mat\u00e9ria - Links no Texto\">Em fun\u00e7\u00e3o dessas suspeitas, a Prefeitura de S\u00e3o Paulo abriu processo para rescindir os contratos da Transwolff e da UPBus em dezembro de 2024.<\/p>\n<\/div>\n<\/div>\n<div id=\"chunk-eu8mj\">\n<div class=\"mc-column content-text active-extra-styles \" data-block-type=\"unstyled\" data-block-weight=\"37\" data-block-id=\"20\">\n<p class=\" content-text__container \" data-track-category=\"Link no Texto\" data-track-links=\"\" data-mrf-recirculation=\"Mat\u00e9ria - Links no Texto\">A defesa da Transwolff, por\u00e9m, nega qualquer v\u00ednculo com o crime organizado \u2014 afirma n\u00e3o haver \u201ccomprova\u00e7\u00e3o de qualquer rela\u00e7\u00e3o com organiza\u00e7\u00f5es criminosas ou de atividades il\u00edcitas\u201d e diz que vai contestar a decis\u00e3o na Justi\u00e7a.<\/p>\n<\/div>\n<\/div>\n<div id=\"chunk-4rkjj\">\n<div class=\"block-podcast\">Fonte: G1<\/div>\n<\/div>\n<\/div>\n<\/article>\n<\/div>\n","protected":false},"excerpt":{"rendered":"<p>Prefeitura de SP rescinde contrato com Transwolff, e SPTrans vai assumir gest\u00e3o das linhas; empresa \u00e9 investigada por elo com<\/p>\n","protected":false},"author":1,"featured_media":10769,"comment_status":"open","ping_status":"open","sticky":false,"template":"","format":"standard","meta":{"colormag_page_container_layout":"default_layout","colormag_page_sidebar_layout":"default_layout","footnotes":""},"categories":[1],"tags":[],"class_list":["post-10768","post","type-post","status-publish","format-standard","has-post-thumbnail","hentry","category-geral"],"_links":{"self":[{"href":"http:\/\/metropoleemfoco.com.br\/index.php?rest_route=\/wp\/v2\/posts\/10768","targetHints":{"allow":["GET"]}}],"collection":[{"href":"http:\/\/metropoleemfoco.com.br\/index.php?rest_route=\/wp\/v2\/posts"}],"about":[{"href":"http:\/\/metropoleemfoco.com.br\/index.php?rest_route=\/wp\/v2\/types\/post"}],"author":[{"embeddable":true,"href":"http:\/\/metropoleemfoco.com.br\/index.php?rest_route=\/wp\/v2\/users\/1"}],"replies":[{"embeddable":true,"href":"http:\/\/metropoleemfoco.com.br\/index.php?rest_route=%2Fwp%2Fv2%2Fcomments&post=10768"}],"version-history":[{"count":1,"href":"http:\/\/metropoleemfoco.com.br\/index.php?rest_route=\/wp\/v2\/posts\/10768\/revisions"}],"predecessor-version":[{"id":10770,"href":"http:\/\/metropoleemfoco.com.br\/index.php?rest_route=\/wp\/v2\/posts\/10768\/revisions\/10770"}],"wp:featuredmedia":[{"embeddable":true,"href":"http:\/\/metropoleemfoco.com.br\/index.php?rest_route=\/wp\/v2\/media\/10769"}],"wp:attachment":[{"href":"http:\/\/metropoleemfoco.com.br\/index.php?rest_route=%2Fwp%2Fv2%2Fmedia&parent=10768"}],"wp:term":[{"taxonomy":"category","embeddable":true,"href":"http:\/\/metropoleemfoco.com.br\/index.php?rest_route=%2Fwp%2Fv2%2Fcategories&post=10768"},{"taxonomy":"post_tag","embeddable":true,"href":"http:\/\/metropoleemfoco.com.br\/index.php?rest_route=%2Fwp%2Fv2%2Ftags&post=10768"}],"curies":[{"name":"wp","href":"https:\/\/api.w.org\/{rel}","templated":true}]}}