{"id":10761,"date":"2025-12-07T08:51:00","date_gmt":"2025-12-07T11:51:00","guid":{"rendered":"http:\/\/metropoleemfoco.com.br\/?p=10761"},"modified":"2025-12-07T08:51:00","modified_gmt":"2025-12-07T11:51:00","slug":"viaduto-do-cha-passara-por-reforma-troca-do-piso-de-pedras-portuguesas-por-granito-gera-debate","status":"publish","type":"post","link":"http:\/\/metropoleemfoco.com.br\/?p=10761","title":{"rendered":"Viaduto do Ch\u00e1 passar\u00e1 por reforma; troca do piso de pedras portuguesas por granito gera debate"},"content":{"rendered":"<div class=\"mc-article-header\">\n<div class=\"row content-head mc-column non-featured \">\n<div class=\"title\" data-block-type=\"title\" data-block-id=\"0\">\n<h1 class=\"content-head__title\">Viaduto do Ch\u00e1 passar\u00e1 por reforma; troca do piso de pedras portuguesas por granito gera debate<\/h1>\n<\/div>\n<div class=\"medium-centered subtitle\">\n<h2 class=\"content-head__subtitle\">Especialista e moradores temem descaracteriza\u00e7\u00e3o de um dos s\u00edmbolos mais antigos da cidade.<\/h2>\n<\/div>\n<\/div>\n<div class=\"content__signa-share mc-column\">\n<div class=\"content__signature\">\n<div class=\"content-publication-data\">\n<div class=\"content-publication-data__text\">\n<p class=\"content-publication-data__from\" title=\"Reda\u00e7\u00e3o TV Globo e g1 SP\">Por\u00a0<a class=\"multi_signatures\" href=\"https:\/\/g1.globo.com\/autores\/redacao-tv-globo-e-g1-sp\/\">Reda\u00e7\u00e3o TV Globo e g1 SP<\/a><\/p>\n<\/div>\n<\/div>\n<\/div>\n<\/div>\n<div class=\"glb-share-bar content__share-bar\">\n<div class=\"glb-share-bar_icons\">\n<div class=\"glb-share-bar_button-img\"><\/div>\n<div class=\"glb-share-bar_button-img\"><\/div>\n<\/div>\n<\/div>\n<\/div>\n<div class=\"mc-article-body\">\n<article>\n<div id=\"chunk-f2mhb\">\n<div class=\"cxm-block-video content-media mc-column \" data-block-type=\"backstage-video\" data-block-id=\"1\">\n<div class=\"cxm-block-video__container cxm-block-video__container--fallback \">\n<div class=\"cxm-block-video__player-fixer\">\n<article class=\"cxm-block-video__player-wrapper\">\n<section class=\"cxm-block-video__player\">\n<div class=\"cxm-block-video__placeholder\" data-video-id=\"14157012\"><img decoding=\"async\" class=\"cxm-block-video__thumb\" title=\"Viaduto do Ch\u00e1 passar\u00e1 por reforma e gera debate sobre preserva\u00e7\u00e3o do patrim\u00f4nio hist\u00f3rico\" src=\"https:\/\/s01.video.glbimg.com\/x240\/14157012.jpg\" alt=\"Viaduto do Ch\u00e1 passar\u00e1 por reforma e gera debate sobre preserva\u00e7\u00e3o do patrim\u00f4nio hist\u00f3rico\" \/><\/p>\n<div>\n<div id=\"wp3-player-1\" class=\"clappr-player clappr-detach--is-detached clappr-detach--is-detached__visible\" tabindex=\"9999\" data-player=\"\">\n<div class=\"dfp-ad-overlay dfp-ad-overlay--notransition\">\n<div>\n<div><\/div>\n<\/div>\n<\/div>\n<\/div>\n<div class=\"clappr-detach clappr-detach--visible\">\n<div class=\"clappr-detach__placeholder-background\"><\/div>\n<\/div>\n<\/div>\n<\/div>\n<\/section>\n<\/article>\n<\/div>\n<div class=\"cxm-block-video__caption-container\">\n<p class=\"codex-caption codex-caption--small\">Viaduto do Ch\u00e1 passar\u00e1 por reforma e gera debate sobre preserva\u00e7\u00e3o do patrim\u00f4nio hist\u00f3rico<\/p>\n<\/div>\n<\/div>\n<\/div>\n<\/div>\n<div id=\"chunk-3ppa0\">\n<div class=\"mc-column content-text active-extra-styles \" data-block-type=\"unstyled\" data-block-weight=\"43\" data-block-id=\"2\">\n<p class=\" content-text__container \" data-track-category=\"Link no Texto\" data-track-links=\"\" data-mrf-recirculation=\"Mat\u00e9ria - Links no Texto\">Com mais de 130 anos de hist\u00f3ria, o Viaduto do Ch\u00e1, o primeiro constru\u00eddo em\u00a0<a class=\"\" href=\"https:\/\/g1.globo.com\/sp\/sao-paulo\/cidade\/sao-paulo\/\" data-mrf-link=\"https:\/\/g1.globo.com\/sp\/sao-paulo\/cidade\/sao-paulo\/\">S\u00e3o Paulo<\/a>, vai passar por uma ampla reforma estrutural. As obras, segundo a Prefeitura, s\u00e3o necess\u00e1rias para conter infiltra\u00e7\u00f5es e revitalizar o entorno do Vale do Anhangaba\u00fa.<\/p>\n<\/div>\n<\/div>\n<div class=\"wall protected-content\">\n<div id=\"chunk-bke4r\">\n<div class=\"mc-column content-text active-extra-styles \" data-block-type=\"unstyled\" data-block-weight=\"25\" data-block-id=\"4\">\n<p class=\" content-text__container \" data-track-category=\"Link no Texto\" data-track-links=\"\" data-mrf-recirculation=\"Mat\u00e9ria - Links no Texto\">Mas parte das interven\u00e7\u00f5es, como a troca do piso de pedras portuguesas por granito, preocupa quem defende a preserva\u00e7\u00e3o da identidade hist\u00f3rica do local.<\/p>\n<\/div>\n<\/div>\n<div id=\"chunk-9kc2g\">\n<div class=\"mc-column content-text active-extra-styles \" data-block-type=\"unstyled\" data-block-weight=\"51\" data-block-id=\"5\">\n<p class=\" content-text__container \" data-track-category=\"Link no Texto\" data-track-links=\"\" data-mrf-recirculation=\"Mat\u00e9ria - Links no Texto\">Inaugurado em 1892, o viaduto \u00e9 um marco da transforma\u00e7\u00e3o da cidade. Ele liga o que era conhecido como \u201cCidade Velha\u201d \u00e0 \u201cCidade Nova\u201d, conectando pontos emblem\u00e1ticos do centro, como o Teatro Municipal, o edif\u00edcio Matarazzo \u2014 sede da Prefeitura \u2014, e as antigas sedes da Light e do Mappin.<\/p>\n<\/div>\n<\/div>\n<div id=\"chunk-7jkmo\">\n<div class=\"mc-column content-text active-extra-styles\" data-block-type=\"raw\" data-block-weight=\"28\" data-block-id=\"7\">\n<blockquote class=\"content-blockquote theme-border-color-primary-before\"><p>\u201cEsse viaduto liga duas cidades. Se ele para, a cidade para. N\u00e3o h\u00e1 outra forma de fazer essa travessia\u201d, explica o historiador e arquiteto Lincoln, morador da regi\u00e3o.<\/p><\/blockquote>\n<\/div>\n<\/div>\n<div id=\"chunk-kjut\">\n<div class=\"mc-column content-text active-extra-styles \" data-block-type=\"unstyled\" data-block-weight=\"14\" data-block-id=\"8\">\n<p class=\" content-text__container \" data-track-category=\"Link no Texto\" data-track-links=\"\" data-mrf-recirculation=\"Mat\u00e9ria - Links no Texto\">A substitui\u00e7\u00e3o do piso foi aprovada pelos \u00f3rg\u00e3os de patrim\u00f4nio, mas divide opini\u00f5es.<\/p>\n<\/div>\n<\/div>\n<div id=\"chunk-8j7a7\">\n<div class=\"mc-column content-text active-extra-styles\" data-block-type=\"raw\" data-block-weight=\"28\" data-block-id=\"9\">\n<blockquote class=\"content-blockquote theme-border-color-primary-before\"><p>\u201cAs pedras portuguesas t\u00eam um valor afetivo. Uma gera\u00e7\u00e3o inteira reconhece a cidade por esse tra\u00e7ado. A troca \u00e9 question\u00e1vel, principalmente se n\u00e3o houver manuten\u00e7\u00e3o adequada\u201d, avalia Lincoln.<\/p><\/blockquote>\n<\/div>\n<\/div>\n<div id=\"chunk-33jqt\">\n<div class=\"mc-column content-text active-extra-styles \" data-block-type=\"unstyled\" data-block-weight=\"40\" data-block-id=\"10\">\n<p class=\" content-text__container \" data-track-category=\"Link no Texto\" data-track-links=\"\" data-mrf-recirculation=\"Mat\u00e9ria - Links no Texto\">A Pra\u00e7a do Patriarca tamb\u00e9m ser\u00e1 restaurada. O piso de mosaico de pedras portuguesas ser\u00e1 recomposto para resgatar o desenho original, e a marquise projetada pelo arquiteto Paulo Mendes da Rocha, entregue h\u00e1 23 anos, ser\u00e1 mantida e recuperada.<\/p>\n<\/div>\n<\/div>\n<div id=\"chunk-fq5u\">\n<div class=\"mc-column content-text active-extra-styles \" data-block-type=\"unstyled\" data-block-weight=\"49\" data-block-id=\"11\">\n<p class=\" content-text__container \" data-track-category=\"Link no Texto\" data-track-links=\"\" data-mrf-recirculation=\"Mat\u00e9ria - Links no Texto\">O entorno da galeria Prestes Maia, que fica sob a marquise e est\u00e1 atualmente interditado por infiltra\u00e7\u00f5es, deve ganhar uma cerca retr\u00e1til para fechamento noturno. A galeria faz parte da concess\u00e3o do Vale do Anhangaba\u00fa e, ap\u00f3s as obras, deve ser transformada em espa\u00e7o cultural e de exposi\u00e7\u00f5es.<\/p>\n<\/div>\n<\/div>\n<div id=\"chunk-aqefh\">\n<div class=\"row medium-uncollapsed content-media content-photo\" data-block-type=\"backstage-photo\" data-block-id=\"12\">\n<div class=\" mc-column  content-media__container\">\n<div class=\"content-media-container glb-skeleton-box\">\n<figure class=\"content-media-figure\"><img decoding=\"async\" class=\"i-amphtml-fill-content i-amphtml-replaced-content\" src=\"https:\/\/s2-g1.glbimg.com\/2MQhgsLPz52NX5a1gR5CFeQcG0I=\/0x0:1136x637\/984x0\/smart\/filters:strip_icc()\/i.s3.glbimg.com\/v1\/AUTH_59edd422c0c84a879bd37670ae4f538a\/internal_photos\/bs\/2025\/i\/3\/wdPpWGQEK1pZKFAPTAag\/fotojet-35-.jpg\" sizes=\"(max-width: 1366px) 648px, 100vw\" srcset=\"https:\/\/s2-g1.glbimg.com\/Vk5rYH1ColtU7P47BVPwN7GC3Po=\/0x0:1136x637\/1000x0\/smart\/filters:strip_icc()\/i.s3.glbimg.com\/v1\/AUTH_59edd422c0c84a879bd37670ae4f538a\/internal_photos\/bs\/2025\/i\/3\/wdPpWGQEK1pZKFAPTAag\/fotojet-35-.jpg 1000w, https:\/\/s2-g1.glbimg.com\/2MQhgsLPz52NX5a1gR5CFeQcG0I=\/0x0:1136x637\/984x0\/smart\/filters:strip_icc()\/i.s3.glbimg.com\/v1\/AUTH_59edd422c0c84a879bd37670ae4f538a\/internal_photos\/bs\/2025\/i\/3\/wdPpWGQEK1pZKFAPTAag\/fotojet-35-.jpg 984w, https:\/\/s2-g1.glbimg.com\/xeJrfgR5eVqhyiMpOQJabhmLFxc=\/0x0:1136x637\/640x0\/smart\/filters:strip_icc()\/i.s3.glbimg.com\/v1\/AUTH_59edd422c0c84a879bd37670ae4f538a\/internal_photos\/bs\/2025\/i\/3\/wdPpWGQEK1pZKFAPTAag\/fotojet-35-.jpg 640w, https:\/\/s2-g1.glbimg.com\/mmTp0kpjQRKfwIDUHho5EB__csw=\/0x0:1136x637\/600x0\/smart\/filters:strip_icc()\/i.s3.glbimg.com\/v1\/AUTH_59edd422c0c84a879bd37670ae4f538a\/internal_photos\/bs\/2025\/i\/3\/wdPpWGQEK1pZKFAPTAag\/fotojet-35-.jpg 600w\" alt=\"Reforma no Viaduto do Ch\u00e1 prev\u00ea mudan\u00e7as em piso hist\u00f3rico e instala\u00e7\u00e3o de um bondinho como central de informa\u00e7\u00f5es. \u2014 Foto: Divulga\u00e7\u00e3o\" \/><\/figure>\n<\/div>\n<p class=\"content-media__description  \">Reforma no Viaduto do Ch\u00e1 prev\u00ea mudan\u00e7as em piso hist\u00f3rico e instala\u00e7\u00e3o de um bondinho como central de informa\u00e7\u00f5es. \u2014 Foto: Divulga\u00e7\u00e3o<\/p>\n<\/div>\n<\/div>\n<\/div>\n<div id=\"chunk-for5k\">\n<div class=\"mc-column content-text active-extra-styles \" data-block-type=\"unstyled\" data-block-weight=\"57\" data-block-id=\"14\">\n<p class=\" content-text__container \" data-track-category=\"Link no Texto\" data-track-links=\"\" data-mrf-recirculation=\"Mat\u00e9ria - Links no Texto\">Outras interven\u00e7\u00f5es incluem a reforma das cal\u00e7adas, do revestimento externo do viaduto e a instala\u00e7\u00e3o de um ponto de embarque e desembarque de passageiros em frente ao antigo Mappin, hoje um shopping. Um bonde hist\u00f3rico tamb\u00e9m ser\u00e1 colocado na regi\u00e3o, funcionando como central de informa\u00e7\u00f5es tur\u00edsticas. Uma nova base da Guarda Civil Metropolitana (GCM) est\u00e1 prevista.<\/p>\n<\/div>\n<\/div>\n<div id=\"chunk-188lm\">\n<div class=\"mc-column content-text active-extra-styles \" data-block-type=\"unstyled\" data-block-weight=\"35\" data-block-id=\"15\">\n<p class=\" content-text__container \" data-track-category=\"Link no Texto\" data-track-links=\"\" data-mrf-recirculation=\"Mat\u00e9ria - Links no Texto\">As mudan\u00e7as, por\u00e9m, ter\u00e3o impacto direto em quem vive do movimento no local. Derneval, dono de uma banca de jornal em frente ao Teatro Municipal h\u00e1 30 anos, foi notificado para deixar o ponto.<\/p>\n<\/div>\n<\/div>\n<div id=\"chunk-ejr02\">\n<div class=\"mc-column content-text active-extra-styles\" data-block-type=\"raw\" data-block-weight=\"25\" data-block-id=\"16\">\n<blockquote class=\"content-blockquote theme-border-color-primary-before\"><p>\u201cAqui eu formei um ambiente, tenho minha clientela. Esse lugar \u00e9 minha refer\u00eancia. Saio de casa e venho pra c\u00e1, s\u00f3 volto pra dormir\u201d, diz.<\/p><\/blockquote>\n<p>Fonte: G1<\/p><\/div>\n<\/div>\n<\/div>\n<\/article>\n<\/div>\n","protected":false},"excerpt":{"rendered":"<p>Viaduto do Ch\u00e1 passar\u00e1 por reforma; troca do piso de pedras portuguesas por granito gera debate Especialista e moradores temem<\/p>\n","protected":false},"author":1,"featured_media":10771,"comment_status":"open","ping_status":"open","sticky":false,"template":"","format":"standard","meta":{"colormag_page_container_layout":"default_layout","colormag_page_sidebar_layout":"default_layout","footnotes":""},"categories":[1],"tags":[],"class_list":["post-10761","post","type-post","status-publish","format-standard","has-post-thumbnail","hentry","category-geral"],"_links":{"self":[{"href":"http:\/\/metropoleemfoco.com.br\/index.php?rest_route=\/wp\/v2\/posts\/10761","targetHints":{"allow":["GET"]}}],"collection":[{"href":"http:\/\/metropoleemfoco.com.br\/index.php?rest_route=\/wp\/v2\/posts"}],"about":[{"href":"http:\/\/metropoleemfoco.com.br\/index.php?rest_route=\/wp\/v2\/types\/post"}],"author":[{"embeddable":true,"href":"http:\/\/metropoleemfoco.com.br\/index.php?rest_route=\/wp\/v2\/users\/1"}],"replies":[{"embeddable":true,"href":"http:\/\/metropoleemfoco.com.br\/index.php?rest_route=%2Fwp%2Fv2%2Fcomments&post=10761"}],"version-history":[{"count":1,"href":"http:\/\/metropoleemfoco.com.br\/index.php?rest_route=\/wp\/v2\/posts\/10761\/revisions"}],"predecessor-version":[{"id":10772,"href":"http:\/\/metropoleemfoco.com.br\/index.php?rest_route=\/wp\/v2\/posts\/10761\/revisions\/10772"}],"wp:featuredmedia":[{"embeddable":true,"href":"http:\/\/metropoleemfoco.com.br\/index.php?rest_route=\/wp\/v2\/media\/10771"}],"wp:attachment":[{"href":"http:\/\/metropoleemfoco.com.br\/index.php?rest_route=%2Fwp%2Fv2%2Fmedia&parent=10761"}],"wp:term":[{"taxonomy":"category","embeddable":true,"href":"http:\/\/metropoleemfoco.com.br\/index.php?rest_route=%2Fwp%2Fv2%2Fcategories&post=10761"},{"taxonomy":"post_tag","embeddable":true,"href":"http:\/\/metropoleemfoco.com.br\/index.php?rest_route=%2Fwp%2Fv2%2Ftags&post=10761"}],"curies":[{"name":"wp","href":"https:\/\/api.w.org\/{rel}","templated":true}]}}