{"id":10760,"date":"2025-12-07T08:48:42","date_gmt":"2025-12-07T11:48:42","guid":{"rendered":"http:\/\/metropoleemfoco.com.br\/?p=10760"},"modified":"2025-12-07T08:48:42","modified_gmt":"2025-12-07T11:48:42","slug":"8-de-cada-100-moradores-do-estado-de-sp-vivem-em-favelas-diz-ibge","status":"publish","type":"post","link":"http:\/\/metropoleemfoco.com.br\/?p=10760","title":{"rendered":"8 de cada 100 moradores do estado de SP vivem em favelas, diz IBGE"},"content":{"rendered":"<div class=\"mc-article-header\">\n<div class=\"row content-head mc-column non-featured \">\n<div class=\"title\" data-block-type=\"title\" data-block-id=\"0\">\n<h1 class=\"content-head__title\">8 de cada 100 moradores do estado de SP vivem em favelas, diz IBGE<\/h1>\n<\/div>\n<div class=\"medium-centered subtitle\">\n<h2 class=\"content-head__subtitle\">Instituto divulgou nesta sexta (5) um raio-X das favelas de SP. Levantamento, feito com base no Censo de 2022, mostra que 3,6 milh\u00f5es de paulistas vivem em comunidades.<\/h2>\n<\/div>\n<\/div>\n<div class=\"content__signa-share mc-column\">\n<div class=\"content__signature\">\n<div class=\"content-publication-data\">\n<div class=\"content-publication-data__text\">\n<p class=\"content-publication-data__from\" title=\"Reda\u00e7\u00e3o TV Globo e g1 SP\">Por\u00a0<a class=\"multi_signatures\" href=\"https:\/\/g1.globo.com\/autores\/redacao-tv-globo-e-g1-sp\/\">Reda\u00e7\u00e3o TV Globo e g1 SP<\/a>\u00a0\u2014 S\u00e3o Paulo<\/p>\n<\/div>\n<\/div>\n<\/div>\n<\/div>\n<div class=\"glb-share-bar content__share-bar\">\n<div class=\"glb-share-bar_icons\">\n<div class=\"glb-share-bar_button-img\"><\/div>\n<\/div>\n<\/div>\n<\/div>\n<div class=\"mc-article-body\">\n<article>\n<div id=\"chunk-dvk2a\">\n<div class=\"cxm-block-video content-media mc-column \" data-block-type=\"backstage-video\" data-block-id=\"2\">\n<div class=\"cxm-block-video__container cxm-block-video__container--fallback \">\n<div class=\"cxm-block-video__player-fixer\">\n<article class=\"cxm-block-video__player-wrapper\">\n<section class=\"cxm-block-video__player\">\n<div class=\"cxm-block-video__placeholder\" data-video-id=\"14156704\"><img decoding=\"async\" class=\"cxm-block-video__thumb\" title=\"IBGE divulga o censo das favelas de 2022\" src=\"https:\/\/s01.video.glbimg.com\/x240\/14156704.jpg\" alt=\"IBGE divulga o censo das favelas de 2022\" \/><\/div>\n<\/section>\n<\/article>\n<\/div>\n<div class=\"cxm-block-video__caption-container\">\n<p class=\"codex-caption codex-caption--small\">IBGE divulga o censo das favelas de 2022<\/p>\n<\/div>\n<\/div>\n<\/div>\n<\/div>\n<div id=\"chunk-5qa25\">\n<div class=\"mc-column content-text active-extra-styles \" data-block-type=\"unstyled\" data-block-weight=\"45\" data-block-id=\"3\">\n<p class=\" content-text__container \" data-track-category=\"Link no Texto\" data-track-links=\"\" data-mrf-recirculation=\"Mat\u00e9ria - Links no Texto\">O\u00a0<a class=\"\" href=\"https:\/\/g1.globo.com\/economia\/censo\/noticia\/2025\/12\/05\/censo-2022-64-dos-moradores-em-favelas-e-comunidades-vivem-em-vias-sem-a-presenca-de-arvores.ghtml\" data-mrf-link=\"https:\/\/g1.globo.com\/economia\/censo\/noticia\/2025\/12\/05\/censo-2022-64-dos-moradores-em-favelas-e-comunidades-vivem-em-vias-sem-a-presenca-de-arvores.ghtml\">IBGE divulgou nesta sexta-feira (5) um raio-X das favelas<\/a>\u00a0do estado de S\u00e3o Paulo. O levantamento, feito com base no Censo de 2022, mostra que 3,6 milh\u00f5es de pessoas em 1 milh\u00e3o de domic\u00edlios vivem em comunidades, o equivalente a 8% da popula\u00e7\u00e3o paulista.<\/p>\n<\/div>\n<\/div>\n<div class=\"wall protected-content\">\n<div id=\"chunk-nq84\">\n<div class=\"mc-column content-text active-extra-styles \" data-block-type=\"unstyled\" data-block-weight=\"66\" data-block-id=\"5\">\n<p class=\" content-text__container \" data-track-category=\"Link no Texto\" data-track-links=\"\" data-mrf-recirculation=\"Mat\u00e9ria - Links no Texto\">Os dados revelam o perfil dos moradores: nas favelas paulistas, 52% da popula\u00e7\u00e3o se declarou parda, 34,4% branca e 13,2% preta. Crian\u00e7as e jovens de at\u00e9 19 anos somam pouco mais de 1 milh\u00e3o de pessoas, ou 32%. J\u00e1 a faixa et\u00e1ria de 20 a 59 anos concentra mais de 2 milh\u00f5es de moradores, 59% do total. Os idosos s\u00e3o 319 mil, o equivalente a 8,9%.<\/p>\n<\/div>\n<\/div>\n<div id=\"chunk-do645\">\n<div class=\"mc-column content-text active-extra-styles \" data-block-type=\"unstyled\" data-block-weight=\"47\" data-block-id=\"7\">\n<p class=\" content-text__container \" data-track-category=\"Link no Texto\" data-track-links=\"\" data-mrf-recirculation=\"Mat\u00e9ria - Links no Texto\">O levantamento mostra que a<strong>\u00a0infraestrutura \u00e9 o principal desafio para quem vive nessas \u00e1reas<\/strong>. Um dos pontos que chamaram a aten\u00e7\u00e3o dos pesquisadores foi a falta de \u00e1reas verdes: 66,4% dos moradores vivem em regi\u00f5es sem nenhuma \u00e1rvore. Fora das comunidades, esse porcentual cai para 25,2%.<\/p>\n<\/div>\n<\/div>\n<div id=\"chunk-44qt3\">\n<div class=\"mc-column content-text active-extra-styles \" data-block-type=\"unstyled\" data-block-weight=\"49\" data-block-id=\"8\">\n<p class=\" content-text__container \" data-track-category=\"Link no Texto\" data-track-links=\"\" data-mrf-recirculation=\"Mat\u00e9ria - Links no Texto\">A\u00a0<strong>aus\u00eancia de itens b\u00e1sicos tamb\u00e9m \u00e9 marcante<\/strong>. Segundo o Censo, 15,2% das moradias n\u00e3o t\u00eam ilumina\u00e7\u00e3o p\u00fablica. Embora a maioria viva em ruas pavimentadas, quase metade dos moradores \u2014 44,8% \u2014 n\u00e3o conta com cal\u00e7ada na porta de casa. Fora das favelas, o \u00edndice \u00e9 de apenas 4,8%.<\/p>\n<\/div>\n<\/div>\n<div id=\"chunk-b220e\">\n<div class=\"mc-column content-text active-extra-styles\" data-block-type=\"raw\" data-block-weight=\"37\" data-block-id=\"9\">\n<blockquote class=\"content-blockquote theme-border-color-primary-before\"><p>As dificuldades de mobilidade tamb\u00e9m aparecem no levantamento. Para 21,7% dos moradores, o acesso \u00e0s resid\u00eancias s\u00f3 pode ser feito a p\u00e9, de bicicleta ou de moto. No restante do estado, menos de 1% vive essa situa\u00e7\u00e3o.<\/p><\/blockquote>\n<\/div>\n<\/div>\n<div id=\"chunk-6naa1\">\n<div class=\"mc-column content-text active-extra-styles \" data-block-type=\"unstyled\" data-block-weight=\"32\" data-block-id=\"10\">\n<p class=\" content-text__container \" data-track-category=\"Link no Texto\" data-track-links=\"\" data-mrf-recirculation=\"Mat\u00e9ria - Links no Texto\">O estudo ainda aponta que apenas 6,2% dos moradores das favelas vivem perto de um ponto de \u00f4nibus ou de van, indicando a dist\u00e2ncia de grande parte dessa popula\u00e7\u00e3o do transporte p\u00fablico.<\/p>\n<\/div>\n<\/div>\n<div id=\"chunk-bpkj1\">\n<div class=\"row medium-uncollapsed content-media content-photo\" data-block-type=\"backstage-photo\" data-block-id=\"11\">\n<div class=\" mc-column  content-media__container\">\n<div class=\"content-media-container glb-skeleton-box\">\n<figure class=\"content-media-figure\"><img decoding=\"async\" class=\"i-amphtml-fill-content i-amphtml-replaced-content\" src=\"https:\/\/s2-g1.glbimg.com\/LOIP0yWsTMeye7uuq_6CN4andsA=\/0x0:2000x1333\/984x0\/smart\/filters:strip_icc()\/i.s3.glbimg.com\/v1\/AUTH_59edd422c0c84a879bd37670ae4f538a\/internal_photos\/bs\/2025\/g\/y\/rF1GUdRhShCRrQhRP4TA\/desigualdade-paraisopolis-deslange-paiva-g1-img-3694-.jpg\" sizes=\"(max-width: 1366px) 648px, 100vw\" srcset=\"https:\/\/s2-g1.glbimg.com\/7_P4_qe5fGAo69rQ_-zzdDwqlAs=\/0x0:2000x1333\/1000x0\/smart\/filters:strip_icc()\/i.s3.glbimg.com\/v1\/AUTH_59edd422c0c84a879bd37670ae4f538a\/internal_photos\/bs\/2025\/g\/y\/rF1GUdRhShCRrQhRP4TA\/desigualdade-paraisopolis-deslange-paiva-g1-img-3694-.jpg 1000w, https:\/\/s2-g1.glbimg.com\/LOIP0yWsTMeye7uuq_6CN4andsA=\/0x0:2000x1333\/984x0\/smart\/filters:strip_icc()\/i.s3.glbimg.com\/v1\/AUTH_59edd422c0c84a879bd37670ae4f538a\/internal_photos\/bs\/2025\/g\/y\/rF1GUdRhShCRrQhRP4TA\/desigualdade-paraisopolis-deslange-paiva-g1-img-3694-.jpg 984w, https:\/\/s2-g1.glbimg.com\/5oEWBrVcwZ0MeWwjvbBnE5Su3VQ=\/0x0:2000x1333\/640x0\/smart\/filters:strip_icc()\/i.s3.glbimg.com\/v1\/AUTH_59edd422c0c84a879bd37670ae4f538a\/internal_photos\/bs\/2025\/g\/y\/rF1GUdRhShCRrQhRP4TA\/desigualdade-paraisopolis-deslange-paiva-g1-img-3694-.jpg 640w, https:\/\/s2-g1.glbimg.com\/CuMC2uqIDsZ2ALhlju9_LX_6mog=\/0x0:2000x1333\/600x0\/smart\/filters:strip_icc()\/i.s3.glbimg.com\/v1\/AUTH_59edd422c0c84a879bd37670ae4f538a\/internal_photos\/bs\/2025\/g\/y\/rF1GUdRhShCRrQhRP4TA\/desigualdade-paraisopolis-deslange-paiva-g1-img-3694-.jpg 600w\" alt=\"Pr\u00e9dio Penthouse visto da favela de Parais\u00f3polis, na Zona Sul de SP \u2014 Foto: Deslange Paiva\/g1\" \/><\/figure>\n<\/div>\n<p class=\"content-media__description  \">Pr\u00e9dio Penthouse visto da favela de Parais\u00f3polis, na Zona Sul de SP \u2014 Foto: Deslange Paiva\/g1<\/p>\n<\/div>\n<\/div>\n<\/div>\n<div id=\"chunk-eu5ku\">\n<div class=\"content-ads content-ads--reveal\" data-block-type=\"ads\" data-block-id=\"12\">\n<div id=\"banner_materia__fba39a03-9d35-4d6b-8ba1-8fec94e5eb9e\" class=\"tag-manager-publicidade-container tag-manager-publicidade-banner_materia__fba39a03-9d35-4d6b-8ba1-8fec94e5eb9e tag-manager-publicidade-container--carregado tag-manager-publicidade-container--visivel\" data-google-query-id=\"CIeT3v2zq5EDFRU2HgAdVkkXtQ\">Fonte: G1<\/div>\n<\/div>\n<\/div>\n<\/div>\n<\/article>\n<\/div>\n","protected":false},"excerpt":{"rendered":"<p>8 de cada 100 moradores do estado de SP vivem em favelas, diz IBGE Instituto divulgou nesta sexta (5) um<\/p>\n","protected":false},"author":1,"featured_media":10766,"comment_status":"open","ping_status":"open","sticky":false,"template":"","format":"standard","meta":{"colormag_page_container_layout":"default_layout","colormag_page_sidebar_layout":"default_layout","footnotes":""},"categories":[1],"tags":[],"class_list":["post-10760","post","type-post","status-publish","format-standard","has-post-thumbnail","hentry","category-geral"],"_links":{"self":[{"href":"http:\/\/metropoleemfoco.com.br\/index.php?rest_route=\/wp\/v2\/posts\/10760","targetHints":{"allow":["GET"]}}],"collection":[{"href":"http:\/\/metropoleemfoco.com.br\/index.php?rest_route=\/wp\/v2\/posts"}],"about":[{"href":"http:\/\/metropoleemfoco.com.br\/index.php?rest_route=\/wp\/v2\/types\/post"}],"author":[{"embeddable":true,"href":"http:\/\/metropoleemfoco.com.br\/index.php?rest_route=\/wp\/v2\/users\/1"}],"replies":[{"embeddable":true,"href":"http:\/\/metropoleemfoco.com.br\/index.php?rest_route=%2Fwp%2Fv2%2Fcomments&post=10760"}],"version-history":[{"count":1,"href":"http:\/\/metropoleemfoco.com.br\/index.php?rest_route=\/wp\/v2\/posts\/10760\/revisions"}],"predecessor-version":[{"id":10767,"href":"http:\/\/metropoleemfoco.com.br\/index.php?rest_route=\/wp\/v2\/posts\/10760\/revisions\/10767"}],"wp:featuredmedia":[{"embeddable":true,"href":"http:\/\/metropoleemfoco.com.br\/index.php?rest_route=\/wp\/v2\/media\/10766"}],"wp:attachment":[{"href":"http:\/\/metropoleemfoco.com.br\/index.php?rest_route=%2Fwp%2Fv2%2Fmedia&parent=10760"}],"wp:term":[{"taxonomy":"category","embeddable":true,"href":"http:\/\/metropoleemfoco.com.br\/index.php?rest_route=%2Fwp%2Fv2%2Fcategories&post=10760"},{"taxonomy":"post_tag","embeddable":true,"href":"http:\/\/metropoleemfoco.com.br\/index.php?rest_route=%2Fwp%2Fv2%2Ftags&post=10760"}],"curies":[{"name":"wp","href":"https:\/\/api.w.org\/{rel}","templated":true}]}}