{"id":10759,"date":"2025-12-07T08:47:46","date_gmt":"2025-12-07T11:47:46","guid":{"rendered":"http:\/\/metropoleemfoco.com.br\/?p=10759"},"modified":"2025-12-07T08:47:46","modified_gmt":"2025-12-07T11:47:46","slug":"tres-policiais-sao-presos-apos-matar-suspeito-rendido-e-desarmado-em-moema-diz-relato-de-ocorrencia-da-pm","status":"publish","type":"post","link":"http:\/\/metropoleemfoco.com.br\/?p=10759","title":{"rendered":"Tr\u00eas policiais s\u00e3o presos ap\u00f3s matar suspeito rendido e desarmado em Moema, diz relato de ocorr\u00eancia da PM"},"content":{"rendered":"<div class=\"mc-article-header\">\n<div class=\"row content-head mc-column non-featured \">\n<div class=\"title\" data-block-type=\"title\" data-block-id=\"0\">\n<h1 class=\"content-head__title\">Tr\u00eas policiais s\u00e3o presos ap\u00f3s matar suspeito rendido e desarmado em Moema, diz relato de ocorr\u00eancia da PM<\/h1>\n<\/div>\n<div class=\"medium-centered subtitle\">\n<h2 class=\"content-head__subtitle\">O suspeito participava de um assalto a resid\u00eancia ao lado de outros tr\u00eas envolvidos. Segundo a SSP, um Inqu\u00e9rito Policial Militar foi instaurado ap\u00f3s an\u00e1lise de imagens das c\u00e2meras corporais.<\/h2>\n<\/div>\n<\/div>\n<div class=\"content__signa-share mc-column\">\n<div class=\"content__signature\">\n<div class=\"content-publication-data\">\n<div class=\"content-publication-data__text\">\n<p class=\"content-publication-data__from\" title=\"Bruno Tavares, Let\u00edcia Dauer\">Por Bruno Tavares,\u00a0<a class=\"multi_signatures\" href=\"https:\/\/g1.globo.com\/autores\/leticia-dauer\/\">Let\u00edcia Dauer<\/a>, TV Globo e g1 SP<\/p>\n<\/div>\n<\/div>\n<\/div>\n<\/div>\n<div class=\"glb-share-bar content__share-bar\">\n<div class=\"glb-share-bar_icons\">\n<div class=\"glb-share-bar_button-img\"><\/div>\n<\/div>\n<\/div>\n<\/div>\n<div class=\"mc-article-body\">\n<article>\n<div id=\"chunk-7k4to\">\n<div class=\"row medium-uncollapsed content-media content-photo\" data-block-type=\"backstage-photo\" data-block-id=\"2\">\n<div class=\" mc-column  content-media__container\">\n<div class=\"content-media-container glb-skeleton-box\">\n<figure class=\"content-media-figure\"><img decoding=\"async\" class=\"i-amphtml-fill-content i-amphtml-replaced-content\" src=\"https:\/\/s2-g1.glbimg.com\/a-npN7n2Bv0nqgvxoze3-S-korg=\/0x0:768x512\/984x0\/smart\/filters:strip_icc()\/i.s3.glbimg.com\/v1\/AUTH_59edd422c0c84a879bd37670ae4f538a\/internal_photos\/bs\/2020\/S\/l\/XCPVoERqOXERPBmdtgrQ\/viaturas-222.jpg\" sizes=\"(max-width: 1366px) 648px, 100vw\" srcset=\"https:\/\/s2-g1.glbimg.com\/4by7hAAYr6ApI96zpu2qzTM5RZg=\/0x0:768x512\/1000x0\/smart\/filters:strip_icc()\/i.s3.glbimg.com\/v1\/AUTH_59edd422c0c84a879bd37670ae4f538a\/internal_photos\/bs\/2020\/S\/l\/XCPVoERqOXERPBmdtgrQ\/viaturas-222.jpg 1000w, https:\/\/s2-g1.glbimg.com\/a-npN7n2Bv0nqgvxoze3-S-korg=\/0x0:768x512\/984x0\/smart\/filters:strip_icc()\/i.s3.glbimg.com\/v1\/AUTH_59edd422c0c84a879bd37670ae4f538a\/internal_photos\/bs\/2020\/S\/l\/XCPVoERqOXERPBmdtgrQ\/viaturas-222.jpg 984w, https:\/\/s2-g1.glbimg.com\/MAn5dCh7wgtz3MQBMXhBbv8P8w4=\/0x0:768x512\/640x0\/smart\/filters:strip_icc()\/i.s3.glbimg.com\/v1\/AUTH_59edd422c0c84a879bd37670ae4f538a\/internal_photos\/bs\/2020\/S\/l\/XCPVoERqOXERPBmdtgrQ\/viaturas-222.jpg 640w, https:\/\/s2-g1.glbimg.com\/rkMCDxrIfeC9XmtEEgtCXwg--CQ=\/0x0:768x512\/600x0\/smart\/filters:strip_icc()\/i.s3.glbimg.com\/v1\/AUTH_59edd422c0c84a879bd37670ae4f538a\/internal_photos\/bs\/2020\/S\/l\/XCPVoERqOXERPBmdtgrQ\/viaturas-222.jpg 600w\" alt=\"Viatura da Pol\u00edcia Militar do Estado de S\u00e3o Paulo \u2014 Foto: Divulga\u00e7\u00e3o\/Pol\u00edcia Militar\" \/><\/figure>\n<\/div>\n<p class=\"content-media__description  \">Viatura da Pol\u00edcia Militar do Estado de S\u00e3o Paulo \u2014 Foto: Divulga\u00e7\u00e3o\/Pol\u00edcia Militar<\/p>\n<\/div>\n<\/div>\n<\/div>\n<div id=\"chunk-ht46\">\n<div class=\"mc-column content-text active-extra-styles \" data-block-type=\"unstyled\" data-block-weight=\"46\" data-block-id=\"3\">\n<p class=\" content-text__container \" data-track-category=\"Link no Texto\" data-track-links=\"\" data-mrf-recirculation=\"Mat\u00e9ria - Links no Texto\">Tr\u00eas policiais militares foram presos ap\u00f3s matar a tiros um suspeito, que estava\u00a0<strong>rendido e desarmado<\/strong>, em Moema, na Zona Sul de\u00a0<a class=\"\" href=\"https:\/\/g1.globo.com\/sp\/sao-paulo\/cidade\/sao-paulo\/\" data-mrf-link=\"https:\/\/g1.globo.com\/sp\/sao-paulo\/cidade\/sao-paulo\/\">S\u00e3o Paulo<\/a>, na noite de sexta-feira (5). O jovem, de 18 anos, participava de um assalto a resid\u00eancia ao lado de outros tr\u00eas envolvidos.<\/p>\n<\/div>\n<\/div>\n<div class=\"wall protected-content\">\n<div id=\"chunk-7uqrh\">\n<div class=\"mc-column content-text active-extra-styles \" data-block-type=\"unstyled\" data-block-weight=\"27\" data-block-id=\"5\">\n<p class=\" content-text__container \" data-track-category=\"Link no Texto\" data-track-links=\"\" data-mrf-recirculation=\"Mat\u00e9ria - Links no Texto\">Segundo a Secretaria da Seguran\u00e7a P\u00fablica (SSP), o comandante do batalh\u00e3o dos policiais militares instaurou Inqu\u00e9rito Policial Militar (IPM) ap\u00f3s analisar as imagens das c\u00e2meras corporais.<\/p>\n<\/div>\n<\/div>\n<div id=\"chunk-5eb0e\">\n<div class=\"mc-column content-text active-extra-styles\" data-block-type=\"raw\" data-block-weight=\"24\" data-block-id=\"6\">\n<blockquote class=\"content-blockquote theme-border-color-primary-before\"><p>A pasta afirmou que &#8220;identificou ind\u00edcios de irregularidades na atua\u00e7\u00e3o dos tr\u00eas PMs envolvidos, que tiveram a pris\u00e3o em flagrante decretada pela autoridade militar&#8221;.<\/p><\/blockquote>\n<\/div>\n<\/div>\n<div id=\"chunk-a595\">\n<div class=\"mc-column content-text active-extra-styles \" data-block-type=\"unstyled\" data-block-weight=\"38\" data-block-id=\"7\">\n<p class=\" content-text__container \" data-track-category=\"Link no Texto\" data-track-links=\"\" data-mrf-recirculation=\"Mat\u00e9ria - Links no Texto\">De acordo com o boletim de ocorr\u00eancia, obtido pelo\u00a0<strong>g1<\/strong>, os quatro suspeitos invadiram no sobrado por volta das 20h. Armados e encapuzados, eles fizeram um casal de idosos, ambos de 77 anos, ref\u00e9ns dentro do quarto.<\/p>\n<\/div>\n<\/div>\n<div id=\"chunk-fjitp\">\n<div class=\"content-ads content-ads--reveal\" data-block-type=\"ads\" data-block-id=\"8\">\n<div id=\"banner_materia2\">\n<div id=\"google_ads_iframe_\/95377733\/tvg_G1\/Sua_Regiao&gt;Sudeste&gt;Sao_Paulo_2__container__\" style=\"box-sizing: inherit; margin: auto; padding: 0px; border: 0pt none; font: inherit; vertical-align: baseline; text-align: center;\"><\/div>\n<\/div>\n<\/div>\n<\/div>\n<div id=\"chunk-3blr6\">\n<div class=\"cxm-block-video content-media mc-column \" data-block-type=\"backstage-video\" data-block-id=\"9\">\n<div class=\"cxm-block-video__container cxm-block-video__container--fallback \">\n<div class=\"cxm-block-video__player-fixer\">\n<article class=\"cxm-block-video__player-wrapper\">\n<section class=\"cxm-block-video__player\">\n<div class=\"cxm-block-video__placeholder\" data-video-id=\"992055\"><img decoding=\"async\" class=\"cxm-block-video__thumb\" title=\"Veja os v\u00eddeos que est\u00e3o em alta no g1\" src=\"https:\/\/s04.video.glbimg.com\/x240\/992055.jpg\" alt=\"Veja os v\u00eddeos que est\u00e3o em alta no g1\" \/><\/div>\n<\/section>\n<\/article>\n<\/div>\n<\/div>\n<\/div>\n<\/div>\n<div id=\"chunk-1lv7q\">\n<div class=\"mc-column content-text active-extra-styles \" data-block-type=\"unstyled\" data-block-weight=\"26\" data-block-id=\"10\">\n<p class=\" content-text__container \" data-track-category=\"Link no Texto\" data-track-links=\"\" data-mrf-recirculation=\"Mat\u00e9ria - Links no Texto\">A moradora relatou que teve as m\u00e3os e os p\u00e9s amarrados, assim como o marido, e que os dois foram amorda\u00e7ados com um peda\u00e7o de tecido.<\/p>\n<\/div>\n<\/div>\n<div id=\"chunk-9a5hi\">\n<div class=\"mc-column content-text active-extra-styles \" data-block-type=\"unstyled\" data-block-weight=\"23\" data-block-id=\"11\">\n<p class=\" content-text__container \" data-track-category=\"Link no Texto\" data-track-links=\"\" data-mrf-recirculation=\"Mat\u00e9ria - Links no Texto\">Enquanto tr\u00eas dos assaltantes reviravam os c\u00f4modos em busca de joias e dinheiro, o casal permanecia sob vigil\u00e2ncia e era amea\u00e7ado de morte.<\/p>\n<\/div>\n<\/div>\n<div id=\"chunk-erjvq\">\n<div class=\"mc-column content-text active-extra-styles \" data-block-type=\"unstyled\" data-block-weight=\"33\" data-block-id=\"12\">\n<p class=\" content-text__container \" data-track-category=\"Link no Texto\" data-track-links=\"\" data-mrf-recirculation=\"Mat\u00e9ria - Links no Texto\">Ap\u00f3s cerca de 20 minutos, a idosa foi desamarrada e obrigada a entregar a chave do carro. Em seguida, foi levada de volta ao quarto e amarrada novamente, desta vez com mais for\u00e7a.<\/p>\n<\/div>\n<\/div>\n<div id=\"chunk-lhaa\">\n<div class=\"mc-column content-text active-extra-styles \" data-block-type=\"unstyled\" data-block-weight=\"43\" data-block-id=\"13\">\n<p class=\" content-text__container \" data-track-category=\"Link no Texto\" data-track-links=\"\" data-mrf-recirculation=\"Mat\u00e9ria - Links no Texto\">Quando os criminosos se preparavam para fugir, uma equipe da For\u00e7a T\u00e1tica da PM chegou ao endere\u00e7o. Do quarto, a moradora disse ter ouvido ordens de abordagem e disparos de arma de fogo. Ela relatou que nem ela, nem o marido ficaram feridos.<\/p>\n<\/div>\n<\/div>\n<div id=\"chunk-ekor0\">\n<div class=\"mc-column content-text active-extra-styles \" data-block-type=\"unstyled\" data-block-weight=\"23\" data-block-id=\"15\">\n<p class=\" content-text__container \" data-track-category=\"Link no Texto\" data-track-links=\"\" data-mrf-recirculation=\"Mat\u00e9ria - Links no Texto\">A casa n\u00e3o possui c\u00e2meras internas, e as v\u00edtimas n\u00e3o conseguiram reconhecer os assaltantes, j\u00e1 que eles permaneceram encapuzados durante toda a a\u00e7\u00e3o.<\/p>\n<\/div>\n<\/div>\n<div id=\"chunk-9q47f\">\n<div class=\"mc-column content-text active-extra-styles\" data-block-type=\"raw\" data-block-weight=\"22\" data-block-id=\"16\">\n<blockquote class=\"content-blockquote theme-border-color-primary-before\"><p>Dois suspeitos foram presos e um adolescente acabou apreendido. O quarto integrante da quadrilha foi morto pelos policiais mesmo ap\u00f3s se render.<\/p><\/blockquote>\n<\/div>\n<\/div>\n<div id=\"chunk-129bc\">\n<div class=\"mc-column content-text active-extra-styles \" data-block-type=\"unstyled\" data-block-weight=\"17\" data-block-id=\"17\">\n<p class=\" content-text__container \" data-track-category=\"Link no Texto\" data-track-links=\"\" data-mrf-recirculation=\"Mat\u00e9ria - Links no Texto\">Com o grupo, foram apreendidas armas, muni\u00e7\u00f5es, objetos utilizados no crime e o ve\u00edculo utilizado pelos criminosos.<\/p>\n<\/div>\n<\/div>\n<div id=\"chunk-bfju1\">\n<div class=\"mc-column content-text active-extra-styles \" data-block-type=\"unstyled\" data-block-weight=\"26\" data-block-id=\"18\">\n<p class=\" content-text__container \" data-track-category=\"Link no Texto\" data-track-links=\"\" data-mrf-recirculation=\"Mat\u00e9ria - Links no Texto\">O caso foi registrado no 27\u00b0 Distrito Policial, do Campo Belo, e est\u00e1 sendo investigado pelo Departamento de Homic\u00eddios e de Prote\u00e7\u00e3o \u00e0 Pessoa (DHPP).<\/p>\n<\/div>\n<\/div>\n<div id=\"chunk-8vup2\">\n<div class=\"mc-column content-text active-extra-styles \" data-block-type=\"unstyled\" data-block-weight=\"24\" data-block-id=\"19\">\n<p class=\" content-text__container \" data-track-category=\"Link no Texto\" data-track-links=\"\" data-mrf-recirculation=\"Mat\u00e9ria - Links no Texto\">As armas usadas na a\u00e7\u00e3o foram recolhidas, e os policiais ser\u00e3o encaminhados ao Pres\u00eddio Militar Rom\u00e3o Gomes, na Zona Norte de S\u00e3o Paulo.<\/p>\n<\/div>\n<\/div>\n<div data-track-category=\"multicontent\" data-track-action=\"multicontent\" data-track-noninteraction=\"false\" data-track-scroll=\"ultimo chunk conteudo\" data-track-value=\"view\">\n<div id=\"chunk-8ems1\">\n<div class=\"mc-column content-text active-extra-styles \" data-block-type=\"unstyled\" data-block-weight=\"35\" data-block-id=\"20\">\n<p class=\" content-text__container \" data-track-category=\"Link no Texto\" data-track-links=\"\" data-mrf-recirculation=\"Mat\u00e9ria - Links no Texto\">Em nota, a SSP afirmou que \u201ca Pol\u00edcia Militar refor\u00e7a que n\u00e3o compactua com excessos ou desvios de conduta e que atua com rigor para responsabilizar aqueles que violam as leis ou os protocolos institucionais\u201d.<br \/>\nFonte: G1<\/p>\n<\/div>\n<\/div>\n<\/div>\n<\/div>\n<\/article>\n<\/div>\n","protected":false},"excerpt":{"rendered":"<p>Tr\u00eas policiais s\u00e3o presos ap\u00f3s matar suspeito rendido e desarmado em Moema, diz relato de ocorr\u00eancia da PM O suspeito<\/p>\n","protected":false},"author":1,"featured_media":10764,"comment_status":"open","ping_status":"open","sticky":false,"template":"","format":"standard","meta":{"colormag_page_container_layout":"default_layout","colormag_page_sidebar_layout":"default_layout","footnotes":""},"categories":[3,17],"tags":[],"class_list":["post-10759","post","type-post","status-publish","format-standard","has-post-thumbnail","hentry","category-seu-bairro","category-zona-sul"],"_links":{"self":[{"href":"http:\/\/metropoleemfoco.com.br\/index.php?rest_route=\/wp\/v2\/posts\/10759","targetHints":{"allow":["GET"]}}],"collection":[{"href":"http:\/\/metropoleemfoco.com.br\/index.php?rest_route=\/wp\/v2\/posts"}],"about":[{"href":"http:\/\/metropoleemfoco.com.br\/index.php?rest_route=\/wp\/v2\/types\/post"}],"author":[{"embeddable":true,"href":"http:\/\/metropoleemfoco.com.br\/index.php?rest_route=\/wp\/v2\/users\/1"}],"replies":[{"embeddable":true,"href":"http:\/\/metropoleemfoco.com.br\/index.php?rest_route=%2Fwp%2Fv2%2Fcomments&post=10759"}],"version-history":[{"count":1,"href":"http:\/\/metropoleemfoco.com.br\/index.php?rest_route=\/wp\/v2\/posts\/10759\/revisions"}],"predecessor-version":[{"id":10765,"href":"http:\/\/metropoleemfoco.com.br\/index.php?rest_route=\/wp\/v2\/posts\/10759\/revisions\/10765"}],"wp:featuredmedia":[{"embeddable":true,"href":"http:\/\/metropoleemfoco.com.br\/index.php?rest_route=\/wp\/v2\/media\/10764"}],"wp:attachment":[{"href":"http:\/\/metropoleemfoco.com.br\/index.php?rest_route=%2Fwp%2Fv2%2Fmedia&parent=10759"}],"wp:term":[{"taxonomy":"category","embeddable":true,"href":"http:\/\/metropoleemfoco.com.br\/index.php?rest_route=%2Fwp%2Fv2%2Fcategories&post=10759"},{"taxonomy":"post_tag","embeddable":true,"href":"http:\/\/metropoleemfoco.com.br\/index.php?rest_route=%2Fwp%2Fv2%2Ftags&post=10759"}],"curies":[{"name":"wp","href":"https:\/\/api.w.org\/{rel}","templated":true}]}}