{"id":10758,"date":"2025-12-07T08:46:24","date_gmt":"2025-12-07T11:46:24","guid":{"rendered":"http:\/\/metropoleemfoco.com.br\/?p=10758"},"modified":"2025-12-07T08:46:24","modified_gmt":"2025-12-07T11:46:24","slug":"metro-de-sao-paulo-funcionara-por-24-horas-aos-sabados-a-partir-de-6-de-dezembro","status":"publish","type":"post","link":"http:\/\/metropoleemfoco.com.br\/?p=10758","title":{"rendered":"Metr\u00f4 de S\u00e3o Paulo funcionar\u00e1 por 24 horas aos s\u00e1bados a partir de 6 de dezembro"},"content":{"rendered":"<div class=\"mc-article-header\">\n<div class=\"row content-head mc-column non-featured \">\n<div class=\"title\" data-block-type=\"title\" data-block-id=\"0\">\n<h1 class=\"content-head__title\">Metr\u00f4 de S\u00e3o Paulo funcionar\u00e1 por 24 horas aos s\u00e1bados a partir de 6 de dezembro; veja regras<\/h1>\n<\/div>\n<div class=\"medium-centered subtitle\">\n<h2 class=\"content-head__subtitle\">Medida vale apenas para linhas 1-Azul, 2-Verde, 3-Vermelha e 15-Prata e n\u00e3o inclui as linhas administradas pela iniciativa privada (Linha 5-Lil\u00e1s e 4-Amarela). Segundo Metr\u00f4, a\u00e7\u00e3o ser\u00e1 experimental at\u00e9 fevereiro de 2026, quando haver\u00e1 reavalia\u00e7\u00e3o.<\/h2>\n<\/div>\n<\/div>\n<div class=\"content__signa-share mc-column\">\n<div class=\"content__signature\">\n<div class=\"content-publication-data\">\n<div class=\"content-publication-data__text\">\n<p class=\"content-publication-data__from\" title=\"Sabina Simonato, Rodrigo Rodrigues\">Por\u00a0<a class=\"multi_signatures\" href=\"https:\/\/g1.globo.com\/autores\/sabina-simonato\/\">Sabina Simonato<\/a>,\u00a0<a class=\"multi_signatures\" href=\"https:\/\/g1.globo.com\/autores\/rodrigo-rodrigues\/\">Rodrigo Rodrigues<\/a>, TV Globo e g1 SP\u00a0\u2014 S\u00e3o Paulo<\/p>\n<\/div>\n<\/div>\n<\/div>\n<\/div>\n<div class=\"glb-share-bar content__share-bar\">\n<div class=\"glb-share-bar_icons\">\n<div class=\"glb-share-bar_button-img\"><\/div>\n<\/div>\n<\/div>\n<\/div>\n<div class=\"mc-article-body\">\n<article>\n<div id=\"chunk-2eltj\">\n<div class=\"row medium-uncollapsed content-media content-photo\" data-block-type=\"backstage-photo\" data-block-id=\"2\">\n<div class=\" mc-column  content-media__container\">\n<div class=\"content-media-container glb-skeleton-box\">\n<figure class=\"content-media-figure\"><img decoding=\"async\" class=\"i-amphtml-fill-content i-amphtml-replaced-content\" src=\"https:\/\/s2-g1.glbimg.com\/HYwblamKW6pnKpp8BufIWHpg8FE=\/0x0:1200x670\/984x0\/smart\/filters:strip_icc()\/i.s3.glbimg.com\/v1\/AUTH_59edd422c0c84a879bd37670ae4f538a\/internal_photos\/bs\/2025\/U\/v\/l6D3suTISA4Afpk5lsBQ\/linha-2-verde-do-metro-de-sao-paulo..jpg\" sizes=\"(max-width: 1366px) 648px, 100vw\" srcset=\"https:\/\/s2-g1.glbimg.com\/_jNtPUAv5aoxz4oztMuiY-KrdYM=\/0x0:1200x670\/1000x0\/smart\/filters:strip_icc()\/i.s3.glbimg.com\/v1\/AUTH_59edd422c0c84a879bd37670ae4f538a\/internal_photos\/bs\/2025\/U\/v\/l6D3suTISA4Afpk5lsBQ\/linha-2-verde-do-metro-de-sao-paulo..jpg 1000w, https:\/\/s2-g1.glbimg.com\/HYwblamKW6pnKpp8BufIWHpg8FE=\/0x0:1200x670\/984x0\/smart\/filters:strip_icc()\/i.s3.glbimg.com\/v1\/AUTH_59edd422c0c84a879bd37670ae4f538a\/internal_photos\/bs\/2025\/U\/v\/l6D3suTISA4Afpk5lsBQ\/linha-2-verde-do-metro-de-sao-paulo..jpg 984w, https:\/\/s2-g1.glbimg.com\/7X1Ah33f8gUUpMmDxj_n1oEzvnM=\/0x0:1200x670\/640x0\/smart\/filters:strip_icc()\/i.s3.glbimg.com\/v1\/AUTH_59edd422c0c84a879bd37670ae4f538a\/internal_photos\/bs\/2025\/U\/v\/l6D3suTISA4Afpk5lsBQ\/linha-2-verde-do-metro-de-sao-paulo..jpg 640w, https:\/\/s2-g1.glbimg.com\/28N6TbliGZZGiIkSFqLgyPqjdMw=\/0x0:1200x670\/600x0\/smart\/filters:strip_icc()\/i.s3.glbimg.com\/v1\/AUTH_59edd422c0c84a879bd37670ae4f538a\/internal_photos\/bs\/2025\/U\/v\/l6D3suTISA4Afpk5lsBQ\/linha-2-verde-do-metro-de-sao-paulo..jpg 600w\" alt=\"Linha 2-Verde do Metr\u00f4 de S\u00e3o Paulo. \u2014 Foto: Divulga\u00e7\u00e3o\" \/><\/figure>\n<\/div>\n<p class=\"content-media__description  \">Linha 2-Verde do Metr\u00f4 de S\u00e3o Paulo. \u2014 Foto: Divulga\u00e7\u00e3o<\/p>\n<\/div>\n<\/div>\n<\/div>\n<div id=\"chunk-6t4lh\">\n<div class=\"mc-column content-text active-extra-styles \" data-block-type=\"unstyled\" data-block-weight=\"37\" data-block-id=\"3\">\n<p class=\" content-text__container \" data-track-category=\"Link no Texto\" data-track-links=\"\" data-mrf-recirculation=\"Mat\u00e9ria - Links no Texto\">O Metr\u00f4 de\u00a0<a class=\"\" href=\"https:\/\/g1.globo.com\/sp\/sao-paulo\/cidade\/sao-paulo\/\" data-mrf-link=\"https:\/\/g1.globo.com\/sp\/sao-paulo\/cidade\/sao-paulo\/\">S\u00e3o Paulo<\/a>\u00a0anunciou nesta sexta-feira (5) que, a partir deste s\u00e1bado, 6 de dezembro, quatro linhas administradas pela empresa do governo de S\u00e3o Paulo passar\u00e3o a funcionar 24 horas entre s\u00e1bados e domingos.<\/p>\n<\/div>\n<\/div>\n<div class=\"wall protected-content\">\n<div id=\"chunk-4irgt\">\n<div class=\"mc-column content-text active-extra-styles \" data-block-type=\"unstyled\" data-block-weight=\"26\" data-block-id=\"5\">\n<p class=\" content-text__container \" data-track-category=\"Link no Texto\" data-track-links=\"\" data-mrf-recirculation=\"Mat\u00e9ria - Links no Texto\">A\u00a0<strong>medida vale apenas para as linhas 1-Azul, 2-Verde, 3-Vermelha e 15-Prata<\/strong>\u00a0e n\u00e3o inclui as linhas administradas pela iniciativa privada (linhas 5-Lil\u00e1s e 4-Amarela).<\/p>\n<\/div>\n<\/div>\n<div id=\"chunk-c44cu\">\n<div class=\"mc-column content-text active-extra-styles \" data-block-type=\"unstyled\" data-block-weight=\"38\" data-block-id=\"6\">\n<p class=\" content-text__container \" data-track-category=\"Link no Texto\" data-track-links=\"\" data-mrf-recirculation=\"Mat\u00e9ria - Links no Texto\">Segundo a administra\u00e7\u00e3o do Metr\u00f4, &#8220;a iniciativa ser\u00e1 feita em\u00a0<strong>regime experimental<\/strong>, sempre de s\u00e1bado para domingo, come\u00e7ando j\u00e1 neste dia 6\/12 e seguindo por todos os fins de semana\u00a0<strong>at\u00e9 fevereiro de 2026<\/strong> neste per\u00edodo de avalia\u00e7\u00e3o&#8221;.<\/p>\n<\/div>\n<\/div>\n<div id=\"chunk-99aq8\">\n<div class=\"mc-column content-text active-extra-styles \" data-block-type=\"unstyled\" data-block-weight=\"46\" data-block-id=\"8\">\n<p class=\" content-text__container \" data-track-category=\"Link no Texto\" data-track-links=\"\" data-mrf-recirculation=\"Mat\u00e9ria - Links no Texto\">&#8220;O objetivo \u00e9 analisar a demanda potencial, a viabilidade t\u00e9cnica e operacional, bem como poss\u00edveis ajustes, para atender a uma antiga demanda de passageiros e turistas que apreciam as atra\u00e7\u00f5es da noite paulistana, bem como os trabalhadores de estabelecimentos que funcionam nesses hor\u00e1rios&#8221;, diz o Metr\u00f4.<\/p>\n<\/div>\n<\/div>\n<div id=\"chunk-4ahgf\">\n<div class=\"cxm-block-video content-media mc-column \" data-block-type=\"backstage-video\" data-block-id=\"9\">\n<div class=\"cxm-block-video__container cxm-block-video__container--fallback \">\n<div class=\"cxm-block-video__player-fixer\">\n<article class=\"cxm-block-video__player-wrapper\">\n<section class=\"cxm-block-video__player\">\n<div class=\"cxm-block-video__placeholder\" data-video-id=\"992055\"><img decoding=\"async\" class=\"cxm-block-video__thumb\" title=\"Veja os v\u00eddeos que est\u00e3o em alta no g1\" src=\"https:\/\/s04.video.glbimg.com\/x240\/992055.jpg\" alt=\"Veja os v\u00eddeos que est\u00e3o em alta no g1\" \/><\/div>\n<\/section>\n<\/article>\n<\/div>\n<\/div>\n<\/div>\n<\/div>\n<div id=\"chunk-9rkpr\">\n<div class=\"mc-column content-text active-extra-styles \" data-block-type=\"unstyled\" data-block-weight=\"32\" data-block-id=\"10\">\n<p class=\" content-text__container \" data-track-category=\"Link no Texto\" data-track-links=\"\" data-mrf-recirculation=\"Mat\u00e9ria - Links no Texto\">O\u00a0<strong>g1<\/strong> procurou a Viamobilidade e a ViaQuatro para saber se elas tamb\u00e9m pretendem entrar nessa opera\u00e7\u00e3o da madrugada dos s\u00e1bados, mas n\u00e3o havia recebido retorno at\u00e9 a \u00faltima atualiza\u00e7\u00e3o desta reportagem.<\/p>\n<\/div>\n<\/div>\n<div id=\"chunk-69iag\">\n<div class=\"mc-column content-text active-extra-styles\" data-block-type=\"raw\" data-block-weight=\"3\" data-block-id=\"11\">\n<div class=\"content-intertitle\">\n<h2>Regras de circula\u00e7\u00e3o<\/h2>\n<\/div>\n<\/div>\n<\/div>\n<div id=\"chunk-1qjtl\">\n<div class=\"mc-column content-text active-extra-styles \" data-block-type=\"unstyled\" data-block-weight=\"50\" data-block-id=\"12\">\n<p class=\" content-text__container \" data-track-category=\"Link no Texto\" data-track-links=\"\" data-mrf-recirculation=\"Mat\u00e9ria - Links no Texto\">O Metr\u00f4 afirma que a opera\u00e7\u00e3o 24 horas vai permitir que os passageiros embarquem e desembarquem em todas as esta\u00e7\u00f5es das linhas 1-Azul, 2-Verde, 3-Vermelha e 15-Prata ao longo da madrugada,\u00a0<strong>sem a possibilidade de transfer\u00eancia para as demais linhas de metr\u00f4 operadas por concession\u00e1rias e trem, que estar\u00e3o fechadas<\/strong>.<\/p>\n<\/div>\n<\/div>\n<div id=\"chunk-aogc9\">\n<div class=\"mc-column content-text active-extra-styles \" data-block-type=\"unstyled\" data-block-weight=\"35\" data-block-id=\"14\">\n<p class=\" content-text__container \" data-track-category=\"Link no Texto\" data-track-links=\"\" data-mrf-recirculation=\"Mat\u00e9ria - Links no Texto\">Os<strong>\u00a0trens ir\u00e3o circular a madrugada toda, inclusive da 0h \u00e0s 4h40, hor\u00e1rio em que normalmente o servi\u00e7o n\u00e3o funciona<\/strong>. Os intervalos ser\u00e3o entre 20 e 30 minutos entre as composi\u00e7\u00f5es, dependendo da necessidade.<\/p>\n<\/div>\n<\/div>\n<div id=\"chunk-4f857\">\n<div class=\"mc-column content-text active-extra-styles \" data-block-type=\"unstyled\" data-block-weight=\"57\" data-block-id=\"15\">\n<p class=\" content-text__container \" data-track-category=\"Link no Texto\" data-track-links=\"\" data-mrf-recirculation=\"Mat\u00e9ria - Links no Texto\">\u201cExcepcionalmente nos trechos da Linha 2-Verde entre as esta\u00e7\u00f5es Vila Madalena e Cl\u00ednicas e entre Sacom\u00e3 e Vila Prudente, os trens v\u00e3o operar por uma \u00fanica via, nos dois sentidos (via singela). No restante da linha (Cl\u00ednicas a Sacom\u00e3), bem como nas linhas 1-Azul e 3-Vermelha, a opera\u00e7\u00e3o ser\u00e1 pelas duas vias de circula\u00e7\u00e3o\u201d, disse a empresa.<\/p>\n<\/div>\n<\/div>\n<div id=\"chunk-79fri\">\n<div class=\"row medium-uncollapsed content-media content-photo\" data-block-type=\"backstage-photo\" data-block-id=\"16\">\n<div class=\" mc-column  content-media__container\">\n<div class=\"content-media-container glb-skeleton-box\">\n<figure class=\"content-media-figure\"><img decoding=\"async\" class=\"i-amphtml-fill-content i-amphtml-replaced-content\" src=\"https:\/\/s2-g1.glbimg.com\/g8J6D-yj9-kTjr4efdl_tdYX5bM=\/0x0:1024x704\/984x0\/smart\/filters:strip_icc()\/i.s3.glbimg.com\/v1\/AUTH_59edd422c0c84a879bd37670ae4f538a\/internal_photos\/bs\/2019\/h\/W\/Zyf9RZTS6Lcv7X56ENyA\/3633190817-db86011e83-b.jpg\" sizes=\"(max-width: 1366px) 648px, 100vw\" srcset=\"https:\/\/s2-g1.glbimg.com\/6G_pUi7NwUIXjGpCkxAsIjEnFEE=\/0x0:1024x704\/1000x0\/smart\/filters:strip_icc()\/i.s3.glbimg.com\/v1\/AUTH_59edd422c0c84a879bd37670ae4f538a\/internal_photos\/bs\/2019\/h\/W\/Zyf9RZTS6Lcv7X56ENyA\/3633190817-db86011e83-b.jpg 1000w, https:\/\/s2-g1.glbimg.com\/g8J6D-yj9-kTjr4efdl_tdYX5bM=\/0x0:1024x704\/984x0\/smart\/filters:strip_icc()\/i.s3.glbimg.com\/v1\/AUTH_59edd422c0c84a879bd37670ae4f538a\/internal_photos\/bs\/2019\/h\/W\/Zyf9RZTS6Lcv7X56ENyA\/3633190817-db86011e83-b.jpg 984w, https:\/\/s2-g1.glbimg.com\/ZTnMhoyKNRd2H-7RNPAjhwY3Hxw=\/0x0:1024x704\/640x0\/smart\/filters:strip_icc()\/i.s3.glbimg.com\/v1\/AUTH_59edd422c0c84a879bd37670ae4f538a\/internal_photos\/bs\/2019\/h\/W\/Zyf9RZTS6Lcv7X56ENyA\/3633190817-db86011e83-b.jpg 640w, https:\/\/s2-g1.glbimg.com\/U-2SVK1M-OHlAVIP96dt-aw2BCg=\/0x0:1024x704\/600x0\/smart\/filters:strip_icc()\/i.s3.glbimg.com\/v1\/AUTH_59edd422c0c84a879bd37670ae4f538a\/internal_photos\/bs\/2019\/h\/W\/Zyf9RZTS6Lcv7X56ENyA\/3633190817-db86011e83-b.jpg 600w\" alt=\"Trem da Linha 2-Verde do Metr\u00f4  \u2014 Foto: Cris Castello Branco\/Governo de SP \" \/><\/figure>\n<\/div>\n<p class=\"content-media__description  \">Trem da Linha 2-Verde do Metr\u00f4 \u2014 Foto: Cris Castello Branco\/Governo de SP<\/p>\n<\/div>\n<\/div>\n<\/div>\n<div id=\"chunk-49ttl\">\n<div class=\"mc-column content-text active-extra-styles \" data-block-type=\"unstyled\" data-block-weight=\"31\" data-block-id=\"17\">\n<p class=\" content-text__container \" data-track-category=\"Link no Texto\" data-track-links=\"\" data-mrf-recirculation=\"Mat\u00e9ria - Links no Texto\">J\u00e1 na Linha 15-Prata, neste primeiro fim de semana o atendimento de madrugada ser\u00e1 feito por \u00f4nibus gratuito do sistema PAESE, devido aos testes com o trem da nova frota.<\/p>\n<\/div>\n<\/div>\n<div id=\"chunk-smaa\">\n<div class=\"mc-column content-text active-extra-styles \" data-block-type=\"unstyled\" data-block-weight=\"23\" data-block-id=\"19\">\n<p class=\" content-text__container \" data-track-category=\"Link no Texto\" data-track-links=\"\" data-mrf-recirculation=\"Mat\u00e9ria - Links no Texto\">Ap\u00f3s o teste, a oferta ser\u00e1 avaliada e poder\u00e1 ser redimensionada para a atender a demanda do hor\u00e1rio nos fins de semanas seguintes.<\/p>\n<\/div>\n<\/div>\n<div id=\"chunk-u7a0\">\n<div class=\"mc-column content-text active-extra-styles\" data-block-type=\"raw\" data-block-weight=\"36\" data-block-id=\"20\">\n<blockquote class=\"content-blockquote theme-border-color-primary-before\"><p>Neste per\u00edodo de funcionamento durante a madrugada, as bilheterias n\u00e3o funcionar\u00e3o e o passageiro que n\u00e3o tem cart\u00f5es Bilhete \u00danico ou TOP poder\u00e1 adquirir seus bilhetes pelas m\u00e1quinas de autoatendimento, Carteira Google ou WhatsApp (11 3888-2200).<\/p><\/blockquote>\n<\/div>\n<\/div>\n<div id=\"chunk-c5bdd\">\n<div class=\"mc-column content-text active-extra-styles \" data-block-type=\"unstyled\" data-block-weight=\"24\" data-block-id=\"21\">\n<p class=\" content-text__container \" data-track-category=\"Link no Texto\" data-track-links=\"\" data-mrf-recirculation=\"Mat\u00e9ria - Links no Texto\">Nas linhas 1-Azul e 3-Vermelha, a entrada pode ser feita por meio de pagamento por aproxima\u00e7\u00e3o, com cart\u00f5es f\u00edsicos de cr\u00e9dito e d\u00e9bito.<\/p>\n<\/div>\n<\/div>\n<div id=\"chunk-flnrq\">\n<div class=\"mc-column content-text active-extra-styles \" data-block-type=\"unstyled\" data-block-weight=\"14\" data-block-id=\"22\">\n<p class=\" content-text__container \" data-track-category=\"Link no Texto\" data-track-links=\"\" data-mrf-recirculation=\"Mat\u00e9ria - Links no Texto\">Ao longo de dezembro essa op\u00e7\u00e3o ser\u00e1 v\u00e1lida tamb\u00e9m nas linhas 2-Verde e 15-Prata.<\/p>\n<p>Fonte: G1<\/p>\n<\/div>\n<\/div>\n<\/div>\n<\/article>\n<\/div>\n","protected":false},"excerpt":{"rendered":"<p>Metr\u00f4 de S\u00e3o Paulo funcionar\u00e1 por 24 horas aos s\u00e1bados a partir de 6 de dezembro; veja regras Medida vale<\/p>\n","protected":false},"author":1,"featured_media":10762,"comment_status":"open","ping_status":"open","sticky":false,"template":"","format":"standard","meta":{"colormag_page_container_layout":"default_layout","colormag_page_sidebar_layout":"default_layout","footnotes":""},"categories":[1],"tags":[],"class_list":["post-10758","post","type-post","status-publish","format-standard","has-post-thumbnail","hentry","category-geral"],"_links":{"self":[{"href":"http:\/\/metropoleemfoco.com.br\/index.php?rest_route=\/wp\/v2\/posts\/10758","targetHints":{"allow":["GET"]}}],"collection":[{"href":"http:\/\/metropoleemfoco.com.br\/index.php?rest_route=\/wp\/v2\/posts"}],"about":[{"href":"http:\/\/metropoleemfoco.com.br\/index.php?rest_route=\/wp\/v2\/types\/post"}],"author":[{"embeddable":true,"href":"http:\/\/metropoleemfoco.com.br\/index.php?rest_route=\/wp\/v2\/users\/1"}],"replies":[{"embeddable":true,"href":"http:\/\/metropoleemfoco.com.br\/index.php?rest_route=%2Fwp%2Fv2%2Fcomments&post=10758"}],"version-history":[{"count":1,"href":"http:\/\/metropoleemfoco.com.br\/index.php?rest_route=\/wp\/v2\/posts\/10758\/revisions"}],"predecessor-version":[{"id":10763,"href":"http:\/\/metropoleemfoco.com.br\/index.php?rest_route=\/wp\/v2\/posts\/10758\/revisions\/10763"}],"wp:featuredmedia":[{"embeddable":true,"href":"http:\/\/metropoleemfoco.com.br\/index.php?rest_route=\/wp\/v2\/media\/10762"}],"wp:attachment":[{"href":"http:\/\/metropoleemfoco.com.br\/index.php?rest_route=%2Fwp%2Fv2%2Fmedia&parent=10758"}],"wp:term":[{"taxonomy":"category","embeddable":true,"href":"http:\/\/metropoleemfoco.com.br\/index.php?rest_route=%2Fwp%2Fv2%2Fcategories&post=10758"},{"taxonomy":"post_tag","embeddable":true,"href":"http:\/\/metropoleemfoco.com.br\/index.php?rest_route=%2Fwp%2Fv2%2Ftags&post=10758"}],"curies":[{"name":"wp","href":"https:\/\/api.w.org\/{rel}","templated":true}]}}