{"id":10748,"date":"2025-12-04T12:06:10","date_gmt":"2025-12-04T15:06:10","guid":{"rendered":"http:\/\/metropoleemfoco.com.br\/?p=10748"},"modified":"2025-12-04T12:06:10","modified_gmt":"2025-12-04T15:06:10","slug":"belmonte-critica-plano-de-casares-para-o-sao-paulo-nao-existe-resultado-sem-investimento","status":"publish","type":"post","link":"http:\/\/metropoleemfoco.com.br\/?p=10748","title":{"rendered":"Belmonte critica plano de Casares para o S\u00e3o Paulo: &#8220;N\u00e3o existe resultado sem investimento&#8221;"},"content":{"rendered":"<div class=\"mc-article-header\">\n<div class=\"row content-head mc-column non-featured \">\n<div class=\"title\" data-block-type=\"title\" data-block-id=\"0\">\n<h1 class=\"content-head__title\">Belmonte critica plano de Casares para o S\u00e3o Paulo: &#8220;N\u00e3o existe resultado sem investimento&#8221;<\/h1>\n<\/div>\n<div class=\"medium-centered subtitle\">\n<h2 class=\"content-head__subtitle\">Ex-diretor de futebol comenta sobre a estrat\u00e9gia do atual presidente para amenizar os problemas financeiros do clube: &#8220;N\u00e3o acredito nesse processo de redu\u00e7\u00e3o da d\u00edvida a todo custo&#8221;<\/h2>\n<\/div>\n<\/div>\n<div class=\"content__signa-share mc-column\">\n<div class=\"content__signature\">\n<div class=\"content-publication-data\">\n<div class=\"content-publication-data__text\">\n<p class=\"content-publication-data__from\" title=\"Bruno Giufrida, Jo\u00e3o Pedro Brand\u00e3o e Marcelo Braga\">Por Bruno Giufrida, Jo\u00e3o Pedro Brand\u00e3o e Marcelo Braga \u2014 S\u00e3o Paulo<\/p>\n<\/div>\n<\/div>\n<\/div>\n<\/div>\n<div class=\"glb-share-bar content__share-bar\">\n<div class=\"glb-share-bar_icons\">\n<div class=\"glb-share-bar_button-img\"><\/div>\n<\/div>\n<\/div>\n<hr class=\"content__divider \" \/>\n<\/div>\n<div class=\"mc-article-body\">\n<article>\n<div id=\"chunk-gvqe\">\n<div class=\"cxm-block-video content-media mc-column \" data-block-type=\"backstage-video\" data-block-id=\"1\">\n<div class=\"cxm-block-video__container \">\n<div class=\"cxm-block-video__player-fixer\">\n<article class=\"cxm-block-video__player-wrapper\">\n<section class=\"cxm-block-video__player\">\n<div class=\"cxm-block-video__placeholder\" data-video-id=\"14142445\"><img decoding=\"async\" class=\"cxm-block-video__thumb\" title=\"Belmonte indica diverg\u00eancia com Casares: &quot;N\u00e3o acredito na redu\u00e7\u00e3o da d\u00edvida a todo custo&quot;\" src=\"https:\/\/s02.video.glbimg.com\/x240\/14142445.jpg\" alt=\"Belmonte indica diverg\u00eancia com Casares: &quot;N\u00e3o acredito na redu\u00e7\u00e3o da d\u00edvida a todo custo&quot;\" \/><\/div>\n<\/section>\n<\/article>\n<\/div>\n<div class=\"cxm-block-video__caption-container\">\n<p class=\"codex-caption codex-caption--small\">Belmonte indica diverg\u00eancia com Casares: &#8220;N\u00e3o acredito na redu\u00e7\u00e3o da d\u00edvida a todo custo&#8221;<\/p>\n<\/div>\n<\/div>\n<\/div>\n<\/div>\n<div id=\"chunk-e0gnp\">\n<div class=\"mc-column content-text active-extra-styles \" data-block-type=\"unstyled\" data-block-weight=\"46\" data-block-id=\"2\">\n<p class=\" content-text__container \" data-track-category=\"Link no Texto\" data-track-links=\"\" data-mrf-recirculation=\"Artigo - Link no Texto\">Carlos Belmonte deixou o cargo de diretor de futebol do\u00a0<a class=\"\" href=\"https:\/\/globoesporte.globo.com\/futebol\/times\/sao-paulo\/\" data-mrf-link=\"https:\/\/globoesporte.globo.com\/futebol\/times\/sao-paulo\/\">S\u00e3o Paulo<\/a> com uma discord\u00e2ncia clara do presidente Julio Casares: a maneira como o clube tem trabalhado para reduzir a d\u00edvida. Nesta temporada, o Tricolor contratou nove jogadores, mas n\u00e3o fez nenhum investimento em direitos econ\u00f4micos.<\/p>\n<\/div>\n<\/div>\n<div class=\"wall protected-content\">\n<div id=\"chunk-7n1gr\">\n<div class=\"mc-column content-text active-extra-styles \" data-block-type=\"unstyled\" data-block-weight=\"47\" data-block-id=\"5\">\n<p class=\" content-text__container \" data-track-category=\"Link no Texto\" data-track-links=\"\" data-mrf-recirculation=\"Artigo - Link no Texto\">As contrata\u00e7\u00f5es do\u00a0<a class=\"\" href=\"https:\/\/globoesporte.globo.com\/futebol\/times\/sao-paulo\/\" data-mrf-link=\"https:\/\/globoesporte.globo.com\/futebol\/times\/sao-paulo\/\">S\u00e3o Paulo<\/a> em 2025 foram: Oscar, Tapia, C\u00e9dric, Wendell, Enzo D\u00edaz, Juan Dinenno, Rafael Tol\u00f3i, Rigoni e Ma\u00edlton. Para Belmonte, evitar investimento no futebol n\u00e3o \u00e9 o melhor caminho para o clube reduzir o endividamento, que, neste momento, \u00e9 de R$ 912 milh\u00f5es.<\/p>\n<\/div>\n<\/div>\n<div id=\"chunk-avmgh\">\n<div class=\"mc-column content-text active-extra-styles \" data-block-type=\"unstyled\" data-block-weight=\"10\" data-block-id=\"7\">\n<p class=\" content-text__container \" data-track-category=\"Link no Texto\" data-track-links=\"\" data-mrf-recirculation=\"Artigo - Link no Texto\">O Tricolor fechou 2024 com d\u00e9ficit de R$ 287,6 milh\u00f5es.<\/p>\n<\/div>\n<\/div>\n<div id=\"chunk-2a1no\">\n<div class=\"mc-column content-text active-extra-styles \" data-block-type=\"unstyled\" data-block-weight=\"66\" data-block-id=\"8\">\n<p class=\" content-text__container \" data-track-category=\"Link no Texto\" data-track-links=\"\" data-mrf-recirculation=\"Artigo - Link no Texto\">\u2013 N\u00e3o existe resultado sem investimento. Por que Palmeiras e Flamengo fizeram a final da Libertadores e lideram o Campeonato Brasileiro? Porque t\u00eam mais investimento, eles podem contratar mais atletas. N\u00f3s teremos o investimento que Palmeiras e Flamengo t\u00eam? \u00c9 l\u00f3gico que n\u00e3o, mas eu acho que temos que entender o que queremos como institui\u00e7\u00e3o, esse \u00e9 o principal problema do\u00a0<a class=\"\" href=\"https:\/\/globoesporte.globo.com\/futebol\/times\/sao-paulo\/\" data-mrf-link=\"https:\/\/globoesporte.globo.com\/futebol\/times\/sao-paulo\/\">S\u00e3o Paulo<\/a>\u00a0hoje \u2013 analisou.<\/p>\n<\/div>\n<\/div>\n<div id=\"chunk-3ta5c\">\n<div class=\"mc-column content-text active-extra-styles \" data-block-type=\"unstyled\" data-block-weight=\"59\" data-block-id=\"9\">\n<p class=\" content-text__container \" data-track-category=\"Link no Texto\" data-track-links=\"\" data-mrf-recirculation=\"Artigo - Link no Texto\">\u2013 O s\u00e3o-paulino quer a redu\u00e7\u00e3o da d\u00edvida a todo custo ou pensa em um outro projeto de redu\u00e7\u00e3o de d\u00edvida? Acho que a\u00ed que est\u00e1 a quest\u00e3o que deve ser debatida. Eu sei que esse pensamento nem \u00e9 o mais simp\u00e1tico perante a torcida, mas eu n\u00e3o acredito nesse processo de redu\u00e7\u00e3o da d\u00edvida a todo custo.<\/p>\n<\/div>\n<\/div>\n<div id=\"chunk-3q31t\">\n<div class=\"mc-column content-text active-extra-styles \" data-block-type=\"unstyled\" data-block-weight=\"57\" data-block-id=\"10\">\n<p class=\" content-text__container \" data-track-category=\"Link no Texto\" data-track-links=\"\" data-mrf-recirculation=\"Artigo - Link no Texto\">\u2013 A redu\u00e7\u00e3o vir\u00e1 com um time competitivo, com um time mais forte, com investimento no futebol. Sem investir no futebol, na minha vis\u00e3o, a gente vai reduzir R$ 30, 40, 50 milh\u00f5es numa temporada, mas numa d\u00edvida de R$ 900 milh\u00f5es. Quanto tempo vamos levar para reduzir para um patamar mais baixo? \u2013 questionou Belmonte.<\/p>\n<\/div>\n<\/div>\n<div id=\"chunk-f4dos\">\n<div class=\"row medium-uncollapsed content-media content-photo\" data-block-type=\"backstage-photo\" data-block-id=\"13\">\n<div class=\" mc-column  content-media__container\">\n<div class=\"content-media-container glb-skeleton-box\">\n<figure class=\"content-media-figure\"><img decoding=\"async\" class=\"i-amphtml-fill-content i-amphtml-replaced-content\" src=\"https:\/\/s2-ge.glbimg.com\/-AbvVsRrOBODsxsnUyoYTOWw2uU=\/0x0:1280x960\/984x0\/smart\/filters:strip_icc()\/i.s3.glbimg.com\/v1\/AUTH_bc8228b6673f488aa253bbcb03c80ec5\/internal_photos\/bs\/2025\/G\/T\/dpfj0oSQyGJxSiKbOZJA\/whatsapp-image-2025-12-01-at-11.44.25.jpeg\" sizes=\"(max-width: 1366px) 648px, 100vw\" srcset=\"https:\/\/s2-ge.glbimg.com\/MC02gPXafjx-XR2pkZSdjkY5CLg=\/0x0:1280x960\/1000x0\/smart\/filters:strip_icc()\/i.s3.glbimg.com\/v1\/AUTH_bc8228b6673f488aa253bbcb03c80ec5\/internal_photos\/bs\/2025\/G\/T\/dpfj0oSQyGJxSiKbOZJA\/whatsapp-image-2025-12-01-at-11.44.25.jpeg 1000w, https:\/\/s2-ge.glbimg.com\/-AbvVsRrOBODsxsnUyoYTOWw2uU=\/0x0:1280x960\/984x0\/smart\/filters:strip_icc()\/i.s3.glbimg.com\/v1\/AUTH_bc8228b6673f488aa253bbcb03c80ec5\/internal_photos\/bs\/2025\/G\/T\/dpfj0oSQyGJxSiKbOZJA\/whatsapp-image-2025-12-01-at-11.44.25.jpeg 984w, https:\/\/s2-ge.glbimg.com\/dHgdrd4L5m6liEqQXOF6z_XTuqQ=\/0x0:1280x960\/640x0\/smart\/filters:strip_icc()\/i.s3.glbimg.com\/v1\/AUTH_bc8228b6673f488aa253bbcb03c80ec5\/internal_photos\/bs\/2025\/G\/T\/dpfj0oSQyGJxSiKbOZJA\/whatsapp-image-2025-12-01-at-11.44.25.jpeg 640w, https:\/\/s2-ge.glbimg.com\/GV7EKDckAhSVNEF4KUEZx9rjOHo=\/0x0:1280x960\/600x0\/smart\/filters:strip_icc()\/i.s3.glbimg.com\/v1\/AUTH_bc8228b6673f488aa253bbcb03c80ec5\/internal_photos\/bs\/2025\/G\/T\/dpfj0oSQyGJxSiKbOZJA\/whatsapp-image-2025-12-01-at-11.44.25.jpeg 600w\" alt=\"Carlos Belmonte em entrevista exclusiva ao ge \u2014 Foto: Marcelo Braga\" \/><\/figure>\n<\/div>\n<p class=\"content-media__description  \">Carlos Belmonte em entrevista exclusiva ao ge \u2014 Foto: Marcelo Braga<\/p>\n<\/div>\n<\/div>\n<\/div>\n<div id=\"chunk-4nq6u\">\n<div class=\"mc-column content-text active-extra-styles \" data-block-type=\"unstyled\" data-block-weight=\"47\" data-block-id=\"14\">\n<p class=\" content-text__container \" data-track-category=\"Link no Texto\" data-track-links=\"\" data-mrf-recirculation=\"Artigo - Link no Texto\">Apesar de discordar do projeto de Casares para reduzir a d\u00edvida, Belmonte prefere ainda guardar suas ideias. O conselheiro deixou o cargo de diretor de futebol do\u00a0<a class=\"\" href=\"https:\/\/globoesporte.globo.com\/futebol\/times\/sao-paulo\/\" data-mrf-link=\"https:\/\/globoesporte.globo.com\/futebol\/times\/sao-paulo\/\">S\u00e3o Paulo<\/a> na \u00faltima sexta-feira, um dia depois da derrota por 6 a 0 para o Fluminense, no Maracan\u00e3.<\/p>\n<\/div>\n<\/div>\n<div id=\"chunk-eb8of\">\n<div class=\"mc-column content-text active-extra-styles \" data-block-type=\"unstyled\" data-block-weight=\"30\" data-block-id=\"16\">\n<p class=\" content-text__container \" data-track-category=\"Link no Texto\" data-track-links=\"\" data-mrf-recirculation=\"Artigo - Link no Texto\">Belmonte, por\u00e9m, n\u00e3o acredita que o\u00a0<a class=\"\" href=\"https:\/\/globoesporte.globo.com\/futebol\/times\/sao-paulo\/\" data-mrf-link=\"https:\/\/globoesporte.globo.com\/futebol\/times\/sao-paulo\/\">S\u00e3o Paulo<\/a>\u00a0v\u00e1 brigar contra o rebaixamento mesmo seguindo a pol\u00edtica de pouco investimento no departamento de futebol, apesar de assumir mais riscos.<\/p>\n<\/div>\n<\/div>\n<div id=\"chunk-9f284\">\n<div class=\"mc-column content-text active-extra-styles \" data-block-type=\"unstyled\" data-block-weight=\"72\" data-block-id=\"17\">\n<p class=\" content-text__container \" data-track-category=\"Link no Texto\" data-track-links=\"\" data-mrf-recirculation=\"Artigo - Link no Texto\">\u2013 Quanto menos investimento voc\u00ea tiver, mais voc\u00ea corre o risco (de ter uma temporada pior). Eu acho que n\u00e3o vamos passar por isso (brigar contra o rebaixamento), pois a gente vem tendo uma gest\u00e3o austera e este ano que \u00e9 tratado como p\u00e9ssimo para o\u00a0<a class=\"\" href=\"https:\/\/globoesporte.globo.com\/futebol\/times\/sao-paulo\/\" data-mrf-link=\"https:\/\/globoesporte.globo.com\/futebol\/times\/sao-paulo\/\">S\u00e3o Paulo<\/a>, n\u00f3s estamos em oitavo no Brasileir\u00e3o e terminamos em quinto a Libertadores, n\u00e3o corremos risco efetivo de rebaixamento, ficamos no meio da tabela.<\/p>\n<\/div>\n<\/div>\n<div id=\"chunk-dsao0\">\n<div class=\"mc-column content-text active-extra-styles \" data-block-type=\"unstyled\" data-block-weight=\"92\" data-block-id=\"19\">\n<p class=\" content-text__container \" data-track-category=\"Link no Texto\" data-track-links=\"\" data-mrf-recirculation=\"Artigo - Link no Texto\">\u2013 Agora, se n\u00e3o investirmos, continuaremos sendo time de meio de tabela e se num ano for um pouquinho pior, pode correr risco de rebaixamento. Ent\u00e3o o que eu acho \u00e9 que temos que trabalhar pensando em investir no futebol. Eu tenho minhas ideias e acho que n\u00e3o \u00e9 oportuno eu pass\u00e1-las agora, pois n\u00e3o sou o presidente do\u00a0<a class=\"\" href=\"https:\/\/globoesporte.globo.com\/futebol\/times\/sao-paulo\/\" data-mrf-link=\"https:\/\/globoesporte.globo.com\/futebol\/times\/sao-paulo\/\">S\u00e3o Paulo<\/a>, eu passo isso, sempre que posso, para o presidente, e indico que esse \u00e9 o caminho. Mas sem investir no futebol a gente n\u00e3o sai do quadro que est\u00e1 \u2013 completou.<\/p>\n<\/div>\n<\/div>\n<div id=\"chunk-8j160\">\n<div class=\"mc-column content-text active-extra-styles \" data-block-type=\"unstyled\" data-block-weight=\"30\" data-block-id=\"20\">\n<p class=\" content-text__container \" data-track-category=\"Link no Texto\" data-track-links=\"\" data-mrf-recirculation=\"Artigo - Link no Texto\">Belmonte foi diretor de futebol do\u00a0<a class=\"\" href=\"https:\/\/globoesporte.globo.com\/futebol\/times\/sao-paulo\/\" data-mrf-link=\"https:\/\/globoesporte.globo.com\/futebol\/times\/sao-paulo\/\">S\u00e3o Paulo<\/a>\u00a0de 2021 a dezembro de 2025. Como conselheiro, continua na coaliz\u00e3o que forma a situa\u00e7\u00e3o, que apoia o presidente Julio Casares.<\/p>\n<\/div>\n<\/div>\n<div id=\"chunk-ud69\">\n<div class=\"cxm-block-video content-media mc-column \" data-block-type=\"backstage-video\" data-block-id=\"21\">\n<div class=\"cxm-block-video__container \">\n<div class=\"cxm-block-video__player-fixer\">\n<article class=\"cxm-block-video__player-wrapper\">\n<section class=\"cxm-block-video__player\">\n<div class=\"cxm-block-video__placeholder\" data-video-id=\"14137819\"><img decoding=\"async\" class=\"cxm-block-video__thumb\" title=\"Veja na \u00edntegra a entrevista coletiva de Julio Casares, presidente do S\u00e3o Paulo\" src=\"https:\/\/s04.video.glbimg.com\/x240\/14137819.jpg\" alt=\"Veja na \u00edntegra a entrevista coletiva de Julio Casares, presidente do S\u00e3o Paulo\" \/><\/div>\n<\/section>\n<\/article>\n<\/div>\n<div class=\"cxm-block-video__caption-container\">\n<p class=\"codex-caption codex-caption--small\">\nFonte: Ge<\/p>\n<\/div>\n<\/div>\n<\/div>\n<\/div>\n<\/div>\n<\/article>\n<\/div>\n","protected":false},"excerpt":{"rendered":"<p>Belmonte critica plano de Casares para o S\u00e3o Paulo: &#8220;N\u00e3o existe resultado sem investimento&#8221; Ex-diretor de futebol comenta sobre a<\/p>\n","protected":false},"author":1,"featured_media":10756,"comment_status":"open","ping_status":"open","sticky":false,"template":"","format":"standard","meta":{"colormag_page_container_layout":"default_layout","colormag_page_sidebar_layout":"default_layout","footnotes":""},"categories":[9],"tags":[],"class_list":["post-10748","post","type-post","status-publish","format-standard","has-post-thumbnail","hentry","category-saude"],"_links":{"self":[{"href":"http:\/\/metropoleemfoco.com.br\/index.php?rest_route=\/wp\/v2\/posts\/10748","targetHints":{"allow":["GET"]}}],"collection":[{"href":"http:\/\/metropoleemfoco.com.br\/index.php?rest_route=\/wp\/v2\/posts"}],"about":[{"href":"http:\/\/metropoleemfoco.com.br\/index.php?rest_route=\/wp\/v2\/types\/post"}],"author":[{"embeddable":true,"href":"http:\/\/metropoleemfoco.com.br\/index.php?rest_route=\/wp\/v2\/users\/1"}],"replies":[{"embeddable":true,"href":"http:\/\/metropoleemfoco.com.br\/index.php?rest_route=%2Fwp%2Fv2%2Fcomments&post=10748"}],"version-history":[{"count":1,"href":"http:\/\/metropoleemfoco.com.br\/index.php?rest_route=\/wp\/v2\/posts\/10748\/revisions"}],"predecessor-version":[{"id":10757,"href":"http:\/\/metropoleemfoco.com.br\/index.php?rest_route=\/wp\/v2\/posts\/10748\/revisions\/10757"}],"wp:featuredmedia":[{"embeddable":true,"href":"http:\/\/metropoleemfoco.com.br\/index.php?rest_route=\/wp\/v2\/media\/10756"}],"wp:attachment":[{"href":"http:\/\/metropoleemfoco.com.br\/index.php?rest_route=%2Fwp%2Fv2%2Fmedia&parent=10748"}],"wp:term":[{"taxonomy":"category","embeddable":true,"href":"http:\/\/metropoleemfoco.com.br\/index.php?rest_route=%2Fwp%2Fv2%2Fcategories&post=10748"},{"taxonomy":"post_tag","embeddable":true,"href":"http:\/\/metropoleemfoco.com.br\/index.php?rest_route=%2Fwp%2Fv2%2Ftags&post=10748"}],"curies":[{"name":"wp","href":"https:\/\/api.w.org\/{rel}","templated":true}]}}