{"id":10747,"date":"2025-12-04T12:04:47","date_gmt":"2025-12-04T15:04:47","guid":{"rendered":"http:\/\/metropoleemfoco.com.br\/?p=10747"},"modified":"2025-12-04T12:04:47","modified_gmt":"2025-12-04T15:04:47","slug":"samsung-lanca-o-desafio-movimentesecomgalaxy","status":"publish","type":"post","link":"http:\/\/metropoleemfoco.com.br\/?p=10747","title":{"rendered":"Samsung lan\u00e7a o desafio #MovimenteSeComGalaxy"},"content":{"rendered":"<h1 class=\"title\">Samsung lan\u00e7a o desafio #MovimenteSeComGalaxy e incentiva usu\u00e1rios a se movimentarem pela sa\u00fade e bem-estar<\/h1>\n<div class=\"text_cont\">\n<h3 class=\"subtitle\">Desafio #MovimenteSeComGalaxy acontece de 8 a 31 de dezembro na aba Together do app Samsung Health; atividade vale cupons de desconto para adquirir dispositivos Galaxy selecionados<\/h3>\n<p><img loading=\"lazy\" decoding=\"async\" class=\"alignnone wp-image-49345 size-full\" src=\"https:\/\/img.global.news.samsung.com\/br\/wp-content\/uploads\/2025\/12\/MovimenteSeComGalaxy-KV1920-e1764850893911.png\" alt=\"\" width=\"1000\" height=\"563\" \/><\/p>\n<p>&nbsp;<\/p>\n<p>A Samsung anuncia o\u00a0<strong>#MovimenteSeComGalaxy<\/strong>, novo desafio regional* que convida consumidores da Am\u00e9rica Latina a se manterem ativos e conectados por meio do aplicativo Samsung Health<sup>1<\/sup>. A a\u00e7\u00e3o faz parte da estrat\u00e9gia da marca para refor\u00e7ar sua presen\u00e7a no universo de sa\u00fade e bem-estar, mostrando como a tecnologia pode ser uma aliada na constru\u00e7\u00e3o de rotinas equilibradas.<\/p>\n<p>No Brasil, o desafio #MovimenteSeComGalaxy da Samsung\u00a0<strong>prop\u00f5e aos participantes caminharem 150.000 passos entre os dias 8 e 31 de dezembro<\/strong>\u00a0para desbloquearem cupons que valem\u00a0<strong>desconto de at\u00e9 59%\u00a0<\/strong>em dispositivos Galaxy selecionados, incluindo o\u00a0<a href=\"https:\/\/shop.samsung.com\/br\/galaxy-ring-5\/p\/?cid=br_ow_affiliate_newsroom_galaxy-ring_sustain_none_article_none_none\" target=\"_blank\" rel=\"noopener\">Galaxy Ring<\/a>, o\u00a0<a href=\"https:\/\/www.samsung.com\/br\/audio-sound\/galaxy-buds\/galaxy-buds3-fe-black-sm-r420nzkazto\/?cid=br_ow_affiliate_newsroom_galaxy_buds3_fe_black\" target=\"_blank\" rel=\"noopener\">Galaxy Buds3 FE<\/a>\u00a0e o\u00a0<a href=\"https:\/\/www.samsung.com\/br\/watches\/galaxy-watch\/galaxy-watch-ultra-2025-47mm-titanium-blue-lte-sm-l705fzbpzto\/?cid=br_ow_affiliate_newsroom_galaxy_watch_ultra25_47mm_titaniumlteb\" target=\"_blank\" rel=\"noopener\">Galaxy Watch Ultra<\/a><sup>2<\/sup>.<\/p>\n<p>\u201cA Samsung acredita que tecnologia e bem-estar caminham juntos. Com o #MovimenteSeComGalaxy, queremos mostrar que pequenas a\u00e7\u00f5es di\u00e1rias, como acompanhar os passos ou monitorar o sono, podem gerar um impacto real na sa\u00fade f\u00edsica e mental das pessoas. Nossa meta \u00e9 formar uma comunidade que se apoia para viver melhor\u201d, afirma Rafael Ara\u00fajo, gerente s\u00eanior da Divis\u00e3o de Tablets, Wearables e Notebooks da Samsung Brasil.<\/p>\n<h3><strong>Desafio #MovimenteSeComGalaxy<\/strong><\/h3>\n<p>Para participar do #MovimenteSeComGalaxy, basta aceitar o desafio na aba \u201cTogether\u201d do aplicativo Samsung Health. A atividade \u00e9 gratuita e os passos s\u00e3o contabilizados automaticamente por meio de um vest\u00edvel Samsung Galaxy, como um Galaxy Watch ou um Galaxy Ring conectados \u00e0 Samsung Account do usu\u00e1rio. A contagem dos passos tamb\u00e9m pode ser realizada com um smartphone Samsung Galaxy. Do seu Samsung Galaxy,\u00a0<a href=\"https:\/\/shealth.samsung.com\/deepLink?sc_id=app.main&amp;action=view&amp;destination=message&amp;id=8242\" target=\"_blank\" rel=\"noopener\">clique neste link<\/a>\u00a0para acessar todos os detalhes do Desafio\u00a0#MovimenteSeComGalaxy.<\/p>\n<p>Ao atingirem a meta de 150.000 passos do desafio, os participantes desbloqueiam um cupom de desconto para adquirir dispositivos selecionados no\u00a0<a href=\"https:\/\/play.google.com\/store\/apps\/details?id=com.samsung.shop&amp;hl=pt_BR\" target=\"_blank\" rel=\"noopener\">app<\/a>\u00a0Samsung Shop e na\u00a0<a href=\"https:\/\/www.samsung.com\/br\/\" target=\"_blank\" rel=\"noopener\">Loja Online Samsung<\/a>. O cupom \u00e9 v\u00e1lido para uma \u00fanica utiliza\u00e7\u00e3o por CPF, em uma compra que pode incluir um ou mais produtos eleg\u00edveis ao desafio.<\/p>\n<h3><strong>Incentivo nas redes sociais<\/strong><\/h3>\n<p>Influenciadores e criadores de conte\u00fado de diferentes pa\u00edses acompanhar\u00e3o o desafio, compartilhando dicas e experi\u00eancias sobre como a tecnologia pode impulsionar o bem-estar. No Brasil, os corredores do Team Galaxy Bianca Rewald (<a href=\"https:\/\/www.instagram.com\/bianca.ewald\/\" target=\"_blank\" rel=\"noopener\">@bianca.ewald<\/a>), Kelly Niglio de Luca (<a href=\"https:\/\/www.instagram.com\/kellyndeluca\/\" target=\"_blank\" rel=\"noopener\">@kellyndeluca<\/a>), Gabrielle Guther (<a href=\"https:\/\/www.instagram.com\/gabiguther\/\" target=\"_blank\" rel=\"noopener\">@gabiguther<\/a>) e Leonardo Horta (<a href=\"https:\/\/www.instagram.com\/leocamposhorta\/\" target=\"_blank\" rel=\"noopener\">@leocamposhorta<\/a>), al\u00e9m das criadoras de conte\u00fado Leticia Paz (<a href=\"https:\/\/www.instagram.com\/letiltz\/\" target=\"_blank\" rel=\"noopener\">@letiltz<\/a>) e Marcela Oliveira (<a href=\"https:\/\/www.instagram.com\/mar.eela\/\" target=\"_blank\" rel=\"noopener\">@mar.eela<\/a>), guiar\u00e3o os usu\u00e1rios com conte\u00fados semanais de treino e autocuidado.<\/p>\n<p>Com o desafio\u00a0<strong>#MovimenteSeComGalaxy<\/strong>, a Samsung refor\u00e7a seu compromisso em oferecer experi\u00eancias conectadas que inspiram h\u00e1bitos mais saud\u00e1veis, integrando smartphones, wearables e o aplicativo Samsung Health para monitorar, compreender e aprimorar a sa\u00fade de forma cont\u00ednua.<\/p>\n<p>Para saber mais sobre o desafio, o\u00a0<a href=\"https:\/\/shop.samsung.com\/br\/galaxy-ring-5\/p\/?cid=br_ow_affiliate_newsroom_galaxy-ring_sustain_none_article_none_none\" target=\"_blank\" rel=\"noopener\">Galaxy Ring<\/a>, o\u00a0<a href=\"https:\/\/www.samsung.com\/br\/watches\/galaxy-watch\/galaxy-watch-ultra-2025-47mm-titanium-blue-lte-sm-l705fzbpzto\/?cid=br_ow_affiliate_newsroom_galaxy_watch_ultra25_47mm_titaniumlteb\" target=\"_blank\" rel=\"noopener\">Galaxy Watch Ultra<\/a>,\u00a0<a href=\"https:\/\/www.samsung.com\/br\/audio-sound\/galaxy-buds\/galaxy-buds3-fe-black-sm-r420nzkazto\/?cid=br_ow_affiliate_newsroom_galaxy_buds3_fe_black\" target=\"_blank\" rel=\"noopener\">Galaxy Buds3 FE<\/a>\u00a0e o Samsung Health, acesse a\u00a0<a href=\"https:\/\/news.samsung.com\/br\/\">Samsung Newsroom Brasil<\/a>.<\/p>\n<p>Fonte: NewsSansung<\/p>\n<\/div>\n","protected":false},"excerpt":{"rendered":"<p>Samsung lan\u00e7a o desafio #MovimenteSeComGalaxy e incentiva usu\u00e1rios a se movimentarem pela sa\u00fade e bem-estar Desafio #MovimenteSeComGalaxy acontece de 8<\/p>\n","protected":false},"author":1,"featured_media":10754,"comment_status":"open","ping_status":"open","sticky":false,"template":"","format":"standard","meta":{"colormag_page_container_layout":"default_layout","colormag_page_sidebar_layout":"default_layout","footnotes":""},"categories":[9],"tags":[],"class_list":["post-10747","post","type-post","status-publish","format-standard","has-post-thumbnail","hentry","category-saude"],"_links":{"self":[{"href":"http:\/\/metropoleemfoco.com.br\/index.php?rest_route=\/wp\/v2\/posts\/10747","targetHints":{"allow":["GET"]}}],"collection":[{"href":"http:\/\/metropoleemfoco.com.br\/index.php?rest_route=\/wp\/v2\/posts"}],"about":[{"href":"http:\/\/metropoleemfoco.com.br\/index.php?rest_route=\/wp\/v2\/types\/post"}],"author":[{"embeddable":true,"href":"http:\/\/metropoleemfoco.com.br\/index.php?rest_route=\/wp\/v2\/users\/1"}],"replies":[{"embeddable":true,"href":"http:\/\/metropoleemfoco.com.br\/index.php?rest_route=%2Fwp%2Fv2%2Fcomments&post=10747"}],"version-history":[{"count":1,"href":"http:\/\/metropoleemfoco.com.br\/index.php?rest_route=\/wp\/v2\/posts\/10747\/revisions"}],"predecessor-version":[{"id":10755,"href":"http:\/\/metropoleemfoco.com.br\/index.php?rest_route=\/wp\/v2\/posts\/10747\/revisions\/10755"}],"wp:featuredmedia":[{"embeddable":true,"href":"http:\/\/metropoleemfoco.com.br\/index.php?rest_route=\/wp\/v2\/media\/10754"}],"wp:attachment":[{"href":"http:\/\/metropoleemfoco.com.br\/index.php?rest_route=%2Fwp%2Fv2%2Fmedia&parent=10747"}],"wp:term":[{"taxonomy":"category","embeddable":true,"href":"http:\/\/metropoleemfoco.com.br\/index.php?rest_route=%2Fwp%2Fv2%2Fcategories&post=10747"},{"taxonomy":"post_tag","embeddable":true,"href":"http:\/\/metropoleemfoco.com.br\/index.php?rest_route=%2Fwp%2Fv2%2Ftags&post=10747"}],"curies":[{"name":"wp","href":"https:\/\/api.w.org\/{rel}","templated":true}]}}