{"id":10746,"date":"2025-12-04T12:03:18","date_gmt":"2025-12-04T15:03:18","guid":{"rendered":"http:\/\/metropoleemfoco.com.br\/?p=10746"},"modified":"2025-12-04T12:03:18","modified_gmt":"2025-12-04T15:03:18","slug":"olhar-o-futuro-sp-cerca-de-50-alunos-recebem-oculos-gratuitos-nesta-quarta-feira-3-em-escola-da-capital","status":"publish","type":"post","link":"http:\/\/metropoleemfoco.com.br\/?p=10746","title":{"rendered":"Olhar o Futuro SP: Cerca de 50 alunos recebem \u00f3culos gratuitos nesta quarta-feira (3) em escola da capital"},"content":{"rendered":"<header class=\"entry-header\">\n<h1 class=\"title\">Olhar o Futuro SP: Cerca de 50 alunos recebem \u00f3culos gratuitos nesta quarta-feira (3) em escola da capital<\/h1>\n<div class=\"subtile\">\n<h2>At\u00e9 o final deste ano letivo, ter\u00e3o sido entregues os primeiros 450 \u00f3culos. A expectativa da Educa\u00e7\u00e3o \u00e9 beneficiar 13 mil estudantes com o projeto<\/h2>\n<\/div>\n<div class=\"sociais\">\n<div class=\"item-social facebook\"><\/div>\n<\/div>\n<\/header>\n<div class=\"entry-content\">\n<p><img loading=\"lazy\" decoding=\"async\" class=\"aligncenter wp-image-1578997 size-large\" src=\"http:\/\/www.educacao.sp.gov.br\/wp-content\/uploads\/2025\/12\/54774373278_a2ffede910_k-1024x699.jpg\" sizes=\"auto, (max-width: 1024px) 100vw, 1024px\" srcset=\"https:\/\/www.educacao.sp.gov.br\/wp-content\/uploads\/2025\/12\/54774373278_a2ffede910_k-1024x699.jpg 1024w, https:\/\/www.educacao.sp.gov.br\/wp-content\/uploads\/2025\/12\/54774373278_a2ffede910_k-300x205.jpg 300w, https:\/\/www.educacao.sp.gov.br\/wp-content\/uploads\/2025\/12\/54774373278_a2ffede910_k-768x524.jpg 768w\" alt=\"\" width=\"1024\" height=\"699\" \/><\/p>\n<p>Nesta quarta-feira (3), cerca de 50 alunos dos anos iniciais do Ensino Fundamental contemplados pelo projeto \u201cOlhar o Futuro SP\u201d receber\u00e3o \u00f3culos e far\u00e3o ajustes de arma\u00e7\u00e3o na Escola Estadual Rita J\u00falia, na zona leste da capital.<\/p>\n<p>A a\u00e7\u00e3o, que tem o objetivo de levar atendimento oftalmol\u00f3gico gratuito e \u00f3culos para estudantes da rede estadual, \u00e9 uma parceria da Secretaria da Educa\u00e7\u00e3o do Estado de S\u00e3o Paulo (Seduc-SP) com a ONG Renovatio.<\/p>\n<p>As fam\u00edlias e respons\u00e1veis dos estudantes foram convidados para participar da a\u00e7\u00e3o que acontecer\u00e1 das 10h \u00e0s 12h, e das 13h \u00e0s 15h, para o per\u00edodo da tarde.<\/p>\n<p>O projeto recebeu investimentos de R$7 milh\u00f5es e tem como objetivo facilitar o acesso \u00e0 sa\u00fade ocular dentro das escolas, favorecendo o aprendizado e a perman\u00eancia dos estudantes. At\u00e9 o final deste ano letivo, ter\u00e3o sido entregues os primeiros 450 \u00f3culos. A expectativa da Educa\u00e7\u00e3o \u00e9 beneficiar 13 mil estudantes com o projeto.<\/p>\n<p><strong>Servi\u00e7o:<\/strong>\u00a0Entrega de \u00f3culos do projeto \u201cOlhar o Futuro SP\u201d<br \/>\n<strong>Local:<\/strong>\u00a0Escola Estadual Rita J\u00faliaData: quarta-feira, 3 de dezembro<br \/>\n<strong>Hor\u00e1rio:<\/strong>\u00a0das 10h \u00e0s 12h e das 13h \u00e0s 15h<br \/>\n<strong>Endere\u00e7o:<\/strong>\u00a0rua Mirandinha, 881 \u2013 Penha de Fran\u00e7a, S\u00e3o Paulo<br \/>\n<strong>Porta-vozes da Seduc-SP para a pauta:<\/strong><br \/>\n\u2013 Per\u00edodo da manh\u00e3: a supervisora de ensino, professora Vanessa Moreira Mamedio<br \/>\n\u2013 Per\u00edodo da tarde: a diretora da escola, professora F\u00e1bia Vilela da Fonseca<\/p>\n<p>Fonte: EducacaoSpGov<\/p>\n<\/div>\n","protected":false},"excerpt":{"rendered":"<p>Olhar o Futuro SP: Cerca de 50 alunos recebem \u00f3culos gratuitos nesta quarta-feira (3) em escola da capital At\u00e9 o<\/p>\n","protected":false},"author":1,"featured_media":10752,"comment_status":"open","ping_status":"open","sticky":false,"template":"","format":"standard","meta":{"colormag_page_container_layout":"default_layout","colormag_page_sidebar_layout":"default_layout","footnotes":""},"categories":[1],"tags":[],"class_list":["post-10746","post","type-post","status-publish","format-standard","has-post-thumbnail","hentry","category-geral"],"_links":{"self":[{"href":"http:\/\/metropoleemfoco.com.br\/index.php?rest_route=\/wp\/v2\/posts\/10746","targetHints":{"allow":["GET"]}}],"collection":[{"href":"http:\/\/metropoleemfoco.com.br\/index.php?rest_route=\/wp\/v2\/posts"}],"about":[{"href":"http:\/\/metropoleemfoco.com.br\/index.php?rest_route=\/wp\/v2\/types\/post"}],"author":[{"embeddable":true,"href":"http:\/\/metropoleemfoco.com.br\/index.php?rest_route=\/wp\/v2\/users\/1"}],"replies":[{"embeddable":true,"href":"http:\/\/metropoleemfoco.com.br\/index.php?rest_route=%2Fwp%2Fv2%2Fcomments&post=10746"}],"version-history":[{"count":1,"href":"http:\/\/metropoleemfoco.com.br\/index.php?rest_route=\/wp\/v2\/posts\/10746\/revisions"}],"predecessor-version":[{"id":10753,"href":"http:\/\/metropoleemfoco.com.br\/index.php?rest_route=\/wp\/v2\/posts\/10746\/revisions\/10753"}],"wp:featuredmedia":[{"embeddable":true,"href":"http:\/\/metropoleemfoco.com.br\/index.php?rest_route=\/wp\/v2\/media\/10752"}],"wp:attachment":[{"href":"http:\/\/metropoleemfoco.com.br\/index.php?rest_route=%2Fwp%2Fv2%2Fmedia&parent=10746"}],"wp:term":[{"taxonomy":"category","embeddable":true,"href":"http:\/\/metropoleemfoco.com.br\/index.php?rest_route=%2Fwp%2Fv2%2Fcategories&post=10746"},{"taxonomy":"post_tag","embeddable":true,"href":"http:\/\/metropoleemfoco.com.br\/index.php?rest_route=%2Fwp%2Fv2%2Ftags&post=10746"}],"curies":[{"name":"wp","href":"https:\/\/api.w.org\/{rel}","templated":true}]}}