{"id":10745,"date":"2025-12-04T12:01:58","date_gmt":"2025-12-04T15:01:58","guid":{"rendered":"http:\/\/metropoleemfoco.com.br\/?p=10745"},"modified":"2025-12-04T12:01:58","modified_gmt":"2025-12-04T15:01:58","slug":"onibus-capota-e-deixa-feridos-na-zona-leste-de-sp","status":"publish","type":"post","link":"http:\/\/metropoleemfoco.com.br\/?p=10745","title":{"rendered":"\u00d4nibus capota e deixa feridos na Zona Leste de SP"},"content":{"rendered":"<div class=\"mc-article-header\">\n<div class=\"row content-head mc-column non-featured \">\n<div class=\"title\" data-block-type=\"title\" data-block-id=\"0\">\n<h1 class=\"content-head__title\">\u00d4nibus capota e deixa feridos na Zona Leste de SP<\/h1>\n<\/div>\n<div class=\"medium-centered subtitle\">\n<h2 class=\"content-head__subtitle\">Acidente aconteceu na tarde desta quarta-feira (3), na Vila Ema. Bombeiros informaram que v\u00edtimas foram socorridas pelo Samu. Linha envolvida na ocorr\u00eancia foi a 4729\/10 \u2014 Pq. Banc\u00e1rio\/Metr\u00f4 Bel\u00e9m.<\/h2>\n<\/div>\n<\/div>\n<div class=\"content__signa-share mc-column\">\n<div class=\"content__signature\">\n<div class=\"content-publication-data\">\n<div class=\"content-publication-data__text\">\n<p class=\"content-publication-data__from\" title=\"Juliana Furtado\">Por\u00a0<a class=\"multi_signatures\" href=\"https:\/\/g1.globo.com\/autores\/juliana-furtado\/\">Juliana Furtado<\/a>, TV Globo e g1 SP\u00a0\u2014 S\u00e3o Paulo<\/p>\n<\/div>\n<\/div>\n<\/div>\n<\/div>\n<div class=\"glb-share-bar content__share-bar\">\n<div class=\"glb-share-bar_icons\">\n<div class=\"glb-share-bar_button-img\"><\/div>\n<\/div>\n<\/div>\n<\/div>\n<div class=\"mc-article-body\">\n<article>\n<div id=\"chunk-1n3de\">\n<div class=\"cxm-block-video content-media mc-column \" data-block-type=\"backstage-video\" data-block-id=\"2\">\n<div class=\"cxm-block-video__container cxm-block-video__container--fallback \">\n<div class=\"cxm-block-video__player-fixer\">\n<article class=\"cxm-block-video__player-wrapper\">\n<section class=\"cxm-block-video__player\">\n<div class=\"cxm-block-video__placeholder\" data-video-id=\"14150845\"><img decoding=\"async\" class=\"cxm-block-video__thumb\" title=\"\u00d4nibus tomba e duas pessoas ficam feridas na Zona Leste de SP\" src=\"https:\/\/s02.video.glbimg.com\/x240\/14150845.jpg\" alt=\"\u00d4nibus tomba e duas pessoas ficam feridas na Zona Leste de SP\" \/><\/div>\n<\/section>\n<\/article>\n<\/div>\n<div class=\"cxm-block-video__caption-container\">\n<p class=\"codex-caption codex-caption--small\">\u00d4nibus tomba e duas pessoas ficam feridas na Zona Leste de SP<\/p>\n<\/div>\n<\/div>\n<\/div>\n<\/div>\n<div id=\"chunk-30pet\">\n<div class=\"mc-column content-text active-extra-styles \" data-block-type=\"unstyled\" data-block-weight=\"38\" data-block-id=\"3\">\n<p class=\" content-text__container \" data-track-category=\"Link no Texto\" data-track-links=\"\" data-mrf-recirculation=\"Mat\u00e9ria - Links no Texto\">Um\u00a0<span class=\"highlight highlighted\">\u00f4nibus coletivo da SPTrans capotou na tarde desta quarta-feira (3), na Vila Ema, Zona Leste de S\u00e3o Paulo, e deixou duas pessoas feridas<\/span>, segundo informa\u00e7\u00f5es do Corpo de Bombeiros. Ainda n\u00e3o se sabe o motivo do tombamento.<\/p>\n<\/div>\n<\/div>\n<div class=\"wall protected-content\">\n<div id=\"chunk-7t61c\">\n<div class=\"mc-column content-text active-extra-styles \" data-block-type=\"unstyled\" data-block-weight=\"27\" data-block-id=\"5\">\n<p class=\" content-text__container \" data-track-category=\"Link no Texto\" data-track-links=\"\" data-mrf-recirculation=\"Mat\u00e9ria - Links no Texto\">A\u00a0<strong>linha envolvida na ocorr\u00eancia foi a 4729\/10\u00a0<\/strong>\u2014 Pq. Banc\u00e1rio\/Metr\u00f4 Bel\u00e9m. O acidente aconteceu por volta das 15h, na Rua Solid\u00f4nio Leite, altura do n\u00famero 1.600.<\/p>\n<\/div>\n<\/div>\n<div id=\"chunk-akma\">\n<div class=\"mc-column content-text active-extra-styles \" data-block-type=\"unstyled\" data-block-weight=\"26\" data-block-id=\"6\">\n<p class=\" content-text__container \" data-track-category=\"Link no Texto\" data-track-links=\"\" data-mrf-recirculation=\"Mat\u00e9ria - Links no Texto\">Os Bombeiros informaram que as v\u00edtimas foram socorridas pelo Samu e encaminhadas a uma unidade de sa\u00fade da regi\u00e3o. A via est\u00e1 interditada nos dois sentidos.<\/p>\n<\/div>\n<\/div>\n<div id=\"chunk-e5o17\">\n<div class=\"mc-column content-text active-extra-styles \" data-block-type=\"unstyled\" data-block-weight=\"24\" data-block-id=\"7\">\n<p class=\" content-text__container \" data-track-category=\"Link no Texto\" data-track-links=\"\" data-mrf-recirculation=\"Mat\u00e9ria - Links no Texto\">A TV Globo entrou em contato com a SPTrans e com a Secretaria da Seguran\u00e7a P\u00fablica (SSP) para obter mais informa\u00e7\u00f5es e aguarda retorno.<\/p>\n<\/div>\n<\/div>\n<div id=\"chunk-adma6\">\n<div class=\"row medium-uncollapsed content-media content-photo\" data-block-type=\"backstage-photo\" data-block-id=\"9\">\n<div class=\" mc-column  content-media__container\">\n<div class=\"content-media-container glb-skeleton-box\">\n<figure class=\"content-media-figure\"><img decoding=\"async\" class=\"i-amphtml-fill-content i-amphtml-replaced-content\" src=\"https:\/\/s2-g1.glbimg.com\/33NbEUSg5RAHuV-LUHMlIlhjxeI=\/0x0:1080x1080\/984x0\/smart\/filters:strip_icc()\/i.s3.glbimg.com\/v1\/AUTH_59edd422c0c84a879bd37670ae4f538a\/internal_photos\/bs\/2025\/7\/z\/BGOw6DTw636097gg6NlQ\/whatsapp-image-2025-12-03-at-15.49.57.jpeg\" sizes=\"(max-width: 1366px) 648px, 100vw\" srcset=\"https:\/\/s2-g1.glbimg.com\/JnkxOW6HOLpFbI2V-JaPrtxLQV0=\/0x0:1080x1080\/1000x0\/smart\/filters:strip_icc()\/i.s3.glbimg.com\/v1\/AUTH_59edd422c0c84a879bd37670ae4f538a\/internal_photos\/bs\/2025\/7\/z\/BGOw6DTw636097gg6NlQ\/whatsapp-image-2025-12-03-at-15.49.57.jpeg 1000w, https:\/\/s2-g1.glbimg.com\/33NbEUSg5RAHuV-LUHMlIlhjxeI=\/0x0:1080x1080\/984x0\/smart\/filters:strip_icc()\/i.s3.glbimg.com\/v1\/AUTH_59edd422c0c84a879bd37670ae4f538a\/internal_photos\/bs\/2025\/7\/z\/BGOw6DTw636097gg6NlQ\/whatsapp-image-2025-12-03-at-15.49.57.jpeg 984w, https:\/\/s2-g1.glbimg.com\/IbM-VEvS8Qs9zQNOXSatkIgJ6dw=\/0x0:1080x1080\/640x0\/smart\/filters:strip_icc()\/i.s3.glbimg.com\/v1\/AUTH_59edd422c0c84a879bd37670ae4f538a\/internal_photos\/bs\/2025\/7\/z\/BGOw6DTw636097gg6NlQ\/whatsapp-image-2025-12-03-at-15.49.57.jpeg 640w, https:\/\/s2-g1.glbimg.com\/JdVlmOOWkmV6s5ZJEZWu9zNVQsM=\/0x0:1080x1080\/600x0\/smart\/filters:strip_icc()\/i.s3.glbimg.com\/v1\/AUTH_59edd422c0c84a879bd37670ae4f538a\/internal_photos\/bs\/2025\/7\/z\/BGOw6DTw636097gg6NlQ\/whatsapp-image-2025-12-03-at-15.49.57.jpeg 600w\" alt=\"\u00d4nibus capotou na Zona Leste de SP \u2014 Foto: Reprodu\u00e7\u00e3o\" \/><\/figure>\n<\/div>\n<p class=\"content-media__description  \">\u00d4nibus capotou na Zona Leste de SP \u2014 Foto: Reprodu\u00e7\u00e3o<\/p>\n<p>Fonte: G1<\/p>\n<\/div>\n<\/div>\n<\/div>\n<\/div>\n<\/article>\n<\/div>\n","protected":false},"excerpt":{"rendered":"<p>\u00d4nibus capota e deixa feridos na Zona Leste de SP Acidente aconteceu na tarde desta quarta-feira (3), na Vila Ema.<\/p>\n","protected":false},"author":1,"featured_media":10750,"comment_status":"open","ping_status":"open","sticky":false,"template":"","format":"standard","meta":{"colormag_page_container_layout":"default_layout","colormag_page_sidebar_layout":"default_layout","footnotes":""},"categories":[3,20],"tags":[],"class_list":["post-10745","post","type-post","status-publish","format-standard","has-post-thumbnail","hentry","category-seu-bairro","category-zona-leste"],"_links":{"self":[{"href":"http:\/\/metropoleemfoco.com.br\/index.php?rest_route=\/wp\/v2\/posts\/10745","targetHints":{"allow":["GET"]}}],"collection":[{"href":"http:\/\/metropoleemfoco.com.br\/index.php?rest_route=\/wp\/v2\/posts"}],"about":[{"href":"http:\/\/metropoleemfoco.com.br\/index.php?rest_route=\/wp\/v2\/types\/post"}],"author":[{"embeddable":true,"href":"http:\/\/metropoleemfoco.com.br\/index.php?rest_route=\/wp\/v2\/users\/1"}],"replies":[{"embeddable":true,"href":"http:\/\/metropoleemfoco.com.br\/index.php?rest_route=%2Fwp%2Fv2%2Fcomments&post=10745"}],"version-history":[{"count":1,"href":"http:\/\/metropoleemfoco.com.br\/index.php?rest_route=\/wp\/v2\/posts\/10745\/revisions"}],"predecessor-version":[{"id":10751,"href":"http:\/\/metropoleemfoco.com.br\/index.php?rest_route=\/wp\/v2\/posts\/10745\/revisions\/10751"}],"wp:featuredmedia":[{"embeddable":true,"href":"http:\/\/metropoleemfoco.com.br\/index.php?rest_route=\/wp\/v2\/media\/10750"}],"wp:attachment":[{"href":"http:\/\/metropoleemfoco.com.br\/index.php?rest_route=%2Fwp%2Fv2%2Fmedia&parent=10745"}],"wp:term":[{"taxonomy":"category","embeddable":true,"href":"http:\/\/metropoleemfoco.com.br\/index.php?rest_route=%2Fwp%2Fv2%2Fcategories&post=10745"},{"taxonomy":"post_tag","embeddable":true,"href":"http:\/\/metropoleemfoco.com.br\/index.php?rest_route=%2Fwp%2Fv2%2Ftags&post=10745"}],"curies":[{"name":"wp","href":"https:\/\/api.w.org\/{rel}","templated":true}]}}