{"id":10735,"date":"2025-12-04T12:00:33","date_gmt":"2025-12-04T15:00:33","guid":{"rendered":"http:\/\/metropoleemfoco.com.br\/?p=10735"},"modified":"2025-12-04T12:00:33","modified_gmt":"2025-12-04T15:00:33","slug":"cidade-de-sp-ganha-praia-com-onda-artificial-titulo-a-r-125-milhao-e-vista-para-a-marginal-pinheiros","status":"publish","type":"post","link":"http:\/\/metropoleemfoco.com.br\/?p=10735","title":{"rendered":"Cidade de SP ganha praia com onda artificial, t\u00edtulo a R$ 1,25 milh\u00e3o e vista para a Marginal Pinheiros"},"content":{"rendered":"<div class=\"mc-article-header\">\n<div class=\"row content-head mc-column non-featured \">\n<div class=\"title\" data-block-type=\"title\" data-block-id=\"0\">\n<h1 class=\"content-head__title\">Cidade de SP ganha praia com onda artificial, t\u00edtulo a R$ 1,25 milh\u00e3o e vista para a Marginal Pinheiros<\/h1>\n<\/div>\n<div class=\"medium-centered subtitle\">\n<h2 class=\"content-head__subtitle\">Clube de luxo inaugurou nesta quinta (4) a primeira praia de surfe artificial de S\u00e3o Paulo, com piscina de 220 metros, ondas programadas e acesso exclusivo para membros.<\/h2>\n<\/div>\n<\/div>\n<div class=\"content__signa-share mc-column\">\n<div class=\"content__signature\">\n<div class=\"content-publication-data\">\n<div class=\"content-publication-data__text\">\n<p class=\"content-publication-data__from\" title=\"Jo\u00e3o de Mari\">Por\u00a0<a class=\"multi_signatures\" href=\"https:\/\/g1.globo.com\/autores\/joao-de-mari\/\">Jo\u00e3o de Mari<\/a>, g1 SP\u00a0\u2014 S\u00e3o Paulo<\/p>\n<\/div>\n<\/div>\n<\/div>\n<\/div>\n<div class=\"glb-share-bar content__share-bar\">\n<div class=\"glb-share-bar_icons\">\n<div class=\"glb-share-bar_button-img\"><\/div>\n<\/div>\n<\/div>\n<\/div>\n<div class=\"mc-article-body\">\n<article>\n<div id=\"chunk-dekg5\">\n<div class=\"cxm-block-video content-media mc-column \" data-block-type=\"backstage-video\" data-block-id=\"2\">\n<div class=\"cxm-block-video__container cxm-block-video__container--fallback cxm-block-video__container--vertical\">\n<div class=\"cxm-block-video__player-fixer\">\n<article class=\"cxm-block-video__player-wrapper\">\n<section class=\"cxm-block-video__player\">\n<div class=\"cxm-block-video__placeholder\" data-video-id=\"14152080\"><img decoding=\"async\" class=\"cxm-block-video__thumb\" title=\"Como funciona novo clube de surfistas em SP com ondas artificiais\" src=\"https:\/\/s01.video.glbimg.com\/x240\/14152080.jpg\" alt=\"Como funciona novo clube de surfistas em SP com ondas artificiais\" \/><\/div>\n<\/section>\n<\/article>\n<\/div>\n<div class=\"cxm-block-video__caption-container\">\n<p class=\"codex-caption codex-caption--small\">Como funciona novo clube de surfistas em SP com ondas artificiais<\/p>\n<\/div>\n<\/div>\n<\/div>\n<\/div>\n<div id=\"chunk-434pc\">\n<div class=\"mc-column content-text active-extra-styles \" data-block-type=\"unstyled\" data-block-weight=\"20\" data-block-id=\"3\">\n<p class=\" content-text__container \" data-track-category=\"Link no Texto\" data-track-links=\"\" data-mrf-recirculation=\"Mat\u00e9ria - Links no Texto\">O que voc\u00ea estava fazendo ao meio-dia da quarta-feira (3)? O\u00a0<strong>g1\u00a0<\/strong>estava pegando onda em plena capital paulista.<\/p>\n<\/div>\n<\/div>\n<div class=\"wall protected-content\">\n<div id=\"chunk-1d6g5\">\n<div class=\"mc-column content-text active-extra-styles \" data-block-type=\"unstyled\" data-block-weight=\"53\" data-block-id=\"5\">\n<p class=\" content-text__container \" data-track-category=\"Link no Texto\" data-track-links=\"\" data-mrf-recirculation=\"Mat\u00e9ria - Links no Texto\">A cidade ganha nesta quinta (4) a sua primeira praia de surfe artificial,\u00a0<a class=\"\" href=\"https:\/\/ge.globo.com\/surfe\/noticia\/2023\/06\/27\/da-rodovia-ao-paraiso-da-onda-perfeita-como-e-surfar-em-um-luxuoso-clube-no-interior-de-sp.ghtml\" data-mrf-link=\"https:\/\/ge.globo.com\/surfe\/noticia\/2023\/06\/27\/da-rodovia-ao-paraiso-da-onda-perfeita-como-e-surfar-em-um-luxuoso-clube-no-interior-de-sp.ghtml\">um clube de luxo com piscina de ondas programadas<\/a>\u00a0e acesso exclusivo mediante t\u00edtulo que custa R$ 1,25 milh\u00e3o e mensalidade de R$ 3,3 mil localizado no Real Parque, bairro nobre do distrito do Morumbi, na Zona Sul da capital.<\/p>\n<\/div>\n<\/div>\n<div id=\"chunk-74lsm\">\n<div class=\"mc-column content-text active-extra-styles \" data-block-type=\"unstyled\" data-block-weight=\"66\" data-block-id=\"6\">\n<p class=\" content-text__container \" data-track-category=\"Link no Texto\" data-track-links=\"\" data-mrf-recirculation=\"Mat\u00e9ria - Links no Texto\">Instalado ao lado da Marginal Pinheiros, o\u00a0<strong>S\u00e3o Paulo Surf Club<\/strong> oferece uma piscina de 220 metros, capaz de gerar ondas de at\u00e9 22 segundos \u2014 as ondas comuns em oceanos t\u00eam per\u00edodos de cerca de 8 a 10 segundos \u2014, al\u00e9m de uma estrutura que lembra resorts de alto padr\u00e3o, com coqueiros e areia clara, com vista para a Ponte Estaiada Octavio Frias de Oliveira.<\/p>\n<\/div>\n<\/div>\n<div id=\"chunk-2a14u\">\n<div class=\"mc-column content-text active-extra-styles \" data-block-type=\"unstyled\" data-block-weight=\"35\" data-block-id=\"8\">\n<p class=\" content-text__container \" data-track-category=\"Link no Texto\" data-track-links=\"\" data-mrf-recirculation=\"Mat\u00e9ria - Links no Texto\">Da entrada, localizada na Av. Duquesa de Goi\u00e1s, 571, o clube lembra o conjunto de hot\u00e9is cinco estrelas, shoppings, aeroportos e restaurantes, como o Fasano, administrados pela mesma empresa \u2014 o grupo JHSF.<\/p>\n<\/div>\n<\/div>\n<div id=\"chunk-6vnh2\">\n<div class=\"mc-column content-text active-extra-styles \" data-block-type=\"unstyled\" data-block-weight=\"43\" data-block-id=\"9\">\n<p class=\" content-text__container \" data-track-category=\"Link no Texto\" data-track-links=\"\" data-mrf-recirculation=\"Mat\u00e9ria - Links no Texto\">Mas \u00e9 na praia de pr\u00e1tica de surfe que o contraste salta aos olhos: duchas, pedras marinhas, vegeta\u00e7\u00e3o tropical, ondas sincronizadas e \u00e1gua tratada a poucos metros da Marginal Pinheiros,\u00a0<a class=\"\" href=\"https:\/\/g1.globo.com\/jornal-da-globo\/noticia\/2023\/08\/29\/rio-pinheiros-entenda-os-desafios-para-a-despoluicao-de-um-dos-simbolos-de-sao-paulo.ghtml\" data-mrf-link=\"https:\/\/g1.globo.com\/jornal-da-globo\/noticia\/2023\/08\/29\/rio-pinheiros-entenda-os-desafios-para-a-despoluicao-de-um-dos-simbolos-de-sao-paulo.ghtml\">cuja despolui\u00e7\u00e3o ainda depende de promessas n\u00e3o cumpridas de gest\u00f5es municipal e estadual<\/a>.<\/p>\n<\/div>\n<\/div>\n<div id=\"chunk-4qo1n\">\n<div class=\" medium-uncollapsed content-media content-photo\" data-block-type=\"backstage-photo\" data-block-id=\"10\">\n<div class=\"  glb-img--no-border content-media__container\">\n<div class=\"content-media-container glb-skeleton-box\">\n<figure class=\"content-media-figure\"><img decoding=\"async\" class=\"i-amphtml-fill-content i-amphtml-replaced-content\" src=\"https:\/\/s2-g1.glbimg.com\/iwcADtM_YYTv3j_lHIaaWf_RF8I=\/0x0:5712x4284\/984x0\/smart\/filters:strip_icc()\/i.s3.glbimg.com\/v1\/AUTH_59edd422c0c84a879bd37670ae4f538a\/internal_photos\/bs\/2025\/v\/r\/nATYQAS5KdSdDgAqclWQ\/image00010.jpeg\" sizes=\"(max-width: 1366px) 1349px, 100vw\" srcset=\"https:\/\/s2-g1.glbimg.com\/1jU42sth_sjGlSsb1o3n0ftBCOE=\/0x0:5712x4284\/1000x0\/smart\/filters:strip_icc()\/i.s3.glbimg.com\/v1\/AUTH_59edd422c0c84a879bd37670ae4f538a\/internal_photos\/bs\/2025\/v\/r\/nATYQAS5KdSdDgAqclWQ\/image00010.jpeg 1000w, https:\/\/s2-g1.glbimg.com\/iwcADtM_YYTv3j_lHIaaWf_RF8I=\/0x0:5712x4284\/984x0\/smart\/filters:strip_icc()\/i.s3.glbimg.com\/v1\/AUTH_59edd422c0c84a879bd37670ae4f538a\/internal_photos\/bs\/2025\/v\/r\/nATYQAS5KdSdDgAqclWQ\/image00010.jpeg 984w, https:\/\/s2-g1.glbimg.com\/QxVpBr1EqL-TiR_DEXYhffcZJ4c=\/0x0:5712x4284\/640x0\/smart\/filters:strip_icc()\/i.s3.glbimg.com\/v1\/AUTH_59edd422c0c84a879bd37670ae4f538a\/internal_photos\/bs\/2025\/v\/r\/nATYQAS5KdSdDgAqclWQ\/image00010.jpeg 640w, https:\/\/s2-g1.glbimg.com\/WCzlKVlO77r3Z-S0xbZFDZNmhL0=\/0x0:5712x4284\/600x0\/smart\/filters:strip_icc()\/i.s3.glbimg.com\/v1\/AUTH_59edd422c0c84a879bd37670ae4f538a\/internal_photos\/bs\/2025\/v\/r\/nATYQAS5KdSdDgAqclWQ\/image00010.jpeg 600w\" alt=\"Praia artificial do S\u00e3o Paulo Surf Club, na Zona Sul \u2014 Foto: Jo\u00e3o de Mari\/g1\" \/><\/figure>\n<\/div>\n<p class=\"content-media__description  content-media__description--pl-5\">Praia artificial do S\u00e3o Paulo Surf Club, na Zona Sul \u2014 Foto: Jo\u00e3o de Mari\/g1<\/p>\n<\/div>\n<\/div>\n<\/div>\n<div id=\"chunk-d3qcq\">\n<div class=\"mc-column content-text active-extra-styles \" data-block-type=\"unstyled\" data-block-weight=\"36\" data-block-id=\"11\">\n<p class=\" content-text__container \" data-track-category=\"Link no Texto\" data-track-links=\"\" data-mrf-recirculation=\"Mat\u00e9ria - Links no Texto\">O<strong>\u00a0g1<\/strong> esteve no local na quarta-feira (3), participou do treinamento inicial, testou a tecnologia e acompanhou a pr\u00e9-estreia do espa\u00e7o, que promete levar o surfe para o cotidiano de quem vive ou trabalha na cidade.<\/p>\n<\/div>\n<\/div>\n<div id=\"chunk-b5vdb\">\n<div class=\"mc-column content-text active-extra-styles \" data-block-type=\"unstyled\" data-block-weight=\"48\" data-block-id=\"13\">\n<p class=\" content-text__container \" data-track-category=\"Link no Texto\" data-track-links=\"\" data-mrf-recirculation=\"Mat\u00e9ria - Links no Texto\">A ambienta\u00e7\u00e3o refor\u00e7a tanto o tom de resort luxuoso urbano que, por alguns instantes, faz esquecer que se est\u00e1 cercado por pr\u00e9dios, concreto e tr\u00e2nsito intenso. No momento da visita, era hor\u00e1rio de almo\u00e7o e, enquanto carros se acumulavam na Marginal, surfistas se revezavam nas ondas da piscina.<\/p>\n<\/div>\n<\/div>\n<div id=\"chunk-akdeo\">\n<div class=\"mc-column content-text active-extra-styles \" data-block-type=\"unstyled\" data-block-weight=\"38\" data-block-id=\"14\">\n<p class=\" content-text__container \" data-track-category=\"Link no Texto\" data-track-links=\"\" data-mrf-recirculation=\"Mat\u00e9ria - Links no Texto\">O equipamento impressiona. A tecnologia PerfectSwell\u00ae, desenvolvida pela American Wave Machines e exclusiva da JHSF no Brasil, permite que as\u00a0<span class=\"highlight highlighted\">ondas sejam totalmente programadas: altura, formato, velocidade e dura\u00e7\u00e3o s\u00e3o ajustados com o toque de um bot\u00e3o<\/span>.<\/p>\n<\/div>\n<\/div>\n<div id=\"chunk-ep50l\">\n<div class=\"mc-column content-text active-extra-styles \" data-block-type=\"unstyled\" data-block-weight=\"24\" data-block-id=\"15\">\n<p class=\" content-text__container \" data-track-category=\"Link no Texto\" data-track-links=\"\" data-mrf-recirculation=\"Mat\u00e9ria - Links no Texto\">A tecnologia \u00e9 a mesma utilizada no Boa Vista Village, tamb\u00e9m do grupo JHSF, inaugurado em 2023 em Porto Feliz, no interior do estado.<\/p>\n<\/div>\n<\/div>\n<div id=\"chunk-7i20\">\n<div class=\"mc-column content-text active-extra-styles\" data-block-type=\"raw\" data-block-weight=\"4\" data-block-id=\"16\">\n<div class=\"content-intertitle\">\n<h2>Como funciona surfar ali<\/h2>\n<\/div>\n<\/div>\n<\/div>\n<div id=\"chunk-cs3b4\">\n<div class=\"mc-column content-text active-extra-styles \" data-block-type=\"unstyled\" data-block-weight=\"67\" data-block-id=\"17\">\n<p class=\" content-text__container \" data-track-category=\"Link no Texto\" data-track-links=\"\" data-mrf-recirculation=\"Mat\u00e9ria - Links no Texto\">Antes de entrar na piscina, quem nunca surfou passa por uma aula obrigat\u00f3ria em solo firme. O\u00a0<strong>g1\u00a0<\/strong>participou desse treinamento. Os instrutores apresentam cada parte da prancha \u2014 bico, deck, leash, ponta, quilhas e fundo \u2014 e ensinam como posicionar o corpo e distribuir o peso. Em seguida, orientam um aquecimento com movimentos que simulam remar, levantar e estabilizar o corpo, como se estivesse no mar.<\/p>\n<\/div>\n<\/div>\n<div id=\"chunk-bc411\">\n<div class=\"mc-column content-text active-extra-styles \" data-block-type=\"unstyled\" data-block-weight=\"28\" data-block-id=\"18\">\n<p class=\" content-text__container \" data-track-category=\"Link no Texto\" data-track-links=\"\" data-mrf-recirculation=\"Mat\u00e9ria - Links no Texto\">S\u00f3 ent\u00e3o cada aluno \u00e9 levado \u00e0 borda da piscina, marcada com n\u00fameros de 1 a 15 no muro lateral. Cada posi\u00e7\u00e3o indica um tipo de onda.<\/p>\n<\/div>\n<\/div>\n<div id=\"chunk-d67v7\">\n<div class=\"mc-column content-text active-extra-styles\" data-block-type=\"raw\" data-block-weight=\"25\" data-block-id=\"20\">\n<blockquote class=\"content-blockquote theme-border-color-primary-before\"><p>\u201cDependendo do ponto de partida, o comportamento muda muito. Para quem est\u00e1 come\u00e7ando, \u00e9 perfeito: previs\u00edvel, constante, d\u00e1 para aprender r\u00e1pido\u201d, explicou um dos instrutores.<\/p><\/blockquote>\n<\/div>\n<\/div>\n<div id=\"chunk-5ck85\">\n<div class=\"row medium-uncollapsed content-media content-photo\" data-block-type=\"backstage-photo\" data-block-id=\"21\">\n<div class=\" mc-column  content-media__container\">\n<div class=\"content-media-container glb-skeleton-box\">\n<figure class=\"content-media-figure\"><img decoding=\"async\" class=\"i-amphtml-fill-content i-amphtml-replaced-content\" src=\"https:\/\/s2-g1.glbimg.com\/Z94QOvs8ij2nDrMwlnvfiva6gs8=\/0x0:5712x4284\/984x0\/smart\/filters:strip_icc()\/i.s3.glbimg.com\/v1\/AUTH_59edd422c0c84a879bd37670ae4f538a\/internal_photos\/bs\/2025\/A\/v\/NjQALgRLOKB51mHXX0hw\/image00005.jpeg\" sizes=\"(max-width: 1366px) 648px, 100vw\" srcset=\"https:\/\/s2-g1.glbimg.com\/Q0maxhx5roIjrKlgJiYNzK2WfmM=\/0x0:5712x4284\/1000x0\/smart\/filters:strip_icc()\/i.s3.glbimg.com\/v1\/AUTH_59edd422c0c84a879bd37670ae4f538a\/internal_photos\/bs\/2025\/A\/v\/NjQALgRLOKB51mHXX0hw\/image00005.jpeg 1000w, https:\/\/s2-g1.glbimg.com\/Z94QOvs8ij2nDrMwlnvfiva6gs8=\/0x0:5712x4284\/984x0\/smart\/filters:strip_icc()\/i.s3.glbimg.com\/v1\/AUTH_59edd422c0c84a879bd37670ae4f538a\/internal_photos\/bs\/2025\/A\/v\/NjQALgRLOKB51mHXX0hw\/image00005.jpeg 984w, https:\/\/s2-g1.glbimg.com\/Q_6GuNLZ92bzKXLRxdtmECOmDSk=\/0x0:5712x4284\/640x0\/smart\/filters:strip_icc()\/i.s3.glbimg.com\/v1\/AUTH_59edd422c0c84a879bd37670ae4f538a\/internal_photos\/bs\/2025\/A\/v\/NjQALgRLOKB51mHXX0hw\/image00005.jpeg 640w, https:\/\/s2-g1.glbimg.com\/Y3-Mp6-k-VyTqozrl2f4JTW0_rI=\/0x0:5712x4284\/600x0\/smart\/filters:strip_icc()\/i.s3.glbimg.com\/v1\/AUTH_59edd422c0c84a879bd37670ae4f538a\/internal_photos\/bs\/2025\/A\/v\/NjQALgRLOKB51mHXX0hw\/image00005.jpeg 600w\" alt=\"Estrutura do S\u00e3o Paulo Surf Club, na Zona Sul de SP \u2014 Foto: Jo\u00e3o de Mari\/g1\" \/><\/figure>\n<\/div>\n<p class=\"content-media__description  \">Estrutura do S\u00e3o Paulo Surf Club, na Zona Sul de SP \u2014 Foto: Jo\u00e3o de Mari\/g1<\/p>\n<\/div>\n<\/div>\n<\/div>\n<div id=\"chunk-d20u1\">\n<div class=\"mc-column content-text active-extra-styles \" data-block-type=\"unstyled\" data-block-weight=\"29\" data-block-id=\"22\">\n<p class=\" content-text__container \" data-track-category=\"Link no Texto\" data-track-links=\"\" data-mrf-recirculation=\"Mat\u00e9ria - Links no Texto\">A professora Elis\u00e2ngela Bortoletti contou que deixou S\u00e3o Paulo em 2009 para dar aulas de surfe em Bertioga, mas agora voltou para trabalhar justamente com o esporte na capital.<\/p>\n<\/div>\n<\/div>\n<div id=\"chunk-6ji44\">\n<div class=\"mc-column content-text active-extra-styles \" data-block-type=\"unstyled\" data-block-weight=\"46\" data-block-id=\"23\">\n<p class=\" content-text__container \" data-track-category=\"Link no Texto\" data-track-links=\"\" data-mrf-recirculation=\"Mat\u00e9ria - Links no Texto\">Outro professor comentou que a cena deve virar parte da rotina paulistana. \u201cLogo vai ser comum ver gente indo trabalhar de bike pela marginal com a prancha debaixo do bra\u00e7o\u201d, profetizou, referindo-se \u00e0 possibilidade futura de abrirem outras piscinas para a pr\u00e1tica de surfe na capital.<\/p>\n<\/div>\n<\/div>\n<div id=\"chunk-41m7n\">\n<div class=\"content-ads content-ads--reveal\" data-block-type=\"ads\" data-block-id=\"24\">\n<div id=\"banner_materia__f255c7aa-d722-4e74-b4b6-8cf126862d3d\">\n<div id=\"google_ads_iframe_\/95377733\/tvg_G1\/Sua_Regiao&gt;Sudeste&gt;Sao_Paulo_5__container__\" style=\"box-sizing: inherit; margin: auto; padding: 0px; border: 0pt none; font: inherit; vertical-align: baseline; text-align: center;\"><\/div>\n<\/div>\n<\/div>\n<\/div>\n<div id=\"chunk-978c5\">\n<div class=\"mc-column content-text active-extra-styles \" data-block-type=\"unstyled\" data-block-weight=\"29\" data-block-id=\"25\">\n<p class=\" content-text__container \" data-track-category=\"Link no Texto\" data-track-links=\"\" data-mrf-recirculation=\"Mat\u00e9ria - Links no Texto\">A profundidade chega a 4 metros em alguns trechos, mas a maior parte da piscina \u00e9 rasa e tem fundo de concreto \u2014\u00a0<strong>o que exige aten\u00e7\u00e3o nas quedas<\/strong>.<\/p>\n<\/div>\n<\/div>\n<div id=\"chunk-368ef\">\n<div class=\"mc-column content-text active-extra-styles\" data-block-type=\"raw\" data-block-weight=\"3\" data-block-id=\"26\">\n<div class=\"content-intertitle\">\n<h2>Estrutura de clube<\/h2>\n<\/div>\n<\/div>\n<\/div>\n<div id=\"chunk-4vqdi\">\n<div class=\"mc-column content-text active-extra-styles \" data-block-type=\"unstyled\" data-block-weight=\"29\" data-block-id=\"27\">\n<p class=\" content-text__container \" data-track-category=\"Link no Texto\" data-track-links=\"\" data-mrf-recirculation=\"Mat\u00e9ria - Links no Texto\">O S\u00e3o Paulo Surf Club funciona das 6h \u00e0s 23h, de quinta a ter\u00e7a, e\u00a0<span class=\"highlight highlighted\">\u00e9 exclusivo para membros<\/span>. A empresa n\u00e3o divulga se \u00e9 poss\u00edvel levar convidados.<\/p>\n<\/div>\n<\/div>\n<div id=\"chunk-20c40\">\n<div class=\"mc-column content-text active-extra-styles \" data-block-type=\"unstyled\" data-block-weight=\"56\" data-block-id=\"28\">\n<p class=\" content-text__container \" data-track-category=\"Link no Texto\" data-track-links=\"\" data-mrf-recirculation=\"Mat\u00e9ria - Links no Texto\"><em>\ud83d\udd0e Um t\u00edtulo \u00e9 uma esp\u00e9cie de \u201cchave de acesso\u201d a clubes privados: a pessoa paga um valor para adquirir o direito de usar toda a infraestrutura do local e \u00e9 normalmente estendido a c\u00f4njuge e filhos. Em muitos clubes, o t\u00edtulo pode ser vendido, transferido ou herdado, e costuma exigir tamb\u00e9m o pagamento de mensalidades.<\/em><\/p>\n<\/div>\n<\/div>\n<div id=\"chunk-71nt5\">\n<div class=\"mc-column content-text active-extra-styles \" data-block-type=\"unstyled\" data-block-weight=\"77\" data-block-id=\"29\">\n<p class=\" content-text__container \" data-track-category=\"Link no Texto\" data-track-links=\"\" data-mrf-recirculation=\"Mat\u00e9ria - Links no Texto\">O complexo se organiza em seis andares, todos voltados para o lazer de alto padr\u00e3o. No t\u00e9rreo fica a \u00e1rea principal: o acesso \u00e0 praia artificial, a piscina de surfe, o lobby de entrada, os vesti\u00e1rios e o ambulat\u00f3rio. \u00c9 tamb\u00e9m onde est\u00e1 o restaurante envidra\u00e7ado com vista para as ondas, o bar, o dep\u00f3sito de pranchas, a loja e um amplo kids club, al\u00e9m de piscinas externas que cercam a estrutura como as de resorts tropicais.<\/p>\n<\/div>\n<\/div>\n<div id=\"chunk-546ua\">\n<div class=\" medium-uncollapsed content-media content-photo\" data-block-type=\"backstage-photo\" data-block-id=\"30\">\n<div class=\"  glb-img--no-border content-media__container\">\n<div class=\"content-media-container glb-skeleton-box\">\n<figure class=\"content-media-figure\"><img decoding=\"async\" class=\"i-amphtml-fill-content i-amphtml-replaced-content\" src=\"https:\/\/s2-g1.glbimg.com\/1eQlEujpgattWKkFq4CAijgRBnQ=\/0x0:5712x4284\/984x0\/smart\/filters:strip_icc()\/i.s3.glbimg.com\/v1\/AUTH_59edd422c0c84a879bd37670ae4f538a\/internal_photos\/bs\/2025\/m\/h\/FSlqNHSPuBv9XVe6jPpw\/image00016.jpeg\" sizes=\"(max-width: 1366px) 1349px, 100vw\" srcset=\"https:\/\/s2-g1.glbimg.com\/JZ6kCVs1_BahfA0ZE1POuRDwFA0=\/0x0:5712x4284\/1000x0\/smart\/filters:strip_icc()\/i.s3.glbimg.com\/v1\/AUTH_59edd422c0c84a879bd37670ae4f538a\/internal_photos\/bs\/2025\/m\/h\/FSlqNHSPuBv9XVe6jPpw\/image00016.jpeg 1000w, https:\/\/s2-g1.glbimg.com\/1eQlEujpgattWKkFq4CAijgRBnQ=\/0x0:5712x4284\/984x0\/smart\/filters:strip_icc()\/i.s3.glbimg.com\/v1\/AUTH_59edd422c0c84a879bd37670ae4f538a\/internal_photos\/bs\/2025\/m\/h\/FSlqNHSPuBv9XVe6jPpw\/image00016.jpeg 984w, https:\/\/s2-g1.glbimg.com\/eXG-TSIf03D3ZIQCn0FEtzApIg8=\/0x0:5712x4284\/640x0\/smart\/filters:strip_icc()\/i.s3.glbimg.com\/v1\/AUTH_59edd422c0c84a879bd37670ae4f538a\/internal_photos\/bs\/2025\/m\/h\/FSlqNHSPuBv9XVe6jPpw\/image00016.jpeg 640w, https:\/\/s2-g1.glbimg.com\/ZXjkVszG0rHiNcxxMDAGjA4htIg=\/0x0:5712x4284\/600x0\/smart\/filters:strip_icc()\/i.s3.glbimg.com\/v1\/AUTH_59edd422c0c84a879bd37670ae4f538a\/internal_photos\/bs\/2025\/m\/h\/FSlqNHSPuBv9XVe6jPpw\/image00016.jpeg 600w\" alt=\"A profundidade chega a 4 metros em alguns trechos, mas a maior parte da piscina \u00e9 rasa e tem fundo de concreto \u2014 o que exige aten\u00e7\u00e3o nas quedas. \u2014 Foto: Jo\u00e3o de Mari\/g1\" \/><\/figure>\n<\/div>\n<p class=\"content-media__description  content-media__description--pl-5\">A profundidade chega a 4 metros em alguns trechos, mas a maior parte da piscina \u00e9 rasa e tem fundo de concreto \u2014 o que exige aten\u00e7\u00e3o nas quedas. \u2014 Foto: Jo\u00e3o de Mari\/g1<\/p>\n<\/div>\n<\/div>\n<\/div>\n<div id=\"chunk-9757t\">\n<div class=\"mc-column content-text active-extra-styles \" data-block-type=\"unstyled\" data-block-weight=\"39\" data-block-id=\"32\">\n<p class=\" content-text__container \" data-track-category=\"Link no Texto\" data-track-links=\"\" data-mrf-recirculation=\"Mat\u00e9ria - Links no Texto\">No segundo andar, concentram-se atividades esportivas \u201csecas\u201d: uma academia completa, quadras de pickleball e squash, salas de massagem, \u00e1reas de relaxamento e uma raia aquecida de 25 metros para nata\u00e7\u00e3o. O andar ainda abriga um sal\u00e3o de beleza.<\/p>\n<\/div>\n<\/div>\n<div id=\"chunk-3atre\">\n<div class=\"mc-column content-text active-extra-styles \" data-block-type=\"unstyled\" data-block-weight=\"47\" data-block-id=\"33\">\n<p class=\" content-text__container \" data-track-category=\"Link no Texto\" data-track-links=\"\" data-mrf-recirculation=\"Mat\u00e9ria - Links no Texto\">No terceiro piso, o foco permanece no bem-estar, com outra \u00e1rea de fitness, sala de pilates e um spa completo. Na parte externa est\u00e3o as quatro quadras de t\u00eanis de saibro, abertas e com vista para a piscina de surfe e para o skyline da Zona Sul.<\/p>\n<\/div>\n<\/div>\n<div id=\"chunk-cqded\">\n<div class=\"mc-column content-text active-extra-styles \" data-block-type=\"unstyled\" data-block-weight=\"32\" data-block-id=\"34\">\n<p class=\" content-text__container \" data-track-category=\"Link no Texto\" data-track-links=\"\" data-mrf-recirculation=\"Mat\u00e9ria - Links no Texto\">No quinto andar funcionam escrit\u00f3rios administrativos. Acima deles, no \u00faltimo andar, ficam a quadra poliesportiva e uma quadra r\u00e1pida de t\u00eanis, cercadas por grades transparentes que deixam toda a cidade \u00e0 vista.<\/p>\n<\/div>\n<\/div>\n<div id=\"chunk-56f3j\">\n<div class=\"row medium-uncollapsed content-media content-photo\" data-block-type=\"backstage-photo\" data-block-id=\"35\">\n<div class=\" mc-column  content-media__container\">\n<div class=\"content-media-container glb-skeleton-box\">\n<figure class=\"content-media-figure\"><img decoding=\"async\" class=\"i-amphtml-fill-content i-amphtml-replaced-content\" src=\"https:\/\/s2-g1.glbimg.com\/oQGAU1OmxjnjwRetxX-5egiEuso=\/0x0:5712x4284\/984x0\/smart\/filters:strip_icc()\/i.s3.glbimg.com\/v1\/AUTH_59edd422c0c84a879bd37670ae4f538a\/internal_photos\/bs\/2025\/z\/Y\/R3G8mPR1Wm1HDytT2O7A\/image00020.jpeg\" sizes=\"(max-width: 1366px) 648px, 100vw\" srcset=\"https:\/\/s2-g1.glbimg.com\/k8Z-Ta7i53B4pMcv7wY8mNH-h24=\/0x0:5712x4284\/1000x0\/smart\/filters:strip_icc()\/i.s3.glbimg.com\/v1\/AUTH_59edd422c0c84a879bd37670ae4f538a\/internal_photos\/bs\/2025\/z\/Y\/R3G8mPR1Wm1HDytT2O7A\/image00020.jpeg 1000w, https:\/\/s2-g1.glbimg.com\/oQGAU1OmxjnjwRetxX-5egiEuso=\/0x0:5712x4284\/984x0\/smart\/filters:strip_icc()\/i.s3.glbimg.com\/v1\/AUTH_59edd422c0c84a879bd37670ae4f538a\/internal_photos\/bs\/2025\/z\/Y\/R3G8mPR1Wm1HDytT2O7A\/image00020.jpeg 984w, https:\/\/s2-g1.glbimg.com\/EU2B32YeRqnK6eIektPwzi_mZ-M=\/0x0:5712x4284\/640x0\/smart\/filters:strip_icc()\/i.s3.glbimg.com\/v1\/AUTH_59edd422c0c84a879bd37670ae4f538a\/internal_photos\/bs\/2025\/z\/Y\/R3G8mPR1Wm1HDytT2O7A\/image00020.jpeg 640w, https:\/\/s2-g1.glbimg.com\/A-uBJfyFAUI3LMxOSoiyFsYmC-o=\/0x0:5712x4284\/600x0\/smart\/filters:strip_icc()\/i.s3.glbimg.com\/v1\/AUTH_59edd422c0c84a879bd37670ae4f538a\/internal_photos\/bs\/2025\/z\/Y\/R3G8mPR1Wm1HDytT2O7A\/image00020.jpeg 600w\" alt=\"Estrutura de resort de luxo e pre\u00e7o compat\u00edvel: um t\u00edtulo vital\u00edcio custa R$ 1,2 milh\u00e3o. \u2014 Foto: Jo\u00e3o de Mari\/g1\" \/><\/figure>\n<\/div>\n<p class=\"content-media__description  \">Estrutura de resort de luxo e pre\u00e7o compat\u00edvel: um t\u00edtulo vital\u00edcio custa R$ 1,2 milh\u00e3o. \u2014 Foto: Jo\u00e3o de Mari\/g1<\/p>\n<\/div>\n<\/div>\n<\/div>\n<div id=\"chunk-8kq5k\">\n<div class=\"mc-column content-text active-extra-styles\" data-block-type=\"raw\" data-block-weight=\"4\" data-block-id=\"37\">\n<div class=\"content-intertitle\">\n<h2>Vista para as ondas<\/h2>\n<\/div>\n<\/div>\n<\/div>\n<div id=\"chunk-b4qdi\">\n<div class=\"mc-column content-text active-extra-styles \" data-block-type=\"unstyled\" data-block-weight=\"62\" data-block-id=\"38\">\n<p class=\" content-text__container \" data-track-category=\"Link no Texto\" data-track-links=\"\" data-mrf-recirculation=\"Mat\u00e9ria - Links no Texto\">O projeto ainda inclui o S\u00e3o Paulo Surf Club Residences, que est\u00e1 em fase de pr\u00e9-reserva e tem lan\u00e7amento previsto para o primeiro semestre de 2026. A constru\u00e7\u00e3o come\u00e7ar\u00e1 ap\u00f3s o lan\u00e7amento, com previs\u00e3o de entrega tr\u00eas anos depois do in\u00edcio das obras. Quem comprar ter\u00e1 acesso ao clube e vista para a praia artificial \u2014 mas tamb\u00e9m precisar\u00e1 adquirir um t\u00edtulo.<\/p>\n<\/div>\n<\/div>\n<div id=\"chunk-3stk3\">\n<div class=\"mc-column content-text active-extra-styles \" data-block-type=\"unstyled\" data-block-weight=\"41\" data-block-id=\"39\">\n<p class=\" content-text__container \" data-track-category=\"Link no Texto\" data-track-links=\"\" data-mrf-recirculation=\"Mat\u00e9ria - Links no Texto\">Os edif\u00edcios t\u00eam de 260 m\u00b2 a 870 m\u00b2, com tr\u00eas a quatro su\u00edtes. A estimativa \u00e9 a de que o metro quadrado custe em torno de R$ 45 mil.\u00a0<span class=\"highlight highlighted\">Ou seja, um apartamento pode custar cerca de R$ 36 milh\u00f5es.<\/span><\/p>\n<\/div>\n<\/div>\n<div id=\"chunk-ccn3b\">\n<div class=\"mc-column content-text active-extra-styles \" data-block-type=\"unstyled\" data-block-weight=\"51\" data-block-id=\"40\">\n<p class=\" content-text__container \" data-track-category=\"Link no Texto\" data-track-links=\"\" data-mrf-recirculation=\"Mat\u00e9ria - Links no Texto\">Para a JHSF, o projeto marca uma nova fase do lazer urbano. \u201c\u00c9 um presente para S\u00e3o Paulo. Agora d\u00e1 para surfar durante a semana com previsibilidade e sem depender do clima\u201d, disse o campe\u00e3o ol\u00edmpico du surfe \u00cdtalo Ferreira no evento fechado para convidados que aconteceu no \u00faltimo domingo (30).<\/p>\n<\/div>\n<\/div>\n<div id=\"chunk-dm56r\">\n<div class=\"mc-column content-text active-extra-styles \" data-block-type=\"unstyled\" data-block-weight=\"26\" data-block-id=\"41\">\n<p class=\" content-text__container \" data-track-category=\"Link no Texto\" data-track-links=\"\" data-mrf-recirculation=\"Mat\u00e9ria - Links no Texto\">Enquanto isso, numa tarde qualquer, alguns privilegiados poder\u00e3o desafiar tubos perfeitamente calculados por algoritmos \u2014 a poucos metros de um dos tr\u00e2nsitos mais ca\u00f3ticos do pa\u00eds.<\/p>\n<p>Fonte: G1<\/p>\n<\/div>\n<\/div>\n<\/div>\n<\/article>\n<\/div>\n","protected":false},"excerpt":{"rendered":"<p>Cidade de SP ganha praia com onda artificial, t\u00edtulo a R$ 1,25 milh\u00e3o e vista para a Marginal Pinheiros Clube<\/p>\n","protected":false},"author":1,"featured_media":10743,"comment_status":"open","ping_status":"open","sticky":false,"template":"","format":"standard","meta":{"colormag_page_container_layout":"default_layout","colormag_page_sidebar_layout":"default_layout","footnotes":""},"categories":[1],"tags":[],"class_list":["post-10735","post","type-post","status-publish","format-standard","has-post-thumbnail","hentry","category-geral"],"_links":{"self":[{"href":"http:\/\/metropoleemfoco.com.br\/index.php?rest_route=\/wp\/v2\/posts\/10735","targetHints":{"allow":["GET"]}}],"collection":[{"href":"http:\/\/metropoleemfoco.com.br\/index.php?rest_route=\/wp\/v2\/posts"}],"about":[{"href":"http:\/\/metropoleemfoco.com.br\/index.php?rest_route=\/wp\/v2\/types\/post"}],"author":[{"embeddable":true,"href":"http:\/\/metropoleemfoco.com.br\/index.php?rest_route=\/wp\/v2\/users\/1"}],"replies":[{"embeddable":true,"href":"http:\/\/metropoleemfoco.com.br\/index.php?rest_route=%2Fwp%2Fv2%2Fcomments&post=10735"}],"version-history":[{"count":1,"href":"http:\/\/metropoleemfoco.com.br\/index.php?rest_route=\/wp\/v2\/posts\/10735\/revisions"}],"predecessor-version":[{"id":10744,"href":"http:\/\/metropoleemfoco.com.br\/index.php?rest_route=\/wp\/v2\/posts\/10735\/revisions\/10744"}],"wp:featuredmedia":[{"embeddable":true,"href":"http:\/\/metropoleemfoco.com.br\/index.php?rest_route=\/wp\/v2\/media\/10743"}],"wp:attachment":[{"href":"http:\/\/metropoleemfoco.com.br\/index.php?rest_route=%2Fwp%2Fv2%2Fmedia&parent=10735"}],"wp:term":[{"taxonomy":"category","embeddable":true,"href":"http:\/\/metropoleemfoco.com.br\/index.php?rest_route=%2Fwp%2Fv2%2Fcategories&post=10735"},{"taxonomy":"post_tag","embeddable":true,"href":"http:\/\/metropoleemfoco.com.br\/index.php?rest_route=%2Fwp%2Fv2%2Ftags&post=10735"}],"curies":[{"name":"wp","href":"https:\/\/api.w.org\/{rel}","templated":true}]}}