{"id":10734,"date":"2025-12-04T11:59:09","date_gmt":"2025-12-04T14:59:09","guid":{"rendered":"http:\/\/metropoleemfoco.com.br\/?p=10734"},"modified":"2025-12-04T11:59:18","modified_gmt":"2025-12-04T14:59:18","slug":"cidade-de-sao-paulo-bate-recorde-de-feminicidios-em-2025-2","status":"publish","type":"post","link":"http:\/\/metropoleemfoco.com.br\/?p=10734","title":{"rendered":"Cidade de S\u00e3o Paulo bate recorde de feminic\u00eddios em 2025"},"content":{"rendered":"<div class=\"mc-article-header\">\n<div class=\"row content-head mc-column non-featured \">\n<div class=\"title\" data-block-type=\"title\" data-block-id=\"0\">\n<h1 class=\"content-head__title\">Cidade de S\u00e3o Paulo bate recorde de feminic\u00eddios em 2025<\/h1>\n<\/div>\n<div class=\"medium-centered subtitle\">\n<h2 class=\"content-head__subtitle\">De janeiro a outubro, a capital teve 53 casos, o n\u00famero mais alto desde o in\u00edcio da s\u00e9rie hist\u00f3rica em 2015. No estado de SP, foram 207 feminic\u00eddios neste ano e, no mesmo per\u00edodo de 2024, 191.<\/h2>\n<\/div>\n<\/div>\n<div class=\"content__signa-share mc-column\">\n<div class=\"content__signature\">\n<div class=\"content-publication-data\">\n<div class=\"content-publication-data__text\">\n<p class=\"content-publication-data__from\" title=\"Amanda L\u00fcder, Daniel Morbi\">Por\u00a0<a class=\"multi_signatures\" href=\"https:\/\/g1.globo.com\/autores\/amanda-luder\/\">Amanda L\u00fcder<\/a>, Daniel Morbi, GloboNews e g1 SP\u00a0\u2014 S\u00e3o Paulo<\/p>\n<\/div>\n<\/div>\n<\/div>\n<\/div>\n<div class=\"glb-share-bar content__share-bar\">\n<div class=\"glb-share-bar_icons\">\n<div class=\"glb-share-bar_button-img\"><\/div>\n<div class=\"glb-share-bar_button-img\"><\/div>\n<\/div>\n<\/div>\n<\/div>\n<div class=\"mc-article-body\">\n<article>\n<div id=\"chunk-eudps\">\n<div class=\"cxm-block-video content-media mc-column \" data-block-type=\"backstage-video\" data-block-id=\"2\">\n<div class=\"cxm-block-video__container cxm-block-video__container--fallback \">\n<div class=\"cxm-block-video__player-fixer\">\n<article class=\"cxm-block-video__player-wrapper\">\n<section class=\"cxm-block-video__player\">\n<div class=\"cxm-block-video__placeholder\" data-video-id=\"14145042\"><img decoding=\"async\" class=\"cxm-block-video__thumb\" title=\"Cidade de SP registra recorde de feminic\u00eddios em 2025\" src=\"https:\/\/s03.video.glbimg.com\/x240\/14145042.jpg\" alt=\"Cidade de SP registra recorde de feminic\u00eddios em 2025\" \/><\/div>\n<\/section>\n<\/article>\n<\/div>\n<div class=\"cxm-block-video__caption-container\">\n<p class=\"codex-caption codex-caption--small\">Cidade de SP registra recorde de feminic\u00eddios em 2025<\/p>\n<\/div>\n<\/div>\n<\/div>\n<\/div>\n<div id=\"chunk-pcm1\">\n<div class=\"mc-column content-text active-extra-styles \" data-block-type=\"unstyled\" data-block-weight=\"36\" data-block-id=\"3\">\n<p class=\" content-text__container \" data-track-category=\"Link no Texto\" data-track-links=\"\" data-mrf-recirculation=\"Mat\u00e9ria - Links no Texto\">Em 2025, a cidade de\u00a0<a class=\"\" href=\"https:\/\/g1.globo.com\/sp\/sao-paulo\/cidade\/sao-paulo\/\" data-mrf-link=\"https:\/\/g1.globo.com\/sp\/sao-paulo\/cidade\/sao-paulo\/\">S\u00e3o Paulo<\/a>\u00a0registrou o maior n\u00famero de casos de feminic\u00eddio para um ano desde que a s\u00e9rie hist\u00f3rica foi iniciada, em abril de 2015.<strong>\u00a0Entre janeiro e outubro, foram 53 ocorr\u00eancias.<\/strong><\/p>\n<\/div>\n<\/div>\n<div class=\"wall protected-content\">\n<div id=\"chunk-53a7g\">\n<div class=\"mc-column content-text active-extra-styles \" data-block-type=\"unstyled\" data-block-weight=\"22\" data-block-id=\"5\">\n<p class=\" content-text__container \" data-track-category=\"Link no Texto\" data-track-links=\"\" data-mrf-recirculation=\"Mat\u00e9ria - Links no Texto\">Mesmo sem os dados de novembro e dezembro, o ano j\u00e1 acumula o recorde de casos de feminic\u00eddio na capital paulista.<\/p>\n<\/div>\n<\/div>\n<div id=\"chunk-fah7a\">\n<div class=\"mc-column content-text active-extra-styles \" data-block-type=\"unstyled\" data-block-weight=\"26\" data-block-id=\"6\">\n<p class=\" content-text__container \" data-track-category=\"Link no Texto\" data-track-links=\"\" data-mrf-recirculation=\"Mat\u00e9ria - Links no Texto\">Os dados foram levantados pela GloboNews com base nos n\u00fameros divulgados no Portal da Transpar\u00eancia da Secretaria de Seguran\u00e7a P\u00fablica do estado de S\u00e3o Paulo.<\/p>\n<\/div>\n<\/div>\n<div id=\"chunk-d4r6q\">\n<div class=\"mc-column content-text active-extra-styles \" data-block-type=\"unstyled\" data-block-weight=\"36\" data-block-id=\"7\">\n<p class=\" content-text__container \" data-track-category=\"Link no Texto\" data-track-links=\"\" data-mrf-recirculation=\"Mat\u00e9ria - Links no Texto\"><span class=\"highlight highlighted\">S\u00e3o considerados apenas os\u00a0<\/span><strong><span class=\"highlight highlighted\">feminic\u00eddios consumados<\/span><\/strong><span class=\"highlight highlighted\">, ou seja, n\u00e3o est\u00e3o inclusas as tentativas de feminic\u00eddio<\/span>, como o caso da mulher que foi atropelada e arrastada por mais de 1 km no s\u00e1bado (29)<strong>\u00a0(leia mais abaixo)<\/strong>.<\/p>\n<\/div>\n<\/div>\n<div id=\"chunk-8dkt2\">\n<div class=\"row medium-uncollapsed content-media content-photo\" data-block-type=\"backstage-photo\" data-block-id=\"9\">\n<div class=\" mc-column content-media__container\">\n<div class=\"content-media-container glb-skeleton-box\">\n<figure class=\"content-media-figure\"><img decoding=\"async\" class=\"i-amphtml-fill-content i-amphtml-replaced-content\" src=\"https:\/\/s2-g1.glbimg.com\/wouYXnvSgF3zv6W0bliKk5iLe28=\/0x0:1920x1080\/984x0\/smart\/filters:strip_icc()\/i.s3.glbimg.com\/v1\/AUTH_59edd422c0c84a879bd37670ae4f538a\/internal_photos\/bs\/2025\/b\/k\/PuGPwiQNiuE2U4dF910g\/videoframe-6098837.png\" sizes=\"(max-width: 1366px) 648px, 100vw\" srcset=\"https:\/\/s2-g1.glbimg.com\/yw-QL1b6njSg3RNMnc8W7oYtglA=\/0x0:1920x1080\/1000x0\/smart\/filters:strip_icc()\/i.s3.glbimg.com\/v1\/AUTH_59edd422c0c84a879bd37670ae4f538a\/internal_photos\/bs\/2025\/b\/k\/PuGPwiQNiuE2U4dF910g\/videoframe-6098837.png 1000w, https:\/\/s2-g1.glbimg.com\/wouYXnvSgF3zv6W0bliKk5iLe28=\/0x0:1920x1080\/984x0\/smart\/filters:strip_icc()\/i.s3.glbimg.com\/v1\/AUTH_59edd422c0c84a879bd37670ae4f538a\/internal_photos\/bs\/2025\/b\/k\/PuGPwiQNiuE2U4dF910g\/videoframe-6098837.png 984w, https:\/\/s2-g1.glbimg.com\/lTUfxQM4B1wKyysElg9hASfBv20=\/0x0:1920x1080\/640x0\/smart\/filters:strip_icc()\/i.s3.glbimg.com\/v1\/AUTH_59edd422c0c84a879bd37670ae4f538a\/internal_photos\/bs\/2025\/b\/k\/PuGPwiQNiuE2U4dF910g\/videoframe-6098837.png 640w, https:\/\/s2-g1.glbimg.com\/8m_QGfQ-_nLlaBpYpUB6SJbB9_Y=\/0x0:1920x1080\/600x0\/smart\/filters:strip_icc()\/i.s3.glbimg.com\/v1\/AUTH_59edd422c0c84a879bd37670ae4f538a\/internal_photos\/bs\/2025\/b\/k\/PuGPwiQNiuE2U4dF910g\/videoframe-6098837.png 600w\" alt=\"Mulher teve pernas amputadas ap\u00f3s ser arrastada por homem por mais de 1 km em SP \u2014 Foto: Jornal Nacional\/ Reprodu\u00e7\u00e3o\" \/><\/figure>\n<\/div>\n<p class=\"content-media__description \">Mulher teve pernas amputadas ap\u00f3s ser arrastada por homem por mais de 1 km em SP \u2014 Foto: Jornal Nacional\/ Reprodu\u00e7\u00e3o<\/p>\n<\/div>\n<\/div>\n<\/div>\n<div id=\"chunk-7bml2\">\n<div class=\"mc-column content-text active-extra-styles \" data-block-type=\"unstyled\" data-block-weight=\"5\" data-block-id=\"10\">\n<p class=\" content-text__container \" data-track-category=\"Link no Texto\" data-track-links=\"\" data-mrf-recirculation=\"Mat\u00e9ria - Links no Texto\"><strong>FEMINIC\u00cdDIOS NA CIDADE DE SP<\/strong><\/p>\n<\/div>\n<\/div>\n<div id=\"chunk-6h4ii\">\n<div class=\"mc-column content-text active-extra-styles\" data-block-type=\"raw\" data-block-weight=\"28\" data-block-id=\"11\">\n<ul class=\"content-unordered-list\" data-mrf-recirculation=\"Mat\u00e9ria - Leia Tamb\u00e9m (Lista)\">\n<li><strong>2025<\/strong>\u00a0(at\u00e9 out): 53<\/li>\n<li><strong>2024:\u00a0<\/strong>51<\/li>\n<li><strong>2023:\u00a0<\/strong>38<\/li>\n<li><strong>2022:\u00a0<\/strong>41<\/li>\n<li><strong>2021:<\/strong>\u00a033<\/li>\n<li><strong>2020:\u00a0<\/strong>40<\/li>\n<li><strong>2019:<\/strong>\u00a044<\/li>\n<li><strong>2018:\u00a0<\/strong>29<\/li>\n<li><strong>2017:<\/strong>\u00a026<\/li>\n<li><strong>2016:\u00a0<\/strong>13<\/li>\n<li><strong>2015\u00a0<\/strong>(a partir de abril): 6<\/li>\n<\/ul>\n<p>&nbsp;<\/p>\n<\/div>\n<\/div>\n<div id=\"chunk-butg8\">\n<div class=\"mc-column content-text active-extra-styles \" data-block-type=\"unstyled\" data-block-weight=\"2\" data-block-id=\"12\">\n<p class=\" content-text__container \" data-track-category=\"Link no Texto\" data-track-links=\"\" data-mrf-recirculation=\"Mat\u00e9ria - Links no Texto\"><strong><em>Fonte: SSP<\/em><\/strong><\/p>\n<\/div>\n<\/div>\n<div id=\"chunk-74j2u\">\n<div class=\"mc-column content-text active-extra-styles \" data-block-type=\"unstyled\" data-block-weight=\"61\" data-block-id=\"13\">\n<p class=\" content-text__container \" data-track-category=\"Link no Texto\" data-track-links=\"\" data-mrf-recirculation=\"Mat\u00e9ria - Links no Texto\"><em>\ud83d\udd0d O\u00a0<\/em><strong><em>crime de feminic\u00eddio<\/em><\/strong><em>\u00a0foi tipificado em lei federal em mar\u00e7o de 2015. A partir disso, os casos come\u00e7aram a ser contabilizados separadamente de outros tipos de homic\u00eddio. A lei considera feminic\u00eddio quando o assassinato envolve\u00a0<\/em><strong><em>viol\u00eancia dom\u00e9stica e familiar,<\/em><\/strong><em>\u00a0e\u00a0<\/em><strong><em>menosprezo ou discrimina\u00e7\u00e3o \u00e0 condi\u00e7\u00e3o de mulher da v\u00edtima<\/em><\/strong><em>. As penas variam de 12 a 30 anos de pris\u00e3o.<\/em><\/p>\n<\/div>\n<\/div>\n<div id=\"chunk-30io\">\n<div class=\"row medium-uncollapsed content-media content-photo\" data-block-type=\"backstage-photo\" data-block-id=\"14\">\n<div class=\" mc-column content-media__container\">\n<div class=\"content-media-container glb-skeleton-box\">\n<figure class=\"content-media-figure\"><img decoding=\"async\" class=\"i-amphtml-fill-content i-amphtml-replaced-content\" src=\"https:\/\/s2-g1.glbimg.com\/IJtsu4U0JwjUL9VuHbPnXJPjElI=\/0x0:1788x951\/984x0\/smart\/filters:strip_icc()\/i.s3.glbimg.com\/v1\/AUTH_59edd422c0c84a879bd37670ae4f538a\/internal_photos\/bs\/2025\/R\/P\/cOXDpORRGvAtjVTOFVCg\/captura-de-tela-2025-12-02-132822.jpg\" sizes=\"(max-width: 1366px) 648px, 100vw\" srcset=\"https:\/\/s2-g1.glbimg.com\/yYxY2np06mL4BTL7LuR2b983O-U=\/0x0:1788x951\/1000x0\/smart\/filters:strip_icc()\/i.s3.glbimg.com\/v1\/AUTH_59edd422c0c84a879bd37670ae4f538a\/internal_photos\/bs\/2025\/R\/P\/cOXDpORRGvAtjVTOFVCg\/captura-de-tela-2025-12-02-132822.jpg 1000w, https:\/\/s2-g1.glbimg.com\/IJtsu4U0JwjUL9VuHbPnXJPjElI=\/0x0:1788x951\/984x0\/smart\/filters:strip_icc()\/i.s3.glbimg.com\/v1\/AUTH_59edd422c0c84a879bd37670ae4f538a\/internal_photos\/bs\/2025\/R\/P\/cOXDpORRGvAtjVTOFVCg\/captura-de-tela-2025-12-02-132822.jpg 984w, https:\/\/s2-g1.glbimg.com\/JDiNK5xunxnvfx72bD8IRY-zDLk=\/0x0:1788x951\/640x0\/smart\/filters:strip_icc()\/i.s3.glbimg.com\/v1\/AUTH_59edd422c0c84a879bd37670ae4f538a\/internal_photos\/bs\/2025\/R\/P\/cOXDpORRGvAtjVTOFVCg\/captura-de-tela-2025-12-02-132822.jpg 640w, https:\/\/s2-g1.glbimg.com\/H6oSBpBeUu9GpEcu6N0LL1jXiiI=\/0x0:1788x951\/600x0\/smart\/filters:strip_icc()\/i.s3.glbimg.com\/v1\/AUTH_59edd422c0c84a879bd37670ae4f538a\/internal_photos\/bs\/2025\/R\/P\/cOXDpORRGvAtjVTOFVCg\/captura-de-tela-2025-12-02-132822.jpg 600w\" alt=\"Feminic\u00eddios na cidade de S\u00e3o Paulo, segundo a SSP. \u2014 Foto: Arte\/GloboNews\" \/><\/figure>\n<\/div>\n<p class=\"content-media__description \">Feminic\u00eddios na cidade de S\u00e3o Paulo, segundo a SSP. \u2014 Foto: Arte\/GloboNews<\/p>\n<\/div>\n<\/div>\n<\/div>\n<div id=\"chunk-3glba\">\n<div class=\"content-ads\" data-block-type=\"ads\" data-block-id=\"15\"><\/div>\n<\/div>\n<div id=\"chunk-efdat\">\n<div class=\"cxm-block-video content-media mc-column \" data-block-type=\"backstage-video\" data-block-id=\"16\">\n<div class=\"cxm-block-video__container cxm-block-video__container--fallback \">\n<div class=\"cxm-block-video__player-fixer\">\n<article class=\"cxm-block-video__player-wrapper\">\n<section class=\"cxm-block-video__player\">\n<div class=\"cxm-block-video__placeholder\" data-video-id=\"13746765\"><img decoding=\"async\" class=\"cxm-block-video__thumb\" title=\"Cidade de S\u00e3o Paulo registra 1\u00ba semestre com maior n\u00famero de feminic\u00eddios da hist\u00f3ria\" src=\"https:\/\/s02.video.glbimg.com\/x240\/13746765.jpg\" alt=\"Cidade de S\u00e3o Paulo registra 1\u00ba semestre com maior n\u00famero de feminic\u00eddios da hist\u00f3ria\" \/><\/div>\n<\/section>\n<\/article>\n<\/div>\n<div class=\"cxm-block-video__caption-container\">\n<p class=\"codex-caption codex-caption--small\">Cidade de S\u00e3o Paulo registra 1\u00ba semestre com maior n\u00famero de feminic\u00eddios da hist\u00f3ria<\/p>\n<\/div>\n<\/div>\n<\/div>\n<\/div>\n<div id=\"chunk-8gmn9\">\n<div class=\"mc-column content-text active-extra-styles \" data-block-type=\"unstyled\" data-block-weight=\"37\" data-block-id=\"17\">\n<p class=\" content-text__container \" data-track-category=\"Link no Texto\" data-track-links=\"\" data-mrf-recirculation=\"Mat\u00e9ria - Links no Texto\">Em todo o estado de S\u00e3o Paulo, foram registrados 207 feminic\u00eddios entre janeiro e outubro deste ano. No mesmo per\u00edodo do ano passado, foram 191.\u00a0<span class=\"highlight highlighted\">Um aumento, portanto, de 8% considerando os dez primeiros meses do ano.<\/span><\/p>\n<\/div>\n<\/div>\n<div id=\"chunk-bsbd8\">\n<div class=\"mc-column content-text active-extra-styles \" data-block-type=\"unstyled\" data-block-weight=\"52\" data-block-id=\"18\">\n<p class=\" content-text__container \" data-track-category=\"Link no Texto\" data-track-links=\"\" data-mrf-recirculation=\"Mat\u00e9ria - Links no Texto\">De acordo com Silvana Mariano, coordenadora do Laborat\u00f3rio de Estudos de Feminic\u00eddios (Lesfem), o n\u00famero maior de registro de casos pode ser explicado n\u00e3o somente pelo aumento da misoginia, ou o \u00f3dio pelas mulheres, como tamb\u00e9m por causa da Lei do Feminic\u00eddio, que tipifica o crime como homic\u00eddio qualificado e crime hediondo.<\/p>\n<\/div>\n<\/div>\n<div id=\"chunk-8cik5\">\n<div class=\"mc-column content-text active-extra-styles \" data-block-type=\"unstyled\" data-block-weight=\"32\" data-block-id=\"19\">\n<p class=\" content-text__container \" data-track-category=\"Link no Texto\" data-track-links=\"\" data-mrf-recirculation=\"Mat\u00e9ria - Links no Texto\">&#8220;Uma hip\u00f3tese que t\u00ednhamos com a nova lei, tendo o feminic\u00eddio como crime aut\u00f4nomo, era de passarmos tamb\u00e9m um per\u00edodo em que isso iria contribuir para o crescimento dos n\u00fameros&#8221;, afirma.<\/p>\n<\/div>\n<\/div>\n<div id=\"chunk-v4m6\">\n<div class=\"mc-column content-text active-extra-styles\" data-block-type=\"raw\" data-block-weight=\"40\" data-block-id=\"21\">\n<blockquote class=\"content-blockquote theme-border-color-primary-before\"><p>&#8220;Por um lado, cresce mesmo a viol\u00eancia contra a mulher. E, por outro, as autoridades est\u00e3o ficando mais preparadas para olhar para a morte violenta e intencional de mulheres com essa perspectiva de g\u00eanero que leva \u00e0 classifica\u00e7\u00e3o como feminic\u00eddio.&#8221;<\/p><\/blockquote>\n<\/div>\n<\/div>\n<div id=\"chunk-u9t2\">\n<div class=\"mc-column content-text active-extra-styles \" data-block-type=\"unstyled\" data-block-weight=\"55\" data-block-id=\"22\">\n<p class=\" content-text__container \" data-track-category=\"Link no Texto\" data-track-links=\"\" data-mrf-recirculation=\"Mat\u00e9ria - Links no Texto\">No entanto, a coordenadora do Lesfem lembra que a\u00a0<strong>quest\u00e3o do feminic\u00eddio \u00e9 transversal<\/strong>, n\u00e3o se limitando somente \u00e0 seguran\u00e7a p\u00fablica. &#8220;Pol\u00edticas de educa\u00e7\u00e3o, sa\u00fade, assist\u00eancia social, renda, trabalho e habita\u00e7\u00e3o precisam estar integradas nesse processo de prevenir a viol\u00eancia contra a mulher e estancar essa viol\u00eancia para que n\u00e3o chegue ao feminic\u00eddio&#8221;, segundo Silvana.<\/p>\n<\/div>\n<\/div>\n<div id=\"chunk-66d31\">\n<div class=\"mc-column content-text active-extra-styles \" data-block-type=\"unstyled\" data-block-weight=\"51\" data-block-id=\"23\">\n<p class=\" content-text__container \" data-track-category=\"Link no Texto\" data-track-links=\"\" data-mrf-recirculation=\"Mat\u00e9ria - Links no Texto\">Sobre esse aumento, a Prefeitura de S\u00e3o Paulo disse, em nota, que possui diversas iniciativas e servi\u00e7os para o atendimento de mulheres em situa\u00e7\u00e3o de viol\u00eancia, como as Casas da Mulher e o programa Guardi\u00e3 Maria da Penha da Guarda Civil Metropolitana, que j\u00e1 atendeu a mais de 20 mil mulheres.<\/p>\n<\/div>\n<\/div>\n<div id=\"chunk-de18b\">\n<div class=\"mc-column content-text active-extra-styles \" data-block-type=\"unstyled\" data-block-weight=\"42\" data-block-id=\"24\">\n<p class=\" content-text__container \" data-track-category=\"Link no Texto\" data-track-links=\"\" data-mrf-recirculation=\"Mat\u00e9ria - Links no Texto\">O governo do estado disse que o enfrentamento \u00e0 viol\u00eancia contra a mulher \u00e9 prioridade e destacou iniciativas como a amplia\u00e7\u00e3o de 142 delegacias de defesa da mulher e o app Mulher Segura, que possui bot\u00e3o de p\u00e2nico para pedidos de ajuda.<\/p>\n<\/div>\n<\/div>\n<div id=\"chunk-e7qpi\">\n<div class=\"mc-column content-text active-extra-styles \" data-block-type=\"unstyled\" data-block-weight=\"9\" data-block-id=\"25\">\n<p class=\" content-text__container \" data-track-category=\"Link no Texto\" data-track-links=\"\" data-mrf-recirculation=\"Mat\u00e9ria - Links no Texto\">Ao final da reportagem, leia as notas na \u00edntegra.<\/p>\n<\/div>\n<\/div>\n<div id=\"chunk-f4oak\">\n<div class=\"mc-column content-text active-extra-styles\" data-block-type=\"raw\" data-block-weight=\"2\" data-block-id=\"26\">\n<div class=\"content-intertitle\">\n<h2>Capital paulista<\/h2>\n<\/div>\n<\/div>\n<\/div>\n<div id=\"chunk-5261j\">\n<div class=\"mc-column content-text active-extra-styles \" data-block-type=\"unstyled\" data-block-weight=\"60\" data-block-id=\"27\">\n<p class=\" content-text__container \" data-track-category=\"Link no Texto\" data-track-links=\"\" data-mrf-recirculation=\"Mat\u00e9ria - Links no Texto\">Na manh\u00e3 de s\u00e1bado (29),<a class=\"\" href=\"https:\/\/g1.globo.com\/sp\/sao-paulo\/noticia\/2025\/12\/01\/mulher-que-teve-pernas-amputadas-apos-ser-atropelada-e-arrastada-tera-de-passar-por-nova-cirurgia-e-segue-em-estado-grave.ghtml\" data-mrf-link=\"https:\/\/g1.globo.com\/sp\/sao-paulo\/noticia\/2025\/12\/01\/mulher-que-teve-pernas-amputadas-apos-ser-atropelada-e-arrastada-tera-de-passar-por-nova-cirurgia-e-segue-em-estado-grave.ghtml\">\u00a0uma mulher de 31 anos foi atropelada e arrastada<\/a>\u00a0por mais de um quil\u00f4metro por um carro dirigido por um ex-ficante at\u00e9 a Marginal Tiet\u00ea, em S\u00e3o Paulo. De acordo com o boletim de ocorr\u00eancia, ela passou por cirurgias e teve as pernas amputadas devido \u00e0 extens\u00e3o das les\u00f5es.\u00a0<a class=\"\" href=\"https:\/\/g1.globo.com\/sp\/sao-paulo\/noticia\/2025\/12\/01\/mulher-que-teve-pernas-amputadas-apos-ser-atropelada-e-arrastada-tera-de-passar-por-nova-cirurgia-e-segue-em-estado-grave.ghtml\" data-mrf-link=\"https:\/\/g1.globo.com\/sp\/sao-paulo\/noticia\/2025\/12\/01\/mulher-que-teve-pernas-amputadas-apos-ser-atropelada-e-arrastada-tera-de-passar-por-nova-cirurgia-e-segue-em-estado-grave.ghtml\">Ela segue internada em estado grave.<\/a><\/p>\n<\/div>\n<\/div>\n<div id=\"chunk-a3l0t\">\n<div class=\"mc-column content-text active-extra-styles \" data-block-type=\"unstyled\" data-block-weight=\"62\" data-block-id=\"29\">\n<p class=\" content-text__container \" data-track-category=\"Link no Texto\" data-track-links=\"\" data-mrf-recirculation=\"Mat\u00e9ria - Links no Texto\">Segundo a Pol\u00edcia Civil, o crime ocorreu ap\u00f3s a v\u00edtima, Tainara Souza Santos, sair de um bar no Parque Novo Mundo, na Zona Norte. Ela, que \u00e9 m\u00e3e de dois filhos, um de 12 e uma de 7 anos, foi levada ao Hospital Municipal Vereador Jos\u00e9 Storopolli, na Vila Maria, tamb\u00e9m na Zona Norte. O motorista, Douglas Alves da Silva, foi preso.<\/p>\n<\/div>\n<\/div>\n<div id=\"chunk-d9ki1\">\n<div class=\"mc-column content-text active-extra-styles \" data-block-type=\"unstyled\" data-block-weight=\"35\" data-block-id=\"30\">\n<p class=\" content-text__container \" data-track-category=\"Link no Texto\" data-track-links=\"\" data-mrf-recirculation=\"Mat\u00e9ria - Links no Texto\">J\u00e1 na segunda-feira (1\u00b0),\u00a0<a class=\"\" href=\"https:\/\/g1.globo.com\/sp\/sao-paulo\/noticia\/2025\/12\/01\/homem-que-atirou-na-ex-dentro-de-pastelaria-com-duas-armas-tinha-ciume-do-novo-relacionamento-e-ja-a-ameacava-diz-delegado.ghtml\" data-mrf-link=\"https:\/\/g1.globo.com\/sp\/sao-paulo\/noticia\/2025\/12\/01\/homem-que-atirou-na-ex-dentro-de-pastelaria-com-duas-armas-tinha-ciume-do-novo-relacionamento-e-ja-a-ameacava-diz-delegado.ghtml\">um homem atirou seis vezes,<\/a>\u00a0usando duas armas ao mesmo tempo, contra a ex-companheira Evelin de Souza Saraiva, de 38 anos, no bairro Jardim Fontalis, na Zona Norte de S\u00e3o Paulo.<\/p>\n<\/div>\n<\/div>\n<div id=\"chunk-4mm16\">\n<div class=\"mc-column content-text active-extra-styles \" data-block-type=\"unstyled\" data-block-weight=\"52\" data-block-id=\"31\">\n<p class=\" content-text__container \" data-track-category=\"Link no Texto\" data-track-links=\"\" data-mrf-recirculation=\"Mat\u00e9ria - Links no Texto\">A tentativa de feminic\u00eddio ocorreu dentro de uma pastelaria onde Evelin trabalha, e foi registrada por uma c\u00e2mera de seguran\u00e7a. A v\u00edtima foi socorrida pelo helic\u00f3ptero \u00c1guia da PM e levada para o Hospital das Cl\u00ednicas. Passou por cirurgia e est\u00e1 na Unidade de Terapia Intensiva (UTI). O quadro \u00e9 considerado delicado.<\/p>\n<\/div>\n<\/div>\n<div id=\"chunk-d4umt\">\n<div class=\"mc-column content-text active-extra-styles \" data-block-type=\"unstyled\" data-block-weight=\"31\" data-block-id=\"32\">\n<p class=\" content-text__container \" data-track-category=\"Link no Texto\" data-track-links=\"\" data-mrf-recirculation=\"Mat\u00e9ria - Links no Texto\">Bruno Lopes Barreto fugiu do local em uma moto ap\u00f3s o crime e, at\u00e9 a \u00faltima atualiza\u00e7\u00e3o desta reportagem, permanecia foragido. Um pedido de pris\u00e3o tempor\u00e1ria foi feito \u00e0 Justi\u00e7a.<\/p>\n<\/div>\n<\/div>\n<div id=\"chunk-7ocqm\">\n<div class=\"mc-column content-text active-extra-styles\" data-block-type=\"raw\" data-block-weight=\"10\" data-block-id=\"33\">\n<div class=\"content-intertitle\">\n<h2>O que dizem a prefeitura e o governo de SP<\/h2>\n<\/div>\n<\/div>\n<\/div>\n<div id=\"chunk-4vklp\">\n<div class=\"mc-column content-text active-extra-styles \" data-block-type=\"unstyled\" data-block-weight=\"10\" data-block-id=\"34\">\n<p class=\" content-text__container \" data-track-category=\"Link no Texto\" data-track-links=\"\" data-mrf-recirculation=\"Mat\u00e9ria - Links no Texto\"><strong>Abaixo, veja a \u00edntegra da nota da Prefeitura de SP:<\/strong><\/p>\n<\/div>\n<\/div>\n<div id=\"chunk-9h31k\">\n<div class=\"mc-column content-text active-extra-styles \" data-block-type=\"unstyled\" data-block-weight=\"112\" data-block-id=\"36\">\n<p class=\" content-text__container \" data-track-category=\"Link no Texto\" data-track-links=\"\" data-mrf-recirculation=\"Mat\u00e9ria - Links no Texto\"><em>&#8220;A Prefeitura de S\u00e3o Paulo possui diversas iniciativas e servi\u00e7os para o atendimento a mulheres v\u00edtimas de viol\u00eancia. Uma delas \u00e9 o programa Guardi\u00e3 Maria da Penha, da Guarda Civil Metropolitana (GCM), que j\u00e1 atendeu mais de 20 mil mulheres, acompanha outras 6 mil e conta com 23 viaturas para patrulhamento na capital &#8211; no \u00faltimo ano essa frota quase dobrou. Al\u00e9m disso, a corpora\u00e7\u00e3o tem uma Inspetoria de Defesa da Mulher e A\u00e7\u00f5es Sociais (IDMAS), formada por 165 agentes especializados. As mulheres atendidas tamb\u00e9m conseguem acesso ao Aplicativo da Mulher, integrado ao Smart Sampa, que permite monitoramento constante e o acionamento imediato de viaturas, garantindo resposta r\u00e1pida em situa\u00e7\u00f5es de emerg\u00eancia.<\/em><\/p>\n<\/div>\n<\/div>\n<div id=\"chunk-eor4h\">\n<div class=\"mc-column content-text active-extra-styles \" data-block-type=\"unstyled\" data-block-weight=\"116\" data-block-id=\"37\">\n<p class=\" content-text__container \" data-track-category=\"Link no Texto\" data-track-links=\"\" data-mrf-recirculation=\"Mat\u00e9ria - Links no Texto\"><em>Nas \u00e1reas de assist\u00eancia social e direitos humanos, a rede municipal conta hoje com cerca de 70 servi\u00e7os ativos, entre eles as Casas da Mulher, os Centros de Defesa e Conviv\u00eancia da Mulher, a Casa da Mulher Brasileira (aberta 24 horas) e unidades sigilosas para mulheres em risco de morte. Desde 2021, j\u00e1 foram entregues 19 novos equipamentos exclusivos para mulheres, como Centros de Acolhida e Rep\u00fablicas. A Prefeitura ainda oferece o Aux\u00edlio Ampara, destinado a crian\u00e7as e adolescentes que perderam suas m\u00e3es ou respons\u00e1veis v\u00edtimas de feminic\u00eddio, e o aux\u00edlio-aluguel para mulheres vitimizadas e seus filhos menores de 18 anos. As pol\u00edticas incluem tamb\u00e9m servi\u00e7os especializados de acolhimento, orienta\u00e7\u00e3o jur\u00eddica, apoio psicol\u00f3gico e atendimento socioassistencial.&#8221;<\/em><\/p>\n<\/div>\n<\/div>\n<div id=\"chunk-1qj9d\">\n<div class=\"mc-column content-text active-extra-styles \" data-block-type=\"unstyled\" data-block-weight=\"10\" data-block-id=\"39\">\n<p class=\" content-text__container \" data-track-category=\"Link no Texto\" data-track-links=\"\" data-mrf-recirculation=\"Mat\u00e9ria - Links no Texto\"><strong>Abaixo, veja a \u00edntegra da nota do governo de SP:<\/strong><\/p>\n<\/div>\n<\/div>\n<div id=\"chunk-1kvfl\">\n<div class=\"mc-column content-text active-extra-styles \" data-block-type=\"unstyled\" data-block-weight=\"138\" data-block-id=\"40\">\n<p class=\" content-text__container \" data-track-category=\"Link no Texto\" data-track-links=\"\" data-mrf-recirculation=\"Mat\u00e9ria - Links no Texto\"><em>&#8220;A SSP destaca que o enfrentamento \u00e0 viol\u00eancia contra a mulher \u00e9 prioridade do Governo. A pasta mant\u00e9m diversas iniciativas voltadas ao tema, entre elas a Cabine Lil\u00e1s, que j\u00e1 realizou cerca de 14 mil atendimentos a mulheres v\u00edtimas de viol\u00eancia em todo o Estado de S\u00e3o Paulo. Criada de forma in\u00e9dita no \u00e2mbito do Centro de Opera\u00e7\u00f5es da Pol\u00edcia Militar (Copom), a Cabine Lil\u00e1s oferece atendimento humanizado por policiais femininas treinadas para acolher e orientar v\u00edtimas de viol\u00eancia dom\u00e9stica. As agentes fornecem informa\u00e7\u00f5es sobre medidas protetivas, canais de den\u00fancia e servi\u00e7os de apoio, al\u00e9m de despachar viaturas quando necess\u00e1rio. O projeto, inicialmente implantado na capital, foi ampliado para a Grande S\u00e3o Paulo e para o interior, com unidades nas regi\u00f5es de Campinas, S\u00e3o Jos\u00e9 dos Campos, Bauru, S\u00e3o Jos\u00e9 do Rio Preto, Sorocaba, Presidente Prudente e Piracicaba.<\/em><\/p>\n<\/div>\n<\/div>\n<div id=\"chunk-4ac2o\">\n<div class=\"mc-column content-text active-extra-styles \" data-block-type=\"unstyled\" data-block-weight=\"4\" data-block-id=\"41\">\n<p class=\" content-text__container \" data-track-category=\"Link no Texto\" data-track-links=\"\" data-mrf-recirculation=\"Mat\u00e9ria - Links no Texto\"><em>Mais prote\u00e7\u00e3o \u00e0s mulheres<\/em><\/p>\n<\/div>\n<\/div>\n<div id=\"chunk-3lvhr\">\n<div class=\"mc-column content-text active-extra-styles \" data-block-type=\"unstyled\" data-block-weight=\"107\" data-block-id=\"42\">\n<p class=\" content-text__container \" data-track-category=\"Link no Texto\" data-track-links=\"\" data-mrf-recirculation=\"Mat\u00e9ria - Links no Texto\"><em>Entre as iniciativas da SSP, cabe tamb\u00e9m ressaltar as 142 Delegacias de Defesa da Mulher (DDMs) territoriais \u2013 duas inauguradas no atual governo &#8211; e as salas DDM 24h, que foram ampliadas em 174,1% na atual gest\u00e3o, com um total de 170 espa\u00e7os em plant\u00f5es policiais, para que as v\u00edtimas sejam atendidas por videoconfer\u00eancia por uma delegada mulher. As DDMs de todo o estado tamb\u00e9m tiveram refor\u00e7o em seu efetivo com 473 novos policiais, enquanto as vagas da Di\u00e1ria Especial por Jornada Extraordin\u00e1ria de Trabalho Policial &#8211; Dejec para policiais civis atenderem na DDM online, de forma volunt\u00e1ria em sua folga, dobrou, passando de 140 para 280.<\/em><\/p>\n<\/div>\n<\/div>\n<div id=\"chunk-c1fv\">\n<div class=\"mc-column content-text active-extra-styles \" data-block-type=\"unstyled\" data-block-weight=\"53\" data-block-id=\"44\">\n<p class=\" content-text__container \" data-track-category=\"Link no Texto\" data-track-links=\"\" data-mrf-recirculation=\"Mat\u00e9ria - Links no Texto\"><em>H\u00e1 que mencionar, ainda, o aplicativo SP Mulher Segura, que permite o registro de boletim de ocorr\u00eancia e possui bot\u00e3o de p\u00e2nico para pedidos de ajuda; e o tornozelamento eletr\u00f4nico de autores de viol\u00eancia dom\u00e9stica, que atualmente monitora 191 infratores, dos quais 89 j\u00e1 foram presos por descumprimento de medidas impostas pelo judici\u00e1rio.&#8221;<\/em><\/p>\n<p>Fonte: G1<\/p>\n<\/div>\n<\/div>\n<\/div>\n<\/article>\n<\/div>\n","protected":false},"excerpt":{"rendered":"<p>Cidade de S\u00e3o Paulo bate recorde de feminic\u00eddios em 2025 De janeiro a outubro, a capital teve 53 casos, o<\/p>\n","protected":false},"author":1,"featured_media":10740,"comment_status":"open","ping_status":"open","sticky":false,"template":"","format":"standard","meta":{"colormag_page_container_layout":"default_layout","colormag_page_sidebar_layout":"default_layout","footnotes":""},"categories":[1],"tags":[],"class_list":["post-10734","post","type-post","status-publish","format-standard","has-post-thumbnail","hentry","category-geral"],"_links":{"self":[{"href":"http:\/\/metropoleemfoco.com.br\/index.php?rest_route=\/wp\/v2\/posts\/10734","targetHints":{"allow":["GET"]}}],"collection":[{"href":"http:\/\/metropoleemfoco.com.br\/index.php?rest_route=\/wp\/v2\/posts"}],"about":[{"href":"http:\/\/metropoleemfoco.com.br\/index.php?rest_route=\/wp\/v2\/types\/post"}],"author":[{"embeddable":true,"href":"http:\/\/metropoleemfoco.com.br\/index.php?rest_route=\/wp\/v2\/users\/1"}],"replies":[{"embeddable":true,"href":"http:\/\/metropoleemfoco.com.br\/index.php?rest_route=%2Fwp%2Fv2%2Fcomments&post=10734"}],"version-history":[{"count":2,"href":"http:\/\/metropoleemfoco.com.br\/index.php?rest_route=\/wp\/v2\/posts\/10734\/revisions"}],"predecessor-version":[{"id":10742,"href":"http:\/\/metropoleemfoco.com.br\/index.php?rest_route=\/wp\/v2\/posts\/10734\/revisions\/10742"}],"wp:featuredmedia":[{"embeddable":true,"href":"http:\/\/metropoleemfoco.com.br\/index.php?rest_route=\/wp\/v2\/media\/10740"}],"wp:attachment":[{"href":"http:\/\/metropoleemfoco.com.br\/index.php?rest_route=%2Fwp%2Fv2%2Fmedia&parent=10734"}],"wp:term":[{"taxonomy":"category","embeddable":true,"href":"http:\/\/metropoleemfoco.com.br\/index.php?rest_route=%2Fwp%2Fv2%2Fcategories&post=10734"},{"taxonomy":"post_tag","embeddable":true,"href":"http:\/\/metropoleemfoco.com.br\/index.php?rest_route=%2Fwp%2Fv2%2Ftags&post=10734"}],"curies":[{"name":"wp","href":"https:\/\/api.w.org\/{rel}","templated":true}]}}