{"id":10733,"date":"2025-12-04T11:57:26","date_gmt":"2025-12-04T14:57:26","guid":{"rendered":"http:\/\/metropoleemfoco.com.br\/?p=10733"},"modified":"2025-12-04T11:57:26","modified_gmt":"2025-12-04T14:57:26","slug":"maior-hospital-publico-de-ms-vai-a-leilao-na-b3-em-sao-paulo","status":"publish","type":"post","link":"http:\/\/metropoleemfoco.com.br\/?p=10733","title":{"rendered":"Maior hospital p\u00fablico de MS vai a leil\u00e3o na B3, em S\u00e3o Paulo"},"content":{"rendered":"<div class=\"mc-article-header\">\n<div class=\"row content-head mc-column non-featured \">\n<div class=\"title\" data-block-type=\"title\" data-block-id=\"0\">\n<h1 class=\"content-head__title\">Maior hospital p\u00fablico de MS vai a leil\u00e3o na B3, em S\u00e3o Paulo<\/h1>\n<\/div>\n<div class=\"medium-centered subtitle\">\n<h2 class=\"content-head__subtitle\">Concess\u00e3o do Hospital Regional de Mato Grosso do Sul ser\u00e1 para servi\u00e7os n\u00e3o assistenciais, como recep\u00e7\u00e3o, limpeza e log\u00edstica. Cinco propostas foram recebidas na B3.<\/h2>\n<\/div>\n<\/div>\n<div class=\"content__signa-share mc-column\">\n<div class=\"content__signature\">\n<div class=\"content-publication-data\">\n<div class=\"content-publication-data__text\">\n<p class=\"content-publication-data__from\" title=\"Loraine Fran\u00e7a\">Por\u00a0<a class=\"multi_signatures\" href=\"https:\/\/g1.globo.com\/autores\/loraine-franca\/\">Loraine Fran\u00e7a<\/a>, g1 MS\u00a0\u2014 Mato Grosso do Sul<\/p>\n<\/div>\n<\/div>\n<\/div>\n<\/div>\n<div class=\"glb-share-bar content__share-bar\">\n<div class=\"glb-share-bar_icons\">\n<div class=\"glb-share-bar_button-img\"><\/div>\n<\/div>\n<\/div>\n<\/div>\n<div class=\"mc-article-body\">\n<article>\n<div id=\"chunk-efh7e\">\n<div class=\"row medium-uncollapsed content-media content-photo\" data-block-type=\"backstage-photo\" data-block-id=\"2\">\n<div class=\" mc-column  content-media__container\">\n<div class=\"content-media-container glb-skeleton-box\">\n<figure class=\"content-media-figure\"><img decoding=\"async\" class=\"i-amphtml-fill-content i-amphtml-replaced-content\" src=\"https:\/\/s2-g1.glbimg.com\/aZz5YOWnYt3UvBWVaWuqvnwwKdM=\/0x0:1200x800\/984x0\/smart\/filters:strip_icc()\/i.s3.glbimg.com\/v1\/AUTH_59edd422c0c84a879bd37670ae4f538a\/internal_photos\/bs\/2025\/q\/B\/DJ55aaR8urtE7znX7KaQ\/hospital-regional-foto-bruno-rezende-64-1024x683.jpg\" sizes=\"(max-width: 1366px) 648px, 100vw\" srcset=\"https:\/\/s2-g1.glbimg.com\/bYVN70tubt3bcPMo6dxtUkc4wqQ=\/0x0:1200x800\/1000x0\/smart\/filters:strip_icc()\/i.s3.glbimg.com\/v1\/AUTH_59edd422c0c84a879bd37670ae4f538a\/internal_photos\/bs\/2025\/q\/B\/DJ55aaR8urtE7znX7KaQ\/hospital-regional-foto-bruno-rezende-64-1024x683.jpg 1000w, https:\/\/s2-g1.glbimg.com\/aZz5YOWnYt3UvBWVaWuqvnwwKdM=\/0x0:1200x800\/984x0\/smart\/filters:strip_icc()\/i.s3.glbimg.com\/v1\/AUTH_59edd422c0c84a879bd37670ae4f538a\/internal_photos\/bs\/2025\/q\/B\/DJ55aaR8urtE7znX7KaQ\/hospital-regional-foto-bruno-rezende-64-1024x683.jpg 984w, https:\/\/s2-g1.glbimg.com\/0Tfy3xJkAaAdHKq-T7oWFoDEDEI=\/0x0:1200x800\/640x0\/smart\/filters:strip_icc()\/i.s3.glbimg.com\/v1\/AUTH_59edd422c0c84a879bd37670ae4f538a\/internal_photos\/bs\/2025\/q\/B\/DJ55aaR8urtE7znX7KaQ\/hospital-regional-foto-bruno-rezende-64-1024x683.jpg 640w, https:\/\/s2-g1.glbimg.com\/2UVSpWEijdyrWFEBogp9xY93NlY=\/0x0:1200x800\/600x0\/smart\/filters:strip_icc()\/i.s3.glbimg.com\/v1\/AUTH_59edd422c0c84a879bd37670ae4f538a\/internal_photos\/bs\/2025\/q\/B\/DJ55aaR8urtE7znX7KaQ\/hospital-regional-foto-bruno-rezende-64-1024x683.jpg 600w\" alt=\"Hospital Regional de Mato Grosso do Sul \u00e9 o maior hospital p\u00fablico do estado. \u2014 Foto: Bruno Rezende\" \/><\/figure>\n<\/div>\n<p class=\"content-media__description  \">Hospital Regional de Mato Grosso do Sul \u00e9 o maior hospital p\u00fablico do estado. \u2014 Foto: Bruno Rezende<\/p>\n<\/div>\n<\/div>\n<\/div>\n<div id=\"chunk-6ukq8\">\n<div class=\"mc-column content-text active-extra-styles \" data-block-type=\"unstyled\" data-block-weight=\"62\" data-block-id=\"3\">\n<p class=\" content-text__container \" data-track-category=\"Link no Texto\" data-track-links=\"\" data-mrf-recirculation=\"Mat\u00e9ria - Links no Texto\"><strong>O Hospital Regional de Mato Grosso do Sul (HRMS) ser\u00e1 leiloado nesta quinta-feira (4), na sede da B3 em S\u00e3o Paulo<\/strong>. O leil\u00e3o integra uma Parceria P\u00fablico-Privada (PPP) e prev\u00ea a concess\u00e3o de servi\u00e7os considerados n\u00e3o assistenciais, como limpeza, log\u00edstica, recep\u00e7\u00e3o, vigil\u00e2ncia, entre outros\u00a0<strong>(veja lista mais abaixo)<\/strong>. Os atendimentos m\u00e9dicos v\u00e3o continuar gratuitos e oferecidos pelo Sistema \u00danico de Sa\u00fade (SUS).<\/p>\n<\/div>\n<\/div>\n<div class=\"wall protected-content\">\n<div id=\"chunk-7f448\">\n<div class=\"mc-column content-text active-extra-styles \" data-block-type=\"unstyled\" data-block-weight=\"15\" data-block-id=\"5\">\n<p class=\" content-text__container \" data-track-category=\"Link no Texto\" data-track-links=\"\" data-mrf-recirculation=\"Mat\u00e9ria - Links no Texto\">O recebimento de propostas encerrou na \u00faltima segunda-feira (1\u00ba) e cinco investidores manifestaram interesse.<\/p>\n<\/div>\n<\/div>\n<div id=\"chunk-77v45\">\n<div class=\"mc-column content-text active-extra-styles \" data-block-type=\"unstyled\" data-block-weight=\"12\" data-block-id=\"6\">\n<p class=\" content-text__container \" data-track-category=\"Link no Texto\" data-track-links=\"\" data-mrf-recirculation=\"Mat\u00e9ria - Links no Texto\"><a class=\"\" href=\"https:\/\/whatsapp.com\/channel\/0029Va8RRF8LdQecpkKPBc2m\" target=\"_blank\" rel=\"noopener\" data-mrf-link=\"https:\/\/whatsapp.com\/channel\/0029Va8RRF8LdQecpkKPBc2m\">\u2705 Clique aqui para seguir o canal do g1 MS no WhatsApp<\/a><\/p>\n<\/div>\n<\/div>\n<div id=\"chunk-41i1l\">\n<div class=\"mc-column content-text active-extra-styles \" data-block-type=\"unstyled\" data-block-weight=\"44\" data-block-id=\"7\">\n<p class=\" content-text__container \" data-track-category=\"Link no Texto\" data-track-links=\"\" data-mrf-recirculation=\"Mat\u00e9ria - Links no Texto\">A empresa vencedora tamb\u00e9m ficar\u00e1 respons\u00e1vel por obras e investimentos para a constru\u00e7\u00e3o de blocos, al\u00e9m da reforma das instala\u00e7\u00f5es existentes, aquisi\u00e7\u00e3o e instala\u00e7\u00e3o de equipamentos m\u00e9dico-hospitalares, mobili\u00e1rio cl\u00ednico e instrumental cir\u00fargico. Confira os servi\u00e7os que ser\u00e3o prestados pela empresa que vencer o certame:<\/p>\n<\/div>\n<\/div>\n<div id=\"chunk-18b7d\">\n<div class=\"cxm-block-video content-media mc-column \" data-block-type=\"backstage-video\" data-block-id=\"9\">\n<div class=\"cxm-block-video__container cxm-block-video__container--fallback \">\n<div class=\"cxm-block-video__player-fixer\">\n<article class=\"cxm-block-video__player-wrapper\">\n<section class=\"cxm-block-video__player\">\n<div class=\"cxm-block-video__placeholder\" data-video-id=\"992055\"><img decoding=\"async\" class=\"cxm-block-video__thumb\" title=\"Veja os v\u00eddeos que est\u00e3o em alta no g1\" src=\"https:\/\/s04.video.glbimg.com\/x240\/992055.jpg\" alt=\"Veja os v\u00eddeos que est\u00e3o em alta no g1\" \/><\/div>\n<\/section>\n<\/article>\n<\/div>\n<div class=\"cxm-block-video__caption-container\">\n<p class=\"codex-caption codex-caption--small\">Veja os v\u00eddeos que est\u00e3o em alta no g1<\/p>\n<\/div>\n<\/div>\n<\/div>\n<\/div>\n<div id=\"chunk-977ka\">\n<div class=\"mc-column content-text active-extra-styles\" data-block-type=\"raw\" data-block-weight=\"53\" data-block-id=\"10\">\n<ul class=\"content-unordered-list\" data-mrf-recirculation=\"Mat\u00e9ria - Leia Tamb\u00e9m (Lista)\">\n<li>Recep\u00e7\u00e3o<\/li>\n<li>Limpeza e jardinagem<\/li>\n<li>Vigil\u00e2ncia<\/li>\n<li>Portaria e estacionamento<\/li>\n<li>Lavanderia e rouparia<\/li>\n<li>Manuten\u00e7\u00e3o predial e engenharia cl\u00ednica<\/li>\n<li>Central de Material Esterilizado (CME)<\/li>\n<li>Nutri\u00e7\u00e3o e diet\u00e9tica<\/li>\n<li>Esteriliza\u00e7\u00e3o<\/li>\n<li>Log\u00edstica de almoxarifado<\/li>\n<li>Farm\u00e1cia<\/li>\n<li>Transporte<\/li>\n<li>Necrot\u00e9rio<\/li>\n<li>Servi\u00e7o de arquivo m\u00e9dico<\/li>\n<li>Estat\u00edstica e faturamento<\/li>\n<li>Gases medicinais e utilidades<\/li>\n<li>Aquisi\u00e7\u00e3o de insumos e dietas<\/li>\n<li>Apoio ao servi\u00e7o de atendimento domiciliar<\/li>\n<\/ul>\n<\/div>\n<\/div>\n<div id=\"chunk-1eak5\">\n<div class=\"mc-column content-text active-extra-styles \" data-block-type=\"unstyled\" data-block-weight=\"26\" data-block-id=\"11\">\n<p class=\" content-text__container \" data-track-category=\"Link no Texto\" data-track-links=\"\" data-mrf-recirculation=\"Mat\u00e9ria - Links no Texto\">O HRMS \u00e9 considerado o maior hospital p\u00fablico de Mato Grosso do Sul e, conforme a institui\u00e7\u00e3o, s\u00e3o realizados 40 mil atendimentos m\u00e9dicos por m\u00eas.<\/p>\n<p>Fonte: G1<\/p>\n<\/div>\n<\/div>\n<\/div>\n<\/article>\n<\/div>\n","protected":false},"excerpt":{"rendered":"<p>Maior hospital p\u00fablico de MS vai a leil\u00e3o na B3, em S\u00e3o Paulo Concess\u00e3o do Hospital Regional de Mato Grosso<\/p>\n","protected":false},"author":1,"featured_media":10738,"comment_status":"open","ping_status":"open","sticky":false,"template":"","format":"standard","meta":{"colormag_page_container_layout":"default_layout","colormag_page_sidebar_layout":"default_layout","footnotes":""},"categories":[1],"tags":[],"class_list":["post-10733","post","type-post","status-publish","format-standard","has-post-thumbnail","hentry","category-geral"],"_links":{"self":[{"href":"http:\/\/metropoleemfoco.com.br\/index.php?rest_route=\/wp\/v2\/posts\/10733","targetHints":{"allow":["GET"]}}],"collection":[{"href":"http:\/\/metropoleemfoco.com.br\/index.php?rest_route=\/wp\/v2\/posts"}],"about":[{"href":"http:\/\/metropoleemfoco.com.br\/index.php?rest_route=\/wp\/v2\/types\/post"}],"author":[{"embeddable":true,"href":"http:\/\/metropoleemfoco.com.br\/index.php?rest_route=\/wp\/v2\/users\/1"}],"replies":[{"embeddable":true,"href":"http:\/\/metropoleemfoco.com.br\/index.php?rest_route=%2Fwp%2Fv2%2Fcomments&post=10733"}],"version-history":[{"count":1,"href":"http:\/\/metropoleemfoco.com.br\/index.php?rest_route=\/wp\/v2\/posts\/10733\/revisions"}],"predecessor-version":[{"id":10739,"href":"http:\/\/metropoleemfoco.com.br\/index.php?rest_route=\/wp\/v2\/posts\/10733\/revisions\/10739"}],"wp:featuredmedia":[{"embeddable":true,"href":"http:\/\/metropoleemfoco.com.br\/index.php?rest_route=\/wp\/v2\/media\/10738"}],"wp:attachment":[{"href":"http:\/\/metropoleemfoco.com.br\/index.php?rest_route=%2Fwp%2Fv2%2Fmedia&parent=10733"}],"wp:term":[{"taxonomy":"category","embeddable":true,"href":"http:\/\/metropoleemfoco.com.br\/index.php?rest_route=%2Fwp%2Fv2%2Fcategories&post=10733"},{"taxonomy":"post_tag","embeddable":true,"href":"http:\/\/metropoleemfoco.com.br\/index.php?rest_route=%2Fwp%2Fv2%2Ftags&post=10733"}],"curies":[{"name":"wp","href":"https:\/\/api.w.org\/{rel}","templated":true}]}}