{"id":10732,"date":"2025-12-04T11:53:50","date_gmt":"2025-12-04T14:53:50","guid":{"rendered":"http:\/\/metropoleemfoco.com.br\/?p=10732"},"modified":"2025-12-04T11:53:50","modified_gmt":"2025-12-04T14:53:50","slug":"motos-por-app-em-sp","status":"publish","type":"post","link":"http:\/\/metropoleemfoco.com.br\/?p=10732","title":{"rendered":"Motos por app em SP"},"content":{"rendered":"<div class=\"mc-article-header\">\n<div class=\"row content-head mc-column non-featured \">\n<div class=\"title\" data-block-type=\"title\" data-block-id=\"0\">\n<h1 class=\"content-head__title\">Motos por app em SP: projeto prev\u00ea multa de R$ 1,5 milh\u00e3o e veta uso no Centro Expandido; vota\u00e7\u00e3o deve ser nesta quinta<\/h1>\n<\/div>\n<div class=\"medium-centered subtitle\">\n<h2 class=\"content-head__subtitle\">Texto elaborado pela Subcomiss\u00e3o do Servi\u00e7o de Transporte Individual de Passageiros por Motocicleta da C\u00e2mara fala tamb\u00e9m em exame toxicol\u00f3gico e curso especializado para motociclistas, motos com at\u00e9 8 anos e instala\u00e7\u00e3o de pontos de descanso, entre outros.<\/h2>\n<\/div>\n<\/div>\n<div class=\"content__signa-share mc-column\">\n<div class=\"content__signature\">\n<div class=\"content-publication-data\">\n<div class=\"content-publication-data__text\">\n<p class=\"content-publication-data__from\" title=\"Anselmo Caparica, Gustavo Hon\u00f3rio, Giba Bergamim\">Por Anselmo Caparica,\u00a0<a class=\"multi_signatures\" href=\"https:\/\/g1.globo.com\/autores\/gustavo-honorio\/\">Gustavo Hon\u00f3rio<\/a>,\u00a0<a class=\"multi_signatures\" href=\"https:\/\/g1.globo.com\/autores\/giba-bergamim\/\">Giba Bergamim<\/a>, TV Globo e g1 SP\u00a0\u2014 S\u00e3o Paulo<\/p>\n<\/div>\n<\/div>\n<\/div>\n<\/div>\n<div class=\"glb-share-bar content__share-bar\">\n<div class=\"glb-share-bar_icons\">\n<div class=\"glb-share-bar_button-img\"><\/div>\n<div class=\"glb-share-bar_button-img\"><\/div>\n<\/div>\n<\/div>\n<\/div>\n<div class=\"mc-article-body\">\n<article>\n<div id=\"chunk-fn19s\">\n<div class=\"row medium-uncollapsed content-media content-photo\" data-block-type=\"backstage-photo\" data-block-id=\"2\">\n<div class=\" mc-column  content-media__container\">\n<div class=\"content-media-container glb-skeleton-box\">\n<figure class=\"content-media-figure\"><img decoding=\"async\" class=\"i-amphtml-fill-content i-amphtml-replaced-content\" src=\"https:\/\/s2-g1.glbimg.com\/DggrbokIrJY6JS4_sb8fKvmBsNE=\/0x0:1200x670\/984x0\/smart\/filters:strip_icc()\/i.s3.glbimg.com\/v1\/AUTH_59edd422c0c84a879bd37670ae4f538a\/internal_photos\/bs\/2025\/r\/c\/GcL4R3QvqUOWzkw1lgZA\/fotojet-12-.jpg\" sizes=\"(max-width: 1366px) 648px, 100vw\" srcset=\"https:\/\/s2-g1.glbimg.com\/II-z6DLU-42h1hKoibKevtWMm3Y=\/0x0:1200x670\/1000x0\/smart\/filters:strip_icc()\/i.s3.glbimg.com\/v1\/AUTH_59edd422c0c84a879bd37670ae4f538a\/internal_photos\/bs\/2025\/r\/c\/GcL4R3QvqUOWzkw1lgZA\/fotojet-12-.jpg 1000w, https:\/\/s2-g1.glbimg.com\/DggrbokIrJY6JS4_sb8fKvmBsNE=\/0x0:1200x670\/984x0\/smart\/filters:strip_icc()\/i.s3.glbimg.com\/v1\/AUTH_59edd422c0c84a879bd37670ae4f538a\/internal_photos\/bs\/2025\/r\/c\/GcL4R3QvqUOWzkw1lgZA\/fotojet-12-.jpg 984w, https:\/\/s2-g1.glbimg.com\/4CnAbgF9gN_kp6m8oTsVGgCP3Vg=\/0x0:1200x670\/640x0\/smart\/filters:strip_icc()\/i.s3.glbimg.com\/v1\/AUTH_59edd422c0c84a879bd37670ae4f538a\/internal_photos\/bs\/2025\/r\/c\/GcL4R3QvqUOWzkw1lgZA\/fotojet-12-.jpg 640w, https:\/\/s2-g1.glbimg.com\/poIA5xSGKh4CsMrnUR9TU8sm0hg=\/0x0:1200x670\/600x0\/smart\/filters:strip_icc()\/i.s3.glbimg.com\/v1\/AUTH_59edd422c0c84a879bd37670ae4f538a\/internal_photos\/bs\/2025\/r\/c\/GcL4R3QvqUOWzkw1lgZA\/fotojet-12-.jpg 600w\" alt=\"O prefeito de S\u00e3o Paulo, Ricardo Nunes (MDB), pretende publicar decreto de regulamenta\u00e7\u00e3o das motos por aplicativo at\u00e9 8 de dezembro. \u2014 Foto: Montagem\/g1\/Bruno Peres\/Ag\u00eancia Brasil e Secom\/PMSP\" \/><\/figure>\n<\/div>\n<p class=\"content-media__description  \">O prefeito de S\u00e3o Paulo, Ricardo Nunes (MDB), pretende publicar decreto de regulamenta\u00e7\u00e3o das motos por aplicativo at\u00e9 8 de dezembro. \u2014 Foto: Montagem\/g1\/Bruno Peres\/Ag\u00eancia Brasil e Secom\/PMSP<\/p>\n<\/div>\n<\/div>\n<\/div>\n<div id=\"chunk-5g0jf\">\n<div class=\"mc-column content-text active-extra-styles \" data-block-type=\"unstyled\" data-block-weight=\"26\" data-block-id=\"3\">\n<p class=\" content-text__container \" data-track-category=\"Link no Texto\" data-track-links=\"\">A\u00a0<strong>C\u00e2mara Municipal de\u00a0<\/strong><a class=\"\" href=\"https:\/\/g1.globo.com\/sp\/sao-paulo\/cidade\/sao-paulo\/\"><strong>S\u00e3o Paulo<\/strong><\/a><strong>\u00a0deve votar nesta quinta-feira (4) o projeto de lei que regulamenta o servi\u00e7o de moto por aplicativo na capital<\/strong>.<\/p>\n<\/div>\n<\/div>\n<div class=\"wall protected-content\">\n<div id=\"chunk-3kkb1\">\n<div class=\"mc-column content-text active-extra-styles \" data-block-type=\"unstyled\" data-block-weight=\"40\" data-block-id=\"5\">\n<p class=\" content-text__container \" data-track-category=\"Link no Texto\" data-track-links=\"\">Em conversa com a imprensa na semana passada, o prefeito Ricardo Nunes (<a class=\"\" href=\"https:\/\/g1.globo.com\/politica\/partido\/mdb\/\">MDB<\/a>) adiantou que estava preparando o texto (<strong><em>veja detalhes abaixo<\/em><\/strong>). A ideia era que as regras fossem mais restritivas do que o esperado pelas empresas do setor.<\/p>\n<\/div>\n<\/div>\n<div id=\"chunk-aejes\">\n<div class=\"mc-column content-text active-extra-styles \" data-block-type=\"unstyled\" data-block-weight=\"29\" data-block-id=\"6\">\n<p class=\" content-text__container \" data-track-category=\"Link no Texto\" data-track-links=\"\">O prefeito havia pedido a suspens\u00e3o do prazo (que termina em 10 de dezembro) para a atividade ser regulamentada, mas o<a class=\"\" href=\"https:\/\/g1.globo.com\/sp\/sao-paulo\/noticia\/2025\/11\/27\/justica-nega-recurso-de-nunes-para-suspender-ou-esticar-prazo-de-90-dias-para-regulamentar-motos-por-aplicativo-em-sp.ghtml\">\u00a0presidente do Tribunal de Justi\u00e7a negou a solicita\u00e7\u00e3o<\/a>.<\/p>\n<\/div>\n<\/div>\n<div id=\"chunk-7goqj\">\n<div class=\"mc-column content-text active-extra-styles \" data-block-type=\"unstyled\" data-block-weight=\"25\" data-block-id=\"7\">\n<p class=\" content-text__container \" data-track-category=\"Link no Texto\" data-track-links=\"\">A decis\u00e3o favorece as empresas 99 e Uber, que anunciaram que devem retomar os servi\u00e7os de moto por aplicativo na cidade em 11 de dezembro.<\/p>\n<\/div>\n<\/div>\n<div id=\"chunk-8ir2l\">\n<div class=\"mc-column content-text active-extra-styles \" data-block-type=\"unstyled\" data-block-weight=\"34\" data-block-id=\"9\">\n<p class=\" content-text__container \" data-track-category=\"Link no Texto\" data-track-links=\"\">A proposta, elaborada pela Subcomiss\u00e3o do Servi\u00e7o de Transporte Individual de Passageiros por Motocicleta da C\u00e2mara,\u00a0<a class=\"\" href=\"https:\/\/g1.globo.com\/sp\/sao-paulo\/noticia\/2025\/11\/25\/prefeitura-de-sp-pede-ao-tj-suspensao-de-decisao-que-libera-moto-por-app-e-alega-risco-de-colapso-na-rede-de-saude.ghtml\">chega ao plen\u00e1rio ap\u00f3s muita discuss\u00e3o e batalhas judiciais<\/a> envolvendo prefeitura, empresas e associa\u00e7\u00f5es de classe do setor.<\/p>\n<\/div>\n<\/div>\n<div id=\"chunk-spjc\">\n<div class=\"mc-column content-text active-extra-styles\" data-block-type=\"raw\" data-block-weight=\"33\" data-block-id=\"10\">\n<blockquote class=\"content-blockquote theme-border-color-primary-before\"><p>O texto define como deve funcionar o servi\u00e7o, detalha regras para condutores e empresas e estabelece multas que variam de R$ 4 mil a R$ 1,5 milh\u00e3o caso os aplicativos descumpram a lei.<\/p><\/blockquote>\n<\/div>\n<\/div>\n<div id=\"chunk-4t6r8\">\n<div class=\"mc-column content-text active-extra-styles \" data-block-type=\"unstyled\" data-block-weight=\"5\" data-block-id=\"11\">\n<p class=\" content-text__container \" data-track-category=\"Link no Texto\" data-track-links=\"\"><strong>Os principais pontos do projeto:<\/strong><\/p>\n<\/div>\n<\/div>\n<div id=\"chunk-k5bv\">\n<div class=\"mc-column content-text active-extra-styles\" data-block-type=\"raw\" data-block-weight=\"4\" data-block-id=\"12\">\n<div class=\"content-intertitle\">\n<h2><strong>Credenciamento obrigat\u00f3rio das empresas<\/strong><\/h2>\n<\/div>\n<\/div>\n<\/div>\n<div id=\"chunk-8dv0m\">\n<div class=\"mc-column content-text active-extra-styles\" data-block-type=\"raw\" data-block-weight=\"66\" data-block-id=\"13\">\n<ul class=\"content-unordered-list\">\n<li>O texto determina que o uso intensivo das motos para presta\u00e7\u00e3o de servi\u00e7o depender\u00e1 de credenciamento pr\u00e9vio da empresa, com validade de um ano;<\/li>\n<li>A empresa dever\u00e1 contratar seguro de Acidentes Pessoais de Passageiros (APP);<\/li>\n<li>Tamb\u00e9m ser\u00e1 necess\u00e1rio apresentar um plano inicial para a instala\u00e7\u00e3o de pontos de descanso e estacionamento;<\/li>\n<li>O Poder Executivo ter\u00e1 60 dias para analisar o pedido e poder\u00e1 solicitar documentos adicionais.<\/li>\n<\/ul>\n<\/div>\n<\/div>\n<div id=\"chunk-68r93\">\n<div class=\"mc-column content-text active-extra-styles\" data-block-type=\"raw\" data-block-weight=\"3\" data-block-id=\"14\">\n<div class=\"content-intertitle\">\n<h2><strong>Cadastro dos condutores<\/strong><\/h2>\n<\/div>\n<\/div>\n<\/div>\n<div id=\"chunk-1h443\">\n<div class=\"mc-column content-text active-extra-styles\" data-block-type=\"raw\" data-block-weight=\"100\" data-block-id=\"15\">\n<ul class=\"content-unordered-list\">\n<li>Para trabalhar no transporte de passageiros, o motociclista precisar\u00e1 ter idade m\u00ednima de 21 anos; CNH A ou AB h\u00e1 pelo menos 2 anos, com anota\u00e7\u00e3o de Exerc\u00edcio de Atividade Remunerada (EAR);<\/li>\n<li>Dever\u00e1 disponibilizar capacete em bom estado e touca descart\u00e1vel ao passageiro;<\/li>\n<li>Obrigatoriedade de se manter como contribuinte do INSS;<\/li>\n<li>Conclus\u00e3o de curso especializado, inexist\u00eancia de infra\u00e7\u00e3o grav\u00edssima nos \u00faltimos 12 meses;<\/li>\n<li>Aus\u00eancia de condena\u00e7\u00e3o por crimes contra a mulher, contra a dignidade sexual e outros;<\/li>\n<li>Exame toxicol\u00f3gico com janela m\u00ednima de 90 dias;<\/li>\n<li>O cadastro ser\u00e1 gratuito e dever\u00e1 ser conclu\u00eddo antes do registro do condutor na plataforma.<\/li>\n<\/ul>\n<\/div>\n<\/div>\n<div id=\"chunk-dnhj4\">\n<div class=\"mc-column content-text active-extra-styles\" data-block-type=\"raw\" data-block-weight=\"5\" data-block-id=\"17\">\n<div class=\"content-intertitle\">\n<h2>Como devem ser as motos<\/h2>\n<\/div>\n<\/div>\n<\/div>\n<div id=\"chunk-18vqi\">\n<div class=\"mc-column content-text active-extra-styles\" data-block-type=\"raw\" data-block-weight=\"52\" data-block-id=\"18\">\n<ul class=\"content-unordered-list\">\n<li>Toda motocicleta usada no servi\u00e7o dever\u00e1 ter Certificado de Seguran\u00e7a Veicular (CSV);<\/li>\n<li>Ano de fabrica\u00e7\u00e3o n\u00e3o superior a 8 anos;<\/li>\n<li>Registro na categoria \u201caluguel\u201d, o que obriga o uso de placa vermelha;<\/li>\n<li>Al\u00e7as na traseira e na lateral para apoio do passageiro;<\/li>\n<li>Dispositivo de prote\u00e7\u00e3o para pernas e motor e antena &#8220;corta-pipa&#8221;.<\/li>\n<\/ul>\n<\/div>\n<\/div>\n<div id=\"chunk-3negs\">\n<div class=\"mc-column content-text active-extra-styles\" data-block-type=\"raw\" data-block-weight=\"3\" data-block-id=\"19\">\n<div class=\"content-intertitle\">\n<h2>Deveres das plataformas<\/h2>\n<\/div>\n<\/div>\n<\/div>\n<div id=\"chunk-b8s2l\">\n<div class=\"mc-column content-text active-extra-styles\" data-block-type=\"raw\" data-block-weight=\"51\" data-block-id=\"20\">\n<ul class=\"content-unordered-list\">\n<li>As empresas dever\u00e3o oferecer viagens somente com motociclistas cadastrados e ve\u00edculos certificados;<\/li>\n<li>Disponibilizar \u00e0 prefeitura os dados necess\u00e1rios para fiscaliza\u00e7\u00e3o;<\/li>\n<li>Exibir no aplicativo a identifica\u00e7\u00e3o do condutor e o certificado da moto;<\/li>\n<li>Permitir vincula\u00e7\u00e3o de apenas um ve\u00edculo por condutor;<\/li>\n<li>Manter limitador de velocidade no aplicativo;<\/li>\n<li>Manter vigente o seguro APP.<\/li>\n<\/ul>\n<\/div>\n<\/div>\n<div id=\"chunk-3pg94\">\n<div class=\"mc-column content-text active-extra-styles\" data-block-type=\"raw\" data-block-weight=\"37\" data-block-id=\"21\">\n<blockquote class=\"content-blockquote theme-border-color-primary-before\"><p>Elas tamb\u00e9m ter\u00e3o de compartilhar dados detalhados das viagens com a Prefeitura de S\u00e3o Paulo, como origem, destino, trajeto, tempo de espera, avalia\u00e7\u00e3o, identifica\u00e7\u00e3o do ve\u00edculo, registros de sinistros e dados de telemetria sobre comportamentos de risco.<\/p><\/blockquote>\n<\/div>\n<\/div>\n<div id=\"chunk-7adjb\">\n<div class=\"mc-column content-text active-extra-styles\" data-block-type=\"raw\" data-block-weight=\"4\" data-block-id=\"22\">\n<div class=\"content-intertitle\">\n<h2>\u00c1reas com circula\u00e7\u00e3o proibida<\/h2>\n<\/div>\n<\/div>\n<\/div>\n<div id=\"chunk-5q1co\">\n<div class=\"mc-column content-text active-extra-styles \" data-block-type=\"unstyled\" data-block-weight=\"13\" data-block-id=\"23\">\n<p class=\" content-text__container \" data-track-category=\"Link no Texto\" data-track-links=\"\">O projeto pro\u00edbe a circula\u00e7\u00e3o de motos usadas para transporte de passageiros em:<\/p>\n<\/div>\n<\/div>\n<div id=\"chunk-fansv\">\n<div class=\"mc-column content-text active-extra-styles\" data-block-type=\"raw\" data-block-weight=\"40\" data-block-id=\"24\">\n<ul class=\"content-unordered-list\">\n<li>Corredores e faixas exclusivas de \u00f4nibus;<\/li>\n<li>Durante eventos adversos, como chuva intensa, vendaval, enchentes e baixa visibilidade;<\/li>\n<li>Em vias de tr\u00e2nsito r\u00e1pido;<\/li>\n<li>No minianel vi\u00e1rio (regi\u00e3o do Centro expandido);<\/li>\n<li>E na Zona de M\u00e1xima Restri\u00e7\u00e3o de Circula\u00e7\u00e3o (ZMRC) de caminh\u00f5es.<\/li>\n<\/ul>\n<\/div>\n<\/div>\n<div id=\"chunk-ef6nj\">\n<div class=\"content-ads content-ads--reveal\" data-block-type=\"ads\" data-block-id=\"25\"><\/div>\n<\/div>\n<div id=\"chunk-donco\">\n<div class=\"mc-column content-text active-extra-styles \" data-block-type=\"unstyled\" data-block-weight=\"23\" data-block-id=\"26\">\n<p class=\" content-text__container \" data-track-category=\"Link no Texto\" data-track-links=\"\">O Executivo poder\u00e1 ainda definir per\u00edmetros espec\u00edficos para opera\u00e7\u00e3o e delimitar pontos de embarque e desembarque em terminais e esta\u00e7\u00f5es de transporte p\u00fablico.<\/p>\n<\/div>\n<\/div>\n<div id=\"chunk-e9923\">\n<div class=\"mc-column content-text active-extra-styles\" data-block-type=\"raw\" data-block-weight=\"6\" data-block-id=\"27\">\n<div class=\"content-intertitle\">\n<h2>Multas de at\u00e9 R$ 1,5 milh\u00e3o<\/h2>\n<\/div>\n<\/div>\n<\/div>\n<div id=\"chunk-6t98h\">\n<div class=\"mc-column content-text active-extra-styles \" data-block-type=\"unstyled\" data-block-weight=\"45\" data-block-id=\"28\">\n<p class=\" content-text__container \" data-track-category=\"Link no Texto\" data-track-links=\"\">As penalidades previstas incluem advert\u00eancia, multa, suspens\u00e3o e cassa\u00e7\u00e3o de cadastro ou credenciamento.\u00a0<strong><span class=\"highlight highlighted\">Para as empresas, as multas variam de R$ 4 mil a R$ 1,5 milh\u00e3o<\/span><\/strong>, podendo ser cobradas por dia caso a infra\u00e7\u00e3o persista. Os valores ser\u00e3o reajustados anualmente com base no IPCA.<\/p>\n<\/div>\n<\/div>\n<div id=\"chunk-br8pm\">\n<div class=\"mc-column content-text active-extra-styles\" data-block-type=\"raw\" data-block-weight=\"7\" data-block-id=\"29\">\n<div class=\"content-intertitle\">\n<h2>An\u00fancio de retomada em 11 de dezembro<\/h2>\n<\/div>\n<\/div>\n<\/div>\n<div id=\"chunk-1ectr\">\n<div class=\"mc-column content-text active-extra-styles \" data-block-type=\"unstyled\" data-block-weight=\"33\" data-block-id=\"30\">\n<p class=\" content-text__container \" data-track-category=\"Link no Texto\" data-track-links=\"\">No final do m\u00eas passado, as plataformas 99 e Uber anunciaram que v\u00e3o retomar o servi\u00e7o de moto por aplicativo na cidade de S\u00e3o Paulo a partir do pr\u00f3ximo dia 11 de dezembro.<\/p>\n<\/div>\n<\/div>\n<div id=\"chunk-9bhb7\">\n<div class=\"mc-column content-text active-extra-styles \" data-block-type=\"unstyled\" data-block-weight=\"24\" data-block-id=\"31\">\n<p class=\" content-text__container \" data-track-category=\"Link no Texto\" data-track-links=\"\">Na v\u00e9spera, dia 10, vence o prazo dado pela Justi\u00e7a de S\u00e3o Paulo para que Nunes regulamente as regras do servi\u00e7o na capital paulista.<\/p>\n<\/div>\n<\/div>\n<div id=\"chunk-9i6pr\">\n<div class=\"mc-column content-text active-extra-styles \" data-block-type=\"unstyled\" data-block-weight=\"53\" data-block-id=\"32\">\n<p class=\" content-text__container \" data-track-category=\"Link no Texto\" data-track-links=\"\">Procurada, a Prefeitura de SP disse que \u00e9 &#8220;rigorosamente contr\u00e1ria ao servi\u00e7o de motot\u00e1xis na cidade. Trata-se de um transporte n\u00e3o regulamentado, perigoso e que tem registrado acidentes e mortes de in\u00fameros passageiros&#8221; e que &#8220;as \u00e1reas jur\u00eddicas e t\u00e9cnicas da Secretaria Municipal de Mobilidade Urbana e Transporte (SMT) avaliam o assunto&#8221;.<\/p>\n<\/div>\n<\/div>\n<div id=\"chunk-4f0p0\">\n<div class=\"mc-column content-text active-extra-styles \" data-block-type=\"unstyled\" data-block-weight=\"40\" data-block-id=\"33\">\n<p class=\" content-text__container \" data-track-category=\"Link no Texto\" data-track-links=\"\">O an\u00fancio da retomada dos servi\u00e7os foi feito em conjunto pelas duas empresas e acontece ap\u00f3s uma decis\u00e3o do Supremo Tribunal Federal (<a class=\"\" href=\"https:\/\/g1.globo.com\/tudo-sobre\/supremo-tribunal-federal\/\">STF<\/a>) que\u00a0<a class=\"\" href=\"https:\/\/g1.globo.com\/sp\/sao-paulo\/noticia\/2025\/11\/10\/stf-forma-maioria-e-invalida-lei-que-dava-autonomia-a-municipios-de-sp-para-regulamentar-motos-por-app.ghtml\">considerou inconstitucional a lei estadual que dava aos munic\u00edpios poder para autorizar ou proibir o servi\u00e7o<\/a>.<\/p>\n<\/div>\n<\/div>\n<div id=\"chunk-7meka\">\n<div class=\"mc-column content-text active-extra-styles \" data-block-type=\"unstyled\" data-block-weight=\"25\" data-block-id=\"35\">\n<p class=\" content-text__container \" data-track-category=\"Link no Texto\" data-track-links=\"\">Segundo as empresas, o modelo j\u00e1 \u00e9 aplicado no Rio de Janeiro em parceria com o poder p\u00fablico e pode subsidiar a futura regulamenta\u00e7\u00e3o municipal.<\/p>\n<\/div>\n<\/div>\n<div id=\"chunk-5krhm\">\n<div class=\"row medium-uncollapsed content-media content-photo\" data-block-type=\"backstage-photo\" data-block-id=\"36\">\n<div class=\" mc-column  content-media__container\">\n<div class=\"content-media-container glb-skeleton-box\">\n<figure class=\"content-media-figure\"><img decoding=\"async\" class=\"i-amphtml-fill-content i-amphtml-replaced-content\" src=\"https:\/\/s2-g1.glbimg.com\/uYJAXYtdbueOpCOO74nV-Iqb6Wk=\/0x0:1280x576\/984x0\/smart\/filters:strip_icc()\/i.s3.glbimg.com\/v1\/AUTH_59edd422c0c84a879bd37670ae4f538a\/internal_photos\/bs\/2025\/H\/I\/YbzGsOQxKs77BVGAiaMg\/uber-e-99.jpeg\" sizes=\"(max-width: 1366px) 648px, 100vw\" srcset=\"https:\/\/s2-g1.glbimg.com\/WVzJ82fZSDzy5osD6GSXSwy0SUw=\/0x0:1280x576\/1000x0\/smart\/filters:strip_icc()\/i.s3.glbimg.com\/v1\/AUTH_59edd422c0c84a879bd37670ae4f538a\/internal_photos\/bs\/2025\/H\/I\/YbzGsOQxKs77BVGAiaMg\/uber-e-99.jpeg 1000w, https:\/\/s2-g1.glbimg.com\/uYJAXYtdbueOpCOO74nV-Iqb6Wk=\/0x0:1280x576\/984x0\/smart\/filters:strip_icc()\/i.s3.glbimg.com\/v1\/AUTH_59edd422c0c84a879bd37670ae4f538a\/internal_photos\/bs\/2025\/H\/I\/YbzGsOQxKs77BVGAiaMg\/uber-e-99.jpeg 984w, https:\/\/s2-g1.glbimg.com\/SCQyLm-a-ZVHPf3gCHmictIdnfI=\/0x0:1280x576\/640x0\/smart\/filters:strip_icc()\/i.s3.glbimg.com\/v1\/AUTH_59edd422c0c84a879bd37670ae4f538a\/internal_photos\/bs\/2025\/H\/I\/YbzGsOQxKs77BVGAiaMg\/uber-e-99.jpeg 640w, https:\/\/s2-g1.glbimg.com\/hPxjPwYRKo_5tAurv8V_HXDV_40=\/0x0:1280x576\/600x0\/smart\/filters:strip_icc()\/i.s3.glbimg.com\/v1\/AUTH_59edd422c0c84a879bd37670ae4f538a\/internal_photos\/bs\/2025\/H\/I\/YbzGsOQxKs77BVGAiaMg\/uber-e-99.jpeg 600w\" alt=\"99 e Uber anunciam retomada do servi\u00e7o de moto por aplicativo na cidade de SP a partir de 11 de dezembro \u2014 Foto: Rodrigo Rodrigues\/g1\" \/><\/figure>\n<\/div>\n<p class=\"content-media__description  \">99 e Uber anunciam retomada do servi\u00e7o de moto por aplicativo na cidade de SP a partir de 11 de dezembro \u2014 Foto: Rodrigo Rodrigues\/g1<\/p>\n<\/div>\n<\/div>\n<\/div>\n<div id=\"chunk-e6nlv\">\n<div class=\"block-podcast\">Fonte: G1<\/div>\n<\/div>\n<\/div>\n<\/article>\n<\/div>\n","protected":false},"excerpt":{"rendered":"<p>Motos por app em SP: projeto prev\u00ea multa de R$ 1,5 milh\u00e3o e veta uso no Centro Expandido; vota\u00e7\u00e3o deve<\/p>\n","protected":false},"author":1,"featured_media":10736,"comment_status":"open","ping_status":"open","sticky":false,"template":"","format":"standard","meta":{"colormag_page_container_layout":"default_layout","colormag_page_sidebar_layout":"default_layout","footnotes":""},"categories":[1],"tags":[],"class_list":["post-10732","post","type-post","status-publish","format-standard","has-post-thumbnail","hentry","category-geral"],"_links":{"self":[{"href":"http:\/\/metropoleemfoco.com.br\/index.php?rest_route=\/wp\/v2\/posts\/10732","targetHints":{"allow":["GET"]}}],"collection":[{"href":"http:\/\/metropoleemfoco.com.br\/index.php?rest_route=\/wp\/v2\/posts"}],"about":[{"href":"http:\/\/metropoleemfoco.com.br\/index.php?rest_route=\/wp\/v2\/types\/post"}],"author":[{"embeddable":true,"href":"http:\/\/metropoleemfoco.com.br\/index.php?rest_route=\/wp\/v2\/users\/1"}],"replies":[{"embeddable":true,"href":"http:\/\/metropoleemfoco.com.br\/index.php?rest_route=%2Fwp%2Fv2%2Fcomments&post=10732"}],"version-history":[{"count":1,"href":"http:\/\/metropoleemfoco.com.br\/index.php?rest_route=\/wp\/v2\/posts\/10732\/revisions"}],"predecessor-version":[{"id":10737,"href":"http:\/\/metropoleemfoco.com.br\/index.php?rest_route=\/wp\/v2\/posts\/10732\/revisions\/10737"}],"wp:featuredmedia":[{"embeddable":true,"href":"http:\/\/metropoleemfoco.com.br\/index.php?rest_route=\/wp\/v2\/media\/10736"}],"wp:attachment":[{"href":"http:\/\/metropoleemfoco.com.br\/index.php?rest_route=%2Fwp%2Fv2%2Fmedia&parent=10732"}],"wp:term":[{"taxonomy":"category","embeddable":true,"href":"http:\/\/metropoleemfoco.com.br\/index.php?rest_route=%2Fwp%2Fv2%2Fcategories&post=10732"},{"taxonomy":"post_tag","embeddable":true,"href":"http:\/\/metropoleemfoco.com.br\/index.php?rest_route=%2Fwp%2Fv2%2Ftags&post=10732"}],"curies":[{"name":"wp","href":"https:\/\/api.w.org\/{rel}","templated":true}]}}