{"id":10726,"date":"2025-12-03T21:12:19","date_gmt":"2025-12-04T00:12:19","guid":{"rendered":"http:\/\/metropoleemfoco.com.br\/?p=10726"},"modified":"2025-12-03T21:12:19","modified_gmt":"2025-12-04T00:12:19","slug":"homem-de-40-anos-morre-apos-se-afogar-no-centro-esportivo-ibirapuera-na-zona-sul-de-sp","status":"publish","type":"post","link":"http:\/\/metropoleemfoco.com.br\/?p=10726","title":{"rendered":"Homem de 40 anos morre ap\u00f3s se afogar no Centro Esportivo Ibirapuera, na Zona Sul de SP"},"content":{"rendered":"<div class=\"mc-article-header\">\n<div class=\"row content-head mc-column non-featured \">\n<div class=\"title\" data-block-type=\"title\" data-block-id=\"0\">\n<h1 class=\"content-head__title\">Homem de 40 anos morre ap\u00f3s se afogar no Centro Esportivo Ibirapuera, na Zona Sul de SP<\/h1>\n<\/div>\n<div class=\"medium-centered subtitle\">\n<h2 class=\"content-head__subtitle\">Segundo o Corpo de Bombeiros, a v\u00edtima entrou em parada cardiorrespirat\u00f3ria e morreu no local. O local integra o complexo da Secretaria Municipal de Esportes e Lazer de S\u00e3o Paulo.<\/h2>\n<\/div>\n<\/div>\n<div class=\"content__signa-share mc-column\">\n<div class=\"content__signature\">\n<div class=\"content-publication-data\">\n<div class=\"content-publication-data__text\">\n<p class=\"content-publication-data__from\" title=\"Reda\u00e7\u00e3o TV Globo e g1 SP\">Por\u00a0<a class=\"multi_signatures\" href=\"https:\/\/g1.globo.com\/autores\/redacao-tv-globo-e-g1-sp\/\">Reda\u00e7\u00e3o TV Globo e g1 SP<\/a><\/p>\n<\/div>\n<\/div>\n<\/div>\n<\/div>\n<div class=\"glb-share-bar content__share-bar\">\n<div class=\"glb-share-bar_icons\">\n<div class=\"glb-share-bar_button-img\"><\/div>\n<div class=\"glb-share-bar_button-img\"><\/div>\n<\/div>\n<\/div>\n<\/div>\n<div class=\"mc-article-body\">\n<article>\n<div id=\"chunk-8hnq0\">\n<div class=\"cxm-block-video content-media mc-column \" data-block-type=\"backstage-video\" data-block-id=\"2\">\n<div class=\"cxm-block-video__container cxm-block-video__container--fallback \">\n<div class=\"cxm-block-video__player-fixer\">\n<article class=\"cxm-block-video__player-wrapper\">\n<section class=\"cxm-block-video__player\">\n<div class=\"cxm-block-video__placeholder\" data-video-id=\"14145731\"><img decoding=\"async\" class=\"cxm-block-video__thumb\" title=\"Homem se afoga no Centro Esportivo Ibirapuera, na Zona Sul de SP\" src=\"https:\/\/s04.video.glbimg.com\/x240\/14145731.jpg\" alt=\"Homem se afoga no Centro Esportivo Ibirapuera, na Zona Sul de SP\" \/><\/p>\n<div>\n<div id=\"wp3-player-1\" class=\"clappr-player\" tabindex=\"9999\" data-player=\"\">\n<div class=\"media-control media-control-hide h720 w960\">\n<div class=\"media-control-panel\">\n<div class=\"media-control-panel__modal\"><\/div>\n<\/div>\n<\/div>\n<\/div>\n<\/div>\n<\/div>\n<\/section>\n<\/article>\n<\/div>\n<div class=\"cxm-block-video__caption-container\">\n<p class=\"codex-caption codex-caption--small\">Homem se afoga no Centro Esportivo Ibirapuera, na Zona Sul de SP<\/p>\n<\/div>\n<\/div>\n<\/div>\n<\/div>\n<div id=\"chunk-bpim7\">\n<div class=\"mc-column content-text active-extra-styles \" data-block-type=\"unstyled\" data-block-weight=\"32\" data-block-id=\"3\">\n<p class=\" content-text__container \" data-track-category=\"Link no Texto\" data-track-links=\"\" data-mrf-recirculation=\"Mat\u00e9ria - Links no Texto\">Um homem, de 40 anos, morreu ap\u00f3s se afogar na manh\u00e3 desta ter\u00e7a-feira (2) no Centro Esportivo Ibirapuera, tamb\u00e9m conhecido como Man\u00e9 Garrincha, em Indian\u00f3polis, na Zona Sul de\u00a0<a class=\"\" href=\"https:\/\/g1.globo.com\/sp\/sao-paulo\/cidade\/sao-paulo\/\" data-mrf-link=\"https:\/\/g1.globo.com\/sp\/sao-paulo\/cidade\/sao-paulo\/\">S\u00e3o Paulo<\/a>.<\/p>\n<\/div>\n<\/div>\n<div class=\"wall protected-content\">\n<div id=\"chunk-6n771\">\n<div class=\"mc-column content-text active-extra-styles \" data-block-type=\"unstyled\" data-block-weight=\"42\" data-block-id=\"5\">\n<p class=\" content-text__container \" data-track-category=\"Link no Texto\" data-track-links=\"\" data-mrf-recirculation=\"Mat\u00e9ria - Links no Texto\">Em nota, a Secretaria Municipal de Esportes e Lazer lamentou o ocorrido e informou que, no momento do incidente, havia uma equipe com tr\u00eas salva-vidas de plant\u00e3o, que efetuou todos os procedimentos de salvamento antes da chegada do Corpo de Bombeiros.<\/p>\n<\/div>\n<\/div>\n<div id=\"chunk-9hs57\">\n<div class=\"mc-column content-text active-extra-styles \" data-block-type=\"unstyled\" data-block-weight=\"35\" data-block-id=\"6\">\n<p class=\" content-text__container \" data-track-category=\"Link no Texto\" data-track-links=\"\" data-mrf-recirculation=\"Mat\u00e9ria - Links no Texto\">Segundo o Corpo de Bombeiros, a v\u00edtima entrou em parada cardiorrespirat\u00f3ria. O Servi\u00e7o de Atendimento M\u00f3vel de Urg\u00eancia (Samu) e os bombeiros foram acionados para fazer o atendimento, mas a v\u00edtima n\u00e3o resistiu.<\/p>\n<\/div>\n<\/div>\n<div id=\"chunk-65pn6\">\n<div class=\"content-ads\" data-block-type=\"ads\" data-block-id=\"7\"><\/div>\n<\/div>\n<div id=\"chunk-ffv0e\">\n<div class=\"mc-column content-text active-extra-styles \" data-block-type=\"unstyled\" data-block-weight=\"23\" data-block-id=\"8\">\n<p class=\" content-text__container \" data-track-category=\"Link no Texto\" data-track-links=\"\" data-mrf-recirculation=\"Mat\u00e9ria - Links no Texto\">O local, gerido pela Prefeitura de S\u00e3o Paulo, integra o complexo da Secretaria Municipal de Esportes e Lazer de S\u00e3o Paulo (SEME).<\/p>\n<\/div>\n<\/div>\n<div id=\"chunk-p8k0\">\n<div class=\"mc-column content-text active-extra-styles\" data-block-type=\"raw\" data-block-weight=\"14\" data-block-id=\"9\">\n<p class=\"content-text__container\" data-mrf-recirculation=\"Mat\u00e9ria - Links no Texto\">\n<blockquote class=\"content-blockquote theme-border-color-primary-before\"><p>At\u00e9 a \u00faltima atualiza\u00e7\u00e3o desta reportagem, n\u00e3o havia informa\u00e7\u00f5es sobre as circunst\u00e2ncias do afogamento.<\/p><\/blockquote>\n<p>&nbsp;<\/p>\n<\/div>\n<\/div>\n<div id=\"chunk-bv3e3\">\n<div class=\"mc-column content-text active-extra-styles \" data-block-type=\"unstyled\" data-block-weight=\"24\" data-block-id=\"10\">\n<p class=\" content-text__container \" data-track-category=\"Link no Texto\" data-track-links=\"\" data-mrf-recirculation=\"Mat\u00e9ria - Links no Texto\">Em nota, a gest\u00e3o municipal afirmou que aguarda a conclus\u00e3o dos laudos periciais da Pol\u00edcia e do IML para esclarecer a causa da morte.<\/p>\n<\/div>\n<\/div>\n<div id=\"chunk-786ae\">\n<div class=\"mc-column content-text active-extra-styles \" data-block-type=\"unstyled\" data-block-weight=\"20\" data-block-id=\"11\">\n<p class=\" content-text__container \" data-track-category=\"Link no Texto\" data-track-links=\"\" data-mrf-recirculation=\"Mat\u00e9ria - Links no Texto\">A reportagem tamb\u00e9m procurou a Secretaria da Seguran\u00e7a P\u00fablica (SSP) para saber como o caso ser\u00e1 registrado e aguarda retorno.<\/p>\n<\/div>\n<\/div>\n<div id=\"chunk-f5137\">\n<div class=\"row medium-uncollapsed content-media content-photo\" data-block-type=\"backstage-photo\" data-block-id=\"12\">\n<div class=\" mc-column  content-media__container\">\n<div class=\"content-media-container glb-skeleton-box\">\n<figure class=\"content-media-figure\"><img decoding=\"async\" class=\"i-amphtml-fill-content i-amphtml-replaced-content\" src=\"https:\/\/s2-g1.glbimg.com\/kjEStFc0ldTKD2ZqY4mcjEqWJXE=\/0x0:1200x670\/984x0\/smart\/filters:strip_icc()\/i.s3.glbimg.com\/v1\/AUTH_59edd422c0c84a879bd37670ae4f538a\/internal_photos\/bs\/2025\/V\/A\/ik0EckQfuM74SXnoZtFg\/homem-de-40-anos-morre-apos-se-afogar-no-centro-esportivo-ibirapuera-na-zona-sul-de-sp.jpg\" sizes=\"(max-width: 1366px) 648px, 100vw\" srcset=\"https:\/\/s2-g1.glbimg.com\/TZ9u2F-DKkg6OetyOit3HROx2Yc=\/0x0:1200x670\/1000x0\/smart\/filters:strip_icc()\/i.s3.glbimg.com\/v1\/AUTH_59edd422c0c84a879bd37670ae4f538a\/internal_photos\/bs\/2025\/V\/A\/ik0EckQfuM74SXnoZtFg\/homem-de-40-anos-morre-apos-se-afogar-no-centro-esportivo-ibirapuera-na-zona-sul-de-sp.jpg 1000w, https:\/\/s2-g1.glbimg.com\/kjEStFc0ldTKD2ZqY4mcjEqWJXE=\/0x0:1200x670\/984x0\/smart\/filters:strip_icc()\/i.s3.glbimg.com\/v1\/AUTH_59edd422c0c84a879bd37670ae4f538a\/internal_photos\/bs\/2025\/V\/A\/ik0EckQfuM74SXnoZtFg\/homem-de-40-anos-morre-apos-se-afogar-no-centro-esportivo-ibirapuera-na-zona-sul-de-sp.jpg 984w, https:\/\/s2-g1.glbimg.com\/z_LtSm6bZnybWNcWUGYjp6gerkQ=\/0x0:1200x670\/640x0\/smart\/filters:strip_icc()\/i.s3.glbimg.com\/v1\/AUTH_59edd422c0c84a879bd37670ae4f538a\/internal_photos\/bs\/2025\/V\/A\/ik0EckQfuM74SXnoZtFg\/homem-de-40-anos-morre-apos-se-afogar-no-centro-esportivo-ibirapuera-na-zona-sul-de-sp.jpg 640w, https:\/\/s2-g1.glbimg.com\/nGHNCbqdvJ9Kg2TBfLbza5O6IuE=\/0x0:1200x670\/600x0\/smart\/filters:strip_icc()\/i.s3.glbimg.com\/v1\/AUTH_59edd422c0c84a879bd37670ae4f538a\/internal_photos\/bs\/2025\/V\/A\/ik0EckQfuM74SXnoZtFg\/homem-de-40-anos-morre-apos-se-afogar-no-centro-esportivo-ibirapuera-na-zona-sul-de-sp.jpg 600w\" alt=\"Homem de 40 anos morre ap\u00f3s se afogar no Centro Esportivo Ibirapuera, na Zona Sul de SP \u2014 Foto: Reprodu\u00e7\u00e3o\/TV Globo\" \/><\/figure>\n<\/div>\n<p class=\"content-media__description  \">Homem de 40 anos morre ap\u00f3s se afogar no Centro Esportivo Ibirapuera, na Zona Sul de SP \u2014 Foto: Reprodu\u00e7\u00e3o\/TV Globo<\/p>\n<\/div>\n<\/div>\n<\/div>\n<div id=\"chunk-64aod\">\n<div class=\"row medium-uncollapsed content-media content-photo\" data-block-type=\"backstage-photo\" data-block-id=\"13\">\n<div class=\" mc-column  content-media__container\">\n<div class=\"content-media-container glb-skeleton-box\">\n<figure class=\"content-media-figure\"><img decoding=\"async\" class=\"i-amphtml-fill-content i-amphtml-replaced-content\" src=\"https:\/\/s2-g1.glbimg.com\/EX-fzKnUWER_JDwtRbAXp_pxLEQ=\/0x0:1280x960\/984x0\/smart\/filters:strip_icc()\/i.s3.glbimg.com\/v1\/AUTH_59edd422c0c84a879bd37670ae4f538a\/internal_photos\/bs\/2025\/Q\/Z\/kRfHMOQXCYMPCRiJfw1w\/ce-pauta-1.jpeg\" sizes=\"(max-width: 1366px) 648px, 100vw\" srcset=\"https:\/\/s2-g1.glbimg.com\/HOyoPICrKu5hig2ZS7na9X1_dkw=\/0x0:1280x960\/1000x0\/smart\/filters:strip_icc()\/i.s3.glbimg.com\/v1\/AUTH_59edd422c0c84a879bd37670ae4f538a\/internal_photos\/bs\/2025\/Q\/Z\/kRfHMOQXCYMPCRiJfw1w\/ce-pauta-1.jpeg 1000w, https:\/\/s2-g1.glbimg.com\/EX-fzKnUWER_JDwtRbAXp_pxLEQ=\/0x0:1280x960\/984x0\/smart\/filters:strip_icc()\/i.s3.glbimg.com\/v1\/AUTH_59edd422c0c84a879bd37670ae4f538a\/internal_photos\/bs\/2025\/Q\/Z\/kRfHMOQXCYMPCRiJfw1w\/ce-pauta-1.jpeg 984w, https:\/\/s2-g1.glbimg.com\/3awi5ver9gExiELgrqLMlnLROVU=\/0x0:1280x960\/640x0\/smart\/filters:strip_icc()\/i.s3.glbimg.com\/v1\/AUTH_59edd422c0c84a879bd37670ae4f538a\/internal_photos\/bs\/2025\/Q\/Z\/kRfHMOQXCYMPCRiJfw1w\/ce-pauta-1.jpeg 640w, https:\/\/s2-g1.glbimg.com\/rgli00prnDFrQWjkny8HZfPrMpA=\/0x0:1280x960\/600x0\/smart\/filters:strip_icc()\/i.s3.glbimg.com\/v1\/AUTH_59edd422c0c84a879bd37670ae4f538a\/internal_photos\/bs\/2025\/Q\/Z\/kRfHMOQXCYMPCRiJfw1w\/ce-pauta-1.jpeg 600w\" alt=\"Centro Esportivo Man\u00e9 Garrincha \u2014 Foto: Reprodu\u00e7\u00e3o\/Prefeitura de S\u00e3o Paulo\" \/><\/figure>\n<\/div>\n<p class=\"content-media__description  \">Centro Esportivo Man\u00e9 Garrincha \u2014 Foto: Reprodu\u00e7\u00e3o\/Prefeitura de S\u00e3o Paulo<\/p>\n<p>Fonte: G1<\/p>\n<\/div>\n<\/div>\n<\/div>\n<\/div>\n<\/article>\n<\/div>\n","protected":false},"excerpt":{"rendered":"<p>Homem de 40 anos morre ap\u00f3s se afogar no Centro Esportivo Ibirapuera, na Zona Sul de SP Segundo o Corpo<\/p>\n","protected":false},"author":1,"featured_media":10730,"comment_status":"open","ping_status":"open","sticky":false,"template":"","format":"standard","meta":{"colormag_page_container_layout":"default_layout","colormag_page_sidebar_layout":"default_layout","footnotes":""},"categories":[3,17],"tags":[],"class_list":["post-10726","post","type-post","status-publish","format-standard","has-post-thumbnail","hentry","category-seu-bairro","category-zona-sul"],"_links":{"self":[{"href":"http:\/\/metropoleemfoco.com.br\/index.php?rest_route=\/wp\/v2\/posts\/10726","targetHints":{"allow":["GET"]}}],"collection":[{"href":"http:\/\/metropoleemfoco.com.br\/index.php?rest_route=\/wp\/v2\/posts"}],"about":[{"href":"http:\/\/metropoleemfoco.com.br\/index.php?rest_route=\/wp\/v2\/types\/post"}],"author":[{"embeddable":true,"href":"http:\/\/metropoleemfoco.com.br\/index.php?rest_route=\/wp\/v2\/users\/1"}],"replies":[{"embeddable":true,"href":"http:\/\/metropoleemfoco.com.br\/index.php?rest_route=%2Fwp%2Fv2%2Fcomments&post=10726"}],"version-history":[{"count":1,"href":"http:\/\/metropoleemfoco.com.br\/index.php?rest_route=\/wp\/v2\/posts\/10726\/revisions"}],"predecessor-version":[{"id":10731,"href":"http:\/\/metropoleemfoco.com.br\/index.php?rest_route=\/wp\/v2\/posts\/10726\/revisions\/10731"}],"wp:featuredmedia":[{"embeddable":true,"href":"http:\/\/metropoleemfoco.com.br\/index.php?rest_route=\/wp\/v2\/media\/10730"}],"wp:attachment":[{"href":"http:\/\/metropoleemfoco.com.br\/index.php?rest_route=%2Fwp%2Fv2%2Fmedia&parent=10726"}],"wp:term":[{"taxonomy":"category","embeddable":true,"href":"http:\/\/metropoleemfoco.com.br\/index.php?rest_route=%2Fwp%2Fv2%2Fcategories&post=10726"},{"taxonomy":"post_tag","embeddable":true,"href":"http:\/\/metropoleemfoco.com.br\/index.php?rest_route=%2Fwp%2Fv2%2Ftags&post=10726"}],"curies":[{"name":"wp","href":"https:\/\/api.w.org\/{rel}","templated":true}]}}