{"id":10717,"date":"2025-12-03T21:09:28","date_gmt":"2025-12-04T00:09:28","guid":{"rendered":"http:\/\/metropoleemfoco.com.br\/?p=10717"},"modified":"2025-12-03T21:09:28","modified_gmt":"2025-12-04T00:09:28","slug":"inmet-emite-alerta-de-chuvas-intensas-com-ventos-de-60-a-100-km-h-para-sp","status":"publish","type":"post","link":"http:\/\/metropoleemfoco.com.br\/?p=10717","title":{"rendered":"Inmet emite alerta de chuvas intensas com ventos de 60 a 100 km\/h para SP"},"content":{"rendered":"<div class=\"mc-article-header\">\n<div class=\"row content-head mc-column non-featured \">\n<div class=\"title\" data-block-type=\"title\" data-block-id=\"0\">\n<h1 class=\"content-head__title\">Inmet emite alerta de chuvas intensas com ventos de 60 a 100 km\/h para SP<\/h1>\n<\/div>\n<div class=\"medium-centered subtitle\">\n<h2 class=\"content-head__subtitle\">O aviso come\u00e7ou \u00e0s 10h e tem um dia de validade. H\u00e1 probabilidade de corte de energia el\u00e9trica, queda de \u00e1rvores, alagamentos e descargas el\u00e9tricas.<\/h2>\n<\/div>\n<\/div>\n<div class=\"content__signa-share mc-column\">\n<div class=\"content__signature\">\n<div class=\"content-publication-data\">\n<div class=\"content-publication-data__text\">\n<p class=\"content-publication-data__from\" title=\"Reda\u00e7\u00e3o g1 SP\">Por\u00a0<a class=\"multi_signatures\" href=\"https:\/\/g1.globo.com\/autores\/redacao-g1-sp\/\">Reda\u00e7\u00e3o g1 SP<\/a><\/p>\n<\/div>\n<\/div>\n<\/div>\n<\/div>\n<div class=\"glb-share-bar content__share-bar\">\n<div class=\"glb-share-bar_icons\">\n<div class=\"glb-share-bar_button-img\"><\/div>\n<\/div>\n<\/div>\n<\/div>\n<div class=\"mc-article-body\">\n<article>\n<div id=\"chunk-b5kbs\">\n<div class=\"row medium-uncollapsed content-media content-photo\" data-block-type=\"backstage-photo\" data-block-id=\"2\">\n<div class=\" mc-column  content-media__container\">\n<div class=\"content-media-container glb-skeleton-box\">\n<figure class=\"content-media-figure\"><img decoding=\"async\" class=\"i-amphtml-fill-content i-amphtml-replaced-content\" src=\"https:\/\/s2-g1.glbimg.com\/QBYBf8X9i-t6e2uHkKEsfJqf9Zk=\/0x0:6000x4000\/984x0\/smart\/filters:strip_icc()\/i.s3.glbimg.com\/v1\/AUTH_59edd422c0c84a879bd37670ae4f538a\/internal_photos\/bs\/2025\/K\/i\/vE4YtJQY6JWYTZFo8TpQ\/drf20250331012.jpg\" sizes=\"(max-width: 1366px) 648px, 100vw\" srcset=\"https:\/\/s2-g1.glbimg.com\/0nqjK_8z7gLTslAdpa_1EuHpV8I=\/0x0:6000x4000\/1000x0\/smart\/filters:strip_icc()\/i.s3.glbimg.com\/v1\/AUTH_59edd422c0c84a879bd37670ae4f538a\/internal_photos\/bs\/2025\/K\/i\/vE4YtJQY6JWYTZFo8TpQ\/drf20250331012.jpg 1000w, https:\/\/s2-g1.glbimg.com\/QBYBf8X9i-t6e2uHkKEsfJqf9Zk=\/0x0:6000x4000\/984x0\/smart\/filters:strip_icc()\/i.s3.glbimg.com\/v1\/AUTH_59edd422c0c84a879bd37670ae4f538a\/internal_photos\/bs\/2025\/K\/i\/vE4YtJQY6JWYTZFo8TpQ\/drf20250331012.jpg 984w, https:\/\/s2-g1.glbimg.com\/FbMhYzeiXPCsvjI7NP5O5zVsqME=\/0x0:6000x4000\/640x0\/smart\/filters:strip_icc()\/i.s3.glbimg.com\/v1\/AUTH_59edd422c0c84a879bd37670ae4f538a\/internal_photos\/bs\/2025\/K\/i\/vE4YtJQY6JWYTZFo8TpQ\/drf20250331012.jpg 640w, https:\/\/s2-g1.glbimg.com\/7eeTCBTCZfHtYM7vGxcu9u2819M=\/0x0:6000x4000\/600x0\/smart\/filters:strip_icc()\/i.s3.glbimg.com\/v1\/AUTH_59edd422c0c84a879bd37670ae4f538a\/internal_photos\/bs\/2025\/K\/i\/vE4YtJQY6JWYTZFo8TpQ\/drf20250331012.jpg 600w\" alt=\"Pedestres se protegem da chuva na regi\u00e3o central de S\u00e3o Paulo \u2014 Foto: CRIS FAGA\/DRAGONFLY PRESS\/ESTAD\u00c3O CONTE\u00daDO\" \/><\/figure>\n<\/div>\n<p class=\"content-media__description  \">Pedestres se protegem da chuva na regi\u00e3o central de S\u00e3o Paulo \u2014 Foto: CRIS FAGA\/DRAGONFLY PRESS\/ESTAD\u00c3O CONTE\u00daDO<\/p>\n<\/div>\n<\/div>\n<\/div>\n<div id=\"chunk-8q7ei\">\n<div class=\"mc-column mc-side-item__container\" data-block-type=\"ads\" data-block-id=\"4\">\n<div class=\"mc-side-item mc-side-item--right content-ads content-ads--side-ad\">\n<div id=\"banner_materia1\">\n<div id=\"google_ads_iframe_\/95377733\/tvg_G1\/Sua_Regiao&gt;Sudeste&gt;Sao_Paulo_1__container__\" style=\"box-sizing: inherit; margin: auto; padding: 0px; border: 0pt none; font: inherit; vertical-align: baseline; text-align: center;\"><\/div>\n<\/div>\n<\/div>\n<\/div>\n<\/div>\n<div id=\"chunk-2pb02\">\n<div class=\"mc-column content-text active-extra-styles \" data-block-type=\"unstyled\" data-block-weight=\"38\" data-block-id=\"3\">\n<p class=\" content-text__container \" data-track-category=\"Link no Texto\" data-track-links=\"\" data-mrf-recirculation=\"Mat\u00e9ria - Links no Texto\">O Instituto Nacional de Meteorologia (Inmet) divulgou, nesta quarta-feira (3), um alerta laranja de chuvas intensas para todo o estado de\u00a0<a class=\"\" href=\"https:\/\/g1.globo.com\/sp\/sao-paulo\/cidade\/sao-paulo\/\" data-mrf-link=\"https:\/\/g1.globo.com\/sp\/sao-paulo\/cidade\/sao-paulo\/\">S\u00e3o Paulo<\/a>. O aviso come\u00e7ou \u00e0s 10h e \u00e9 v\u00e1lido at\u00e9 as 10h de quinta-feira (4).<\/p>\n<\/div>\n<\/div>\n<div class=\"wall protected-content\">\n<div id=\"chunk-1duts\">\n<div class=\"mc-column content-text active-extra-styles\" data-block-type=\"raw\" data-block-weight=\"30\" data-block-id=\"5\">\n<p class=\"content-text__container\" data-mrf-recirculation=\"Mat\u00e9ria - Links no Texto\">\n<blockquote class=\"content-blockquote theme-border-color-primary-before\"><p>Segundo o Inmet, a previs\u00e3o indica chuva entre 30 e 60 mm\/h ou 50 e 100 mm\/dia, acompanhada de ventos fortes, de 60 a 100 km\/h, e queda de granizo.<\/p><\/blockquote>\n<p>&nbsp;<\/p>\n<\/div>\n<\/div>\n<div id=\"chunk-arr8l\">\n<div class=\"mc-column content-text active-extra-styles \" data-block-type=\"unstyled\" data-block-weight=\"15\" data-block-id=\"6\">\n<p class=\" content-text__container \" data-track-category=\"Link no Texto\" data-track-links=\"\" data-mrf-recirculation=\"Mat\u00e9ria - Links no Texto\">Tamb\u00e9m h\u00e1 risco de corte de energia el\u00e9trica, queda de \u00e1rvores, alagamentos e descargas el\u00e9tricas.<\/p>\n<\/div>\n<\/div>\n<div id=\"chunk-8ofmh\">\n<div class=\"mc-column content-text active-extra-styles \" data-block-type=\"unstyled\" data-block-weight=\"2\" data-block-id=\"7\">\n<p class=\" content-text__container \" data-track-category=\"Link no Texto\" data-track-links=\"\" data-mrf-recirculation=\"Mat\u00e9ria - Links no Texto\"><img decoding=\"async\" src=\"https:\/\/s2-g1.glbimg.com\/QBYBf8X9i-t6e2uHkKEsfJqf9Zk=\/0x0:6000x4000\/984x0\/smart\/filters:strip_icc()\/i.s3.glbimg.com\/v1\/AUTH_59edd422c0c84a879bd37670ae4f538a\/internal_photos\/bs\/2025\/K\/i\/vE4YtJQY6JWYTZFo8TpQ\/drf20250331012.jpg\" alt=\"Pedestres se protegem da chuva na regi\u00e3o central de S\u00e3o Paulo \u2014 Foto: CRIS FAGA\/DRAGONFLY PRESS\/ESTAD\u00c3O CONTE\u00daDO\" \/><\/p>\n<\/div>\n<\/div>\n<div id=\"chunk-6dk5o\">\n<div class=\"cxm-block-video content-media mc-column \" data-block-type=\"backstage-video\" data-block-id=\"10\">\n<div class=\"cxm-block-video__container cxm-block-video__container--fallback \">\n<div class=\"cxm-block-video__player-fixer\">\n<article class=\"cxm-block-video__player-wrapper\">\n<section class=\"cxm-block-video__player\">\n<div class=\"cxm-block-video__placeholder\" data-video-id=\"992055\"><img decoding=\"async\" class=\"cxm-block-video__thumb\" title=\"Veja os v\u00eddeos que est\u00e3o em alta no g1\" src=\"https:\/\/s04.video.glbimg.com\/x240\/992055.jpg\" alt=\"Veja os v\u00eddeos que est\u00e3o em alta no g1\" \/><\/div>\n<\/section>\n<\/article>\n<\/div>\n<\/div>\n<\/div>\n<\/div>\n<div id=\"chunk-eqr43\">\n<div class=\"mc-column content-text active-extra-styles\" data-block-type=\"raw\" data-block-weight=\"3\" data-block-id=\"11\">\n<p class=\"content-text__container\" data-mrf-recirculation=\"Mat\u00e9ria - Links no Texto\">\n<div class=\"content-intertitle\">\n<h2>Previs\u00e3o do tempo<\/h2>\n<\/div>\n<p>&nbsp;<\/p>\n<\/div>\n<\/div>\n<div id=\"chunk-djb86\">\n<div class=\"mc-column content-text active-extra-styles \" data-block-type=\"unstyled\" data-block-weight=\"28\" data-block-id=\"12\">\n<p class=\" content-text__container \" data-track-category=\"Link no Texto\" data-track-links=\"\" data-mrf-recirculation=\"Mat\u00e9ria - Links no Texto\">Os term\u00f4metros devem variar entre m\u00ednimas de 18\u202f\u00b0C e m\u00e1ximas em torno dos 25\u202f\u00b0C nesta quarta-feira (3), segundo o Centro de Gerenciamento de Emerg\u00eancias Clim\u00e1ticas (CGE), da prefeitura.<\/p>\n<\/div>\n<\/div>\n<div id=\"chunk-u6gn\">\n<div class=\"mc-column content-text active-extra-styles \" data-block-type=\"unstyled\" data-block-weight=\"30\" data-block-id=\"13\">\n<p class=\" content-text__container \" data-track-category=\"Link no Texto\" data-track-links=\"\" data-mrf-recirculation=\"Mat\u00e9ria - Links no Texto\">Os ventos que sopram do mar facilitam a entrada de umidade e a forma\u00e7\u00e3o de muitas nuvens, o que vai provocar pancadas isoladas de chuva no per\u00edodo da tarde.<\/p>\n<\/div>\n<\/div>\n<div id=\"chunk-cd52c\">\n<div class=\"mc-column content-text active-extra-styles \" data-block-type=\"unstyled\" data-block-weight=\"27\" data-block-id=\"14\">\n<p class=\" content-text__container \" data-track-category=\"Link no Texto\" data-track-links=\"\" data-mrf-recirculation=\"Mat\u00e9ria - Links no Texto\">A quinta-feira (4) vai come\u00e7ar com muitas nuvens e chuviscos na Capital e na Grande S\u00e3o Paulo. As temperaturas v\u00e3o oscilar entre 17\u00b0 C e 24\u00b0 C.<\/p>\n<\/div>\n<\/div>\n<div id=\"chunk-1rln6\">\n<div class=\"mc-column content-text active-extra-styles \" data-block-type=\"unstyled\" data-block-weight=\"22\" data-block-id=\"15\">\n<p class=\" content-text__container \" data-track-category=\"Link no Texto\" data-track-links=\"\" data-mrf-recirculation=\"Mat\u00e9ria - Links no Texto\">Dezembro registrou at\u00e9 o momento 6,8 mm de chuva, o que corresponde a aproximadamente 3,7% dos 184,2 mm esperados para o m\u00eas.<\/p>\n<p>Fonte: G1<\/p>\n<\/div>\n<\/div>\n<\/div>\n<\/article>\n<\/div>\n","protected":false},"excerpt":{"rendered":"<p>Inmet emite alerta de chuvas intensas com ventos de 60 a 100 km\/h para SP O aviso come\u00e7ou \u00e0s 10h<\/p>\n","protected":false},"author":1,"featured_media":10724,"comment_status":"open","ping_status":"open","sticky":false,"template":"","format":"standard","meta":{"colormag_page_container_layout":"default_layout","colormag_page_sidebar_layout":"default_layout","footnotes":""},"categories":[1],"tags":[],"class_list":["post-10717","post","type-post","status-publish","format-standard","has-post-thumbnail","hentry","category-geral"],"_links":{"self":[{"href":"http:\/\/metropoleemfoco.com.br\/index.php?rest_route=\/wp\/v2\/posts\/10717","targetHints":{"allow":["GET"]}}],"collection":[{"href":"http:\/\/metropoleemfoco.com.br\/index.php?rest_route=\/wp\/v2\/posts"}],"about":[{"href":"http:\/\/metropoleemfoco.com.br\/index.php?rest_route=\/wp\/v2\/types\/post"}],"author":[{"embeddable":true,"href":"http:\/\/metropoleemfoco.com.br\/index.php?rest_route=\/wp\/v2\/users\/1"}],"replies":[{"embeddable":true,"href":"http:\/\/metropoleemfoco.com.br\/index.php?rest_route=%2Fwp%2Fv2%2Fcomments&post=10717"}],"version-history":[{"count":1,"href":"http:\/\/metropoleemfoco.com.br\/index.php?rest_route=\/wp\/v2\/posts\/10717\/revisions"}],"predecessor-version":[{"id":10725,"href":"http:\/\/metropoleemfoco.com.br\/index.php?rest_route=\/wp\/v2\/posts\/10717\/revisions\/10725"}],"wp:featuredmedia":[{"embeddable":true,"href":"http:\/\/metropoleemfoco.com.br\/index.php?rest_route=\/wp\/v2\/media\/10724"}],"wp:attachment":[{"href":"http:\/\/metropoleemfoco.com.br\/index.php?rest_route=%2Fwp%2Fv2%2Fmedia&parent=10717"}],"wp:term":[{"taxonomy":"category","embeddable":true,"href":"http:\/\/metropoleemfoco.com.br\/index.php?rest_route=%2Fwp%2Fv2%2Fcategories&post=10717"},{"taxonomy":"post_tag","embeddable":true,"href":"http:\/\/metropoleemfoco.com.br\/index.php?rest_route=%2Fwp%2Fv2%2Ftags&post=10717"}],"curies":[{"name":"wp","href":"https:\/\/api.w.org\/{rel}","templated":true}]}}