{"id":10298,"date":"2025-10-20T14:04:15","date_gmt":"2025-10-20T17:04:15","guid":{"rendered":"http:\/\/metropoleemfoco.com.br\/?p=10298"},"modified":"2025-10-20T14:04:37","modified_gmt":"2025-10-20T17:04:37","slug":"abel-ferreira-e-eleito-o-melhor-tecnico-do-futebol-brasileiro-no-seculo-em-votacao-do-ge","status":"publish","type":"post","link":"http:\/\/metropoleemfoco.com.br\/?p=10298","title":{"rendered":"Abel Ferreira \u00e9 eleito o melhor t\u00e9cnico do futebol brasileiro no s\u00e9culo em vota\u00e7\u00e3o do ge"},"content":{"rendered":"<div id=\"chunk-dn3sa\">\n<div class=\"mc-column content-text active-extra-styles \" data-block-type=\"unstyled\" data-block-weight=\"55\" data-block-id=\"3\">\n<div class=\"row content-head non-featured \">\n<div class=\"title\" data-block-type=\"title\" data-block-id=\"0\">\n<h1 class=\"content-head__title\">Abel Ferreira \u00e9 eleito o melhor t\u00e9cnico do futebol brasileiro no s\u00e9culo em vota\u00e7\u00e3o do ge<\/h1>\n<\/div>\n<div class=\"medium-centered subtitle\">\n<h2 class=\"content-head__subtitle\">Treinador do Palmeiras venceu enquete que tamb\u00e9m contava com nomes como Felip\u00e3o, Tite, Muricy Ramalho, Vanderlei Luxemburgo, Jorge Jesus, Arthur Jorge, entre outros<\/h2>\n<\/div>\n<\/div>\n<div><\/div>\n<div class=\"content__signa-share\">\n<div class=\"content__signature\">\n<div class=\"content-publication-data\">\n<div class=\"content-publication-data__text\">\n<p class=\"content-publication-data__from\" title=\"Reda\u00e7\u00e3o do ge\">Por Reda\u00e7\u00e3o do ge\u00a0\u2014 Recife<\/p>\n<\/div>\n<\/div>\n<\/div>\n<div class=\"content__share-bar content__share-bar--cloned\" data-position=\"upper\"><\/div>\n<\/div>\n<hr class=\"content__divider \" \/>\n<div class=\"summary-section\"><\/div>\n<div class=\"mc-article-body\">\n<article>\n<div id=\"chunk-esepu\">\n<div class=\"cxm-video-block mc-column  content-media content-video\" data-block-type=\"backstage-video\" data-block-id=\"1\">\n<div class=\"content-media__container\">\n<div class=\"content-video__bigger-player-description-fixer\">\n<article class=\"content-video\">\n<section class=\"content-video__video-container\">\n<div class=\"content-video__video\">\n<div class=\"content-video__placeholder\" data-video-id=\"14009176\"><img decoding=\"async\" class=\"content-video__placeholder__thumb\" title=\"Melhor Palmeiras na era Abel Ferreira? GE Palmeiras analisa boa fase\" src=\"https:\/\/s01.video.glbimg.com\/x240\/14009176.jpg\" alt=\"Melhor Palmeiras na era Abel Ferreira? GE Palmeiras analisa boa fase\" \/><\/div>\n<\/div>\n<\/section>\n<\/article>\n<\/div>\n<div class=\"bs-block-video__container\">\n<p class=\"codex-caption codex-caption--small\">Melhor Palmeiras na era Abel Ferreira? GE Palmeiras analisa boa fase<\/p>\n<\/div>\n<\/div>\n<\/div>\n<\/div>\n<div id=\"chunk-dn3sa\">\n<div class=\"mc-column content-text active-extra-styles \" data-block-type=\"unstyled\" data-block-weight=\"55\" data-block-id=\"3\">\n<p class=\" content-text__container \" data-track-category=\"Link no Texto\" data-track-links=\"\" data-mrf-recirculation=\"Artigo - Link no Texto\">Treinador\u00a0<a class=\"\" href=\"https:\/\/ge.globo.com\/futebol\/times\/palmeiras\/noticia\/2024\/04\/07\/maior-da-historia-abel-ferreira-se-torna-o-tecnico-com-mais-titulos-pelo-palmeiras.ghtml\" data-mrf-link=\"https:\/\/ge.globo.com\/futebol\/times\/palmeiras\/noticia\/2024\/04\/07\/maior-da-historia-abel-ferreira-se-torna-o-tecnico-com-mais-titulos-pelo-palmeiras.ghtml\">mais vencedor da hist\u00f3ria do Palmeiras<\/a>\u00a0(ao lado de Oswaldo Brand\u00e3o), com 10 t\u00edtulos, entre eles duas Libertadores (2020 e 2021), dois Brasileiros (2022 e 2023) e uma Copa do Brasil (2020), o portugu\u00eas Abel Ferreira foi o vencedor da vota\u00e7\u00e3o feita pelo\u00a0<a class=\"\" href=\"https:\/\/ge.globo.com\/\" data-mrf-link=\"https:\/\/ge.globo.com\/\">ge\u00a0<\/a>para apontar<strong> o maior t\u00e9cnico do futebol brasileiro do s\u00e9culo?<\/strong><\/p>\n<\/div>\n<\/div>\n<div class=\"wall protected-content\">\n<div id=\"chunk-6r8vg\">\n<div class=\"mc-column content-text active-extra-styles\" data-block-type=\"raw\" data-block-weight=\"6\" data-block-id=\"4\">\n<p>&nbsp;<\/p>\n<\/div>\n<\/div>\n<div id=\"chunk-4bbtl\">\n<div class=\"row medium-uncollapsed content-media content-photo\" data-block-type=\"backstage-photo\" data-block-id=\"5\">\n<div class=\" mc-column  content-media__container\">\n<div class=\"content-media-container glb-skeleton-box\">\n<figure class=\"content-media-figure\"><img decoding=\"async\" class=\"i-amphtml-fill-content i-amphtml-replaced-content\" src=\"https:\/\/s2-ge.glbimg.com\/swPXWYr9qzWPVwEySXjw-m9ebKw=\/0x0:4534x3046\/984x0\/smart\/filters:strip_icc()\/i.s3.glbimg.com\/v1\/AUTH_bc8228b6673f488aa253bbcb03c80ec5\/internal_photos\/bs\/2023\/W\/f\/twu8yhRoeORk6pdcrrHw\/rib2097.jpg\" sizes=\"(max-width: 1366px) 648px, 100vw\" srcset=\"https:\/\/s2-ge.glbimg.com\/o3kaHqYoOKF9HvByMALzR_CZ3mk=\/0x0:4534x3046\/1000x0\/smart\/filters:strip_icc()\/i.s3.glbimg.com\/v1\/AUTH_bc8228b6673f488aa253bbcb03c80ec5\/internal_photos\/bs\/2023\/W\/f\/twu8yhRoeORk6pdcrrHw\/rib2097.jpg 1000w, https:\/\/s2-ge.glbimg.com\/swPXWYr9qzWPVwEySXjw-m9ebKw=\/0x0:4534x3046\/984x0\/smart\/filters:strip_icc()\/i.s3.glbimg.com\/v1\/AUTH_bc8228b6673f488aa253bbcb03c80ec5\/internal_photos\/bs\/2023\/W\/f\/twu8yhRoeORk6pdcrrHw\/rib2097.jpg 984w, https:\/\/s2-ge.glbimg.com\/bne2WQRHFatdeyCyxUmQoUKj4X8=\/0x0:4534x3046\/640x0\/smart\/filters:strip_icc()\/i.s3.glbimg.com\/v1\/AUTH_bc8228b6673f488aa253bbcb03c80ec5\/internal_photos\/bs\/2023\/W\/f\/twu8yhRoeORk6pdcrrHw\/rib2097.jpg 640w, https:\/\/s2-ge.glbimg.com\/ZJBabElycizVplQVrxlifhsUBl0=\/0x0:4534x3046\/600x0\/smart\/filters:strip_icc()\/i.s3.glbimg.com\/v1\/AUTH_bc8228b6673f488aa253bbcb03c80ec5\/internal_photos\/bs\/2023\/W\/f\/twu8yhRoeORk6pdcrrHw\/rib2097.jpg 600w\" alt=\"Abel Ferreira com a ta\u00e7a de campe\u00e3o brasileiro \u2014 Foto: Marcos Ribolli\" \/><\/figure>\n<\/div>\n<p class=\"content-media__description  \">Abel Ferreira com a ta\u00e7a de campe\u00e3o brasileiro \u2014 Foto: Marcos Ribolli<\/p>\n<\/div>\n<\/div>\n<\/div>\n<div id=\"chunk-fr2uh\">\n<div class=\"mc-column content-text active-extra-styles \" data-block-type=\"unstyled\" data-block-weight=\"52\" data-block-id=\"7\">\n<p class=\" content-text__container \" data-track-category=\"Link no Texto\" data-track-links=\"\" data-mrf-recirculation=\"Artigo - Link no Texto\">Em formato de &#8220;mata-mata&#8221;, com confrontos pr\u00e9-definidos a partir das oitavas de final, o treinador alviverde foi escolhido como o melhor de todos para 37% dos internautas, deixando para tr\u00e1s Felip\u00e3o, o comandante do penta com a sele\u00e7\u00e3o brasileira em 2002, que teve 20% das men\u00e7\u00f5es para o vencedor da enquete.<\/p>\n<\/div>\n<\/div>\n<div id=\"chunk-sbub\">\n<div class=\"mc-column content-text active-extra-styles \" data-block-type=\"unstyled\" data-block-weight=\"36\" data-block-id=\"8\">\n<p class=\" content-text__container \" data-track-category=\"Link no Texto\" data-track-links=\"\" data-mrf-recirculation=\"Artigo - Link no Texto\">Campe\u00e3o brasileiro e da Libertadores, em 2019, com o Flamengo, o tamb\u00e9m portugu\u00eas Jorge Jesus ficou em terceiro lugar, com 15%. Vale lembrar que foram considerados os trabalhos realizados pelos treinadores a partir de 2001.<\/p>\n<\/div>\n<\/div>\n<div id=\"chunk-8liur\">\n<div class=\"mc-column content-text active-extra-styles\" data-block-type=\"raw\" data-block-weight=\"3\" data-block-id=\"9\">\n<p class=\"content-text__container\">\n<div class=\"content-intertitle\">\n<h2>Veja o top-10<\/h2>\n<\/div>\n<p>&nbsp;<\/p>\n<\/div>\n<\/div>\n<div id=\"chunk-ds7q8\">\n<div class=\"mc-column content-text active-extra-styles\" data-block-type=\"raw\" data-block-weight=\"17\" data-block-id=\"10\">\n<p class=\"content-text__container\">\n<ol class=\"content-ordered-list theme-ordered-list-color-primary\">\n<li>Abel Ferreira<\/li>\n<li>Felip\u00e3o<\/li>\n<li>Jorge Jesus<\/li>\n<li>Muricy Ramalho<\/li>\n<li>Tite<\/li>\n<li>Vanderlei Luxemburgo<\/li>\n<li>Renato Ga\u00facho<\/li>\n<li>Fernando Diniz<\/li>\n<li>Abel Braga<\/li>\n<li>Cuca<\/li>\n<\/ol>\n<p>&nbsp;<\/p>\n<\/div>\n<\/div>\n<div id=\"chunk-inmv\">\n<div class=\"mc-column content-text active-extra-styles \" data-block-type=\"unstyled\" data-block-weight=\"17\" data-block-id=\"11\">\n<p class=\" content-text__container \" data-track-category=\"Link no Texto\" data-track-links=\"\" data-mrf-recirculation=\"Artigo - Link no Texto\">Tamb\u00e9m participaram da vota\u00e7\u00e3o: Arthur Jorge, Rog\u00e9rio Ceni, Dorival J\u00fanior, Marcelo Oliveira, Paulo Autuori e Mano Menezes.<\/p>\n<\/div>\n<\/div>\n<div id=\"chunk-dnnof\">\n<div class=\"mc-column content-text active-extra-styles \" data-block-type=\"unstyled\" data-block-weight=\"23\" data-block-id=\"12\">\n<p class=\" content-text__container \" data-track-category=\"Link no Texto\" data-track-links=\"\" data-mrf-recirculation=\"Artigo - Link no Texto\">Na atual temporada, o Palmeiras, de Abel Ferreira, lidera o Campeonato Brasileiro e est\u00e1 na semifinal da Copa Libertadores, onde enfrentar\u00e1 a LDU.<\/p>\n<\/div>\n<\/div>\n<div id=\"chunk-cfks4\">\n<div class=\"row medium-uncollapsed content-media content-photo\" data-block-type=\"backstage-photo\" data-block-id=\"13\">\n<div class=\" mc-column  content-media__container\">\n<div class=\"content-media-container glb-skeleton-box\">\n<figure class=\"content-media-figure\"><img decoding=\"async\" class=\"i-amphtml-fill-content i-amphtml-replaced-content\" src=\"https:\/\/s2-ge.glbimg.com\/Atj419R7kQRGX6fxXGmhDMIaRpg=\/0x0:3898x2595\/984x0\/smart\/filters:strip_icc()\/i.s3.glbimg.com\/v1\/AUTH_bc8228b6673f488aa253bbcb03c80ec5\/internal_photos\/bs\/2025\/q\/C\/8mtWnXR0C5Blarj3HdNQ\/rib2173.jpg\" sizes=\"(max-width: 1366px) 648px, 100vw\" srcset=\"https:\/\/s2-ge.glbimg.com\/H6fyu8hdrsfTWmhv_rxWNmZmZm4=\/0x0:3898x2595\/1000x0\/smart\/filters:strip_icc()\/i.s3.glbimg.com\/v1\/AUTH_bc8228b6673f488aa253bbcb03c80ec5\/internal_photos\/bs\/2025\/q\/C\/8mtWnXR0C5Blarj3HdNQ\/rib2173.jpg 1000w, https:\/\/s2-ge.glbimg.com\/Atj419R7kQRGX6fxXGmhDMIaRpg=\/0x0:3898x2595\/984x0\/smart\/filters:strip_icc()\/i.s3.glbimg.com\/v1\/AUTH_bc8228b6673f488aa253bbcb03c80ec5\/internal_photos\/bs\/2025\/q\/C\/8mtWnXR0C5Blarj3HdNQ\/rib2173.jpg 984w, https:\/\/s2-ge.glbimg.com\/csUeYeVD_SkhdTgz-c1vFGOtGBw=\/0x0:3898x2595\/640x0\/smart\/filters:strip_icc()\/i.s3.glbimg.com\/v1\/AUTH_bc8228b6673f488aa253bbcb03c80ec5\/internal_photos\/bs\/2025\/q\/C\/8mtWnXR0C5Blarj3HdNQ\/rib2173.jpg 640w, https:\/\/s2-ge.glbimg.com\/oe8S1MwCOswnykzo4SvXbJor3gU=\/0x0:3898x2595\/600x0\/smart\/filters:strip_icc()\/i.s3.glbimg.com\/v1\/AUTH_bc8228b6673f488aa253bbcb03c80ec5\/internal_photos\/bs\/2025\/q\/C\/8mtWnXR0C5Blarj3HdNQ\/rib2173.jpg 600w\" alt=\"Abel Ferreira em Palmeiras x Bragantino \u2014 Foto: Marcos Ribolli\" \/><\/figure>\n<\/div>\n<p class=\"content-media__description  \">Abel Ferreira em Palmeiras x Bragantino \u2014 Foto: Marcos Ribolli<\/p>\n<\/div>\n<\/div>\n<\/div>\n<\/div>\n<\/article>\n<\/div>\n<\/div>\n<\/div>\n<div class=\"wall protected-content\">\n<div id=\"chunk-cfks4\">\n<div class=\"row medium-uncollapsed content-media content-photo\" data-block-type=\"backstage-photo\" data-block-id=\"13\">\n<div class=\" mc-column  content-media__container\">\n<p class=\"content-media__description  \">\nFonte: Ge<\/p>\n<\/div>\n<\/div>\n<\/div>\n<\/div>\n","protected":false},"excerpt":{"rendered":"<p>Abel Ferreira \u00e9 eleito o melhor t\u00e9cnico do futebol brasileiro no s\u00e9culo em vota\u00e7\u00e3o do ge Treinador do Palmeiras venceu<\/p>\n","protected":false},"author":1,"featured_media":10313,"comment_status":"open","ping_status":"open","sticky":false,"template":"","format":"standard","meta":{"colormag_page_container_layout":"default_layout","colormag_page_sidebar_layout":"default_layout","footnotes":""},"categories":[1],"tags":[],"class_list":["post-10298","post","type-post","status-publish","format-standard","has-post-thumbnail","hentry","category-geral"],"_links":{"self":[{"href":"http:\/\/metropoleemfoco.com.br\/index.php?rest_route=\/wp\/v2\/posts\/10298","targetHints":{"allow":["GET"]}}],"collection":[{"href":"http:\/\/metropoleemfoco.com.br\/index.php?rest_route=\/wp\/v2\/posts"}],"about":[{"href":"http:\/\/metropoleemfoco.com.br\/index.php?rest_route=\/wp\/v2\/types\/post"}],"author":[{"embeddable":true,"href":"http:\/\/metropoleemfoco.com.br\/index.php?rest_route=\/wp\/v2\/users\/1"}],"replies":[{"embeddable":true,"href":"http:\/\/metropoleemfoco.com.br\/index.php?rest_route=%2Fwp%2Fv2%2Fcomments&post=10298"}],"version-history":[{"count":1,"href":"http:\/\/metropoleemfoco.com.br\/index.php?rest_route=\/wp\/v2\/posts\/10298\/revisions"}],"predecessor-version":[{"id":10314,"href":"http:\/\/metropoleemfoco.com.br\/index.php?rest_route=\/wp\/v2\/posts\/10298\/revisions\/10314"}],"wp:featuredmedia":[{"embeddable":true,"href":"http:\/\/metropoleemfoco.com.br\/index.php?rest_route=\/wp\/v2\/media\/10313"}],"wp:attachment":[{"href":"http:\/\/metropoleemfoco.com.br\/index.php?rest_route=%2Fwp%2Fv2%2Fmedia&parent=10298"}],"wp:term":[{"taxonomy":"category","embeddable":true,"href":"http:\/\/metropoleemfoco.com.br\/index.php?rest_route=%2Fwp%2Fv2%2Fcategories&post=10298"},{"taxonomy":"post_tag","embeddable":true,"href":"http:\/\/metropoleemfoco.com.br\/index.php?rest_route=%2Fwp%2Fv2%2Ftags&post=10298"}],"curies":[{"name":"wp","href":"https:\/\/api.w.org\/{rel}","templated":true}]}}