{"id":10297,"date":"2025-10-20T14:02:32","date_gmt":"2025-10-20T17:02:32","guid":{"rendered":"http:\/\/metropoleemfoco.com.br\/?p=10297"},"modified":"2025-10-20T14:02:32","modified_gmt":"2025-10-20T17:02:32","slug":"calendario-2026-educacao-sp-define-para-2-de-fevereiro-inicio-do-proximo-ano-letivo","status":"publish","type":"post","link":"http:\/\/metropoleemfoco.com.br\/?p=10297","title":{"rendered":"Calend\u00e1rio 2026: Educa\u00e7\u00e3o SP define para 2 de fevereiro in\u00edcio do pr\u00f3ximo ano letivo"},"content":{"rendered":"<header class=\"entry-header\">\n<h1 class=\"title\">Calend\u00e1rio 2026: Educa\u00e7\u00e3o SP define para 2 de fevereiro in\u00edcio do pr\u00f3ximo ano letivo<\/h1>\n<div class=\"subtile\">\n<h2>F\u00e9rias do meio do ano est\u00e3o previstas para o per\u00edodo entre 7 e 23 de julho; unidades escolares devem cumprir 200 dias letivos<\/h2>\n<\/div>\n<\/header>\n<div class=\"entry-content\">\n<p><img loading=\"lazy\" decoding=\"async\" class=\"aligncenter wp-image-1577955 size-large\" src=\"http:\/\/www.educacao.sp.gov.br\/wp-content\/uploads\/2025\/10\/54306053467_3638bbf2fc_k-1024x683.jpg\" sizes=\"auto, (max-width: 1024px) 100vw, 1024px\" srcset=\"https:\/\/www.educacao.sp.gov.br\/wp-content\/uploads\/2025\/10\/54306053467_3638bbf2fc_k-1024x683.jpg 1024w, https:\/\/www.educacao.sp.gov.br\/wp-content\/uploads\/2025\/10\/54306053467_3638bbf2fc_k-300x200.jpg 300w, https:\/\/www.educacao.sp.gov.br\/wp-content\/uploads\/2025\/10\/54306053467_3638bbf2fc_k-768x512.jpg 768w\" alt=\"\" width=\"1024\" height=\"683\" \/><\/p>\n<p>A Secretaria da Educa\u00e7\u00e3o do Estado de S\u00e3o Paulo (Seduc-SP) definiu o calend\u00e1rio do ano letivo de 2026. No pr\u00f3ximo ano, as aulas na rede estadual ter\u00e3o in\u00edcio no dia\u00a0<b>2 de fevereiro<\/b>. O t\u00e9rmino est\u00e1 previsto para 18 de dezembro.<\/p>\n<p>De acordo com a resolu\u00e7\u00e3o publicada na edi\u00e7\u00e3o de\u00a0<a href=\"https:\/\/doe.sp.gov.br\/executivo\/secretaria-da-educacao\/retificacao-de-25-de-setembro-de-2025-20250925112312231362811\" target=\"_blank\" rel=\"noopener\">26 de setembro\u00a0<\/a>do Di\u00e1rio Oficial do Estado, o encerramento do primeiro semestre ser\u00e1\u00a0 em 6 de julho. J\u00e1 as f\u00e9rias do meio do ano dos estudantes est\u00e3o agendadas para o per\u00edodo entre 7 e 23 de julho.\u00a0A partir de 24 de julho, os alunos voltam \u00e0s aulas para o segundo semestre.<\/p>\n<p>Todas as unidades escolares devem garantir, no m\u00ednimo, os 200 dias letivos previstos na Lei de Diretrizes e Bases (LDB). Se o calend\u00e1rio for alterado por qualquer motivo, as atividades suspensas podem ser realizadas em dias alternativos, como s\u00e1bado, durante o recesso escolar ou nas f\u00e9rias.<\/p>\n<p>Nesses casos, a decis\u00e3o deve ser discutida pelo conselho escolar e homologada pela dire\u00e7\u00e3o e diretoria de ensino. Cada unidade de ensino tem autonomia para definir a melhor data de reposi\u00e7\u00e3o.<\/p>\n<p>Veja a organiza\u00e7\u00e3o da Seduc-SP por bimestre do ano letivo de 2026:<\/p>\n<table>\n<tbody>\n<tr>\n<td><b>Etapa<\/b><\/td>\n<td><b>Data<\/b><\/td>\n<\/tr>\n<tr>\n<td>In\u00edcio das aulas<\/td>\n<td>2 de fevereiro<\/td>\n<\/tr>\n<tr>\n<td>Fim do 2\u00ba bimestre<\/td>\n<td>6 de julho<\/td>\n<\/tr>\n<tr>\n<td>F\u00e9rias do meio do ano<\/td>\n<td>7 a 23 de julho<\/td>\n<\/tr>\n<tr>\n<td>Retorno \u00e0s aulas<\/td>\n<td>24 de julho<\/td>\n<\/tr>\n<tr>\n<td>Fim do ano letivo<\/td>\n<td>18 de dezembro<\/td>\n<\/tr>\n<\/tbody>\n<\/table>\n<p><b>Matr\u00edculas novos estudantes<\/b><\/p>\n<p>Alunos que hoje estudam em escolas particulares e em outros estados ou querem retornar \u00e0s salas de aula devem ficar atentos ao per\u00edodo de matr\u00edculas. A partir de\u00a0<b>5 de janeiro<\/b>, os interessados devem procurar uma das 5.000 escolas estaduais ou nas unidades do Poupatempo.<\/p>\n<p>Outra op\u00e7\u00e3o \u00e9 o pr\u00e9-cadastro online na Secretaria Escolar Digital (SED)<a href=\"https:\/\/sed.educacao.sp.gov.br\/\" target=\"_blank\" rel=\"noopener\">\u00a0https:\/\/sed.educacao.sp.gov.br\/<\/a>\u00a0em \u201cInscri\u00e7\u00e3o para rede p\u00fablica\u201d na\u00a0<i>home<\/i>. \u00c9 preciso preencher o formul\u00e1rio com nome completo e e-mail. Na sequ\u00eancia, o sistema dar\u00e1 prosseguimento \u00e0 pr\u00e9-inscri\u00e7\u00e3o na unidade mais pr\u00f3xima do endere\u00e7o indicado.<\/p>\n<p>Quem j\u00e1 est\u00e1 na rede paulista em 2025 tem a vaga garantida e renovada automaticamente para o pr\u00f3ximo ano.<\/p>\n<p>Fonte: Educacao.gov<\/p>\n<\/div>\n","protected":false},"excerpt":{"rendered":"<p>Calend\u00e1rio 2026: Educa\u00e7\u00e3o SP define para 2 de fevereiro in\u00edcio do pr\u00f3ximo ano letivo F\u00e9rias do meio do ano est\u00e3o<\/p>\n","protected":false},"author":1,"featured_media":10311,"comment_status":"open","ping_status":"open","sticky":false,"template":"","format":"standard","meta":{"colormag_page_container_layout":"default_layout","colormag_page_sidebar_layout":"default_layout","footnotes":""},"categories":[1],"tags":[],"class_list":["post-10297","post","type-post","status-publish","format-standard","has-post-thumbnail","hentry","category-geral"],"_links":{"self":[{"href":"http:\/\/metropoleemfoco.com.br\/index.php?rest_route=\/wp\/v2\/posts\/10297","targetHints":{"allow":["GET"]}}],"collection":[{"href":"http:\/\/metropoleemfoco.com.br\/index.php?rest_route=\/wp\/v2\/posts"}],"about":[{"href":"http:\/\/metropoleemfoco.com.br\/index.php?rest_route=\/wp\/v2\/types\/post"}],"author":[{"embeddable":true,"href":"http:\/\/metropoleemfoco.com.br\/index.php?rest_route=\/wp\/v2\/users\/1"}],"replies":[{"embeddable":true,"href":"http:\/\/metropoleemfoco.com.br\/index.php?rest_route=%2Fwp%2Fv2%2Fcomments&post=10297"}],"version-history":[{"count":1,"href":"http:\/\/metropoleemfoco.com.br\/index.php?rest_route=\/wp\/v2\/posts\/10297\/revisions"}],"predecessor-version":[{"id":10312,"href":"http:\/\/metropoleemfoco.com.br\/index.php?rest_route=\/wp\/v2\/posts\/10297\/revisions\/10312"}],"wp:featuredmedia":[{"embeddable":true,"href":"http:\/\/metropoleemfoco.com.br\/index.php?rest_route=\/wp\/v2\/media\/10311"}],"wp:attachment":[{"href":"http:\/\/metropoleemfoco.com.br\/index.php?rest_route=%2Fwp%2Fv2%2Fmedia&parent=10297"}],"wp:term":[{"taxonomy":"category","embeddable":true,"href":"http:\/\/metropoleemfoco.com.br\/index.php?rest_route=%2Fwp%2Fv2%2Fcategories&post=10297"},{"taxonomy":"post_tag","embeddable":true,"href":"http:\/\/metropoleemfoco.com.br\/index.php?rest_route=%2Fwp%2Fv2%2Ftags&post=10297"}],"curies":[{"name":"wp","href":"https:\/\/api.w.org\/{rel}","templated":true}]}}