{"id":10295,"date":"2025-10-20T13:59:42","date_gmt":"2025-10-20T16:59:42","guid":{"rendered":"http:\/\/metropoleemfoco.com.br\/?p=10295"},"modified":"2025-10-20T13:59:42","modified_gmt":"2025-10-20T16:59:42","slug":"pm-que-matou-estudante-de-medicina-em-sp-deu-versoes-diferentes-do-crime-antes-de-registrar-boletim-de-ocorrencia","status":"publish","type":"post","link":"http:\/\/metropoleemfoco.com.br\/?p=10295","title":{"rendered":"PM que matou estudante de medicina em SP deu vers\u00f5es diferentes do crime antes de registrar boletim de ocorr\u00eancia"},"content":{"rendered":"<div class=\"mc-article-header\">\n<div class=\"row content-head mc-column non-featured \">\n<div class=\"title\" data-block-type=\"title\" data-block-id=\"0\">\n<h1 class=\"content-head__title\">PM que matou estudante de medicina em SP deu vers\u00f5es diferentes do crime antes de registrar boletim de ocorr\u00eancia<\/h1>\n<\/div>\n<div class=\"medium-centered subtitle\">\n<h2 class=\"content-head__subtitle\">Marco Aur\u00e9lio Cardenas Acosta foi morto com um tiro \u00e0 queima-roupa, ap\u00f3s dar um tapa no retrovisor de uma viatura, em novembro de 2024. A defesa do policial Guilherme Augusto Macedo alega que &#8216;n\u00e3o teve qualquer mudan\u00e7a de vers\u00e3o em qualquer momento&#8217;.<\/h2>\n<\/div>\n<\/div>\n<div><\/div>\n<div class=\"content__signa-share mc-column\">\n<div class=\"content__signature\">\n<div class=\"content-publication-data\">\n<div class=\"content-publication-data__text\">\n<p class=\"content-publication-data__from\" title=\"Let\u00edcia Dauer\">Por\u00a0<a class=\"multi_signatures\" href=\"https:\/\/g1.globo.com\/autores\/leticia-dauer\/\">Let\u00edcia Dauer<\/a>, g1 SP<\/p>\n<\/div>\n<\/div>\n<\/div>\n<\/div>\n<div class=\"glb-share-bar content__share-bar\">\n<div class=\"glb-share-bar_icons\">\n<div class=\"glb-share-bar_button-img\"><\/div>\n<\/div>\n<\/div>\n<\/div>\n<div class=\"mc-article-body\">\n<article>\n<div id=\"chunk-3flmn\">\n<div class=\"cxm-video-block mc-column  content-media content-video\" data-block-type=\"backstage-video\" data-block-id=\"2\">\n<div class=\"content-media__container content-media__container--codex-fallback\">\n<div class=\"content-video__bigger-player-description-fixer\">\n<article class=\"content-video\">\n<section class=\"content-video__video-container\">\n<div class=\"content-video__video\">\n<div class=\"content-video__placeholder\" data-video-id=\"14022254\"><img decoding=\"async\" class=\"content-video__placeholder__thumb\" title=\"PM que matou estudante de medicina em SP contou vers\u00f5es diferentes do crime\" src=\"https:\/\/s03.video.glbimg.com\/x240\/14022254.jpg\" alt=\"PM que matou estudante de medicina em SP contou vers\u00f5es diferentes do crime\" \/><\/div>\n<\/div>\n<\/section>\n<\/article>\n<\/div>\n<div class=\"bs-block-video__container\">\n<p class=\"codex-caption codex-caption--small\">PM que matou estudante de medicina em SP contou vers\u00f5es diferentes do crime<\/p>\n<\/div>\n<\/div>\n<\/div>\n<\/div>\n<div id=\"chunk-1m8p9\">\n<div class=\"mc-column content-text active-extra-styles \" data-block-type=\"unstyled\" data-block-weight=\"37\" data-block-id=\"3\">\n<p class=\" content-text__container \" data-track-category=\"Link no Texto\" data-track-links=\"\" data-mrf-recirculation=\"Mat\u00e9ria - Links no Texto\">O policial militar que matou o estudante de medicina Marco Aur\u00e9lio Cardenas Acosta, de 22 anos, com um tiro \u00e0 queima-roupa contou\u00a0<strong>duas vers\u00f5es do crime\u00a0<\/strong>aos colegas antes de o caso ser registrado na delegacia.<\/p>\n<\/div>\n<\/div>\n<div class=\"wall protected-content\">\n<div id=\"chunk-ecm50\">\n<div class=\"mc-column content-text active-extra-styles \" data-block-type=\"unstyled\" data-block-weight=\"35\" data-block-id=\"5\">\n<p class=\" content-text__container \" data-track-category=\"Link no Texto\" data-track-links=\"\" data-mrf-recirculation=\"Mat\u00e9ria - Links no Texto\"><a class=\"\" href=\"https:\/\/g1.globo.com\/sp\/sao-paulo\/noticia\/2024\/11\/20\/pm-mata-estudante-de-medicina-com-tiro-a-queima-roupa-dentro-de-hotel-na-zona-sul-de-sp.ghtml\" data-mrf-link=\"https:\/\/g1.globo.com\/sp\/sao-paulo\/noticia\/2024\/11\/20\/pm-mata-estudante-de-medicina-com-tiro-a-queima-roupa-dentro-de-hotel-na-zona-sul-de-sp.ghtml\">O homic\u00eddio aconteceu em 20 de novembro de 2024, na Vila Mariana, Zona Sul de S\u00e3o Paulo.<\/a>\u00a0As imagens das c\u00e2meras corporais dos PMs, que registraram toda a a\u00e7\u00e3o, foram obtidas nesta semana pelo\u00a0<strong>g1<\/strong>.<\/p>\n<\/div>\n<\/div>\n<div id=\"chunk-dfm1b\">\n<div class=\"mc-column content-text active-extra-styles \" data-block-type=\"unstyled\" data-block-weight=\"45\" data-block-id=\"6\">\n<p class=\" content-text__container \" data-track-category=\"Link no Texto\" data-track-links=\"\" data-mrf-recirculation=\"Mat\u00e9ria - Links no Texto\">A confus\u00e3o come\u00e7ou quando Marco Aur\u00e9lio deu um tapa no retrovisor de uma viatura que passava pela Rua Cubat\u00e3o e correu para dentro de um hotel, onde estava hospedado com uma amiga. No ve\u00edculo estavam os PMs Guilherme Augusto Macedo e Bruno Carvalho do Prado.<\/p>\n<\/div>\n<\/div>\n<div id=\"chunk-cq0bf\">\n<div class=\"mc-column content-text active-extra-styles \" data-block-type=\"unstyled\" data-block-weight=\"38\" data-block-id=\"9\">\n<p class=\" content-text__container \" data-track-category=\"Link no Texto\" data-track-links=\"\" data-mrf-recirculation=\"Mat\u00e9ria - Links no Texto\">Ap\u00f3s o tapa no retrovisor, os policiais desceram da viatura e seguiram o estudante at\u00e9 o sagu\u00e3o do hotel. Nas imagens, Guilherme aponta o rev\u00f3lver e grita \u201cvoc\u00ea vai tomar\u201d, enquanto tenta puxar o jovem pelo bra\u00e7o.<\/p>\n<\/div>\n<\/div>\n<div id=\"chunk-21qrl\">\n<div class=\"mc-column content-text active-extra-styles \" data-block-type=\"unstyled\" data-block-weight=\"29\" data-block-id=\"10\">\n<p class=\" content-text__container \" data-track-category=\"Link no Texto\" data-track-links=\"\" data-mrf-recirculation=\"Mat\u00e9ria - Links no Texto\">Em seguida, Bruno chuta o estudante, que reage segurando o p\u00e9 do policial \u2014 ele cai no ch\u00e3o. Logo depois, Guilherme atira \u00e0 queima-roupa, acertando o abdome do estudante.<\/p>\n<\/div>\n<\/div>\n<div id=\"chunk-44d0i\">\n<div class=\"mc-column content-text active-extra-styles \" data-block-type=\"unstyled\" data-block-weight=\"34\" data-block-id=\"11\">\n<p class=\" content-text__container \" data-track-category=\"Link no Texto\" data-track-links=\"\" data-mrf-recirculation=\"Mat\u00e9ria - Links no Texto\">A v\u00edtima foi levada para o Hospital Ipiranga, mas n\u00e3o resistiu aos ferimentos. A unidade estava superlotada e sem equipamento de tomografia, segundo a ficha de atendimento m\u00e9dico\u00a0<strong>(leia mais abaixo)<\/strong>.<\/p>\n<\/div>\n<\/div>\n<div id=\"chunk-d4esh\">\n<div class=\"mc-column content-text active-extra-styles \" data-block-type=\"unstyled\" data-block-weight=\"36\" data-block-id=\"12\">\n<p class=\" content-text__container \" data-track-category=\"Link no Texto\" data-track-links=\"\" data-mrf-recirculation=\"Mat\u00e9ria - Links no Texto\">No boletim de ocorr\u00eancia, os PMs afirmaram que o estudante resistiu \u00e0 abordagem, \u201centrou em vias de fato com a equipe\u201d e tentou pegar a arma de Bruno \u2014 o que, segundo os v\u00eddeos, n\u00e3o aconteceu.<\/p>\n<\/div>\n<\/div>\n<div id=\"chunk-c5lo7\">\n<div class=\"row medium-uncollapsed content-media content-photo\" data-block-type=\"backstage-photo\" data-block-id=\"13\">\n<div class=\" mc-column  content-media__container\">\n<div class=\"content-media-container glb-skeleton-box\">\n<figure class=\"content-media-figure\"><img decoding=\"async\" class=\"i-amphtml-fill-content i-amphtml-replaced-content\" src=\"https:\/\/s2-g1.glbimg.com\/SKDFO9CYn8Irj8apyNF7nVx8D3U=\/0x0:1232x758\/984x0\/smart\/filters:strip_icc()\/i.s3.glbimg.com\/v1\/AUTH_59edd422c0c84a879bd37670ae4f538a\/internal_photos\/bs\/2025\/s\/A\/trm3MJTpOxbPwiepATYw\/captura-de-tela-2025-10-17-164621.jpg\" sizes=\"(max-width: 1366px) 648px, 100vw\" srcset=\"https:\/\/s2-g1.glbimg.com\/RJ_Llyxh_qL_vrRTVj9vbUwd4RQ=\/0x0:1232x758\/1000x0\/smart\/filters:strip_icc()\/i.s3.glbimg.com\/v1\/AUTH_59edd422c0c84a879bd37670ae4f538a\/internal_photos\/bs\/2025\/s\/A\/trm3MJTpOxbPwiepATYw\/captura-de-tela-2025-10-17-164621.jpg 1000w, https:\/\/s2-g1.glbimg.com\/SKDFO9CYn8Irj8apyNF7nVx8D3U=\/0x0:1232x758\/984x0\/smart\/filters:strip_icc()\/i.s3.glbimg.com\/v1\/AUTH_59edd422c0c84a879bd37670ae4f538a\/internal_photos\/bs\/2025\/s\/A\/trm3MJTpOxbPwiepATYw\/captura-de-tela-2025-10-17-164621.jpg 984w, https:\/\/s2-g1.glbimg.com\/tDAkjFTDKybE4K1yieXYBRw_H7k=\/0x0:1232x758\/640x0\/smart\/filters:strip_icc()\/i.s3.glbimg.com\/v1\/AUTH_59edd422c0c84a879bd37670ae4f538a\/internal_photos\/bs\/2025\/s\/A\/trm3MJTpOxbPwiepATYw\/captura-de-tela-2025-10-17-164621.jpg 640w, https:\/\/s2-g1.glbimg.com\/TEAokKbrSJjyXufJqoh8idZe13Q=\/0x0:1232x758\/600x0\/smart\/filters:strip_icc()\/i.s3.glbimg.com\/v1\/AUTH_59edd422c0c84a879bd37670ae4f538a\/internal_photos\/bs\/2025\/s\/A\/trm3MJTpOxbPwiepATYw\/captura-de-tela-2025-10-17-164621.jpg 600w\" alt=\"PM Guilherme contou vers\u00f5es contradit\u00f3rias sobre o homic\u00eddio aos colegas \u2014 Foto: Reprodu\u00e7\u00e3o\" \/><\/figure>\n<\/div>\n<p class=\"content-media__description  \">PM Guilherme contou vers\u00f5es contradit\u00f3rias sobre o homic\u00eddio aos colegas \u2014 Foto: Reprodu\u00e7\u00e3o<\/p>\n<\/div>\n<\/div>\n<\/div>\n<div id=\"chunk-ad8fo\">\n<div class=\"mc-column content-text active-extra-styles\" data-block-type=\"raw\" data-block-weight=\"3\" data-block-id=\"15\">\n<p class=\"content-text__container\" data-mrf-recirculation=\"Mat\u00e9ria - Links no Texto\">\n<div class=\"content-intertitle\">\n<h2>Duas vers\u00f5es diferentes<\/h2>\n<\/div>\n<p>&nbsp;<\/p>\n<\/div>\n<\/div>\n<div id=\"chunk-1rdke\">\n<div class=\"mc-column content-text active-extra-styles \" data-block-type=\"unstyled\" data-block-weight=\"29\" data-block-id=\"16\">\n<p class=\" content-text__container \" data-track-category=\"Link no Texto\" data-track-links=\"\" data-mrf-recirculation=\"Mat\u00e9ria - Links no Texto\">Durante o atendimento da ocorr\u00eancia, as c\u00e2meras corporais registraram, em menos de 10 minutos, duas vers\u00f5es diferentes contadas por Guilherme aos colegas que chegaram ao local para prestar apoio.<\/p>\n<\/div>\n<\/div>\n<div id=\"chunk-6aqdq\">\n<div class=\"mc-column content-text active-extra-styles\" data-block-type=\"raw\" data-block-weight=\"12\" data-block-id=\"17\">\n<p class=\"content-text__container\" data-mrf-recirculation=\"Mat\u00e9ria - Links no Texto\">\n<ul class=\"content-unordered-list\">\n<li>Na\u00a0<strong>primeira vers\u00e3o<\/strong>, o policial disse que foi encurralado por Marco Aur\u00e9lio:<\/li>\n<\/ul>\n<p>&nbsp;<\/p>\n<\/div>\n<\/div>\n<div id=\"chunk-cq516\">\n<div class=\"mc-column content-text active-extra-styles \" data-block-type=\"unstyled\" data-block-weight=\"49\" data-block-id=\"18\">\n<p class=\" content-text__container \" data-track-category=\"Link no Texto\" data-track-links=\"\" data-mrf-recirculation=\"Mat\u00e9ria - Links no Texto\"><em>\u201cEle deu um tapa na viatura, e eu sa\u00ed correndo atr\u00e1s dele. Ali ele encurralou a gente. Eu tentei trazer ele na moral, ele veio, a\u00ed o Prado tentou partir pra cima dele. Ele derrubou o Prado. Nisso, ele veio pra cima de mim, e eu efetuei o disparo.\u201d<\/em><\/p>\n<\/div>\n<\/div>\n<div id=\"chunk-efccv\">\n<div class=\"mc-column content-text active-extra-styles\" data-block-type=\"raw\" data-block-weight=\"14\" data-block-id=\"19\">\n<p class=\"content-text__container\" data-mrf-recirculation=\"Mat\u00e9ria - Links no Texto\">\n<ul class=\"content-unordered-list\">\n<li>J\u00e1 na\u00a0<strong>segunda vers\u00e3o<\/strong>, Guilherme afirma que tentou conter o estudante antes de atirar:<\/li>\n<\/ul>\n<p>&nbsp;<\/p>\n<\/div>\n<\/div>\n<div id=\"chunk-4fgs5\">\n<div class=\"mc-column content-text active-extra-styles \" data-block-type=\"unstyled\" data-block-weight=\"29\" data-block-id=\"20\">\n<p class=\" content-text__container \" data-track-category=\"Link no Texto\" data-track-links=\"\" data-mrf-recirculation=\"Mat\u00e9ria - Links no Texto\"><em>\u201cEle veio pra cima. Derrubou o Prado na escada. A\u00ed eu tentei fazer a deten\u00e7\u00e3o dele de outra maneira. Veio pra cima de novo, e a\u00ed efetuei o disparo.\u201d<\/em><\/p>\n<\/div>\n<\/div>\n<div id=\"chunk-al576\">\n<div class=\"mc-column content-text active-extra-styles \" data-block-type=\"unstyled\" data-block-weight=\"36\" data-block-id=\"21\">\n<p class=\" content-text__container \" data-track-category=\"Link no Texto\" data-track-links=\"\" data-mrf-recirculation=\"Mat\u00e9ria - Links no Texto\">Segundo o advogado da fam\u00edlia, Pedro Medeiros Muniz, os policiais n\u00e3o relataram aos colegas em nenhum momento que Marco Aur\u00e9lio teria tentado pegar a arma do policial. A informa\u00e7\u00e3o aparece somente no boletim de ocorr\u00eancia.<\/p>\n<\/div>\n<\/div>\n<div id=\"chunk-csfkl\">\n<div class=\"mc-column content-text active-extra-styles \" data-block-type=\"unstyled\" data-block-weight=\"24\" data-block-id=\"22\">\n<p class=\" content-text__container \" data-track-category=\"Link no Texto\" data-track-links=\"\" data-mrf-recirculation=\"Mat\u00e9ria - Links no Texto\">\u27a1\ufe0f Procurada, a defesa dos policiais, representada pelo advogado Jo\u00e3o Carlos Campanini, afirmou que &#8220;n\u00e3o teve qualquer mudan\u00e7a de vers\u00e3o em qualquer momento&#8221;.<\/p>\n<\/div>\n<\/div>\n<div id=\"chunk-cmskb\">\n<div class=\"mc-column content-text active-extra-styles \" data-block-type=\"unstyled\" data-block-weight=\"30\" data-block-id=\"23\">\n<p class=\" content-text__container \" data-track-category=\"Link no Texto\" data-track-links=\"\" data-mrf-recirculation=\"Mat\u00e9ria - Links no Texto\">Segundo ele, durante o interrogat\u00f3rio na audi\u00eancia de instru\u00e7\u00e3o, &#8220;tudo isso foi demasiadamente bem explicado, inclusive ap\u00f3s questionamentos dos advogados assistentes de acusa\u00e7\u00e3o. N\u00e3o aportou nada de novo aos autos&#8221;.<\/p>\n<\/div>\n<\/div>\n<div id=\"chunk-6scgk\">\n<div class=\"content-ads\" data-block-type=\"ads\" data-block-id=\"24\"><\/div>\n<\/div>\n<div id=\"chunk-11e0s\">\n<div class=\"row medium-uncollapsed content-media content-photo\" data-block-type=\"backstage-photo\" data-block-id=\"25\">\n<div class=\" mc-column  content-media__container\">\n<div class=\"content-media-container glb-skeleton-box\">\n<figure class=\"content-media-figure\"><img decoding=\"async\" class=\"i-amphtml-fill-content i-amphtml-replaced-content\" src=\"https:\/\/s2-g1.glbimg.com\/fDMI-fSNK4uOl7ERGKWLaoXrMJc=\/0x0:960x1042\/984x0\/smart\/filters:strip_icc()\/i.s3.glbimg.com\/v1\/AUTH_59edd422c0c84a879bd37670ae4f538a\/internal_photos\/bs\/2024\/K\/C\/P0N0UbQEWpB7BYBFr7cg\/com-grande-tristeza-viemos-comunicar-atraves-deste-que-nosso-companheiro-de-time-e-amigo-marco-bilau-acosta-veio-a-nos-deixar.nesse-momento-de-tristeza-a-familia-fut-med-anhembi-expressa-toda-a-sua-sol-1-.jpg\" sizes=\"(max-width: 1366px) 648px, 100vw\" srcset=\"https:\/\/s2-g1.glbimg.com\/nua7JMujVNRJoVinOZ45I744zrc=\/0x0:960x1042\/1000x0\/smart\/filters:strip_icc()\/i.s3.glbimg.com\/v1\/AUTH_59edd422c0c84a879bd37670ae4f538a\/internal_photos\/bs\/2024\/K\/C\/P0N0UbQEWpB7BYBFr7cg\/com-grande-tristeza-viemos-comunicar-atraves-deste-que-nosso-companheiro-de-time-e-amigo-marco-bilau-acosta-veio-a-nos-deixar.nesse-momento-de-tristeza-a-familia-fut-med-anhembi-expressa-toda-a-sua-sol-1-.jpg 1000w, https:\/\/s2-g1.glbimg.com\/fDMI-fSNK4uOl7ERGKWLaoXrMJc=\/0x0:960x1042\/984x0\/smart\/filters:strip_icc()\/i.s3.glbimg.com\/v1\/AUTH_59edd422c0c84a879bd37670ae4f538a\/internal_photos\/bs\/2024\/K\/C\/P0N0UbQEWpB7BYBFr7cg\/com-grande-tristeza-viemos-comunicar-atraves-deste-que-nosso-companheiro-de-time-e-amigo-marco-bilau-acosta-veio-a-nos-deixar.nesse-momento-de-tristeza-a-familia-fut-med-anhembi-expressa-toda-a-sua-sol-1-.jpg 984w, https:\/\/s2-g1.glbimg.com\/rA2q7TTg4OF5FtSCPfIjtaA2T-o=\/0x0:960x1042\/640x0\/smart\/filters:strip_icc()\/i.s3.glbimg.com\/v1\/AUTH_59edd422c0c84a879bd37670ae4f538a\/internal_photos\/bs\/2024\/K\/C\/P0N0UbQEWpB7BYBFr7cg\/com-grande-tristeza-viemos-comunicar-atraves-deste-que-nosso-companheiro-de-time-e-amigo-marco-bilau-acosta-veio-a-nos-deixar.nesse-momento-de-tristeza-a-familia-fut-med-anhembi-expressa-toda-a-sua-sol-1-.jpg 640w, https:\/\/s2-g1.glbimg.com\/NncWl3JtClw3eBTCfss1HtRufkg=\/0x0:960x1042\/600x0\/smart\/filters:strip_icc()\/i.s3.glbimg.com\/v1\/AUTH_59edd422c0c84a879bd37670ae4f538a\/internal_photos\/bs\/2024\/K\/C\/P0N0UbQEWpB7BYBFr7cg\/com-grande-tristeza-viemos-comunicar-atraves-deste-que-nosso-companheiro-de-time-e-amigo-marco-bilau-acosta-veio-a-nos-deixar.nesse-momento-de-tristeza-a-familia-fut-med-anhembi-expressa-toda-a-sua-sol-1-.jpg 600w\" alt=\"Marco Aur\u00e9lio Cardenas Acosta, estudante de medicina morto pela PM em SP \u2014 Foto: Reprodu\u00e7\u00e3o\/Instagram\" \/><\/figure>\n<\/div>\n<p class=\"content-media__description  \">Marco Aur\u00e9lio Cardenas Acosta, estudante de medicina morto pela PM em SP \u2014 Foto: Reprodu\u00e7\u00e3o\/Instagram<\/p>\n<\/div>\n<\/div>\n<\/div>\n<div id=\"chunk-7r9ed\">\n<div class=\"mc-column content-text active-extra-styles\" data-block-type=\"raw\" data-block-weight=\"4\" data-block-id=\"26\">\n<p class=\"content-text__container\" data-mrf-recirculation=\"Mat\u00e9ria - Links no Texto\">\n<div class=\"content-intertitle\">\n<h2>Hospital superlotado e fechado<\/h2>\n<\/div>\n<p>&nbsp;<\/p>\n<\/div>\n<\/div>\n<div id=\"chunk-399sr\">\n<div class=\"mc-column content-text active-extra-styles \" data-block-type=\"unstyled\" data-block-weight=\"27\" data-block-id=\"27\">\n<p class=\" content-text__container \" data-track-category=\"Link no Texto\" data-track-links=\"\" data-mrf-recirculation=\"Mat\u00e9ria - Links no Texto\">Bombeiros levaram o estudante a um hospital que sabiam estar com a emerg\u00eancia fechada por conta da superlota\u00e7\u00e3o,\u00a0<a class=\"\" href=\"https:\/\/g1.globo.com\/sp\/sao-paulo\/noticia\/2025\/10\/16\/bombeiros-levaram-estudante-morto-por-tiro-de-pm-a-hospital-que-sabiam-estar-com-emergencia-fechada-diz-ficha-medica.ghtml\" data-mrf-link=\"https:\/\/g1.globo.com\/sp\/sao-paulo\/noticia\/2025\/10\/16\/bombeiros-levaram-estudante-morto-por-tiro-de-pm-a-hospital-que-sabiam-estar-com-emergencia-fechada-diz-ficha-medica.ghtml\">segundo a ficha de atendimento m\u00e9dica, obtida pelo g1<\/a>.<\/p>\n<\/div>\n<\/div>\n<div id=\"chunk-dn74q\">\n<div class=\"mc-column content-text active-extra-styles \" data-block-type=\"unstyled\" data-block-weight=\"31\" data-block-id=\"28\">\n<p class=\" content-text__container \" data-track-category=\"Link no Texto\" data-track-links=\"\" data-mrf-recirculation=\"Mat\u00e9ria - Links no Texto\">O jovem foi levado ao Hospital Ipiranga, que fica a cerca de 5 km da cena do crime. Antes de ser submetido a cirurgia, ele sofreu duas paradas cardiorrespirat\u00f3rias e morreu.<\/p>\n<\/div>\n<\/div>\n<div id=\"chunk-b03j6\">\n<div class=\"mc-column content-text active-extra-styles\" data-block-type=\"raw\" data-block-weight=\"24\" data-block-id=\"29\">\n<p class=\"content-text__container\" data-mrf-recirculation=\"Mat\u00e9ria - Links no Texto\">\n<blockquote class=\"content-blockquote theme-border-color-primary-before\"><p>Na ficha de atendimento, de 13 p\u00e1ginas, consta uma intercorr\u00eancia: &#8220;emerg\u00eancia fechada em raz\u00e3o de superlota\u00e7\u00e3o e indisponibilidade de tom\u00f3grafo (inoperante h\u00e1 uma semana)&#8221;.<\/p><\/blockquote>\n<p>&nbsp;<\/p>\n<\/div>\n<\/div>\n<div id=\"chunk-dmqh0\">\n<div class=\"mc-column content-text active-extra-styles \" data-block-type=\"unstyled\" data-block-weight=\"36\" data-block-id=\"30\">\n<p class=\" content-text__container \" data-track-category=\"Link no Texto\" data-track-links=\"\" data-mrf-recirculation=\"Mat\u00e9ria - Links no Texto\">O documento tamb\u00e9m registra que o N\u00facleo Interno de Regula\u00e7\u00e3o (NIR) havia informado todas as equipes sobre a situa\u00e7\u00e3o, mas que \u201ca equipe de bombeiros trouxe [a v\u00edtima] mesmo sabendo da superlota\u00e7\u00e3o e aus\u00eancia de tom\u00f3grafo\u201d.<\/p>\n<\/div>\n<\/div>\n<div id=\"chunk-40tal\">\n<div class=\"content-ads\" data-block-type=\"ads\" data-block-id=\"31\"><\/div>\n<\/div>\n<div id=\"chunk-7v9bv\">\n<div class=\"row medium-uncollapsed content-media content-photo\" data-block-type=\"backstage-photo\" data-block-id=\"32\">\n<div class=\" mc-column  content-media__container\">\n<div class=\"content-media-container glb-skeleton-box\">\n<figure class=\"content-media-figure\"><img decoding=\"async\" class=\"i-amphtml-fill-content i-amphtml-replaced-content\" src=\"https:\/\/s2-g1.glbimg.com\/emo9gnSklGaK2SIeurrJV0uW1nc=\/0x0:1009x417\/984x0\/smart\/filters:strip_icc()\/i.s3.glbimg.com\/v1\/AUTH_59edd422c0c84a879bd37670ae4f538a\/internal_photos\/bs\/2025\/3\/r\/JXIFYFQrikHmq0KtSDPQ\/captura-de-tela-2025-10-16-113614.jpg\" sizes=\"(max-width: 1366px) 648px, 100vw\" srcset=\"https:\/\/s2-g1.glbimg.com\/ksVTJt1TyC-TpW4gQobz77LwoUY=\/0x0:1009x417\/1000x0\/smart\/filters:strip_icc()\/i.s3.glbimg.com\/v1\/AUTH_59edd422c0c84a879bd37670ae4f538a\/internal_photos\/bs\/2025\/3\/r\/JXIFYFQrikHmq0KtSDPQ\/captura-de-tela-2025-10-16-113614.jpg 1000w, https:\/\/s2-g1.glbimg.com\/emo9gnSklGaK2SIeurrJV0uW1nc=\/0x0:1009x417\/984x0\/smart\/filters:strip_icc()\/i.s3.glbimg.com\/v1\/AUTH_59edd422c0c84a879bd37670ae4f538a\/internal_photos\/bs\/2025\/3\/r\/JXIFYFQrikHmq0KtSDPQ\/captura-de-tela-2025-10-16-113614.jpg 984w, https:\/\/s2-g1.glbimg.com\/eKkUAowKqEGO7dfK73MOSjnl8AE=\/0x0:1009x417\/640x0\/smart\/filters:strip_icc()\/i.s3.glbimg.com\/v1\/AUTH_59edd422c0c84a879bd37670ae4f538a\/internal_photos\/bs\/2025\/3\/r\/JXIFYFQrikHmq0KtSDPQ\/captura-de-tela-2025-10-16-113614.jpg 640w, https:\/\/s2-g1.glbimg.com\/tfiOBbBfSmNeWQRCw0Vx306TzbU=\/0x0:1009x417\/600x0\/smart\/filters:strip_icc()\/i.s3.glbimg.com\/v1\/AUTH_59edd422c0c84a879bd37670ae4f538a\/internal_photos\/bs\/2025\/3\/r\/JXIFYFQrikHmq0KtSDPQ\/captura-de-tela-2025-10-16-113614.jpg 600w\" alt=\"Trecho da ficha de atendimento de Marco Aur\u00e9lio Cardenas Acosta, estudante morto pela PM. \u2014 Foto: Reprodu\u00e7\u00e3o\" \/><\/figure>\n<\/div>\n<p class=\"content-media__description  \">Trecho da ficha de atendimento de Marco Aur\u00e9lio Cardenas Acosta, estudante morto pela PM. \u2014 Foto: Reprodu\u00e7\u00e3o<\/p>\n<\/div>\n<\/div>\n<\/div>\n<div id=\"chunk-d29er\">\n<div class=\"mc-column content-text active-extra-styles \" data-block-type=\"unstyled\" data-block-weight=\"30\" data-block-id=\"33\">\n<p class=\" content-text__container \" data-track-category=\"Link no Texto\" data-track-links=\"\" data-mrf-recirculation=\"Mat\u00e9ria - Links no Texto\">O tom\u00f3grafo \u2014 aparelho de diagn\u00f3stico por imagem que usa raios-x e computadores para gerar imagens internas do corpo \u2014 seria fundamental para localizar o proj\u00e9til que perfurou o estudante.<\/p>\n<\/div>\n<\/div>\n<div id=\"chunk-vb73\">\n<div class=\"mc-column content-text active-extra-styles \" data-block-type=\"unstyled\" data-block-weight=\"43\" data-block-id=\"34\">\n<p class=\" content-text__container \" data-track-category=\"Link no Texto\" data-track-links=\"\" data-mrf-recirculation=\"Mat\u00e9ria - Links no Texto\"><em>\ud83d\udd0e O que \u00e9 NIR? \u00c9 um setor do hospital respons\u00e1vel por gerenciar o fluxo de pacientes e recursos, incluindo a capacidade cir\u00fargica do pronto-socorro. O n\u00facleo funciona 24 horas e \u00e9 respons\u00e1vel por emitir alerta a outras unidades no caso de intercorr\u00eancias.<\/em><\/p>\n<\/div>\n<\/div>\n<div id=\"chunk-clpq4\">\n<div class=\"mc-column content-text active-extra-styles\" data-block-type=\"quote-plugin\" data-block-id=\"35\">\n<div class=\"show-block-quote\">\n<div class=\"show-block-quote__image\"><\/div>\n<div class=\"show-block-quote__caption\">Depois de atirar, [os policiais] amea\u00e7aram, insultaram, injuriaram e deixaram meu filho agonizar. A ambul\u00e2ncia demorou, os bombeiros demoraram a chegar. A m\u00e9dica do Copom (Centro de Opera\u00e7\u00f5es da Pol\u00edcia Militar) mandou longe, sabendo que n\u00e3o podia mandar l\u00e1, porque n\u00e3o tinha tomografia e estava lotado.<\/div>\n<div class=\"show-block-quote__after-caption\"><\/div>\n<div class=\"show-block-quote__author\">\u2014 M\u00e9dico Julio Cesar Acosta Navarro, pai de Marco Aur\u00e9lio<\/div>\n<\/div>\n<\/div>\n<\/div>\n<div id=\"chunk-2scrc\">\n<div class=\"mc-column content-text active-extra-styles \" data-block-type=\"unstyled\" data-block-weight=\"25\" data-block-id=\"37\">\n<p class=\" content-text__container \" data-track-category=\"Link no Texto\" data-track-links=\"\" data-mrf-recirculation=\"Mat\u00e9ria - Links no Texto\">Ele afirmou ainda que havia outros pronto-socorros mais pr\u00f3ximos do local do crime, como o Hospital Santa Rita, a cerca de 20 metros do hotel.<\/p>\n<\/div>\n<\/div>\n<div id=\"chunk-2sf0m\">\n<div class=\"mc-column content-text active-extra-styles \" data-block-type=\"unstyled\" data-block-weight=\"57\" data-block-id=\"38\">\n<p class=\" content-text__container \" data-track-category=\"Link no Texto\" data-track-links=\"\" data-mrf-recirculation=\"Mat\u00e9ria - Links no Texto\">&#8220;Esse hospital que levaram era mais longe. Tinha o Hospital do Servidor Estadual, que meu filho, por ser filho de servidor, podia ser atendido; o Hospital das Cl\u00ednicas a oito minutos; Hospital do Servidor P\u00fablico Municipal na Vergueiro. Tinha um monte de hospitais, mas eles mandaram longe, para um hospital sem tomografia&#8221;, afirmou o pai da v\u00edtima.<\/p>\n<\/div>\n<\/div>\n<div id=\"chunk-a7fte\">\n<div class=\"mc-column content-text active-extra-styles\" data-block-type=\"raw\" data-block-weight=\"21\" data-block-id=\"39\">\n<p class=\"content-text__container\" data-mrf-recirculation=\"Mat\u00e9ria - Links no Texto\">\n<blockquote class=\"content-blockquote theme-border-color-primary-before\"><p>Procurada, a Secretaria da Seguran\u00e7a P\u00fablica (SSP) afirmou que &#8220;o atendimento \u00e0 v\u00edtima foi realizado respeitando integralmente os protocolos de emerg\u00eancia&#8221;.<\/p><\/blockquote>\n<p>&nbsp;<\/p>\n<\/div>\n<\/div>\n<div id=\"chunk-68cu8\">\n<div class=\"mc-column content-text active-extra-styles \" data-block-type=\"unstyled\" data-block-weight=\"50\" data-block-id=\"40\">\n<p class=\" content-text__container \" data-track-category=\"Link no Texto\" data-track-links=\"\" data-mrf-recirculation=\"Mat\u00e9ria - Links no Texto\">&#8220;O jovem foi encaminhado prontamente ao Hospital Ipiranga, ap\u00f3s contato com o m\u00e9dico regulador que atua no Copom. Esse profissional acompanha, em tempo real, a disponibilidade hospitalar, incluindo leitos, equipamentos e especialidades m\u00e9dicas, garantindo que a v\u00edtima seja levada ao local mais adequado para o atendimento&#8221; (leia na \u00edntegra abaixo).<\/p>\n<\/div>\n<\/div>\n<div id=\"chunk-9vupk\">\n<div class=\"mc-column content-text active-extra-styles\" data-block-type=\"raw\" data-block-weight=\"4\" data-block-id=\"41\">\n<p class=\"content-text__container\" data-mrf-recirculation=\"Mat\u00e9ria - Links no Texto\">\n<div class=\"content-intertitle\">\n<h2>&#8216;Tem que sofrer mesmo&#8217;<\/h2>\n<\/div>\n<p>&nbsp;<\/p>\n<\/div>\n<\/div>\n<div id=\"chunk-6lgk7\">\n<div class=\"cxm-video-block mc-column  content-media content-video\" data-block-type=\"backstage-video\" data-block-id=\"42\">\n<div class=\"content-media__container content-media__container--codex-fallback\">\n<div class=\"content-video__bigger-player-description-fixer\">\n<article class=\"content-video\">\n<section class=\"content-video__video-container\">\n<div class=\"content-video__video\">\n<div class=\"content-video__placeholder\" data-video-id=\"14017833\"><img decoding=\"async\" class=\"content-video__placeholder__thumb\" title=\"Bombeiros conversam sobre a falta de estrutura do hospital para onde a v\u00edtima foi levada\" src=\"https:\/\/s02.video.glbimg.com\/x240\/14017833.jpg\" alt=\"Bombeiros conversam sobre a falta de estrutura do hospital para onde a v\u00edtima foi levada\" \/><\/div>\n<\/div>\n<\/section>\n<\/article>\n<\/div>\n<div class=\"bs-block-video__container\">\n<p class=\"codex-caption codex-caption--small\">Bombeiros conversam sobre a falta de estrutura do hospital para onde a v\u00edtima foi levada<\/p>\n<\/div>\n<\/div>\n<\/div>\n<\/div>\n<div id=\"chunk-9u0dl\">\n<div class=\"mc-column content-text active-extra-styles \" data-block-type=\"unstyled\" data-block-weight=\"29\" data-block-id=\"44\">\n<p class=\" content-text__container \" data-track-category=\"Link no Texto\" data-track-links=\"\" data-mrf-recirculation=\"Mat\u00e9ria - Links no Texto\">Imagens de c\u00e2mera corporal de um dos PMs registraram o momento em que dois bombeiros comentam sobre a falta de estrutura do Hospital Ipiranga na entrada do centro cir\u00fargico:<\/p>\n<\/div>\n<\/div>\n<div id=\"chunk-enf4p\">\n<div class=\"mc-column content-text active-extra-styles\" data-block-type=\"raw\" data-block-weight=\"39\" data-block-id=\"45\">\n<p class=\"content-text__container\" data-mrf-recirculation=\"Mat\u00e9ria - Links no Texto\">\n<ul class=\"content-unordered-list\">\n<li><strong>Bombeiro 1:<\/strong>\u00a0\u201cAgora ele vai para cirurgia, s\u00f3 que falaram que est\u00e1 sem tomografia. N\u00e3o tem como localizar nada. Vai ser na m\u00e3o mesmo. Eles estavam mexendo nele l\u00e1.&#8221;<\/li>\n<li><strong>Bombeiro 2:\u00a0<\/strong>\u201cTem que sofrer mesmo, p\u00f4,\u201d<\/li>\n<li><strong>Bombeiro 1:<\/strong>\u00a0[ri]<\/li>\n<\/ul>\n<p>&nbsp;<\/p>\n<\/div>\n<\/div>\n<div id=\"chunk-2p8uu\">\n<div class=\"mc-column content-text active-extra-styles\" data-block-type=\"raw\" data-block-weight=\"5\" data-block-id=\"46\">\n<p class=\"content-text__container\" data-mrf-recirculation=\"Mat\u00e9ria - Links no Texto\">\n<div class=\"content-intertitle\">\n<h2>O que diz a SSP<\/h2>\n<\/div>\n<p>&nbsp;<\/p>\n<\/div>\n<\/div>\n<div id=\"chunk-b6t4\">\n<div class=\"mc-column content-text active-extra-styles \" data-block-type=\"unstyled\" data-block-weight=\"27\" data-block-id=\"47\">\n<p class=\" content-text__container \" data-track-category=\"Link no Texto\" data-track-links=\"\" data-mrf-recirculation=\"Mat\u00e9ria - Links no Texto\"><em>&#8220;A Pol\u00edcia Militar esclarece que os di\u00e1logos descritos n\u00e3o representam o posicionamento institucional do Corpo de Bombeiros, tampouco condizem com as diretrizes e protocolos adotados pela Institui\u00e7\u00e3o.<\/em><\/p>\n<\/div>\n<\/div>\n<div id=\"chunk-cbj3\">\n<div class=\"mc-column content-text active-extra-styles \" data-block-type=\"unstyled\" data-block-weight=\"81\" data-block-id=\"48\">\n<p class=\" content-text__container \" data-track-category=\"Link no Texto\" data-track-links=\"\" data-mrf-recirculation=\"Mat\u00e9ria - Links no Texto\"><em>Os fatos relacionados \u00e0 morte do estudante foram rigorosamente investigados pelas pol\u00edcias Civil e Militar. As imagens registradas pelas c\u00e2meras operacionais port\u00e1teis (COPs) foram anexadas aos procedimentos conduzidos pela Corregedoria da PM e pelo Departamento de Homic\u00eddios e de Prote\u00e7\u00e3o \u00e0 Pessoa (DHPP). O policial militar envolvido foi indiciado por homic\u00eddio doloso no Inqu\u00e9rito Policial Militar (IPM) e permanece, desde o ocorrido, afastado de suas atividades operacionais. A Institui\u00e7\u00e3o aguarda a conclus\u00e3o do processo criminal e a manifesta\u00e7\u00e3o do Poder Judici\u00e1rio.<\/em><\/p>\n<\/div>\n<\/div>\n<div id=\"chunk-2po8\">\n<div class=\"mc-column content-text active-extra-styles \" data-block-type=\"unstyled\" data-block-weight=\"61\" data-block-id=\"49\">\n<p class=\" content-text__container \" data-track-category=\"Link no Texto\" data-track-links=\"\" data-mrf-recirculation=\"Mat\u00e9ria - Links no Texto\"><em>Importante destacar que o atendimento \u00e0 v\u00edtima foi realizado respeitando integralmente os protocolos de emerg\u00eancia. O jovem foi encaminhado prontamente ao Hospital Ipiranga, ap\u00f3s contato com o m\u00e9dico regulador que atua no Copom. Esse profissional acompanha, em tempo real, a disponibilidade hospitalar, incluindo leitos, equipamentos e especialidades m\u00e9dicas, garantindo que a v\u00edtima seja levada ao local mais adequado para o atendimento.&#8221;<\/em><\/p>\n<\/div>\n<\/div>\n<div id=\"chunk-dggpl\">\n<div class=\"content-ads\" data-block-type=\"ads\" data-block-id=\"50\"><\/div>\n<\/div>\n<div id=\"chunk-1im9k\">\n<div class=\"row medium-uncollapsed content-media content-photo\" data-block-type=\"backstage-photo\" data-block-id=\"51\">\n<div class=\" mc-column  content-media__container\">\n<div class=\"content-media-container glb-skeleton-box\">\n<figure class=\"content-media-figure\"><img decoding=\"async\" class=\"i-amphtml-fill-content i-amphtml-replaced-content\" src=\"https:\/\/s2-g1.glbimg.com\/cwXoo2GTQ8g1FanvkpRFScWiemM=\/0x0:890x820\/984x0\/smart\/filters:strip_icc()\/i.s3.glbimg.com\/v1\/AUTH_59edd422c0c84a879bd37670ae4f538a\/internal_photos\/bs\/2024\/d\/y\/UiL8vZTZe8jZ1gcIQSYQ\/1732127182643855.jpg\" sizes=\"(max-width: 1366px) 648px, 100vw\" srcset=\"https:\/\/s2-g1.glbimg.com\/gA_SMUeM4N4uMs7AvYPTg9rchl4=\/0x0:890x820\/1000x0\/smart\/filters:strip_icc()\/i.s3.glbimg.com\/v1\/AUTH_59edd422c0c84a879bd37670ae4f538a\/internal_photos\/bs\/2024\/d\/y\/UiL8vZTZe8jZ1gcIQSYQ\/1732127182643855.jpg 1000w, https:\/\/s2-g1.glbimg.com\/cwXoo2GTQ8g1FanvkpRFScWiemM=\/0x0:890x820\/984x0\/smart\/filters:strip_icc()\/i.s3.glbimg.com\/v1\/AUTH_59edd422c0c84a879bd37670ae4f538a\/internal_photos\/bs\/2024\/d\/y\/UiL8vZTZe8jZ1gcIQSYQ\/1732127182643855.jpg 984w, https:\/\/s2-g1.glbimg.com\/ZiGmpP7cOqnY7jLs4K32HFDhKAw=\/0x0:890x820\/640x0\/smart\/filters:strip_icc()\/i.s3.glbimg.com\/v1\/AUTH_59edd422c0c84a879bd37670ae4f538a\/internal_photos\/bs\/2024\/d\/y\/UiL8vZTZe8jZ1gcIQSYQ\/1732127182643855.jpg 640w, https:\/\/s2-g1.glbimg.com\/RMf4e9acCoPYSzM7E3RNCIRJTCo=\/0x0:890x820\/600x0\/smart\/filters:strip_icc()\/i.s3.glbimg.com\/v1\/AUTH_59edd422c0c84a879bd37670ae4f538a\/internal_photos\/bs\/2024\/d\/y\/UiL8vZTZe8jZ1gcIQSYQ\/1732127182643855.jpg 600w\" alt=\"Estudante de Medicina Marco Aur\u00e9lio e o pai \u2014 Foto: Reprodu\u00e7\u00e3o\/Arquivo pessoal\" \/><\/figure>\n<\/div>\n<p class=\"content-media__description  \">Estudante de Medicina Marco Aur\u00e9lio e o pai \u2014 Foto: Reprodu\u00e7\u00e3o\/Arquivo pessoal<\/p>\n<p>Fonte: G1<\/p>\n<\/div>\n<\/div>\n<\/div>\n<\/div>\n<\/article>\n<\/div>\n","protected":false},"excerpt":{"rendered":"<p>PM que matou estudante de medicina em SP deu vers\u00f5es diferentes do crime antes de registrar boletim de ocorr\u00eancia Marco<\/p>\n","protected":false},"author":1,"featured_media":10307,"comment_status":"open","ping_status":"open","sticky":false,"template":"","format":"standard","meta":{"colormag_page_container_layout":"default_layout","colormag_page_sidebar_layout":"default_layout","footnotes":""},"categories":[1],"tags":[],"class_list":["post-10295","post","type-post","status-publish","format-standard","has-post-thumbnail","hentry","category-geral"],"_links":{"self":[{"href":"http:\/\/metropoleemfoco.com.br\/index.php?rest_route=\/wp\/v2\/posts\/10295","targetHints":{"allow":["GET"]}}],"collection":[{"href":"http:\/\/metropoleemfoco.com.br\/index.php?rest_route=\/wp\/v2\/posts"}],"about":[{"href":"http:\/\/metropoleemfoco.com.br\/index.php?rest_route=\/wp\/v2\/types\/post"}],"author":[{"embeddable":true,"href":"http:\/\/metropoleemfoco.com.br\/index.php?rest_route=\/wp\/v2\/users\/1"}],"replies":[{"embeddable":true,"href":"http:\/\/metropoleemfoco.com.br\/index.php?rest_route=%2Fwp%2Fv2%2Fcomments&post=10295"}],"version-history":[{"count":1,"href":"http:\/\/metropoleemfoco.com.br\/index.php?rest_route=\/wp\/v2\/posts\/10295\/revisions"}],"predecessor-version":[{"id":10308,"href":"http:\/\/metropoleemfoco.com.br\/index.php?rest_route=\/wp\/v2\/posts\/10295\/revisions\/10308"}],"wp:featuredmedia":[{"embeddable":true,"href":"http:\/\/metropoleemfoco.com.br\/index.php?rest_route=\/wp\/v2\/media\/10307"}],"wp:attachment":[{"href":"http:\/\/metropoleemfoco.com.br\/index.php?rest_route=%2Fwp%2Fv2%2Fmedia&parent=10295"}],"wp:term":[{"taxonomy":"category","embeddable":true,"href":"http:\/\/metropoleemfoco.com.br\/index.php?rest_route=%2Fwp%2Fv2%2Fcategories&post=10295"},{"taxonomy":"post_tag","embeddable":true,"href":"http:\/\/metropoleemfoco.com.br\/index.php?rest_route=%2Fwp%2Fv2%2Ftags&post=10295"}],"curies":[{"name":"wp","href":"https:\/\/api.w.org\/{rel}","templated":true}]}}