{"id":10294,"date":"2025-10-20T13:58:11","date_gmt":"2025-10-20T16:58:11","guid":{"rendered":"http:\/\/metropoleemfoco.com.br\/?p=10294"},"modified":"2025-10-20T13:58:11","modified_gmt":"2025-10-20T16:58:11","slug":"inmet-emite-alerta-de-chuvas-intensas-com-ventos-de-60-a-100-km-h-para-sao-paulo-neste-sabado","status":"publish","type":"post","link":"http:\/\/metropoleemfoco.com.br\/?p=10294","title":{"rendered":"Inmet emite alerta de chuvas intensas com ventos de 60 a 100 km\/h para S\u00e3o Paulo neste s\u00e1bado"},"content":{"rendered":"<div class=\"mc-article-header\">\n<div class=\"row content-head mc-column non-featured \">\n<div class=\"title\" data-block-type=\"title\" data-block-id=\"0\">\n<h1 class=\"content-head__title\">Inmet emite alerta de chuvas intensas com ventos de 60 a 100 km\/h para S\u00e3o Paulo neste s\u00e1bado<\/h1>\n<\/div>\n<div class=\"medium-centered subtitle\">\n<h2 class=\"content-head__subtitle\">O aviso ter\u00e1 in\u00edcio \u00e0s 13h e \u00e9 v\u00e1lido at\u00e9 as 23h59. H\u00e1 probabilidade de corte de energia el\u00e9trica, queda de \u00e1rvores, alagamentos e descargas el\u00e9tricas.<\/h2>\n<\/div>\n<\/div>\n<div><\/div>\n<div class=\"content__signa-share mc-column\">\n<div class=\"content__signature\">\n<div class=\"content-publication-data\">\n<div class=\"content-publication-data__text\">\n<p class=\"content-publication-data__from\" title=\"Reda\u00e7\u00e3o g1 SP\">Por\u00a0<a class=\"multi_signatures\" href=\"https:\/\/g1.globo.com\/autores\/redacao-g1-sp\/\">Reda\u00e7\u00e3o g1 SP<\/a><\/p>\n<\/div>\n<\/div>\n<\/div>\n<\/div>\n<div class=\"glb-share-bar content__share-bar\">\n<div class=\"glb-share-bar_icons\">\n<div class=\"glb-share-bar_button-img\"><\/div>\n<\/div>\n<\/div>\n<\/div>\n<div class=\"mc-article-body\">\n<article>\n<div id=\"chunk-6pi0i\">\n<div class=\"cxm-video-block mc-column  content-media content-video\" data-block-type=\"backstage-video\" data-block-id=\"2\">\n<div class=\"content-media__container content-media__container--codex-fallback\">\n<div class=\"content-video__bigger-player-description-fixer\">\n<article class=\"content-video\">\n<section class=\"content-video__video-container\">\n<div class=\"content-video__video\">\n<div class=\"content-video__placeholder\" data-video-id=\"992055\"><img decoding=\"async\" class=\"content-video__placeholder__thumb\" title=\"Veja os v\u00eddeos que est\u00e3o em alta no g1\" src=\"https:\/\/s04.video.glbimg.com\/x240\/992055.jpg\" alt=\"Veja os v\u00eddeos que est\u00e3o em alta no g1\" \/><\/div>\n<\/div>\n<\/section>\n<\/article>\n<\/div>\n<div class=\"bs-block-video__container\">\n<p class=\"codex-caption codex-caption--small\">Veja os v\u00eddeos que est\u00e3o em alta no g1<\/p>\n<\/div>\n<\/div>\n<\/div>\n<\/div>\n<div id=\"chunk-f0srb\">\n<div class=\"mc-column content-text active-extra-styles \" data-block-type=\"unstyled\" data-block-weight=\"28\" data-block-id=\"3\">\n<p class=\" content-text__container \" data-track-category=\"Link no Texto\" data-track-links=\"\" data-mrf-recirculation=\"Mat\u00e9ria - Links no Texto\">O Instituto Nacional de Meteorologia (Inmet) divulgou, neste s\u00e1bado (18), um\u00a0<span class=\"highlight highlighted\">alerta laranja de chuvas intensas para 590 das 654 cidades do estado de\u00a0<\/span><a class=\"\" href=\"https:\/\/g1.globo.com\/sp\/sao-paulo\/cidade\/sao-paulo\/\" data-mrf-link=\"https:\/\/g1.globo.com\/sp\/sao-paulo\/cidade\/sao-paulo\/\"><span class=\"highlight highlighted\">S\u00e3o Paulo<\/span><\/a><span class=\"highlight highlighted\">.<\/span><\/p>\n<\/div>\n<\/div>\n<div class=\"wall protected-content\">\n<div id=\"chunk-fsjfj\">\n<div class=\"mc-column content-text active-extra-styles \" data-block-type=\"unstyled\" data-block-weight=\"30\" data-block-id=\"5\">\n<p class=\" content-text__container \" data-track-category=\"Link no Texto\" data-track-links=\"\" data-mrf-recirculation=\"Mat\u00e9ria - Links no Texto\">O aviso ter\u00e1 in\u00edcio \u00e0s 13h e \u00e9 v\u00e1lido at\u00e9 as 23h59. A capital paulista e os munic\u00edpios da Regi\u00e3o Metropolitana de S\u00e3o Paulo est\u00e3o inclu\u00eddos na \u00e1rea de risco.<\/p>\n<\/div>\n<\/div>\n<div id=\"chunk-1lme2\">\n<div class=\"mc-column content-text active-extra-styles\" data-block-type=\"raw\" data-block-weight=\"30\" data-block-id=\"6\">\n<p class=\"content-text__container\" data-mrf-recirculation=\"Mat\u00e9ria - Links no Texto\">\n<blockquote class=\"content-blockquote theme-border-color-primary-before\"><p>Segundo o Inmet, a previs\u00e3o indica chuva entre 30 e 60 mm\/h ou 50 e 100 mm\/dia, acompanhada de ventos fortes, de 60 a 100 km\/h, e queda de granizo.<\/p><\/blockquote>\n<p>&nbsp;<\/p>\n<\/div>\n<\/div>\n<div id=\"chunk-8uh51\">\n<div class=\"mc-column content-text active-extra-styles \" data-block-type=\"unstyled\" data-block-weight=\"15\" data-block-id=\"7\">\n<p class=\" content-text__container \" data-track-category=\"Link no Texto\" data-track-links=\"\" data-mrf-recirculation=\"Mat\u00e9ria - Links no Texto\">Tamb\u00e9m h\u00e1 risco de corte de energia el\u00e9trica, queda de \u00e1rvores, alagamentos e descargas el\u00e9tricas.<\/p>\n<\/div>\n<\/div>\n<div id=\"chunk-5uhd9\">\n<div class=\"content-ads content-ads--reveal\" data-block-type=\"ads\" data-block-id=\"8\">\n<div id=\"banner_materia2\"><\/div>\n<\/div>\n<\/div>\n<div id=\"chunk-5r85e\">\n<div class=\"mc-column content-text active-extra-styles\" data-block-type=\"raw\" data-block-weight=\"43\" data-block-id=\"10\">\n<p>&nbsp;<\/p>\n<\/div>\n<\/div>\n<div id=\"chunk-fipfr\">\n<div class=\"row medium-uncollapsed content-media content-photo\" data-block-type=\"backstage-photo\" data-block-id=\"11\">\n<div class=\" mc-column  content-media__container\">\n<div class=\"content-media-container glb-skeleton-box\">\n<figure class=\"content-media-figure\"><img decoding=\"async\" class=\"i-amphtml-fill-content i-amphtml-replaced-content\" src=\"https:\/\/s2-g1.glbimg.com\/xUmE9OUyRAZBMaKVF7wX17maI3M=\/0x0:2000x1182\/984x0\/smart\/filters:strip_icc()\/i.s3.glbimg.com\/v1\/AUTH_59edd422c0c84a879bd37670ae4f538a\/internal_photos\/bs\/2025\/i\/J\/E4UcwDTCqz2r9Lhn9ZZQ\/ato20251010013.jpg\" sizes=\"(max-width: 1366px) 648px, 100vw\" srcset=\"https:\/\/s2-g1.glbimg.com\/TQofYtEBEKiK_RJBsvI8E3JSzIQ=\/0x0:2000x1182\/1000x0\/smart\/filters:strip_icc()\/i.s3.glbimg.com\/v1\/AUTH_59edd422c0c84a879bd37670ae4f538a\/internal_photos\/bs\/2025\/i\/J\/E4UcwDTCqz2r9Lhn9ZZQ\/ato20251010013.jpg 1000w, https:\/\/s2-g1.glbimg.com\/xUmE9OUyRAZBMaKVF7wX17maI3M=\/0x0:2000x1182\/984x0\/smart\/filters:strip_icc()\/i.s3.glbimg.com\/v1\/AUTH_59edd422c0c84a879bd37670ae4f538a\/internal_photos\/bs\/2025\/i\/J\/E4UcwDTCqz2r9Lhn9ZZQ\/ato20251010013.jpg 984w, https:\/\/s2-g1.glbimg.com\/iNdt7KDvPlQ_X4APsW_U2wfS3x4=\/0x0:2000x1182\/640x0\/smart\/filters:strip_icc()\/i.s3.glbimg.com\/v1\/AUTH_59edd422c0c84a879bd37670ae4f538a\/internal_photos\/bs\/2025\/i\/J\/E4UcwDTCqz2r9Lhn9ZZQ\/ato20251010013.jpg 640w, https:\/\/s2-g1.glbimg.com\/fSu5QZJDUFcY06xHfEs0OIQd3cA=\/0x0:2000x1182\/600x0\/smart\/filters:strip_icc()\/i.s3.glbimg.com\/v1\/AUTH_59edd422c0c84a879bd37670ae4f538a\/internal_photos\/bs\/2025\/i\/J\/E4UcwDTCqz2r9Lhn9ZZQ\/ato20251010013.jpg 600w\" alt=\"Tempo frio e chuvoso na regi\u00e3o central de S\u00e3o Paulo. \u2014 Foto: WILLIAN MOREIRA\/ATO PRESS\/ESTAD\u00c3O CONTE\u00daDO\" \/><\/figure>\n<\/div>\n<p class=\"content-media__description  \">Tempo frio e chuvoso na regi\u00e3o central de S\u00e3o Paulo. \u2014 Foto: WILLIAN MOREIRA\/ATO PRESS\/ESTAD\u00c3O CONTE\u00daDO<\/p>\n<\/div>\n<\/div>\n<\/div>\n<div id=\"chunk-dl17u\">\n<div class=\"mc-column content-text active-extra-styles\" data-block-type=\"raw\" data-block-weight=\"3\" data-block-id=\"12\">\n<p class=\"content-text__container\" data-mrf-recirculation=\"Mat\u00e9ria - Links no Texto\">\n<div class=\"content-intertitle\">\n<h2>Previs\u00e3o do tempo<\/h2>\n<\/div>\n<p>&nbsp;<\/p>\n<\/div>\n<\/div>\n<div id=\"chunk-dg0js\">\n<div class=\"mc-column content-text active-extra-styles \" data-block-type=\"unstyled\" data-block-weight=\"37\" data-block-id=\"13\">\n<p class=\" content-text__container \" data-track-category=\"Link no Texto\" data-track-links=\"\" data-mrf-recirculation=\"Mat\u00e9ria - Links no Texto\">A propaga\u00e7\u00e3o de uma frente fria muda o tempo neste. Segundo o Centro de Gerenciamento de Emerg\u00eancias (CGE), da prefeitura, dia come\u00e7a com muitas nuvens e h\u00e1 potencial para pancadas de chuva no per\u00edodo da manh\u00e3.<\/p>\n<\/div>\n<\/div>\n<div id=\"chunk-d410p\">\n<div class=\"mc-column content-text active-extra-styles \" data-block-type=\"unstyled\" data-block-weight=\"27\" data-block-id=\"14\">\n<p class=\" content-text__container \" data-track-category=\"Link no Texto\" data-track-links=\"\" data-mrf-recirculation=\"Mat\u00e9ria - Links no Texto\">As precipita\u00e7\u00f5es ganham for\u00e7a e ser\u00e3o intermitentes e generalizadas, o que vai aumentar o potencial para forma\u00e7\u00e3o de alagamentos e transbordamentos de pequenos rios e c\u00f3rregos.<\/p>\n<\/div>\n<\/div>\n<div id=\"chunk-9rpdd\">\n<div class=\"mc-column content-text active-extra-styles \" data-block-type=\"unstyled\" data-block-weight=\"30\" data-block-id=\"16\">\n<p class=\" content-text__container \" data-track-category=\"Link no Texto\" data-track-links=\"\" data-mrf-recirculation=\"Mat\u00e9ria - Links no Texto\">Al\u00e9m disso, haver\u00e1 fortes rajadas de vento, acima dos 60 Km\/h, o que aumenta o risco de queda de \u00e1rvores. Os term\u00f4metros v\u00e3o oscilar entre 17\u00b0 C e 25\u00b0 C.<\/p>\n<\/div>\n<\/div>\n<div data-track-category=\"multicontent\" data-track-action=\"multicontent\" data-track-noninteraction=\"false\" data-track-scroll=\"ultimo chunk conteudo\" data-track-value=\"view\">\n<div id=\"chunk-bg2eq\">\n<div class=\"block-podcast\">Fonte: G1<\/div>\n<\/div>\n<\/div>\n<\/div>\n<\/article>\n<\/div>\n","protected":false},"excerpt":{"rendered":"<p>Inmet emite alerta de chuvas intensas com ventos de 60 a 100 km\/h para S\u00e3o Paulo neste s\u00e1bado O aviso<\/p>\n","protected":false},"author":1,"featured_media":10305,"comment_status":"open","ping_status":"open","sticky":false,"template":"","format":"standard","meta":{"colormag_page_container_layout":"default_layout","colormag_page_sidebar_layout":"default_layout","footnotes":""},"categories":[1],"tags":[],"class_list":["post-10294","post","type-post","status-publish","format-standard","has-post-thumbnail","hentry","category-geral"],"_links":{"self":[{"href":"http:\/\/metropoleemfoco.com.br\/index.php?rest_route=\/wp\/v2\/posts\/10294","targetHints":{"allow":["GET"]}}],"collection":[{"href":"http:\/\/metropoleemfoco.com.br\/index.php?rest_route=\/wp\/v2\/posts"}],"about":[{"href":"http:\/\/metropoleemfoco.com.br\/index.php?rest_route=\/wp\/v2\/types\/post"}],"author":[{"embeddable":true,"href":"http:\/\/metropoleemfoco.com.br\/index.php?rest_route=\/wp\/v2\/users\/1"}],"replies":[{"embeddable":true,"href":"http:\/\/metropoleemfoco.com.br\/index.php?rest_route=%2Fwp%2Fv2%2Fcomments&post=10294"}],"version-history":[{"count":1,"href":"http:\/\/metropoleemfoco.com.br\/index.php?rest_route=\/wp\/v2\/posts\/10294\/revisions"}],"predecessor-version":[{"id":10306,"href":"http:\/\/metropoleemfoco.com.br\/index.php?rest_route=\/wp\/v2\/posts\/10294\/revisions\/10306"}],"wp:featuredmedia":[{"embeddable":true,"href":"http:\/\/metropoleemfoco.com.br\/index.php?rest_route=\/wp\/v2\/media\/10305"}],"wp:attachment":[{"href":"http:\/\/metropoleemfoco.com.br\/index.php?rest_route=%2Fwp%2Fv2%2Fmedia&parent=10294"}],"wp:term":[{"taxonomy":"category","embeddable":true,"href":"http:\/\/metropoleemfoco.com.br\/index.php?rest_route=%2Fwp%2Fv2%2Fcategories&post=10294"},{"taxonomy":"post_tag","embeddable":true,"href":"http:\/\/metropoleemfoco.com.br\/index.php?rest_route=%2Fwp%2Fv2%2Ftags&post=10294"}],"curies":[{"name":"wp","href":"https:\/\/api.w.org\/{rel}","templated":true}]}}