{"id":10293,"date":"2025-10-20T13:57:01","date_gmt":"2025-10-20T16:57:01","guid":{"rendered":"http:\/\/metropoleemfoco.com.br\/?p=10293"},"modified":"2025-10-20T13:57:01","modified_gmt":"2025-10-20T16:57:01","slug":"policia-analisa-camera-de-predio-onde-fogo-matou-moradora-de-26-anos-no-brooklin","status":"publish","type":"post","link":"http:\/\/metropoleemfoco.com.br\/?p=10293","title":{"rendered":"Pol\u00edcia analisa c\u00e2mera de pr\u00e9dio onde fogo matou moradora de 26 anos no Brooklin"},"content":{"rendered":"<div class=\"mc-article-header\">\n<div class=\"row content-head mc-column non-featured \">\n<div class=\"title\" data-block-type=\"title\" data-block-id=\"0\">\n<h1 class=\"content-head__title\">Pol\u00edcia analisa c\u00e2mera de pr\u00e9dio onde fogo matou moradora de 26 anos no Brooklin, em SP<\/h1>\n<\/div>\n<div class=\"medium-centered subtitle\">\n<h2 class=\"content-head__subtitle\">Tiffany Mariana Ferreira Branco, de 26 anos, inalou fuma\u00e7a e teve parada cardiorrespirat\u00f3ria, dizem bombeiros. Inc\u00eandio foi no s\u00e1bado (18). Dois homens que estavam com v\u00edtima no apartamento foram para hospital com intoxica\u00e7\u00e3o. Pol\u00edcia investiga morte acidental.<\/h2>\n<\/div>\n<\/div>\n<div><\/div>\n<div class=\"content__signa-share mc-column\">\n<div class=\"content__signature\">\n<div class=\"content-publication-data\">\n<div class=\"content-publication-data__text\">\n<p class=\"content-publication-data__from\" title=\"Reda\u00e7\u00e3o TV Globo e g1 SP\">Por\u00a0<a class=\"multi_signatures\" href=\"https:\/\/g1.globo.com\/autores\/redacao-tv-globo-e-g1-sp\/\">Reda\u00e7\u00e3o TV Globo e g1 SP<\/a>\u00a0\u2014 S\u00e3o Paulo<\/p>\n<\/div>\n<\/div>\n<\/div>\n<\/div>\n<div class=\"glb-share-bar content__share-bar\">\n<div class=\"glb-share-bar_icons\">\n<div class=\"glb-share-bar_button-img\"><\/div>\n<\/div>\n<\/div>\n<\/div>\n<div class=\"mc-article-body\">\n<article>\n<div id=\"chunk-bc1uu\">\n<div class=\"cxm-video-block mc-column  content-media content-video\" data-block-type=\"backstage-video\" data-block-id=\"2\">\n<div class=\"content-media__container content-media__container--codex-fallback\">\n<div class=\"content-video__bigger-player-description-fixer\">\n<article class=\"content-video\">\n<section class=\"content-video__video-container\">\n<div class=\"content-video__video\">\n<div class=\"content-video__placeholder\" data-video-id=\"14025118\"><img decoding=\"async\" class=\"content-video__placeholder__thumb\" title=\"Mulher morre em inc\u00eandio em apartamento em Santo Amaro; outras duas pessoas ficam feridas\" src=\"https:\/\/s03.video.glbimg.com\/x240\/14025118.jpg\" alt=\"Mulher morre em inc\u00eandio em apartamento em Santo Amaro; outras duas pessoas ficam feridas\" \/><\/div>\n<\/div>\n<\/section>\n<\/article>\n<\/div>\n<div class=\"bs-block-video__container\">\n<p class=\"codex-caption codex-caption--small\">Mulher morre em inc\u00eandio em apartamento em Santo Amaro; outras duas pessoas ficam feridas<\/p>\n<\/div>\n<\/div>\n<\/div>\n<\/div>\n<div id=\"chunk-5v9gj\">\n<div class=\"mc-column content-text active-extra-styles \" data-block-type=\"unstyled\" data-block-weight=\"50\" data-block-id=\"3\">\n<p class=\" content-text__container \" data-track-category=\"Link no Texto\" data-track-links=\"\" data-mrf-recirculation=\"Mat\u00e9ria - Links no Texto\">A Pol\u00edcia Civil vai analisar c\u00e2meras de seguran\u00e7a para ajudar a investiga\u00e7\u00e3o a tentar saber como come\u00e7ou o\u00a0<a class=\"\" href=\"https:\/\/g1.globo.com\/sp\/sao-paulo\/noticia\/2025\/10\/19\/mulher-morre-em-incendio-em-apartamento-em-santo-amaro-outras-duas-pessoas-ficam-feridas.ghtml\" data-mrf-link=\"https:\/\/g1.globo.com\/sp\/sao-paulo\/noticia\/2025\/10\/19\/mulher-morre-em-incendio-em-apartamento-em-santo-amaro-outras-duas-pessoas-ficam-feridas.ghtml\">inc\u00eandio que deixou uma moradora morta no 10\u00ba andar<\/a>\u00a0de um pr\u00e9dio no Brooklin, bairro de alto padr\u00e3o na Zona Sul de\u00a0<a class=\"\" href=\"https:\/\/g1.globo.com\/sp\/sao-paulo\/cidade\/sao-paulo\/\" data-mrf-link=\"https:\/\/g1.globo.com\/sp\/sao-paulo\/cidade\/sao-paulo\/\">S\u00e3o Paulo<\/a>. O caso ocorreu na noite de s\u00e1bado (18).<\/p>\n<\/div>\n<\/div>\n<div class=\"wall protected-content\">\n<div id=\"chunk-8acua\">\n<div class=\"mc-column content-text active-extra-styles \" data-block-type=\"unstyled\" data-block-weight=\"47\" data-block-id=\"5\">\n<p class=\" content-text__container \" data-track-category=\"Link no Texto\" data-track-links=\"\" data-mrf-recirculation=\"Mat\u00e9ria - Links no Texto\">Tiffany Mariana Ferreira Branco inalou fuma\u00e7a, teve parada cardiorrespirat\u00f3ria e morreu no local., segundo o Corpo de Bombeiros. Ela tinha 26 anos. Dois homens que estavam com a v\u00edtima no apartamento foram levados para hospitais com sinais de intoxica\u00e7\u00e3o. O estado de sa\u00fade deles n\u00e3o foi informado.<\/p>\n<\/div>\n<\/div>\n<div id=\"chunk-1p3vm\">\n<div class=\"mc-column content-text active-extra-styles \" data-block-type=\"unstyled\" data-block-weight=\"39\" data-block-id=\"6\">\n<p class=\" content-text__container \" data-track-category=\"Link no Texto\" data-track-links=\"\" data-mrf-recirculation=\"Mat\u00e9ria - Links no Texto\">Os bombeiros apagaram as chamas que atingiram o im\u00f3vel onde as tr\u00eas pessoas estavam. As equipes n\u00e3o souberam informar o que causou o fogo. O caso foi registrado inicialmente pela pol\u00edcia como inc\u00eandio culposo (n\u00e3o intencional) e morte acidental.<\/p>\n<\/div>\n<\/div>\n<div id=\"chunk-e6llb\">\n<div class=\"content-ads content-ads--reveal\" data-block-type=\"ads\" data-block-id=\"7\">\n<div id=\"banner_materia2\">\n<div id=\"google_ads_iframe_\/95377733\/tvg_G1\/Sua_Regiao&gt;Sudeste&gt;Sao_Paulo_2__container__\" style=\"box-sizing: inherit; margin: auto; padding: 0px; border: 0pt none; font: inherit; vertical-align: baseline; text-align: center;\"><\/div>\n<\/div>\n<\/div>\n<\/div>\n<div id=\"chunk-78dnc\">\n<div class=\"mc-column content-text active-extra-styles \" data-block-type=\"unstyled\" data-block-weight=\"44\" data-block-id=\"8\">\n<p class=\" content-text__container \" data-track-category=\"Link no Texto\" data-track-links=\"\" data-mrf-recirculation=\"Mat\u00e9ria - Links no Texto\">A investiga\u00e7\u00e3o ser\u00e1 feita pelo 11\u00ba Distrito Policial (DP), Santo Amaro. A delegacia pediu aos respons\u00e1veis pelo condom\u00ednio c\u00f3pias das imagens do circuito interno de monitoramento de TV. Foram requisitadas as filmagens das c\u00e2meras das \u00e1reas comuns do pr\u00e9dio, bem como as dos elevadores.<\/p>\n<\/div>\n<\/div>\n<div id=\"chunk-8tgvb\">\n<div class=\"mc-column content-text active-extra-styles \" data-block-type=\"unstyled\" data-block-weight=\"40\" data-block-id=\"9\">\n<p class=\" content-text__container \" data-track-category=\"Link no Texto\" data-track-links=\"\" data-mrf-recirculation=\"Mat\u00e9ria - Links no Texto\">O condom\u00ednio fica na Rua Abar\u00e1. Quando o inc\u00eandio, moradores vizinhos relataram ter visto muita fuma\u00e7a saindo pelas janelas do apartamento onde Tiffany estava. Segundo testemunhas, a mulher havia deixado o im\u00f3vel, mas depois retornou ao apartamento, onde inalou fuma\u00e7a.<\/p>\n<\/div>\n<\/div>\n<div id=\"chunk-4roap\">\n<div class=\"mc-column content-text active-extra-styles \" data-block-type=\"unstyled\" data-block-weight=\"24\" data-block-id=\"10\">\n<p class=\" content-text__container \" data-track-category=\"Link no Texto\" data-track-links=\"\" data-mrf-recirculation=\"Mat\u00e9ria - Links no Texto\">Al\u00e9m dos dois homens que estavam com Tiffany no im\u00f3vel, outros dois vizinhos tamb\u00e9m inalaram fuma\u00e7a, mas n\u00e3o precisaram ser levados a hospitais.<\/p>\n<\/div>\n<\/div>\n<div id=\"chunk-36b61\">\n<div class=\"mc-column content-text active-extra-styles \" data-block-type=\"unstyled\" data-block-weight=\"39\" data-block-id=\"11\">\n<p class=\" content-text__container \" data-track-category=\"Link no Texto\" data-track-links=\"\" data-mrf-recirculation=\"Mat\u00e9ria - Links no Texto\">A pol\u00edcia tamb\u00e9m quer ouvir os depoimentos dos homens que estavam com Tiffany ap\u00f3s eles se recuperarem. O condom\u00ednio onde ocorreu o inc\u00eandio \u00e9 considerado novo, j\u00e1 que foi constru\u00eddo e entregue aos moradores h\u00e1 menos de dois anos.<\/p>\n<\/div>\n<\/div>\n<div id=\"chunk-b5b9t\">\n<div class=\"row medium-uncollapsed content-media content-photo\" data-block-type=\"backstage-photo\" data-block-id=\"12\">\n<div class=\" mc-column  content-media__container\">\n<div class=\"content-media-container glb-skeleton-box\">\n<figure class=\"content-media-figure\"><img decoding=\"async\" class=\"i-amphtml-fill-content i-amphtml-replaced-content\" src=\"https:\/\/s2-g1.glbimg.com\/1ikvIxMTvo8qu2M2YiCZjvBgLvI=\/0x0:1920x1080\/984x0\/smart\/filters:strip_icc()\/i.s3.glbimg.com\/v1\/AUTH_59edd422c0c84a879bd37670ae4f538a\/internal_photos\/bs\/2025\/P\/Y\/A0AKeLTLqAApNFNHW3JA\/sp1-incendio-brooklin-klj00169-bdsp-0035-frame-106.jpeg\" sizes=\"(max-width: 1366px) 648px, 100vw\" srcset=\"https:\/\/s2-g1.glbimg.com\/vqcOOmZKqHX7GkWXOqnWyElGSGw=\/0x0:1920x1080\/1000x0\/smart\/filters:strip_icc()\/i.s3.glbimg.com\/v1\/AUTH_59edd422c0c84a879bd37670ae4f538a\/internal_photos\/bs\/2025\/P\/Y\/A0AKeLTLqAApNFNHW3JA\/sp1-incendio-brooklin-klj00169-bdsp-0035-frame-106.jpeg 1000w, https:\/\/s2-g1.glbimg.com\/1ikvIxMTvo8qu2M2YiCZjvBgLvI=\/0x0:1920x1080\/984x0\/smart\/filters:strip_icc()\/i.s3.glbimg.com\/v1\/AUTH_59edd422c0c84a879bd37670ae4f538a\/internal_photos\/bs\/2025\/P\/Y\/A0AKeLTLqAApNFNHW3JA\/sp1-incendio-brooklin-klj00169-bdsp-0035-frame-106.jpeg 984w, https:\/\/s2-g1.glbimg.com\/PiqJAnNwAW9NaVMo-yyd1OvvwzY=\/0x0:1920x1080\/640x0\/smart\/filters:strip_icc()\/i.s3.glbimg.com\/v1\/AUTH_59edd422c0c84a879bd37670ae4f538a\/internal_photos\/bs\/2025\/P\/Y\/A0AKeLTLqAApNFNHW3JA\/sp1-incendio-brooklin-klj00169-bdsp-0035-frame-106.jpeg 640w, https:\/\/s2-g1.glbimg.com\/b-Eb1ltGNpTzh0SsRLPgRUd7nNU=\/0x0:1920x1080\/600x0\/smart\/filters:strip_icc()\/i.s3.glbimg.com\/v1\/AUTH_59edd422c0c84a879bd37670ae4f538a\/internal_photos\/bs\/2025\/P\/Y\/A0AKeLTLqAApNFNHW3JA\/sp1-incendio-brooklin-klj00169-bdsp-0035-frame-106.jpeg 600w\" alt=\"Inc\u00eandio em apartamento em Santo Amaro, na Zona Sul de SP, causa a morte de uma mulher \u2014 Foto: Reprodu\u00e7\u00e3o\/TV Globo\" \/><\/figure>\n<\/div>\n<p class=\"content-media__description  \">Inc\u00eandio em apartamento em Santo Amaro, na Zona Sul de SP, causa a morte de uma mulher \u2014 Foto: Reprodu\u00e7\u00e3o\/TV Globo<\/p>\n<\/div>\n<\/div>\n<\/div>\n<div id=\"chunk-4bnd0\">\n<div class=\"content-ads\" data-block-type=\"ads\" data-block-id=\"13\"><\/div>\n<\/div>\n<div id=\"chunk-9jsj2\">\n<div class=\"row medium-uncollapsed content-media content-photo\" data-block-type=\"backstage-photo\" data-block-id=\"14\">\n<div class=\" mc-column  content-media__container\">\n<div class=\"content-media-container glb-skeleton-box\">\n<figure class=\"content-media-figure\"><img decoding=\"async\" class=\"i-amphtml-fill-content i-amphtml-replaced-content\" src=\"https:\/\/s2-g1.glbimg.com\/hrpy1RRUe9iXMf8eAHCAAC8_Gk4=\/0x0:1920x1080\/984x0\/smart\/filters:strip_icc()\/i.s3.glbimg.com\/v1\/AUTH_59edd422c0c84a879bd37670ae4f538a\/internal_photos\/bs\/2025\/1\/s\/7B8duoTp6SGBAwQ89oEQ\/sp1-incendio-brooklin-klj00169-bdsp-0036-frame-0.jpeg\" sizes=\"(max-width: 1366px) 648px, 100vw\" srcset=\"https:\/\/s2-g1.glbimg.com\/-rG4o8ib2Z0ctMPs9eplBmKWa4Q=\/0x0:1920x1080\/1000x0\/smart\/filters:strip_icc()\/i.s3.glbimg.com\/v1\/AUTH_59edd422c0c84a879bd37670ae4f538a\/internal_photos\/bs\/2025\/1\/s\/7B8duoTp6SGBAwQ89oEQ\/sp1-incendio-brooklin-klj00169-bdsp-0036-frame-0.jpeg 1000w, https:\/\/s2-g1.glbimg.com\/hrpy1RRUe9iXMf8eAHCAAC8_Gk4=\/0x0:1920x1080\/984x0\/smart\/filters:strip_icc()\/i.s3.glbimg.com\/v1\/AUTH_59edd422c0c84a879bd37670ae4f538a\/internal_photos\/bs\/2025\/1\/s\/7B8duoTp6SGBAwQ89oEQ\/sp1-incendio-brooklin-klj00169-bdsp-0036-frame-0.jpeg 984w, https:\/\/s2-g1.glbimg.com\/gR0ghQahwlGVhxQlZLgKwtKEvLs=\/0x0:1920x1080\/640x0\/smart\/filters:strip_icc()\/i.s3.glbimg.com\/v1\/AUTH_59edd422c0c84a879bd37670ae4f538a\/internal_photos\/bs\/2025\/1\/s\/7B8duoTp6SGBAwQ89oEQ\/sp1-incendio-brooklin-klj00169-bdsp-0036-frame-0.jpeg 640w, https:\/\/s2-g1.glbimg.com\/XYl2McXbmD-HpxSYz5dLxdVWYy0=\/0x0:1920x1080\/600x0\/smart\/filters:strip_icc()\/i.s3.glbimg.com\/v1\/AUTH_59edd422c0c84a879bd37670ae4f538a\/internal_photos\/bs\/2025\/1\/s\/7B8duoTp6SGBAwQ89oEQ\/sp1-incendio-brooklin-klj00169-bdsp-0036-frame-0.jpeg 600w\" alt=\"Mulher morre em inc\u00eandio em apartamento em Santo Amaro; outras duas pessoas ficam feridas \u2014 Foto: Reprodu\u00e7\u00e3o\/TV Globo\" \/><\/figure>\n<\/div>\n<p class=\"content-media__description  \">Mulher morre em inc\u00eandio em apartamento em Santo Amaro; outras duas pessoas ficam feridas \u2014 Foto: Reprodu\u00e7\u00e3o\/TV Globo<\/p>\n<\/div>\n<\/div>\n<\/div>\n<div id=\"chunk-fu6jv\">\n<div class=\"mc-column content-text active-extra-styles\" data-block-type=\"raw\" data-block-weight=\"2\" data-block-id=\"15\"><\/div>\n<\/div>\n<div id=\"chunk-5hf20\">\n<div class=\"content-ads\" data-block-type=\"ads\" data-block-id=\"17\"><\/div>\n<\/div>\n<div data-track-category=\"multicontent\" data-track-action=\"multicontent\" data-track-noninteraction=\"false\" data-track-scroll=\"ultimo chunk conteudo\" data-track-value=\"view\">\n<div id=\"chunk-dqvfn\">\n<div class=\"block-podcast\">Fonte: G1<\/div>\n<\/div>\n<\/div>\n<\/div>\n<\/article>\n<\/div>\n","protected":false},"excerpt":{"rendered":"<p>Pol\u00edcia analisa c\u00e2mera de pr\u00e9dio onde fogo matou moradora de 26 anos no Brooklin, em SP Tiffany Mariana Ferreira Branco,<\/p>\n","protected":false},"author":1,"featured_media":10303,"comment_status":"open","ping_status":"open","sticky":false,"template":"","format":"standard","meta":{"colormag_page_container_layout":"default_layout","colormag_page_sidebar_layout":"default_layout","footnotes":""},"categories":[1,3,17],"tags":[],"class_list":["post-10293","post","type-post","status-publish","format-standard","has-post-thumbnail","hentry","category-geral","category-seu-bairro","category-zona-sul"],"_links":{"self":[{"href":"http:\/\/metropoleemfoco.com.br\/index.php?rest_route=\/wp\/v2\/posts\/10293","targetHints":{"allow":["GET"]}}],"collection":[{"href":"http:\/\/metropoleemfoco.com.br\/index.php?rest_route=\/wp\/v2\/posts"}],"about":[{"href":"http:\/\/metropoleemfoco.com.br\/index.php?rest_route=\/wp\/v2\/types\/post"}],"author":[{"embeddable":true,"href":"http:\/\/metropoleemfoco.com.br\/index.php?rest_route=\/wp\/v2\/users\/1"}],"replies":[{"embeddable":true,"href":"http:\/\/metropoleemfoco.com.br\/index.php?rest_route=%2Fwp%2Fv2%2Fcomments&post=10293"}],"version-history":[{"count":1,"href":"http:\/\/metropoleemfoco.com.br\/index.php?rest_route=\/wp\/v2\/posts\/10293\/revisions"}],"predecessor-version":[{"id":10304,"href":"http:\/\/metropoleemfoco.com.br\/index.php?rest_route=\/wp\/v2\/posts\/10293\/revisions\/10304"}],"wp:featuredmedia":[{"embeddable":true,"href":"http:\/\/metropoleemfoco.com.br\/index.php?rest_route=\/wp\/v2\/media\/10303"}],"wp:attachment":[{"href":"http:\/\/metropoleemfoco.com.br\/index.php?rest_route=%2Fwp%2Fv2%2Fmedia&parent=10293"}],"wp:term":[{"taxonomy":"category","embeddable":true,"href":"http:\/\/metropoleemfoco.com.br\/index.php?rest_route=%2Fwp%2Fv2%2Fcategories&post=10293"},{"taxonomy":"post_tag","embeddable":true,"href":"http:\/\/metropoleemfoco.com.br\/index.php?rest_route=%2Fwp%2Fv2%2Ftags&post=10293"}],"curies":[{"name":"wp","href":"https:\/\/api.w.org\/{rel}","templated":true}]}}