{"id":10292,"date":"2025-10-20T13:54:04","date_gmt":"2025-10-20T16:54:04","guid":{"rendered":"http:\/\/metropoleemfoco.com.br\/?p=10292"},"modified":"2025-10-20T13:54:04","modified_gmt":"2025-10-20T16:54:04","slug":"virada-odontologica-mobiliza-rede-municipal-de-saude","status":"publish","type":"post","link":"http:\/\/metropoleemfoco.com.br\/?p=10292","title":{"rendered":"Virada Odontol\u00f3gica mobiliza rede municipal de sa\u00fade"},"content":{"rendered":"<div class=\"mc-article-header\">\n<div class=\"row content-head mc-column non-featured \">\n<div class=\"title\" data-block-type=\"title\" data-block-id=\"0\">\n<h1 class=\"content-head__title\">Virada Odontol\u00f3gica mobiliza rede municipal de sa\u00fade em S\u00e3o Paulo com a\u00e7\u00f5es de preven\u00e7\u00e3o at\u00e9 24 de outubro; veja locais<\/h1>\n<\/div>\n<div class=\"medium-centered subtitle\">\n<h2 class=\"content-head__subtitle\">Iniciativa envolve as 444 Unidades B\u00e1sicas de Sa\u00fade (UBSs) com atendimento odontol\u00f3gico da capital e tem como foco a preven\u00e7\u00e3o e orienta\u00e7\u00e3o em sa\u00fade bucal. Veja endere\u00e7os.<\/h2>\n<\/div>\n<\/div>\n<div><\/div>\n<div class=\"content__signa-share mc-column\">\n<div class=\"content__signature\">\n<div class=\"content-publication-data\">\n<div class=\"content-publication-data__text\">\n<p class=\"content-publication-data__from\" title=\"Reda\u00e7\u00e3o g1 SP\">Por\u00a0<a class=\"multi_signatures\" href=\"https:\/\/g1.globo.com\/autores\/redacao-g1-sp\/\">Reda\u00e7\u00e3o g1 SP<\/a>\u00a0\u2014 S\u00e3o Paulo<\/p>\n<\/div>\n<\/div>\n<\/div>\n<\/div>\n<div class=\"glb-share-bar content__share-bar\">\n<div class=\"glb-share-bar_icons\">\n<div class=\"glb-share-bar_button-img\"><\/div>\n<div class=\"glb-share-bar_button-img\"><\/div>\n<\/div>\n<\/div>\n<\/div>\n<div class=\"mc-article-body\">\n<article>\n<div id=\"chunk-bcf86\">\n<div class=\"row medium-uncollapsed content-media content-photo\" data-block-type=\"backstage-photo\" data-block-id=\"1\">\n<div class=\" mc-column  content-media__container\">\n<div class=\"content-media-container glb-skeleton-box\">\n<figure class=\"content-media-figure\"><img decoding=\"async\" class=\"i-amphtml-fill-content i-amphtml-replaced-content\" src=\"https:\/\/s2-g1.glbimg.com\/ArOnA4RA91CIzfy_9dH-AXTIbmk=\/0x0:2080x1560\/984x0\/smart\/filters:strip_icc()\/i.s3.glbimg.com\/v1\/AUTH_59edd422c0c84a879bd37670ae4f538a\/internal_photos\/bs\/2025\/J\/g\/sDj94dQquvecNiTEm2Gw\/bocacuidardosdentesantesdecirurgia.jpg\" sizes=\"(max-width: 1366px) 648px, 100vw\" srcset=\"https:\/\/s2-g1.glbimg.com\/tMaKnV6VRbeQZmf5YoyJhHEW6Vs=\/0x0:2080x1560\/1000x0\/smart\/filters:strip_icc()\/i.s3.glbimg.com\/v1\/AUTH_59edd422c0c84a879bd37670ae4f538a\/internal_photos\/bs\/2025\/J\/g\/sDj94dQquvecNiTEm2Gw\/bocacuidardosdentesantesdecirurgia.jpg 1000w, https:\/\/s2-g1.glbimg.com\/ArOnA4RA91CIzfy_9dH-AXTIbmk=\/0x0:2080x1560\/984x0\/smart\/filters:strip_icc()\/i.s3.glbimg.com\/v1\/AUTH_59edd422c0c84a879bd37670ae4f538a\/internal_photos\/bs\/2025\/J\/g\/sDj94dQquvecNiTEm2Gw\/bocacuidardosdentesantesdecirurgia.jpg 984w, https:\/\/s2-g1.glbimg.com\/e_7ZZc61lSbSvXflsqeKuTyCVPE=\/0x0:2080x1560\/640x0\/smart\/filters:strip_icc()\/i.s3.glbimg.com\/v1\/AUTH_59edd422c0c84a879bd37670ae4f538a\/internal_photos\/bs\/2025\/J\/g\/sDj94dQquvecNiTEm2Gw\/bocacuidardosdentesantesdecirurgia.jpg 640w, https:\/\/s2-g1.glbimg.com\/q_vWcr69lYt9M8SXp1Dkw7bUBVg=\/0x0:2080x1560\/600x0\/smart\/filters:strip_icc()\/i.s3.glbimg.com\/v1\/AUTH_59edd422c0c84a879bd37670ae4f538a\/internal_photos\/bs\/2025\/J\/g\/sDj94dQquvecNiTEm2Gw\/bocacuidardosdentesantesdecirurgia.jpg 600w\" alt=\"Tratamento odontol\u00f3gico antes de uma cirurgia reduz o risco de contrair pneumonia no hospital \u2014 Foto: Furuta et al., CC-BY 4.0 (https:\/\/creativecommons.org\/licenses\/by\/4.0\/)\" \/><\/figure>\n<\/div>\n<p class=\"content-media__description  \">Tratamento odontol\u00f3gico antes de uma cirurgia reduz o risco de contrair pneumonia no hospital \u2014 Foto: Furuta et al., CC-BY 4.0 (https:\/\/creativecommons.org\/licenses\/by\/4.0\/)<\/p>\n<\/div>\n<\/div>\n<\/div>\n<div id=\"chunk-aisdo\">\n<div class=\"mc-column mc-side-item__container\" data-block-type=\"ads\" data-block-id=\"3\">\n<div class=\"mc-side-item mc-side-item--right content-ads content-ads--side-ad\">\n<div id=\"banner_materia1\">\n<div id=\"google_ads_iframe_\/95377733\/tvg_G1\/Sua_Regiao&gt;Sudeste&gt;Sao_Paulo_1__container__\" style=\"box-sizing: inherit; margin: auto; padding: 0px; border: 0pt none; font: inherit; vertical-align: baseline; text-align: center;\"><\/div>\n<\/div>\n<\/div>\n<\/div>\n<\/div>\n<div id=\"chunk-bfool\">\n<div class=\"mc-column content-text active-extra-styles \" data-block-type=\"unstyled\" data-block-weight=\"64\" data-block-id=\"2\">\n<p class=\" content-text__container \" data-track-category=\"Link no Texto\" data-track-links=\"\" data-mrf-recirculation=\"Mat\u00e9ria - Links no Texto\">A Secretaria Municipal da Sa\u00fade (SMS) de\u00a0<a class=\"\" href=\"https:\/\/g1.globo.com\/sp\/sao-paulo\/cidade\/sao-paulo\/\" data-mrf-link=\"https:\/\/g1.globo.com\/sp\/sao-paulo\/cidade\/sao-paulo\/\">S\u00e3o Paulo<\/a>\u00a0realiza, entre os dias 20 e 24 de outubro, a quarta edi\u00e7\u00e3o da Virada Odontol\u00f3gica na capital paulista. A iniciativa, que acontece em alus\u00e3o ao Dia Nacional da Sa\u00fade Bucal (25), envolve as 444 Unidades B\u00e1sicas de Sa\u00fade (UBSs) com atendimento odontol\u00f3gico da capital e tem como foco a preven\u00e7\u00e3o e orienta\u00e7\u00e3o em sa\u00fade bucal.<\/p>\n<\/div>\n<\/div>\n<div class=\"wall protected-content\">\n<div id=\"chunk-6vubt\">\n<div class=\"mc-column content-text active-extra-styles \" data-block-type=\"unstyled\" data-block-weight=\"45\" data-block-id=\"4\">\n<p class=\" content-text__container \" data-track-category=\"Link no Texto\" data-track-links=\"\" data-mrf-recirculation=\"Mat\u00e9ria - Links no Texto\">Durante os cinco dias de evento, cada UBS promover\u00e1 atividades espec\u00edficas voltadas ao p\u00fablico da regi\u00e3o. Entre as a\u00e7\u00f5es previstas est\u00e3o palestras, orienta\u00e7\u00f5es em grupo, atividades l\u00fadicas, entrega de kits de higiene bucal, aplica\u00e7\u00e3o de fl\u00faor, escova\u00e7\u00e3o supervisionada, avalia\u00e7\u00e3o odontol\u00f3gica e teatro educativo para crian\u00e7as.<\/p>\n<\/div>\n<\/div>\n<div id=\"chunk-1veib\">\n<div class=\"content-ads\" data-block-type=\"ads\" data-block-id=\"5\"><\/div>\n<\/div>\n<div id=\"chunk-1covo\">\n<div class=\"mc-column content-text active-extra-styles\" data-block-type=\"raw\" data-block-weight=\"45\" data-block-id=\"6\">\n<p class=\"content-text__container\" data-mrf-recirculation=\"Mat\u00e9ria - Links no Texto\">\n<blockquote class=\"content-blockquote theme-border-color-primary-before\"><p>\u201cNesta edi\u00e7\u00e3o da Virada Odontol\u00f3gica pretendemos alcan\u00e7ar ainda mais mun\u00edcipes com nossas a\u00e7\u00f5es, pois pensar em sa\u00fade bucal \u00e9 pensar em pol\u00edticas p\u00fablicas para incentivar a educa\u00e7\u00e3o, conscientiza\u00e7\u00e3o e preven\u00e7\u00e3o\u201d, afirma Marta Lopes de Paula Cipriano, coordenadora da \u00c1rea T\u00e9cnica de Sa\u00fade Bucal da SMS.<\/p><\/blockquote>\n<p>&nbsp;<\/p>\n<\/div>\n<\/div>\n<div id=\"chunk-8b5oj\">\n<div class=\"mc-column content-text active-extra-styles \" data-block-type=\"unstyled\" data-block-weight=\"16\" data-block-id=\"7\">\n<p class=\" content-text__container \" data-track-category=\"Link no Texto\" data-track-links=\"\" data-mrf-recirculation=\"Mat\u00e9ria - Links no Texto\">Ela destaca que a capital tem investido na amplia\u00e7\u00e3o e melhoria da assist\u00eancia integral \u00e0 popula\u00e7\u00e3o.<\/p>\n<\/div>\n<\/div>\n<div id=\"chunk-o5ru\">\n<div class=\"mc-column content-text active-extra-styles \" data-block-type=\"unstyled\" data-block-weight=\"13\" data-block-id=\"8\">\n<p class=\" content-text__container \" data-track-category=\"Link no Texto\" data-track-links=\"\" data-mrf-recirculation=\"Mat\u00e9ria - Links no Texto\">Os endere\u00e7os das UBSs participantes do evento voc\u00ea pode\u00a0<a class=\"\" href=\"https:\/\/docs.google.com\/spreadsheets\/d\/1HP33f5k_gQo1Cm6YxzUHq2BzUtgPZ0im\/edit?pli=1&amp;gid=233981689#gid=233981689\" target=\"_blank\" rel=\"noopener\" data-mrf-link=\"https:\/\/docs.google.com\/spreadsheets\/d\/1HP33f5k_gQo1Cm6YxzUHq2BzUtgPZ0im\/edit?pli=1&amp;gid=233981689#gid=233981689\"><strong>acessar clicando aqui<\/strong><\/a><\/p>\n<\/div>\n<\/div>\n<div id=\"chunk-fnqpo\">\n<div class=\"mc-column content-text active-extra-styles \" data-block-type=\"unstyled\" data-block-weight=\"49\" data-block-id=\"9\">\n<p class=\" content-text__container \" data-track-category=\"Link no Texto\" data-track-links=\"\" data-mrf-recirculation=\"Mat\u00e9ria - Links no Texto\">Segundo a prefeitura de S\u00e3o Paulo, a rede municipal de sa\u00fade bucal tem crescido nos \u00faltimos anos. Al\u00e9m das UBSs, S\u00e3o Paulo conta com 31 Centros de Especialidades Odontol\u00f3gicas (CEOs), dois Centros de Cuidado Odontol\u00f3gico (CCOs), seis Unidades Odontol\u00f3gicas M\u00f3veis (UOMs) e 15 Servi\u00e7os de Assist\u00eancia Especializada (SAEs).<\/p>\n<\/div>\n<\/div>\n<div id=\"chunk-2m3mv\">\n<div class=\"mc-column content-text active-extra-styles \" data-block-type=\"unstyled\" data-block-weight=\"28\" data-block-id=\"10\">\n<p class=\" content-text__container \" data-track-category=\"Link no Texto\" data-track-links=\"\" data-mrf-recirculation=\"Mat\u00e9ria - Links no Texto\">Tamb\u00e9m h\u00e1 atendimento odontol\u00f3gico em 24 UPAs e outros cinco equipamentos de urg\u00eancia\/emerg\u00eancia, al\u00e9m de quatro hospitais municipais com cirurgi\u00f5es bucomaxilofaciais e cinco Hospitais Dia com atendimento odontol\u00f3gico.<\/p>\n<\/div>\n<\/div>\n<div id=\"chunk-6ihin\">\n<div class=\"mc-column content-text active-extra-styles \" data-block-type=\"unstyled\" data-block-weight=\"21\" data-block-id=\"11\">\n<p class=\" content-text__container \" data-track-category=\"Link no Texto\" data-track-links=\"\" data-mrf-recirculation=\"Mat\u00e9ria - Links no Texto\">Os principais problemas identificados s\u00e3o c\u00e1rie dental, doen\u00e7a periodontal, problemas de oclus\u00e3o e altera\u00e7\u00f5es em tecidos moles da cavidade oral.<\/p>\n<\/div>\n<\/div>\n<div id=\"chunk-a8m9v\">\n<div class=\"mc-column content-text active-extra-styles \" data-block-type=\"unstyled\" data-block-weight=\"37\" data-block-id=\"12\">\n<p class=\" content-text__container \" data-track-category=\"Link no Texto\" data-track-links=\"\" data-mrf-recirculation=\"Mat\u00e9ria - Links no Texto\">A rede oferece atendimentos especializados em \u00e1reas como ortodontia, endodontia, estomatologia, cirurgia oral menor, periodontia, odontopediatria, dor orofacial, implantes e pr\u00f3teses. H\u00e1 tamb\u00e9m atendimento para pessoas com defici\u00eancia e procedimentos sob anestesia geral em cinco Hospitais Dia.<\/p>\n<\/div>\n<\/div>\n<div id=\"chunk-5l6nk\">\n<div class=\"content-ads\" data-block-type=\"ads\" data-block-id=\"13\"><\/div>\n<\/div>\n<div id=\"chunk-b8vdb\">\n<div class=\"mc-column content-text active-extra-styles \" data-block-type=\"unstyled\" data-block-weight=\"19\" data-block-id=\"14\">\n<p class=\" content-text__container \" data-track-category=\"Link no Texto\" data-track-links=\"\" data-mrf-recirculation=\"Mat\u00e9ria - Links no Texto\">Desde 2021, mais de 479 mil pr\u00f3teses dent\u00e1rias \u2014 parciais remov\u00edveis e totais \u2014 foram entregues gratuitamente \u00e0 popula\u00e7\u00e3o.<\/p>\n<\/div>\n<\/div>\n<div id=\"chunk-4iug7\">\n<div class=\"mc-column content-text active-extra-styles \" data-block-type=\"unstyled\" data-block-weight=\"4\" data-block-id=\"15\">\n<p class=\" content-text__container \" data-track-category=\"Link no Texto\" data-track-links=\"\" data-mrf-recirculation=\"Mat\u00e9ria - Links no Texto\">\ud83d\udd0d\u202f<strong>Preven\u00e7\u00e3o e diagn\u00f3stico precoce<\/strong><\/p>\n<\/div>\n<\/div>\n<div id=\"chunk-e8ptu\">\n<div class=\"mc-column content-text active-extra-styles \" data-block-type=\"unstyled\" data-block-weight=\"52\" data-block-id=\"16\">\n<p class=\" content-text__container \" data-track-category=\"Link no Texto\" data-track-links=\"\" data-mrf-recirculation=\"Mat\u00e9ria - Links no Texto\">A Assessoria T\u00e9cnica de Sa\u00fade Bucal capacita anualmente as equipes da Aten\u00e7\u00e3o B\u00e1sica para identificar altera\u00e7\u00f5es bucais iniciais, contribuindo para a preven\u00e7\u00e3o de les\u00f5es pr\u00e9-cancerosas e do c\u00e2ncer de boca. Casos suspeitos s\u00e3o encaminhados aos CEOs, onde s\u00e3o realizadas bi\u00f3psias e, se necess\u00e1rio, os pacientes seguem para tratamento cir\u00fargico, quimioter\u00e1pico ou radioter\u00e1pico.<\/p>\n<\/div>\n<\/div>\n<div id=\"chunk-csnsg\">\n<div class=\"mc-column content-text active-extra-styles \" data-block-type=\"unstyled\" data-block-weight=\"40\" data-block-id=\"17\">\n<p class=\" content-text__container \" data-track-category=\"Link no Texto\" data-track-links=\"\" data-mrf-recirculation=\"Mat\u00e9ria - Links no Texto\">A SMS tamb\u00e9m desenvolve a\u00e7\u00f5es cont\u00ednuas de educa\u00e7\u00e3o e promo\u00e7\u00e3o da sa\u00fade bucal, como o Programa Sa\u00fade na Escola (PSE), a Campanha de Preven\u00e7\u00e3o ao C\u00e2ncer Bucal durante a vacina\u00e7\u00e3o contra a Influenza, e iniciativas voltadas a crian\u00e7as e idosos.<\/p>\n<\/div>\n<\/div>\n<div id=\"chunk-cjsm0\">\n<div class=\"mc-column content-text active-extra-styles \" data-block-type=\"unstyled\" data-block-weight=\"7\" data-block-id=\"18\">\n<p class=\" content-text__container \" data-track-category=\"Link no Texto\" data-track-links=\"\" data-mrf-recirculation=\"Mat\u00e9ria - Links no Texto\">\ud83d\udcf1<strong>\u202fComo acessar o atendimento em S\u00e3o Paulo<\/strong><\/p>\n<\/div>\n<\/div>\n<div id=\"chunk-8nh5j\">\n<div class=\"mc-column content-text active-extra-styles \" data-block-type=\"unstyled\" data-block-weight=\"42\" data-block-id=\"19\">\n<p class=\" content-text__container \" data-track-category=\"Link no Texto\" data-track-links=\"\" data-mrf-recirculation=\"Mat\u00e9ria - Links no Texto\">O atendimento odontol\u00f3gico pode ser agendado presencialmente nas UBSs ou pelo aplicativo Agenda F\u00e1cil, que oferece vagas para triagem odontol\u00f3gica. Pacientes com risco m\u00e9dio ou alto s\u00e3o encaminhados para tratamento agendado, que pode incluir procedimentos preventivos, cl\u00ednicos, restauradores, cir\u00fargicos ou prot\u00e9ticos.<\/p>\n<\/div>\n<\/div>\n<div id=\"chunk-a0ne2\">\n<div class=\"mc-column content-text active-extra-styles \" data-block-type=\"unstyled\" data-block-weight=\"27\" data-block-id=\"20\">\n<p class=\" content-text__container \" data-track-category=\"Link no Texto\" data-track-links=\"\" data-mrf-recirculation=\"Mat\u00e9ria - Links no Texto\">Em casos que exigem aten\u00e7\u00e3o especializada, o usu\u00e1rio \u00e9 inserido no Sistema Integrado de Gest\u00e3o da Assist\u00eancia \u00e0 Sa\u00fade (SIGA Sa\u00fade), podendo acompanhar o agendamento pelo aplicativo.<\/p>\n<\/div>\n<\/div>\n<div id=\"chunk-7hfhk\">\n<div class=\"mc-column content-text active-extra-styles \" data-block-type=\"unstyled\" data-block-weight=\"33\" data-block-id=\"21\">\n<p class=\" content-text__container \" data-track-category=\"Link no Texto\" data-track-links=\"\" data-mrf-recirculation=\"Mat\u00e9ria - Links no Texto\">Para urg\u00eancias como dor aguda, trauma dental ou infec\u00e7\u00f5es, o atendimento odontol\u00f3gico est\u00e1 dispon\u00edvel 24 horas por dia, todos os dias da semana, em diversas UPAs e unidades de pronto atendimento da cidade.<\/p>\n<\/div>\n<\/div>\n<div id=\"chunk-90hp4\">\n<div class=\"content-ads content-ads--reveal\" data-block-type=\"ads\" data-block-id=\"22\">\n<div id=\"banner_materia__a6e46dab-b4b6-4112-85b6-16e4a9370dec\" class=\"tag-manager-publicidade-container tag-manager-publicidade-banner_materia__a6e46dab-b4b6-4112-85b6-16e4a9370dec tag-manager-publicidade-container--carregado tag-manager-publicidade-container--visivel\" data-google-query-id=\"CKuZ9taes5ADFSCwYQYdLT8XwA\">\nFonte: G1<\/div>\n<\/div>\n<\/div>\n<\/div>\n<\/article>\n<\/div>\n","protected":false},"excerpt":{"rendered":"<p>Virada Odontol\u00f3gica mobiliza rede municipal de sa\u00fade em S\u00e3o Paulo com a\u00e7\u00f5es de preven\u00e7\u00e3o at\u00e9 24 de outubro; veja locais<\/p>\n","protected":false},"author":1,"featured_media":10301,"comment_status":"open","ping_status":"open","sticky":false,"template":"","format":"standard","meta":{"colormag_page_container_layout":"default_layout","colormag_page_sidebar_layout":"default_layout","footnotes":""},"categories":[1],"tags":[],"class_list":["post-10292","post","type-post","status-publish","format-standard","has-post-thumbnail","hentry","category-geral"],"_links":{"self":[{"href":"http:\/\/metropoleemfoco.com.br\/index.php?rest_route=\/wp\/v2\/posts\/10292","targetHints":{"allow":["GET"]}}],"collection":[{"href":"http:\/\/metropoleemfoco.com.br\/index.php?rest_route=\/wp\/v2\/posts"}],"about":[{"href":"http:\/\/metropoleemfoco.com.br\/index.php?rest_route=\/wp\/v2\/types\/post"}],"author":[{"embeddable":true,"href":"http:\/\/metropoleemfoco.com.br\/index.php?rest_route=\/wp\/v2\/users\/1"}],"replies":[{"embeddable":true,"href":"http:\/\/metropoleemfoco.com.br\/index.php?rest_route=%2Fwp%2Fv2%2Fcomments&post=10292"}],"version-history":[{"count":1,"href":"http:\/\/metropoleemfoco.com.br\/index.php?rest_route=\/wp\/v2\/posts\/10292\/revisions"}],"predecessor-version":[{"id":10302,"href":"http:\/\/metropoleemfoco.com.br\/index.php?rest_route=\/wp\/v2\/posts\/10292\/revisions\/10302"}],"wp:featuredmedia":[{"embeddable":true,"href":"http:\/\/metropoleemfoco.com.br\/index.php?rest_route=\/wp\/v2\/media\/10301"}],"wp:attachment":[{"href":"http:\/\/metropoleemfoco.com.br\/index.php?rest_route=%2Fwp%2Fv2%2Fmedia&parent=10292"}],"wp:term":[{"taxonomy":"category","embeddable":true,"href":"http:\/\/metropoleemfoco.com.br\/index.php?rest_route=%2Fwp%2Fv2%2Fcategories&post=10292"},{"taxonomy":"post_tag","embeddable":true,"href":"http:\/\/metropoleemfoco.com.br\/index.php?rest_route=%2Fwp%2Fv2%2Ftags&post=10292"}],"curies":[{"name":"wp","href":"https:\/\/api.w.org\/{rel}","templated":true}]}}